{"id":993,"date":"2022-12-25T03:07:32","date_gmt":"2022-12-25T03:07:32","guid":{"rendered":"https:\/\/tplabs.co\/wishon\/?p=993"},"modified":"2026-08-06T13:05:20","modified_gmt":"2026-08-06T11:05:20","slug":"otizmle-ilgili-dogru-bilinen-yanlislar","status":"publish","type":"post","link":"https:\/\/wp1.sedaozcan.net.tr\/en\/otizmle-ilgili-dogru-bilinen-yanlislar\/","title":{"rendered":"Common Misconceptions About Autism"},"content":{"rendered":"<p class=\"wp-block-paragraph\"><strong>Do\u011fru Bilinen Yanl\u0131\u015flar<\/strong><\/p>\n\n\n\n<p class=\"wp-block-paragraph\">Otizm spektrum bozuklu\u011fu \u00fclkemizde hem farkl\u0131 alg\u0131lan\u0131yor hem de yanl\u0131\u015f biliniyor. Otizmle ilgili do\u011fru bilinen yanl\u0131\u015flar\u0131 ve do\u011frular\u0131 bu b\u00f6l\u00fcmde bulabilirsiniz.<\/p>\n\n\n\n<p class=\"wp-block-paragraph\"><strong>Yanl\u0131\u015f: A\u015f\u0131lar otizme neden olur.<\/strong><\/p>\n\n\n\n<p class=\"wp-block-paragraph\">Do\u011fru: A\u015f\u0131lar ile otizm aras\u0131ndaki ili\u015fkiyi inceleyen \u00e7ok say\u0131da ara\u015ft\u0131rmada \u00e7ocukluk a\u015f\u0131lar\u0131 ile otizmli olma olas\u0131l\u0131\u011f\u0131 aras\u0131nda anlaml\u0131 bir ili\u015fki bulunamam\u0131\u015ft\u0131r. Di\u011fer taraftan a\u015f\u0131lama \u00f6zellikle \u00e7ocukluk \u00e7a\u011f\u0131 hastal\u0131klar\u0131 a\u00e7\u0131s\u0131ndan kamu sa\u011fl\u0131\u011f\u0131n\u0131 \u00f6nemli \u00f6l\u00e7\u00fcde g\u00fcven alt\u0131na alan bir uygulamad\u0131r ve a\u015f\u0131lamada yayg\u0131nl\u0131k oran\u0131 artt\u0131k\u00e7a \u00e7ocuklarda g\u00f6r\u00fclen \u00e7ocukluk \u00e7a\u011f\u0131 hastal\u0131klar\u0131nda azalma ya da \u00e7ocukta hastal\u0131k ger\u00e7ekle\u015fse bile hastal\u0131\u011f\u0131n seyrinde hafifleme g\u00f6r\u00fclmektedir. A\u015f\u0131laman\u0131n reddedildi\u011fi durumlarda \u00e7ocuklar\u0131n otizmden daha b\u00fcy\u00fck bir risk alt\u0131nda, \u00f6l\u00fcm riski alt\u0131nda, oldu\u011fu ifade edilmektedir.&nbsp;<a href=\"https:\/\/www.tohumotizm.org.tr\/otizm-asilar-arasindaki-iliskiye-bilimsel-bir-bakis\/\">Otizm \u2013 A\u015f\u0131lar Aras\u0131ndaki \u0130li\u015fki Bilgi Notu \u0130\u00e7in T\u0131klay\u0131n\u0131z.<\/a><\/p>\n\n\n\n<p class=\"wp-block-paragraph\"><strong>Yanl\u0131\u015f: Otizm tan\u0131s\u0131 sadece 3 ya\u015f ve sonras\u0131nda koyulur.<\/strong><\/p>\n\n\n\n<p class=\"wp-block-paragraph\">Otizm, do\u011fu\u015ftan gelen ve genellikle ya\u015fam\u0131n ilk y\u0131llar\u0131nda ortaya \u00e7\u0131kan n\u00f6ro-geli\u015fimsel bir farkl\u0131l\u0131kt\u0131r. Dikkatli g\u00f6zlem ve de\u011ferlendirme ile \u00e7ocuklarda 6-12. aydan itibaren otizm belirtileri fark edilebilir. G\u00fcn\u00fcm\u00fczde belirtilerin fark edilmesiyle birlikte otizm tan\u0131s\u0131 al\u0131nabilirken, tan\u0131 i\u00e7in en uygun zamanlar 18 ay ve sonras\u0131 olabilmektedir.<\/p>\n\n\n\n<p class=\"wp-block-paragraph\"><strong>Yanl\u0131\u015f: Otizmli bireyler dahi\/\u00fcst\u00fcn zekal\u0131d\u0131r.<\/strong><\/p>\n\n\n\n<p class=\"wp-block-paragraph\">Do\u011fru: Her birey otizmden farkl\u0131 d\u00fczeylerde etkilenmektedir. Baz\u0131 otizmli bireyler g\u00fc\u00e7l\u00fc bir haf\u0131zaya ya da resim yapmak gibi farkl\u0131 ve s\u0131rad\u0131\u015f\u0131 yeteneklere sahip olabilirler. Bu t\u00fcr \u00fcst\u00fcn yeteneklerin olmas\u0131 durumunda ki\u015fiye savant otizmli denilmektedir ve bu durum otizm pop\u00fclasyonunda her 10 bireyden 1\u2019inde (1:10) g\u00f6r\u00fclmektedir. Ancak otizmli bireylerin \u00e7o\u011fu bu yeteneklere sahip de\u011fildir. Bununla birlikte otizmli bireylerin %55\u2019ine farkl\u0131 d\u00fczeylerde zihin yetersizli\u011fi e\u015flik etmektedir.<\/p>\n\n\n\n<p class=\"wp-block-paragraph\"><strong>Yanl\u0131\u015f: Anne-baban\u0131n ilgisiz davran\u0131\u015flar\u0131 otizme neden olur.<\/strong><\/p>\n\n\n\n<p class=\"wp-block-paragraph\">Do\u011fru: Otizm do\u011fu\u015ftan gelen n\u00f6ro-geli\u015fimsel bir farkl\u0131l\u0131kt\u0131r. Anne \u2013&nbsp; baban\u0131n ilgisiz davran\u0131\u015flar\u0131 gibi do\u011fumdan sonra ya\u015fanan \u00e7evresel de\u011fi\u015fkenler do\u011frudan otizme neden olmaz<strong>.<\/strong><\/p>\n\n\n\n<p class=\"wp-block-paragraph\"><strong>Yanl\u0131\u015f:<\/strong>&nbsp;<strong>Hepsinin d\u0131\u015f g\u00f6r\u00fcn\u00fc\u015fleri ayn\u0131d\u0131r.<\/strong><\/p>\n\n\n\n<p class=\"wp-block-paragraph\">Do\u011fru: Otizm fiziksel \u00f6zelliklere g\u00f6re ay\u0131rt edilen bir farkl\u0131l\u0131k de\u011fildir ve otizmli \u00e7ocuklar\u0131n t\u00fcm\u00fc birbirinden farkl\u0131 fiziksel \u00f6zelliklere sahiptir.<\/p>\n\n\n\n<p class=\"wp-block-paragraph\"><strong>Yanl\u0131\u015f: Hepsi \u00fcst\u00fcn yeteneklidir.<\/strong><\/p>\n\n\n\n<p class=\"wp-block-paragraph\">Do\u011fru: Otizm spektrum bozuklu\u011fu tan\u0131l\u0131 bireylerin pek az\u0131nda (yakla\u015f\u0131k %10) \u00e7ok g\u00fc\u00e7l\u00fc bellek, m\u00fczik yetene\u011fi vb. \u00fcst\u00fcn yeteneklere rastlan\u0131r.&nbsp;<a href=\"https:\/\/www.tohumotizm.org.tr\/otizm\/onemli-bilgiler\/dogru-bilinen-yanlislar\/savant-sendromu-nedir\/\">Savant Sendromu ile ilgili bilgi notu i\u00e7in t\u0131klay\u0131n\u0131z.<\/a><\/p>\n\n\n\n<p class=\"wp-block-paragraph\"><strong>Yanl\u0131\u015f: Konu\u015fma becerilerine sahip de\u011fildirler.<\/strong><\/p>\n\n\n\n<p class=\"wp-block-paragraph\">Do\u011fru: Otizmli bireylerin konu\u015fma becerileri bireyden bireye de\u011fi\u015fiklik g\u00f6sterir. Baz\u0131 otizmli bireyler ak\u0131c\u0131 bir \u015fekilde konu\u015fabilirken, baz\u0131lar\u0131 s\u0131n\u0131rl\u0131 kelime da\u011farc\u0131\u011f\u0131na sahiptir ya da hi\u00e7 konu\u015famayabilir. Konu\u015fma becerileri, bireyin otizmden ne \u00f6l\u00e7\u00fcde etkilendi\u011fine ve erken m\u00fcdahale ile destek al\u0131p almad\u0131\u011f\u0131na ba\u011fl\u0131 olarak farkl\u0131l\u0131k g\u00f6sterebilir.<\/p>\n\n\n\n<p class=\"wp-block-paragraph\"><strong>Yanl\u0131\u015f: Down sendromlu \u00e7ocuklara benzerler.<\/strong><\/p>\n\n\n\n<p class=\"wp-block-paragraph\">Do\u011fru: Otizm ve Down Sendromu birbirinden olduk\u00e7a farkl\u0131d\u0131r.<\/p>\n\n\n\n<p class=\"wp-block-paragraph\"><strong>Yanl\u0131\u015f: Otizmin nedeni akraba evlili\u011fidir.<\/strong><\/p>\n\n\n\n<p class=\"wp-block-paragraph\">Do\u011fru: Otizmin nedeni g\u00fcn\u00fcm\u00fczde hala bilinmemekle birlikte genetik ve \u00e7evresel temelleri olabilece\u011fi g\u00f6r\u00fc\u015f\u00fc hakimdir. Akraba evlili\u011fi, baz\u0131 \u00e7ekinik genlerin bask\u0131n hale gelmesine neden olabilir.<\/p>\n\n\n\n<p class=\"wp-block-paragraph\"><strong>Yanl\u0131\u015f: \u0130la\u00e7 kullanarak iyile\u015firler.<\/strong><\/p>\n\n\n\n<p class=\"wp-block-paragraph\">Do\u011fru: Otizmin bilinen tek etkili tedavisi, erken ya\u015fta ba\u015flanan ve yo\u011fun \u015fekilde s\u00fcrd\u00fcr\u00fclen e\u011fitimdir. \u0130la\u00e7lar, otizmin ana belirtilerini tedavi etmez; ancak e\u015flik eden dikkat eksikli\u011fi, hiperaktivite, kayg\u0131 veya uyku sorunlar\u0131 gibi durumlar\u0131n y\u00f6netiminde destekleyici olarak kullan\u0131labilir.<\/p>\n\n\n\n<p class=\"wp-block-paragraph\"><strong>Yanl\u0131\u015f: Otizmliler \u201cRain Man\u201d dir.<\/strong><\/p>\n\n\n\n<p class=\"wp-block-paragraph\">Do\u011fru: Otizm her bireyi farkl\u0131 d\u00fczeylerde etkiler. Baz\u0131 otizmli bireyler g\u00fc\u00e7l\u00fc bir haf\u0131za ya da belirli alanlarda ola\u011fan\u00fcst\u00fc yetenekler sergileyebilirken, di\u011ferleri ileti\u015fim, sosyal etkile\u015fim ve g\u00fcnl\u00fck ya\u015fam becerilerinde daha fazla deste\u011fe ihtiya\u00e7 duyabilir. \u201cRain Man\u201d filmi, yaln\u0131zca otizmin belirli bir y\u00f6n\u00fcne odaklanm\u0131\u015f bir hikaye sunar ve otizmin genel bir temsili de\u011fildir.<\/p>\n\n\n\n<p class=\"wp-block-paragraph\"><strong>Yanl\u0131\u015f: Otizm bir ba\u011f\u0131rsak hastal\u0131\u011f\u0131d\u0131r.<\/strong><\/p>\n\n\n\n<p class=\"wp-block-paragraph\">Do\u011fru: Otizm spektrum bozuklu\u011fu do\u011fu\u015ftan gelen n\u00f6ro-geli\u015fimsel bir farkl\u0131l\u0131kt\u0131r. Baz\u0131 otizmli bireylerde sindirim sorunlar\u0131 g\u00f6r\u00fclebilir; ancak bu durum, otizmin nedeni de\u011fil, e\u015flik eden bir sa\u011fl\u0131k problemi olarak de\u011ferlendirilir.<\/p>\n\n\n\n<p class=\"wp-block-paragraph\"><strong>Yanl\u0131\u015f: Otizm so\u011fuk anne-baba tutumundan olu\u015fur.<\/strong><\/p>\n\n\n\n<p class=\"wp-block-paragraph\">Do\u011fru: 1950\u2019lerde duygusal yak\u0131nl\u0131ktan yoksun olan anneler i\u00e7in \u00f6ne s\u00fcr\u00fclen \u201cbuzdolab\u0131 anne\u201d varsay\u0131m\u0131 \u00e7ok uzun y\u0131llar \u00f6nce \u00e7\u00fcr\u00fct\u00fclm\u00fc\u015ft\u00fcr. Bu varsay\u0131m\u0131n aksine, otizm n\u00f6rogeli\u015fimsel bir farkl\u0131l\u0131kt\u0131r ve genetik ile \u00e7evresel fakt\u00f6rlerin etkile\u015fiminden kaynakland\u0131\u011f\u0131 bilimsel olarak kan\u0131tlanm\u0131\u015ft\u0131r.<\/p>\n\n\n\n<p class=\"wp-block-paragraph\"><strong>Yanl\u0131\u015f: Otizm hastal\u0131kt\u0131r ve iyile\u015fir.<\/strong><\/p>\n\n\n\n<p class=\"wp-block-paragraph\">Do\u011fru: Otizm, bir hastal\u0131k de\u011fil, ya\u015fam boyu s\u00fcren n\u00f6ro-geli\u015fimsel bir farkl\u0131l\u0131kt\u0131r. Erken m\u00fcdahale ve uygun e\u011fitimle, otizmli bireyler \u00f6nemli geli\u015fim g\u00f6sterilebilir, ancak bu durum bir \u201ciyile\u015fme\u201d olarak tan\u0131mlanmaz. Otizmli bireyler, ya\u015famlar\u0131 boyunca farkl\u0131 ihtiya\u00e7lara ve yeteneklere sahip olacak \u015fekilde desteklenebilir.<\/p>\n\n\n\n<p class=\"wp-block-paragraph\"><strong>Yanl\u0131\u015f: Otizmli bireyler ac\u0131 hissetmezler.<\/strong><\/p>\n\n\n\n<p class=\"wp-block-paragraph\">Do\u011fru: Otizm spektrum bozuklu\u011funa sahip bireyler duyusal uyaranlara kar\u015f\u0131 y\u00fcksek ya da d\u00fc\u015f\u00fck duyarl\u0131l\u0131\u011fa sahip olabilmektedir.<\/p>\n\n\n\n<p class=\"wp-block-paragraph\"><strong>Yanl\u0131\u015f: Otizm k\u0131sa s\u00fcreli e\u011fitimle ge\u00e7er.<\/strong><\/p>\n\n\n\n<p class=\"wp-block-paragraph\">Do\u011fru: Otizm genellikle ya\u015fam boyu s\u00fcren n\u00f6ro-geli\u015fimsel bir farkl\u0131l\u0131kt\u0131r. Erken d\u00f6nemde ba\u015flanan yo\u011fun ve etkili bir e\u011fitimle bireylerin ya\u015fam kalitesi ve becerileri art\u0131r\u0131labilir. Bu e\u011fitimin s\u00fcresi bireyin ya\u015fam\u0131nda ne kadar deste\u011fe gereksinim duyabilece\u011fi ve otizmden ne kadar etkilendi\u011fine g\u00f6re de\u011fi\u015febilmektedir.<\/p>\n\n\n\n<p class=\"wp-block-paragraph\"><strong>Yanl\u0131\u015f: Otizmli \u00e7ocuklar sar\u0131lmay\u0131 sevmez.<\/strong><\/p>\n\n\n\n<p class=\"wp-block-paragraph\">Do\u011fru: Otizmli \u00e7ocuklar\u0131n fiziksel temasla ilgili tercihleri bireyseldir; baz\u0131lar\u0131 sar\u0131lmay\u0131 severken, baz\u0131lar\u0131 farkl\u0131 \u015fekillerde sevgi g\u00f6stermeyi tercih edebilir. \u00d6nemli olan, onlar\u0131n s\u0131n\u0131rlar\u0131na sayg\u0131 duyarak g\u00fcvenli ve destekleyici bir ileti\u015fim kurmakt\u0131r.<\/p>\n\n\n\n<p class=\"wp-block-paragraph\"><strong>Yanl\u0131\u015f: D\u00f6nen nesnelere bak\u0131yorsa kesin otizmlidir.<\/strong><\/p>\n\n\n\n<p class=\"wp-block-paragraph\">Do\u011fru: Tekrarlayan davran\u0131\u015flar, bir\u00e7ok \u00e7ocukta geli\u015fimsel bir a\u015fama olarak g\u00f6r\u00fclebilir ancak sadece tekrarlayan davran\u0131\u015flara ilgi duymak \u00e7ocu\u011fun otizmli oldu\u011funu s\u00f6ylemek i\u00e7in yeterli de\u011fildir. Otizm tan\u0131s\u0131, yaln\u0131zca uzman de\u011ferlendirmesiyle ve ileti\u015fim, sosyal etkile\u015fim gibi birden fazla alandaki farkl\u0131l\u0131klar\u0131n b\u00fct\u00fcnc\u00fcl olarak incelenmesiyle konulabilir.<\/p>\n\n\n\n<p class=\"wp-block-paragraph\"><strong>Yanl\u0131\u015f: Otizm diyetle iyile\u015fir.<\/strong><\/p>\n\n\n\n<p class=\"wp-block-paragraph\">Do\u011fru: Diyetler baz\u0131 otizmli bireylerin sa\u011fl\u0131k durumlar\u0131n\u0131 desteklemekte yard\u0131mc\u0131 olabilir. Ancak diyetler otizmi iyile\u015ftirmez ya da tedavi etmez. Otizmin tek tedavisi erken ve yo\u011fun e\u011fitimdir. Bilimsel temelli e\u011fitim ve terapi yakla\u015f\u0131mlar\u0131, otizmli bireylerin geli\u015fiminde en etkili y\u00f6ntemlerdir.<\/p>\n\n\n\n<p class=\"wp-block-paragraph\"><strong>Yanl\u0131\u015f: Otizmliler \u00e7ok ya\u015famazlar.<\/strong><\/p>\n\n\n\n<p class=\"wp-block-paragraph\">Do\u011fru: Otizm, ya\u015fam s\u00fcresini k\u0131saltan bir durum de\u011fildir. Otizmli bireylerin ya\u015fam s\u00fcresi, toplumda yanl\u0131\u015f anla\u015f\u0131lan bir konudur; \u00e7o\u011fu otizmli birey sa\u011fl\u0131kl\u0131 bir ya\u015fam s\u00fcrebilir, uygun destek ile ya\u015fam kaliteleri art\u0131r\u0131labilir.<\/p>\n\n\n\n<p class=\"wp-block-paragraph\"><strong>Yanl\u0131\u015f: Otizmli \u00e7ocuklar sald\u0131rgand\u0131r.<\/strong><\/p>\n\n\n\n<p class=\"wp-block-paragraph\">Do\u011fru: Otizmli \u00e7ocuklar sald\u0131rgan de\u011fildir; ancak ileti\u015fim g\u00fc\u00e7l\u00fckleri veya duyusal hassasiyetler nedeniyle bazen farkl\u0131 \u015fekillerde tepki g\u00f6sterebilirler. Onlar\u0131 anlamaya y\u00f6nelik bir yakla\u015f\u0131m ve profesyonel destek, bu t\u00fcr durumlar\u0131n \u00f6nlenmesinde kilit rol oynar. Bununla birlikte otizmli bireyler kas\u0131tl\u0131 bi\u00e7imde \u015fiddete u\u011framak a\u00e7\u0131s\u0131ndan risk alt\u0131ndad\u0131rlar.<\/p>\n\n\n\n<p class=\"wp-block-paragraph\"><strong>Yanl\u0131\u015f: Otizm travma sonucu olu\u015fur.<\/strong><\/p>\n\n\n\n<p class=\"wp-block-paragraph\">Do\u011fru: Otizm, do\u011fu\u015ftan gelen n\u00f6ro-geli\u015fimsel bir farkl\u0131l\u0131kt\u0131r ve travma gibi sonradan ya\u015fanan olaylar otizme neden olmaz. Bununla birlikte, otizmli bireyler de herkes gibi travma ya\u015fayabilir, bu y\u00fczden onlar\u0131n duygusal ve psikolojik iyi olu\u015flar\u0131na dikkat etmek \u00f6nemlidir.<\/p>\n\n\n\n<p class=\"wp-block-paragraph\"><strong>Yanl\u0131\u015f: Otizmin sebebi \u00e7al\u0131\u015fan annedir.<\/strong><\/p>\n\n\n\n<p class=\"wp-block-paragraph\">Do\u011fru: Otizm genetik temelli bir farkl\u0131l\u0131kt\u0131r ve \u00e7evresel etkenlerin sonucunda olu\u015ftu\u011fu d\u00fc\u015f\u00fcn\u00fclmektedir.<\/p>\n\n\n\n<p class=\"wp-block-paragraph\"><strong>Yanl\u0131\u015f: Otizm bula\u015f\u0131c\u0131d\u0131r.<\/strong><\/p>\n\n\n\n<p class=\"wp-block-paragraph\">Do\u011fru: Otizm, bula\u015f\u0131c\u0131 bir hastal\u0131k de\u011fildir; genetik fakt\u00f6rler ve \u00e7evresel etmenlerin etkile\u015fimi sonucu geli\u015fen n\u00f6rogeli\u015fimsel bir farkl\u0131l\u0131kt\u0131r. Her bireyin otizm deneyimi farkl\u0131d\u0131r ve bu durum, ki\u015fiden ki\u015fiye ge\u00e7mez.<\/p>\n\n\n\n<p class=\"wp-block-paragraph\"><strong>Yanl\u0131\u015f: Otizmliler bili\u015fsel engellidir.<\/strong><\/p>\n\n\n\n<p class=\"wp-block-paragraph\">Do\u011fru: Otizm ileti\u015fim ve sosyal etkile\u015fim becerilerde yetersizlik, tekrarlayan hareketler ve s\u0131n\u0131rl\u0131\/yo\u011fun ilgi alanlar\u0131 olarak kendini g\u00f6stermektedir. Otizmli bireylerin yar\u0131s\u0131ndan fazlas\u0131nda \u00e7e\u015fitli bili\u015fsel sorunlar da g\u00f6r\u00fclebilir.<\/p>\n\n\n\n<p class=\"wp-block-paragraph\"><strong>Yanl\u0131\u015f: Otizmin sebebi a\u015f\u0131r\u0131 televizyon izlemektir.<\/strong><\/p>\n\n\n\n<p class=\"wp-block-paragraph\">Do\u011fru: Otizm do\u011fu\u015ftan gelen ve ya\u015fam\u0131n ilk y\u0131llar\u0131nda ortaya \u00e7\u0131kan n\u00f6ro-geli\u015fimsel bir farkl\u0131l\u0131kt\u0131r. Telefon, tablet, bilgisayar ve televizyon ile ge\u00e7irilen zaman otizmin do\u011frudan nedeni de\u011fildir. Ekran otizm yapmaz ancak ekrana maruz kalmak \u00e7ocu\u011fun otizm \u015fiddetini artt\u0131rabilir.<\/p>\n\n\n\n<p class=\"wp-block-paragraph\"><strong>Yanl\u0131\u015f<\/strong>:&nbsp;<strong>Otizmliler hiperaktiftir.<\/strong><\/p>\n\n\n\n<p class=\"wp-block-paragraph\">Do\u011fru: Alanyaz\u0131nda otizm spektrum bozuklu\u011funun ve dikkat eksikli\u011fi hiperaktivite bozuklu\u011funun birbirine e\u015flik eden (komorbite) oldu\u011funa dair \u00f6nemli bulgular yer almaktad\u0131r ancak her otizmli birey hiperaktif de\u011fildir. Otizmli bireylerin davran\u0131\u015flar\u0131 ve enerji seviyeleri b\u00fcy\u00fck farkl\u0131l\u0131klar g\u00f6sterebilir. Baz\u0131 otizmli bireylerde dikkat eksikli\u011fi ve hiperaktivite g\u00f6r\u00fclse de bu durum t\u00fcm otizmli bireyler i\u00e7in ge\u00e7erli de\u011fildir. Her bireyin \u00f6zellikleri kendine \u00f6zg\u00fcd\u00fcr ve bu y\u00fczden genelleme yapmak yan\u0131lt\u0131c\u0131 olabilir.<\/p>\n\n\n\n<p class=\"wp-block-paragraph\"><strong>Yanl\u0131\u015f: Aspergerliler \u00fcst\u00fcn yeteneklere sahiptir.<\/strong><\/p>\n\n\n\n<p class=\"wp-block-paragraph\">Do\u011fru: Asperger tan\u0131l\u0131 bireyler m\u00fczik, tarihi meteoroloji gibi \u00f6zel bir tak\u0131m konularda tak\u0131nt\u0131 derecesinde ilgili ve bilgi sahibi olabilir, ancak genel olarak normalden daha fazla zeka puan\u0131na sahip de\u011fillerdir.<\/p>\n\n\n\n<p class=\"wp-block-paragraph\"><strong>Yanl\u0131\u015f: Otizm bir huydur, aileden ge\u00e7er.<\/strong><\/p>\n\n\n\n<p class=\"wp-block-paragraph\">Do\u011fru: Otizmin genetik temelli ve \u00e7evresel etkenlerin sonucunda olu\u015ftu\u011fu d\u00fc\u015f\u00fcn\u00fclmektedir.<\/p>","protected":false},"excerpt":{"rendered":"<p>Otizm spektrum bozuklu\u011fu \u00fclkemizde hem farkl\u0131 alg\u0131lan\u0131yor hem de yanl\u0131\u015f biliniyor. Otizmle ilgili do\u011fru bilinen yanl\u0131\u015flar\u0131 ve do\u011frular\u0131 bu b\u00f6l\u00fcmde bulabilirsiniz.<\/p>","protected":false},"author":1,"featured_media":8218,"comment_status":"open","ping_status":"open","sticky":false,"template":"","format":"standard","meta":{"footnotes":""},"categories":[1],"tags":[],"class_list":["post-993","post","type-post","status-publish","format-standard","has-post-thumbnail","hentry","category-basin-odasi"],"yoast_head":"<!-- This site is optimized with the Yoast SEO Premium plugin v28.3 (Yoast SEO v28.3) - https:\/\/yoast.com\/product\/yoast-seo-premium-wordpress\/ -->\n<title>Otizmle \u0130lgili Do\u011fru Bilinen Yanl\u0131\u015flar - Tohum Otizm Vakf\u0131 | Otizmin Tek \u00c7aresi E\u011fitim<\/title>\n<meta name=\"robots\" content=\"index, follow, max-snippet:-1, max-image-preview:large, max-video-preview:-1\" \/>\n<link rel=\"canonical\" href=\"https:\/\/wp1.sedaozcan.net.tr\/en\/otizmle-ilgili-dogru-bilinen-yanlislar\/\" \/>\n<meta property=\"og:locale\" content=\"en_US\" \/>\n<meta property=\"og:type\" content=\"article\" \/>\n<meta property=\"og:title\" content=\"Otizmle \u0130lgili Do\u011fru Bilinen Yanl\u0131\u015flar\" \/>\n<meta property=\"og:description\" content=\"Otizm spektrum bozuklu\u011fu \u00fclkemizde hem farkl\u0131 alg\u0131lan\u0131yor hem de yanl\u0131\u015f biliniyor. Otizmle ilgili do\u011fru bilinen yanl\u0131\u015flar\u0131 ve do\u011frular\u0131 bu b\u00f6l\u00fcmde bulabilirsiniz.\" \/>\n<meta property=\"og:url\" content=\"https:\/\/wp1.sedaozcan.net.tr\/en\/otizmle-ilgili-dogru-bilinen-yanlislar\/\" \/>\n<meta property=\"og:site_name\" content=\"Tohum Otizm Vakf\u0131 | Otizmin Tek \u00c7aresi E\u011fitim\" \/>\n<meta property=\"article:published_time\" content=\"2022-12-25T03:07:32+00:00\" \/>\n<meta property=\"article:modified_time\" content=\"2026-08-06T11:05:20+00:00\" \/>\n<meta property=\"og:image\" content=\"https:\/\/wp1.sedaozcan.net.tr\/wp-content\/uploads\/2022\/12\/Otizmle-Ilgili-Dogru-Bilinen-Yanlislar.png\" \/>\n\t<meta property=\"og:image:width\" content=\"940\" \/>\n\t<meta property=\"og:image:height\" content=\"1024\" \/>\n\t<meta property=\"og:image:type\" content=\"image\/png\" \/>\n<meta name=\"author\" content=\"Tohum Otizm\" \/>\n<meta name=\"twitter:card\" content=\"summary_large_image\" \/>\n<meta name=\"twitter:label1\" content=\"Written by\" \/>\n\t<meta name=\"twitter:data1\" content=\"Tohum Otizm\" \/>\n\t<meta name=\"twitter:label2\" content=\"Est. reading time\" \/>\n\t<meta name=\"twitter:data2\" content=\"9 minutes\" \/>\n<script type=\"application\/ld+json\" class=\"yoast-schema-graph\">{\"@context\":\"https:\\\/\\\/schema.org\",\"@graph\":[{\"@type\":\"Article\",\"@id\":\"https:\\\/\\\/wp1.sedaozcan.net.tr\\\/otizmle-ilgili-dogru-bilinen-yanlislar\\\/#article\",\"isPartOf\":{\"@id\":\"https:\\\/\\\/wp1.sedaozcan.net.tr\\\/otizmle-ilgili-dogru-bilinen-yanlislar\\\/\"},\"author\":{\"name\":\"Tohum Otizm\",\"@id\":\"https:\\\/\\\/wp1.sedaozcan.net.tr\\\/#\\\/schema\\\/person\\\/c2ea4120b58c7afcac902ba998b1091c\"},\"headline\":\"Otizmle \u0130lgili Do\u011fru Bilinen Yanl\u0131\u015flar\",\"datePublished\":\"2022-12-25T03:07:32+00:00\",\"dateModified\":\"2026-08-06T11:05:20+00:00\",\"mainEntityOfPage\":{\"@id\":\"https:\\\/\\\/wp1.sedaozcan.net.tr\\\/otizmle-ilgili-dogru-bilinen-yanlislar\\\/\"},\"wordCount\":1710,\"commentCount\":0,\"image\":{\"@id\":\"https:\\\/\\\/wp1.sedaozcan.net.tr\\\/otizmle-ilgili-dogru-bilinen-yanlislar\\\/#primaryimage\"},\"thumbnailUrl\":\"https:\\\/\\\/wp1.sedaozcan.net.tr\\\/wp-content\\\/uploads\\\/2022\\\/12\\\/Otizmle-Ilgili-Dogru-Bilinen-Yanlislar.png\",\"articleSection\":[\"Bas\u0131n Odas\u0131\"],\"inLanguage\":\"en-US\",\"potentialAction\":[{\"@type\":\"CommentAction\",\"name\":\"Comment\",\"target\":[\"https:\\\/\\\/wp1.sedaozcan.net.tr\\\/otizmle-ilgili-dogru-bilinen-yanlislar\\\/#respond\"]}]},{\"@type\":\"WebPage\",\"@id\":\"https:\\\/\\\/wp1.sedaozcan.net.tr\\\/otizmle-ilgili-dogru-bilinen-yanlislar\\\/\",\"url\":\"https:\\\/\\\/wp1.sedaozcan.net.tr\\\/otizmle-ilgili-dogru-bilinen-yanlislar\\\/\",\"name\":\"Otizmle \u0130lgili Do\u011fru Bilinen Yanl\u0131\u015flar - Tohum Otizm Vakf\u0131 | Otizmin Tek \u00c7aresi E\u011fitim\",\"isPartOf\":{\"@id\":\"https:\\\/\\\/wp1.sedaozcan.net.tr\\\/#website\"},\"primaryImageOfPage\":{\"@id\":\"https:\\\/\\\/wp1.sedaozcan.net.tr\\\/otizmle-ilgili-dogru-bilinen-yanlislar\\\/#primaryimage\"},\"image\":{\"@id\":\"https:\\\/\\\/wp1.sedaozcan.net.tr\\\/otizmle-ilgili-dogru-bilinen-yanlislar\\\/#primaryimage\"},\"thumbnailUrl\":\"https:\\\/\\\/wp1.sedaozcan.net.tr\\\/wp-content\\\/uploads\\\/2022\\\/12\\\/Otizmle-Ilgili-Dogru-Bilinen-Yanlislar.png\",\"datePublished\":\"2022-12-25T03:07:32+00:00\",\"dateModified\":\"2026-08-06T11:05:20+00:00\",\"author\":{\"@id\":\"https:\\\/\\\/wp1.sedaozcan.net.tr\\\/#\\\/schema\\\/person\\\/c2ea4120b58c7afcac902ba998b1091c\"},\"breadcrumb\":{\"@id\":\"https:\\\/\\\/wp1.sedaozcan.net.tr\\\/otizmle-ilgili-dogru-bilinen-yanlislar\\\/#breadcrumb\"},\"inLanguage\":\"en-US\",\"potentialAction\":[{\"@type\":\"ReadAction\",\"target\":[\"https:\\\/\\\/wp1.sedaozcan.net.tr\\\/otizmle-ilgili-dogru-bilinen-yanlislar\\\/\"]}]},{\"@type\":\"ImageObject\",\"inLanguage\":\"en-US\",\"@id\":\"https:\\\/\\\/wp1.sedaozcan.net.tr\\\/otizmle-ilgili-dogru-bilinen-yanlislar\\\/#primaryimage\",\"url\":\"https:\\\/\\\/wp1.sedaozcan.net.tr\\\/wp-content\\\/uploads\\\/2022\\\/12\\\/Otizmle-Ilgili-Dogru-Bilinen-Yanlislar.png\",\"contentUrl\":\"https:\\\/\\\/wp1.sedaozcan.net.tr\\\/wp-content\\\/uploads\\\/2022\\\/12\\\/Otizmle-Ilgili-Dogru-Bilinen-Yanlislar.png\",\"width\":940,\"height\":1024},{\"@type\":\"BreadcrumbList\",\"@id\":\"https:\\\/\\\/wp1.sedaozcan.net.tr\\\/otizmle-ilgili-dogru-bilinen-yanlislar\\\/#breadcrumb\",\"itemListElement\":[{\"@type\":\"ListItem\",\"position\":1,\"name\":\"Home\",\"item\":\"https:\\\/\\\/wp1.sedaozcan.net.tr\\\/\"},{\"@type\":\"ListItem\",\"position\":2,\"name\":\"Otizmle \u0130lgili Do\u011fru Bilinen Yanl\u0131\u015flar\"}]},{\"@type\":\"WebSite\",\"@id\":\"https:\\\/\\\/wp1.sedaozcan.net.tr\\\/#website\",\"url\":\"https:\\\/\\\/wp1.sedaozcan.net.tr\\\/\",\"name\":\"Tohum Otizm Vakf\u0131 | Otizmin Tek \u00c7aresi E\u011fitim\",\"description\":\"\",\"potentialAction\":[{\"@type\":\"SearchAction\",\"target\":{\"@type\":\"EntryPoint\",\"urlTemplate\":\"https:\\\/\\\/wp1.sedaozcan.net.tr\\\/?s={search_term_string}\"},\"query-input\":{\"@type\":\"PropertyValueSpecification\",\"valueRequired\":true,\"valueName\":\"search_term_string\"}}],\"inLanguage\":\"en-US\"},{\"@type\":\"Person\",\"@id\":\"https:\\\/\\\/wp1.sedaozcan.net.tr\\\/#\\\/schema\\\/person\\\/c2ea4120b58c7afcac902ba998b1091c\",\"name\":\"Tohum Otizm\",\"image\":{\"@type\":\"ImageObject\",\"inLanguage\":\"en-US\",\"@id\":\"https:\\\/\\\/secure.gravatar.com\\\/avatar\\\/99d08cded734486eef59dabce25065a85303e18d81311c4f5f2bbd3fed82f816?s=96&d=mm&r=g\",\"url\":\"https:\\\/\\\/secure.gravatar.com\\\/avatar\\\/99d08cded734486eef59dabce25065a85303e18d81311c4f5f2bbd3fed82f816?s=96&d=mm&r=g\",\"contentUrl\":\"https:\\\/\\\/secure.gravatar.com\\\/avatar\\\/99d08cded734486eef59dabce25065a85303e18d81311c4f5f2bbd3fed82f816?s=96&d=mm&r=g\",\"caption\":\"Tohum Otizm\"},\"sameAs\":[\"https:\\\/\\\/wp1.sedaozcan.net.tr\"],\"url\":\"https:\\\/\\\/wp1.sedaozcan.net.tr\\\/en\\\/author\\\/admin_3ewju0jt\\\/\"},{\"@type\":\"ImageObject\",\"inLanguage\":\"en-US\",\"@id\":\"https:\\\/\\\/wp1.sedaozcan.net.tr\\\/otizmle-ilgili-dogru-bilinen-yanlislar\\\/#local-main-organization-logo\",\"url\":\"\",\"contentUrl\":\"\",\"caption\":\"Tohum Otizm Vakf\u0131 | Otizmin Tek \u00c7aresi E\u011fitim\"}]}<\/script>\n<!-- \/ Yoast SEO Premium plugin. -->","yoast_head_json":{"title":"Otizmle \u0130lgili Do\u011fru Bilinen Yanl\u0131\u015flar - Tohum Otizm Vakf\u0131 | Otizmin Tek \u00c7aresi E\u011fitim","robots":{"index":"index","follow":"follow","max-snippet":"max-snippet:-1","max-image-preview":"max-image-preview:large","max-video-preview":"max-video-preview:-1"},"canonical":"https:\/\/wp1.sedaozcan.net.tr\/en\/otizmle-ilgili-dogru-bilinen-yanlislar\/","og_locale":"en_US","og_type":"article","og_title":"Otizmle \u0130lgili Do\u011fru Bilinen Yanl\u0131\u015flar","og_description":"Otizm spektrum bozuklu\u011fu \u00fclkemizde hem farkl\u0131 alg\u0131lan\u0131yor hem de yanl\u0131\u015f biliniyor. Otizmle ilgili do\u011fru bilinen yanl\u0131\u015flar\u0131 ve do\u011frular\u0131 bu b\u00f6l\u00fcmde bulabilirsiniz.","og_url":"https:\/\/wp1.sedaozcan.net.tr\/en\/otizmle-ilgili-dogru-bilinen-yanlislar\/","og_site_name":"Tohum Otizm Vakf\u0131 | Otizmin Tek \u00c7aresi E\u011fitim","article_published_time":"2022-12-25T03:07:32+00:00","article_modified_time":"2026-08-06T11:05:20+00:00","og_image":[{"width":940,"height":1024,"url":"https:\/\/wp1.sedaozcan.net.tr\/wp-content\/uploads\/2022\/12\/Otizmle-Ilgili-Dogru-Bilinen-Yanlislar.png","type":"image\/png"}],"author":"Tohum Otizm","twitter_card":"summary_large_image","twitter_misc":{"Written by":"Tohum Otizm","Est. reading time":"9 minutes"},"schema":{"@context":"https:\/\/schema.org","@graph":[{"@type":"Article","@id":"https:\/\/wp1.sedaozcan.net.tr\/otizmle-ilgili-dogru-bilinen-yanlislar\/#article","isPartOf":{"@id":"https:\/\/wp1.sedaozcan.net.tr\/otizmle-ilgili-dogru-bilinen-yanlislar\/"},"author":{"name":"Tohum Otizm","@id":"https:\/\/wp1.sedaozcan.net.tr\/#\/schema\/person\/c2ea4120b58c7afcac902ba998b1091c"},"headline":"Otizmle \u0130lgili Do\u011fru Bilinen Yanl\u0131\u015flar","datePublished":"2022-12-25T03:07:32+00:00","dateModified":"2026-08-06T11:05:20+00:00","mainEntityOfPage":{"@id":"https:\/\/wp1.sedaozcan.net.tr\/otizmle-ilgili-dogru-bilinen-yanlislar\/"},"wordCount":1710,"commentCount":0,"image":{"@id":"https:\/\/wp1.sedaozcan.net.tr\/otizmle-ilgili-dogru-bilinen-yanlislar\/#primaryimage"},"thumbnailUrl":"https:\/\/wp1.sedaozcan.net.tr\/wp-content\/uploads\/2022\/12\/Otizmle-Ilgili-Dogru-Bilinen-Yanlislar.png","articleSection":["Bas\u0131n Odas\u0131"],"inLanguage":"en-US","potentialAction":[{"@type":"CommentAction","name":"Comment","target":["https:\/\/wp1.sedaozcan.net.tr\/otizmle-ilgili-dogru-bilinen-yanlislar\/#respond"]}]},{"@type":"WebPage","@id":"https:\/\/wp1.sedaozcan.net.tr\/otizmle-ilgili-dogru-bilinen-yanlislar\/","url":"https:\/\/wp1.sedaozcan.net.tr\/otizmle-ilgili-dogru-bilinen-yanlislar\/","name":"Otizmle \u0130lgili Do\u011fru Bilinen Yanl\u0131\u015flar - Tohum Otizm Vakf\u0131 | Otizmin Tek \u00c7aresi E\u011fitim","isPartOf":{"@id":"https:\/\/wp1.sedaozcan.net.tr\/#website"},"primaryImageOfPage":{"@id":"https:\/\/wp1.sedaozcan.net.tr\/otizmle-ilgili-dogru-bilinen-yanlislar\/#primaryimage"},"image":{"@id":"https:\/\/wp1.sedaozcan.net.tr\/otizmle-ilgili-dogru-bilinen-yanlislar\/#primaryimage"},"thumbnailUrl":"https:\/\/wp1.sedaozcan.net.tr\/wp-content\/uploads\/2022\/12\/Otizmle-Ilgili-Dogru-Bilinen-Yanlislar.png","datePublished":"2022-12-25T03:07:32+00:00","dateModified":"2026-08-06T11:05:20+00:00","author":{"@id":"https:\/\/wp1.sedaozcan.net.tr\/#\/schema\/person\/c2ea4120b58c7afcac902ba998b1091c"},"breadcrumb":{"@id":"https:\/\/wp1.sedaozcan.net.tr\/otizmle-ilgili-dogru-bilinen-yanlislar\/#breadcrumb"},"inLanguage":"en-US","potentialAction":[{"@type":"ReadAction","target":["https:\/\/wp1.sedaozcan.net.tr\/otizmle-ilgili-dogru-bilinen-yanlislar\/"]}]},{"@type":"ImageObject","inLanguage":"en-US","@id":"https:\/\/wp1.sedaozcan.net.tr\/otizmle-ilgili-dogru-bilinen-yanlislar\/#primaryimage","url":"https:\/\/wp1.sedaozcan.net.tr\/wp-content\/uploads\/2022\/12\/Otizmle-Ilgili-Dogru-Bilinen-Yanlislar.png","contentUrl":"https:\/\/wp1.sedaozcan.net.tr\/wp-content\/uploads\/2022\/12\/Otizmle-Ilgili-Dogru-Bilinen-Yanlislar.png","width":940,"height":1024},{"@type":"BreadcrumbList","@id":"https:\/\/wp1.sedaozcan.net.tr\/otizmle-ilgili-dogru-bilinen-yanlislar\/#breadcrumb","itemListElement":[{"@type":"ListItem","position":1,"name":"Home","item":"https:\/\/wp1.sedaozcan.net.tr\/"},{"@type":"ListItem","position":2,"name":"Otizmle \u0130lgili Do\u011fru Bilinen Yanl\u0131\u015flar"}]},{"@type":"WebSite","@id":"https:\/\/wp1.sedaozcan.net.tr\/#website","url":"https:\/\/wp1.sedaozcan.net.tr\/","name":"Tohum Autism Foundation | The Only Remedy for Autism is Education","description":"","potentialAction":[{"@type":"SearchAction","target":{"@type":"EntryPoint","urlTemplate":"https:\/\/wp1.sedaozcan.net.tr\/?s={search_term_string}"},"query-input":{"@type":"PropertyValueSpecification","valueRequired":true,"valueName":"search_term_string"}}],"inLanguage":"en-US"},{"@type":"Person","@id":"https:\/\/wp1.sedaozcan.net.tr\/#\/schema\/person\/c2ea4120b58c7afcac902ba998b1091c","name":"Tohum Otizm","image":{"@type":"ImageObject","inLanguage":"en-US","@id":"https:\/\/secure.gravatar.com\/avatar\/99d08cded734486eef59dabce25065a85303e18d81311c4f5f2bbd3fed82f816?s=96&d=mm&r=g","url":"https:\/\/secure.gravatar.com\/avatar\/99d08cded734486eef59dabce25065a85303e18d81311c4f5f2bbd3fed82f816?s=96&d=mm&r=g","contentUrl":"https:\/\/secure.gravatar.com\/avatar\/99d08cded734486eef59dabce25065a85303e18d81311c4f5f2bbd3fed82f816?s=96&d=mm&r=g","caption":"Tohum Otizm"},"sameAs":["https:\/\/wp1.sedaozcan.net.tr"],"url":"https:\/\/wp1.sedaozcan.net.tr\/en\/author\/admin_3ewju0jt\/"},{"@type":"ImageObject","inLanguage":"en-US","@id":"https:\/\/wp1.sedaozcan.net.tr\/otizmle-ilgili-dogru-bilinen-yanlislar\/#local-main-organization-logo","url":"","contentUrl":"","caption":"Tohum Otizm Vakf\u0131 | Otizmin Tek \u00c7aresi E\u011fitim"}]}},"_links":{"self":[{"href":"https:\/\/wp1.sedaozcan.net.tr\/en\/wp-json\/wp\/v2\/posts\/993","targetHints":{"allow":["GET"]}}],"collection":[{"href":"https:\/\/wp1.sedaozcan.net.tr\/en\/wp-json\/wp\/v2\/posts"}],"about":[{"href":"https:\/\/wp1.sedaozcan.net.tr\/en\/wp-json\/wp\/v2\/types\/post"}],"author":[{"embeddable":true,"href":"https:\/\/wp1.sedaozcan.net.tr\/en\/wp-json\/wp\/v2\/users\/1"}],"replies":[{"embeddable":true,"href":"https:\/\/wp1.sedaozcan.net.tr\/en\/wp-json\/wp\/v2\/comments?post=993"}],"version-history":[{"count":3,"href":"https:\/\/wp1.sedaozcan.net.tr\/en\/wp-json\/wp\/v2\/posts\/993\/revisions"}],"predecessor-version":[{"id":9598,"href":"https:\/\/wp1.sedaozcan.net.tr\/en\/wp-json\/wp\/v2\/posts\/993\/revisions\/9598"}],"wp:featuredmedia":[{"embeddable":true,"href":"https:\/\/wp1.sedaozcan.net.tr\/en\/wp-json\/wp\/v2\/media\/8218"}],"wp:attachment":[{"href":"https:\/\/wp1.sedaozcan.net.tr\/en\/wp-json\/wp\/v2\/media?parent=993"}],"wp:term":[{"taxonomy":"category","embeddable":true,"href":"https:\/\/wp1.sedaozcan.net.tr\/en\/wp-json\/wp\/v2\/categories?post=993"},{"taxonomy":"post_tag","embeddable":true,"href":"https:\/\/wp1.sedaozcan.net.tr\/en\/wp-json\/wp\/v2\/tags?post=993"}],"curies":[{"name":"wp","href":"https:\/\/api.w.org\/{rel}","templated":true}]}}