{"id":992,"date":"2022-12-25T03:08:57","date_gmt":"2022-12-25T03:08:57","guid":{"rendered":"https:\/\/tplabs.co\/wishon\/?p=992"},"modified":"2026-08-06T13:04:45","modified_gmt":"2026-08-06T11:04:45","slug":"ilaclar-ve-asilar-gercekten-otizmin-nedeni-olabilir-mi","status":"publish","type":"post","link":"https:\/\/wp1.sedaozcan.net.tr\/en\/ilaclar-ve-asilar-gercekten-otizmin-nedeni-olabilir-mi\/","title":{"rendered":"\u0130la\u00e7lar ve a\u015f\u0131lar ger\u00e7ekten otizmin nedeni olabilir mi?"},"content":{"rendered":"<p class=\"wp-block-paragraph\"><strong>Amerikan Ba\u015fkan\u0131 Trump\u2019\u0131n Otizmin Nedenlerine \u0130li\u015fkin A\u00e7\u0131klamas\u0131 \u00dczerine<\/strong><\/p>\n\n\n\n<p class=\"wp-block-paragraph\"><strong>\u0130la\u00e7lar ve a\u015f\u0131lar ger\u00e7ekten otizmin nedeni olabilir mi?<\/strong><\/p>\n\n\n\n<p class=\"wp-block-paragraph\">21 Eyl\u00fcl\u2019de ABD Ba\u015fkan\u0131 Donald Trump, gebelikte parasetamol (Tylenol) kullan\u0131m\u0131n\u0131n otizmi art\u0131rabilece\u011fini \u00f6ne s\u00fcrd\u00fc ve G\u0131da ve \u0130la\u00e7 Dairesi (FDA:Food and Drug. Administration) \u2019n\u0131n bu ilac\u0131 kullanma uyar\u0131s\u0131 i\u00e7eren yeni etiketlemeler \u00fczerinde \u00e7al\u0131\u015faca\u011f\u0131n\u0131 duyurdu. Ayr\u0131ca, gebelikte Tylenol kullan\u0131m\u0131n\u0131n \u201ct\u0131bbi olarak gerekli olmad\u0131\u011f\u0131 s\u00fcrece s\u0131n\u0131rlanmas\u0131\u201d \u00f6nerisinde bulundu. \u0130lac\u0131n yan\u0131 s\u0131ra a\u015f\u0131lar\u0131n otizme yol a\u00e7t\u0131\u011f\u0131 ve leucovorin (folinik asit) kullan\u0131m\u0131n\u0131n otizm tedavisinde etkili oldu\u011funu iddia etti.&nbsp; Otizm alan\u0131nda \u00e7al\u0131\u015fan kurulu\u015flar, bu iddialar\u0131 \u201cbilimsel kan\u0131tlara dayanmayan\u201d ve \u201cendi\u015fe verici mesajlar\u201d olarak de\u011ferlendirmektedir. Bununla birlikte iddialar\u0131n medyada h\u0131zla yay\u0131lmas\u0131, ailelerde kafa kar\u0131\u015f\u0131kl\u0131\u011f\u0131na ve kayg\u0131ya yol a\u00e7abilmektedir.<\/p>\n\n\n\n<p class=\"wp-block-paragraph\">Gebelikte parasetamol (Tylenol) kullan\u0131m\u0131 ile otizm aras\u0131nda ba\u011flant\u0131 k\u00fc\u00e7\u00fck \u00f6rneklemli ve zay\u0131f \u00e7al\u0131\u015fmalara dayanmaktad\u0131r. Y\u00fcksek nitelikli, geni\u015f kapsaml\u0131 ara\u015ft\u0131rmalar ise gebelikte parasetamol ile otizm aras\u0131nda bir ili\u015fki bulunmad\u0131\u011f\u0131n\u0131 ortaya koymaktad\u0131r. Ayr\u0131ca bilimsel kan\u0131tlar, a\u015f\u0131lar\u0131n otizme yol a\u00e7mad\u0131\u011f\u0131n\u0131 a\u00e7\u0131k\u00e7a g\u00f6stermektedir. D\u00fcnya Sa\u011fl\u0131k \u00d6rg\u00fct\u00fc (WHO:World Health Organisation), Hastal\u0131klar\u0131 Kontrol ve \u00d6nleme Merkezi (CDC: Centers For Disease Control and Prevention) ve milyonlarca \u00e7ocu\u011fu kapsayan uluslararas\u0131 ara\u015ft\u0131rmalar ayn\u0131 sonuca ula\u015fm\u0131\u015ft\u0131r. Benzer \u015fekilde, leucovorin gibi ila\u00e7lar hakk\u0131nda da neden-sonu\u00e7 ili\u015fkisini g\u00f6steren kesin bulgular bulunmamaktad\u0131r; bu konularda ancak daha b\u00fcy\u00fck ve uzun vadeli ara\u015ft\u0131rmalar yap\u0131lmas\u0131yla netlik sa\u011flanabilecektir.<\/p>\n\n\n\n<p class=\"wp-block-paragraph\">Otizmin tek bir nedeni yoktur; genetik ve \u00e7evresel etkenlerin birlikte rol ald\u0131\u011f\u0131 n\u00f6ro-geli\u015fimsel bir farkl\u0131l\u0131kt\u0131r. Ara\u015ft\u0131rmalar, otizmin %90\u2019a yak\u0131n genetik fakt\u00f6rlerden kaynakland\u0131\u011f\u0131n\u0131, \u00e7evresel de\u011fi\u015fkenlerin ise s\u0131n\u0131rl\u0131 \u00f6l\u00e7\u00fcde etkili olabilece\u011fini g\u00f6stermektedir. Otizm g\u00f6r\u00fclme s\u0131kl\u0131\u011f\u0131ndaki art\u0131\u015f\u0131n en \u00f6nemli nedenleri ise artan fark\u0131ndal\u0131k ve tan\u0131 \u00f6l\u00e7\u00fctlerindeki de\u011fi\u015fikliklerdir.<\/p>\n\n\n\n<p class=\"wp-block-paragraph\">Bug\u00fcn yap\u0131labilecek en do\u011fru \u015fey; erken tan\u0131 ve bilimsel olarak kabul g\u00f6rm\u00fc\u015f e\u011fitim programlar\u0131yla otizmli \u00e7ocuklar\u0131n geli\u015fimini desteklemektir. Bilimsel temeli olmayan iddialar ailelerde gereksiz endi\u015fe yaratabilmekte ve yanl\u0131\u015f y\u00f6nlendirmelere neden olabilmektedir. Bu nedenle ailelere \u00e7a\u011fr\u0131m\u0131z, sosyal medyada dola\u015fan spek\u00fclatif s\u00f6ylemler yerine g\u00fcvenilir bilimsel kaynaklara ba\u015fvurmalar\u0131d\u0131r. Vakf\u0131m\u0131z\u0131n a\u00e7\u0131k kaynak olarak sundu\u011fu kitap\u00e7\u0131k ve k\u0131lavuzlar\u0131, Tohum Otizm Vakf\u0131 E\u011fitim Portal\u0131, aileler ve \u00f6\u011fretmenler i\u00e7in g\u00fcncel, bilimsel temelli i\u00e7erikler sunmaktad\u0131r.<\/p>\n\n\n\n<ul class=\"wp-block-list\">\n<li>Otizm hakk\u0131nda dan\u0131\u015fmak istedi\u011finiz konular i\u00e7in \u00fccretsiz yararlanabilece\u011finiz\u00a0<\/li>\n<\/ul>\n\n\n\n<p class=\"wp-block-paragraph\">Rehberlik Birimimizi arayarak bizlere ula\u015fabilirsiniz.<\/p>\n\n\n\n<p class=\"wp-block-paragraph\">Tel:&nbsp;<a href=\"tel:0212%20248%2094%2030\">0212 248 94 30<\/a><\/p>\n\n\n\n<p class=\"wp-block-paragraph\">Eposta:&nbsp;<a href=\"mailto:rehberlik@tohumotizm.org.tr\">rehberlik@tohumotizm.org.tr<\/a><\/p>\n\n\n\n<ul class=\"wp-block-list\">\n<li>Tohum Otizm Vakf\u0131 E\u011fitim Portal\u0131\u2019ndan otizmli \u00e7ocuklar\u0131n e\u011fitimi konusunda teorik bilgilerin yan\u0131 s\u0131ra videolar, g\u00f6rseller, pratik uygulama \u00f6rnekleri ve e\u011fitim materyallerinden faydalanabilirsiniz.\u00a0<a href=\"https:\/\/tohumotizmportali.org\/anasayfa\">Tohum Otizm Vakf\u0131 E\u011fitim Portal\u0131<\/a><\/li>\n\n\n\n<li><\/li>\n\n\n\n<li>Tohum Otizm Vakf\u0131\u2019n\u0131n oda\u011f\u0131 otizmli \u00e7ocuklar\u0131n erken tan\u0131lanmas\u0131; tan\u0131 alan \u00e7ocuklar\u0131n ve ailelerinin sa\u011fl\u0131k, e\u011fitim, meslek edinimi, istihdam, ba\u011f\u0131ms\u0131z ya\u015fam ve kayna\u015ft\u0131rma gereksinimlerinin d\u00fcnya standartlar\u0131nda kar\u015f\u0131lanmas\u0131d\u0131r. Otizmin nedenlerine ili\u015fkin ara\u015ft\u0131rmalar\u0131n, bilimsel veriler \u0131\u015f\u0131\u011f\u0131nda, geni\u015f kapsaml\u0131 ve nitelikli \u00e7al\u0131\u015fmalarla s\u00fcrd\u00fcr\u00fclmesi gerekti\u011fini bir kez daha vurguluyoruz.<\/li>\n<\/ul>\n\n\n\n<p class=\"wp-block-paragraph\">Yararlan\u0131lan referanslar\u0131 g\u00f6rmek i\u00e7in&nbsp;<a href=\"https:\/\/tohumotizm.org.tr\/wp-content\/uploads\/2025\/09\/Kaynakcalar.pdf\">t\u0131klay\u0131n!<\/a><\/p>","protected":false},"excerpt":{"rendered":"<p>21 Eyl\u00fcl\u2019de ABD Ba\u015fkan\u0131 Donald Trump, gebelikte parasetamol (Tylenol) kullan\u0131m\u0131n\u0131n otizmi art\u0131rabilece\u011fini \u00f6ne s\u00fcrd\u00fc ve G\u0131da ve \u0130la\u00e7 Dairesi (FDA:Food and Drug. Administration) \u2019n\u0131n bu ilac\u0131 kullanma uyar\u0131s\u0131 i\u00e7eren yeni etiketlemeler \u00fczerinde \u00e7al\u0131\u015faca\u011f\u0131n\u0131 duyurdu.<\/p>","protected":false},"author":1,"featured_media":8215,"comment_status":"open","ping_status":"open","sticky":false,"template":"","format":"standard","meta":{"footnotes":""},"categories":[1],"tags":[],"class_list":["post-992","post","type-post","status-publish","format-standard","has-post-thumbnail","hentry","category-basin-odasi"],"yoast_head":"<!-- This site is optimized with the Yoast SEO Premium plugin v28.3 (Yoast SEO v28.3) - https:\/\/yoast.com\/product\/yoast-seo-premium-wordpress\/ -->\n<title>\u0130la\u00e7lar ve a\u015f\u0131lar ger\u00e7ekten otizmin nedeni olabilir mi? - Tohum Otizm Vakf\u0131 | Otizmin Tek \u00c7aresi E\u011fitim<\/title>\n<meta name=\"robots\" content=\"index, follow, max-snippet:-1, max-image-preview:large, max-video-preview:-1\" \/>\n<link rel=\"canonical\" href=\"https:\/\/wp1.sedaozcan.net.tr\/en\/ilaclar-ve-asilar-gercekten-otizmin-nedeni-olabilir-mi\/\" \/>\n<meta property=\"og:locale\" content=\"en_US\" \/>\n<meta property=\"og:type\" content=\"article\" \/>\n<meta property=\"og:title\" content=\"\u0130la\u00e7lar ve a\u015f\u0131lar ger\u00e7ekten otizmin nedeni olabilir mi?\" \/>\n<meta property=\"og:description\" content=\"21 Eyl\u00fcl\u2019de ABD Ba\u015fkan\u0131 Donald Trump, gebelikte parasetamol (Tylenol) kullan\u0131m\u0131n\u0131n otizmi art\u0131rabilece\u011fini \u00f6ne s\u00fcrd\u00fc ve G\u0131da ve \u0130la\u00e7 Dairesi (FDA:Food and Drug. Administration) \u2019n\u0131n bu ilac\u0131 kullanma uyar\u0131s\u0131 i\u00e7eren yeni etiketlemeler \u00fczerinde \u00e7al\u0131\u015faca\u011f\u0131n\u0131 duyurdu.\" \/>\n<meta property=\"og:url\" content=\"https:\/\/wp1.sedaozcan.net.tr\/en\/ilaclar-ve-asilar-gercekten-otizmin-nedeni-olabilir-mi\/\" \/>\n<meta property=\"og:site_name\" content=\"Tohum Otizm Vakf\u0131 | Otizmin Tek \u00c7aresi E\u011fitim\" \/>\n<meta property=\"article:published_time\" content=\"2022-12-25T03:08:57+00:00\" \/>\n<meta property=\"article:modified_time\" content=\"2026-08-06T11:04:45+00:00\" \/>\n<meta property=\"og:image\" content=\"https:\/\/wp1.sedaozcan.net.tr\/wp-content\/uploads\/2022\/12\/Kimler-Otizmli-Bireylere-Egitim-Verebilir_.png\" \/>\n\t<meta property=\"og:image:width\" content=\"942\" \/>\n\t<meta property=\"og:image:height\" content=\"1024\" \/>\n\t<meta property=\"og:image:type\" content=\"image\/png\" \/>\n<meta name=\"author\" content=\"Tohum Otizm\" \/>\n<meta name=\"twitter:card\" content=\"summary_large_image\" \/>\n<meta name=\"twitter:label1\" content=\"Written by\" \/>\n\t<meta name=\"twitter:data1\" content=\"Tohum Otizm\" \/>\n\t<meta name=\"twitter:label2\" content=\"Est. reading time\" \/>\n\t<meta name=\"twitter:data2\" content=\"3 minutes\" \/>\n<script type=\"application\/ld+json\" class=\"yoast-schema-graph\">{\"@context\":\"https:\\\/\\\/schema.org\",\"@graph\":[{\"@type\":\"Article\",\"@id\":\"https:\\\/\\\/wp1.sedaozcan.net.tr\\\/ilaclar-ve-asilar-gercekten-otizmin-nedeni-olabilir-mi\\\/#article\",\"isPartOf\":{\"@id\":\"https:\\\/\\\/wp1.sedaozcan.net.tr\\\/ilaclar-ve-asilar-gercekten-otizmin-nedeni-olabilir-mi\\\/\"},\"author\":{\"name\":\"Tohum Otizm\",\"@id\":\"https:\\\/\\\/wp1.sedaozcan.net.tr\\\/#\\\/schema\\\/person\\\/c2ea4120b58c7afcac902ba998b1091c\"},\"headline\":\"\u0130la\u00e7lar ve a\u015f\u0131lar ger\u00e7ekten otizmin nedeni olabilir mi?\",\"datePublished\":\"2022-12-25T03:08:57+00:00\",\"dateModified\":\"2026-08-06T11:04:45+00:00\",\"mainEntityOfPage\":{\"@id\":\"https:\\\/\\\/wp1.sedaozcan.net.tr\\\/ilaclar-ve-asilar-gercekten-otizmin-nedeni-olabilir-mi\\\/\"},\"wordCount\":624,\"commentCount\":0,\"image\":{\"@id\":\"https:\\\/\\\/wp1.sedaozcan.net.tr\\\/ilaclar-ve-asilar-gercekten-otizmin-nedeni-olabilir-mi\\\/#primaryimage\"},\"thumbnailUrl\":\"https:\\\/\\\/wp1.sedaozcan.net.tr\\\/wp-content\\\/uploads\\\/2022\\\/12\\\/Kimler-Otizmli-Bireylere-Egitim-Verebilir_.png\",\"articleSection\":[\"Bas\u0131n Odas\u0131\"],\"inLanguage\":\"en-US\",\"potentialAction\":[{\"@type\":\"CommentAction\",\"name\":\"Comment\",\"target\":[\"https:\\\/\\\/wp1.sedaozcan.net.tr\\\/ilaclar-ve-asilar-gercekten-otizmin-nedeni-olabilir-mi\\\/#respond\"]}]},{\"@type\":\"WebPage\",\"@id\":\"https:\\\/\\\/wp1.sedaozcan.net.tr\\\/ilaclar-ve-asilar-gercekten-otizmin-nedeni-olabilir-mi\\\/\",\"url\":\"https:\\\/\\\/wp1.sedaozcan.net.tr\\\/ilaclar-ve-asilar-gercekten-otizmin-nedeni-olabilir-mi\\\/\",\"name\":\"\u0130la\u00e7lar ve a\u015f\u0131lar ger\u00e7ekten otizmin nedeni olabilir mi? - Tohum Otizm Vakf\u0131 | Otizmin Tek \u00c7aresi E\u011fitim\",\"isPartOf\":{\"@id\":\"https:\\\/\\\/wp1.sedaozcan.net.tr\\\/#website\"},\"primaryImageOfPage\":{\"@id\":\"https:\\\/\\\/wp1.sedaozcan.net.tr\\\/ilaclar-ve-asilar-gercekten-otizmin-nedeni-olabilir-mi\\\/#primaryimage\"},\"image\":{\"@id\":\"https:\\\/\\\/wp1.sedaozcan.net.tr\\\/ilaclar-ve-asilar-gercekten-otizmin-nedeni-olabilir-mi\\\/#primaryimage\"},\"thumbnailUrl\":\"https:\\\/\\\/wp1.sedaozcan.net.tr\\\/wp-content\\\/uploads\\\/2022\\\/12\\\/Kimler-Otizmli-Bireylere-Egitim-Verebilir_.png\",\"datePublished\":\"2022-12-25T03:08:57+00:00\",\"dateModified\":\"2026-08-06T11:04:45+00:00\",\"author\":{\"@id\":\"https:\\\/\\\/wp1.sedaozcan.net.tr\\\/#\\\/schema\\\/person\\\/c2ea4120b58c7afcac902ba998b1091c\"},\"breadcrumb\":{\"@id\":\"https:\\\/\\\/wp1.sedaozcan.net.tr\\\/ilaclar-ve-asilar-gercekten-otizmin-nedeni-olabilir-mi\\\/#breadcrumb\"},\"inLanguage\":\"en-US\",\"potentialAction\":[{\"@type\":\"ReadAction\",\"target\":[\"https:\\\/\\\/wp1.sedaozcan.net.tr\\\/ilaclar-ve-asilar-gercekten-otizmin-nedeni-olabilir-mi\\\/\"]}]},{\"@type\":\"ImageObject\",\"inLanguage\":\"en-US\",\"@id\":\"https:\\\/\\\/wp1.sedaozcan.net.tr\\\/ilaclar-ve-asilar-gercekten-otizmin-nedeni-olabilir-mi\\\/#primaryimage\",\"url\":\"https:\\\/\\\/wp1.sedaozcan.net.tr\\\/wp-content\\\/uploads\\\/2022\\\/12\\\/Kimler-Otizmli-Bireylere-Egitim-Verebilir_.png\",\"contentUrl\":\"https:\\\/\\\/wp1.sedaozcan.net.tr\\\/wp-content\\\/uploads\\\/2022\\\/12\\\/Kimler-Otizmli-Bireylere-Egitim-Verebilir_.png\",\"width\":942,\"height\":1024},{\"@type\":\"BreadcrumbList\",\"@id\":\"https:\\\/\\\/wp1.sedaozcan.net.tr\\\/ilaclar-ve-asilar-gercekten-otizmin-nedeni-olabilir-mi\\\/#breadcrumb\",\"itemListElement\":[{\"@type\":\"ListItem\",\"position\":1,\"name\":\"Home\",\"item\":\"https:\\\/\\\/wp1.sedaozcan.net.tr\\\/\"},{\"@type\":\"ListItem\",\"position\":2,\"name\":\"\u0130la\u00e7lar ve a\u015f\u0131lar ger\u00e7ekten otizmin nedeni olabilir mi?\"}]},{\"@type\":\"WebSite\",\"@id\":\"https:\\\/\\\/wp1.sedaozcan.net.tr\\\/#website\",\"url\":\"https:\\\/\\\/wp1.sedaozcan.net.tr\\\/\",\"name\":\"Tohum Otizm Vakf\u0131 | Otizmin Tek \u00c7aresi E\u011fitim\",\"description\":\"\",\"potentialAction\":[{\"@type\":\"SearchAction\",\"target\":{\"@type\":\"EntryPoint\",\"urlTemplate\":\"https:\\\/\\\/wp1.sedaozcan.net.tr\\\/?s={search_term_string}\"},\"query-input\":{\"@type\":\"PropertyValueSpecification\",\"valueRequired\":true,\"valueName\":\"search_term_string\"}}],\"inLanguage\":\"en-US\"},{\"@type\":\"Person\",\"@id\":\"https:\\\/\\\/wp1.sedaozcan.net.tr\\\/#\\\/schema\\\/person\\\/c2ea4120b58c7afcac902ba998b1091c\",\"name\":\"Tohum Otizm\",\"image\":{\"@type\":\"ImageObject\",\"inLanguage\":\"en-US\",\"@id\":\"https:\\\/\\\/secure.gravatar.com\\\/avatar\\\/99d08cded734486eef59dabce25065a85303e18d81311c4f5f2bbd3fed82f816?s=96&d=mm&r=g\",\"url\":\"https:\\\/\\\/secure.gravatar.com\\\/avatar\\\/99d08cded734486eef59dabce25065a85303e18d81311c4f5f2bbd3fed82f816?s=96&d=mm&r=g\",\"contentUrl\":\"https:\\\/\\\/secure.gravatar.com\\\/avatar\\\/99d08cded734486eef59dabce25065a85303e18d81311c4f5f2bbd3fed82f816?s=96&d=mm&r=g\",\"caption\":\"Tohum Otizm\"},\"sameAs\":[\"https:\\\/\\\/wp1.sedaozcan.net.tr\"],\"url\":\"https:\\\/\\\/wp1.sedaozcan.net.tr\\\/en\\\/author\\\/admin_3ewju0jt\\\/\"},{\"@type\":\"ImageObject\",\"inLanguage\":\"en-US\",\"@id\":\"https:\\\/\\\/wp1.sedaozcan.net.tr\\\/ilaclar-ve-asilar-gercekten-otizmin-nedeni-olabilir-mi\\\/#local-main-organization-logo\",\"url\":\"\",\"contentUrl\":\"\",\"caption\":\"Tohum Otizm Vakf\u0131 | Otizmin Tek \u00c7aresi E\u011fitim\"}]}<\/script>\n<!-- \/ Yoast SEO Premium plugin. -->","yoast_head_json":{"title":"\u0130la\u00e7lar ve a\u015f\u0131lar ger\u00e7ekten otizmin nedeni olabilir mi? - Tohum Otizm Vakf\u0131 | Otizmin Tek \u00c7aresi E\u011fitim","robots":{"index":"index","follow":"follow","max-snippet":"max-snippet:-1","max-image-preview":"max-image-preview:large","max-video-preview":"max-video-preview:-1"},"canonical":"https:\/\/wp1.sedaozcan.net.tr\/en\/ilaclar-ve-asilar-gercekten-otizmin-nedeni-olabilir-mi\/","og_locale":"en_US","og_type":"article","og_title":"\u0130la\u00e7lar ve a\u015f\u0131lar ger\u00e7ekten otizmin nedeni olabilir mi?","og_description":"21 Eyl\u00fcl\u2019de ABD Ba\u015fkan\u0131 Donald Trump, gebelikte parasetamol (Tylenol) kullan\u0131m\u0131n\u0131n otizmi art\u0131rabilece\u011fini \u00f6ne s\u00fcrd\u00fc ve G\u0131da ve \u0130la\u00e7 Dairesi (FDA:Food and Drug. Administration) \u2019n\u0131n bu ilac\u0131 kullanma uyar\u0131s\u0131 i\u00e7eren yeni etiketlemeler \u00fczerinde \u00e7al\u0131\u015faca\u011f\u0131n\u0131 duyurdu.","og_url":"https:\/\/wp1.sedaozcan.net.tr\/en\/ilaclar-ve-asilar-gercekten-otizmin-nedeni-olabilir-mi\/","og_site_name":"Tohum Otizm Vakf\u0131 | Otizmin Tek \u00c7aresi E\u011fitim","article_published_time":"2022-12-25T03:08:57+00:00","article_modified_time":"2026-08-06T11:04:45+00:00","og_image":[{"width":942,"height":1024,"url":"https:\/\/wp1.sedaozcan.net.tr\/wp-content\/uploads\/2022\/12\/Kimler-Otizmli-Bireylere-Egitim-Verebilir_.png","type":"image\/png"}],"author":"Tohum Otizm","twitter_card":"summary_large_image","twitter_misc":{"Written by":"Tohum Otizm","Est. reading time":"3 minutes"},"schema":{"@context":"https:\/\/schema.org","@graph":[{"@type":"Article","@id":"https:\/\/wp1.sedaozcan.net.tr\/ilaclar-ve-asilar-gercekten-otizmin-nedeni-olabilir-mi\/#article","isPartOf":{"@id":"https:\/\/wp1.sedaozcan.net.tr\/ilaclar-ve-asilar-gercekten-otizmin-nedeni-olabilir-mi\/"},"author":{"name":"Tohum Otizm","@id":"https:\/\/wp1.sedaozcan.net.tr\/#\/schema\/person\/c2ea4120b58c7afcac902ba998b1091c"},"headline":"\u0130la\u00e7lar ve a\u015f\u0131lar ger\u00e7ekten otizmin nedeni olabilir mi?","datePublished":"2022-12-25T03:08:57+00:00","dateModified":"2026-08-06T11:04:45+00:00","mainEntityOfPage":{"@id":"https:\/\/wp1.sedaozcan.net.tr\/ilaclar-ve-asilar-gercekten-otizmin-nedeni-olabilir-mi\/"},"wordCount":624,"commentCount":0,"image":{"@id":"https:\/\/wp1.sedaozcan.net.tr\/ilaclar-ve-asilar-gercekten-otizmin-nedeni-olabilir-mi\/#primaryimage"},"thumbnailUrl":"https:\/\/wp1.sedaozcan.net.tr\/wp-content\/uploads\/2022\/12\/Kimler-Otizmli-Bireylere-Egitim-Verebilir_.png","articleSection":["Bas\u0131n Odas\u0131"],"inLanguage":"en-US","potentialAction":[{"@type":"CommentAction","name":"Comment","target":["https:\/\/wp1.sedaozcan.net.tr\/ilaclar-ve-asilar-gercekten-otizmin-nedeni-olabilir-mi\/#respond"]}]},{"@type":"WebPage","@id":"https:\/\/wp1.sedaozcan.net.tr\/ilaclar-ve-asilar-gercekten-otizmin-nedeni-olabilir-mi\/","url":"https:\/\/wp1.sedaozcan.net.tr\/ilaclar-ve-asilar-gercekten-otizmin-nedeni-olabilir-mi\/","name":"\u0130la\u00e7lar ve a\u015f\u0131lar ger\u00e7ekten otizmin nedeni olabilir mi? - Tohum Otizm Vakf\u0131 | Otizmin Tek \u00c7aresi E\u011fitim","isPartOf":{"@id":"https:\/\/wp1.sedaozcan.net.tr\/#website"},"primaryImageOfPage":{"@id":"https:\/\/wp1.sedaozcan.net.tr\/ilaclar-ve-asilar-gercekten-otizmin-nedeni-olabilir-mi\/#primaryimage"},"image":{"@id":"https:\/\/wp1.sedaozcan.net.tr\/ilaclar-ve-asilar-gercekten-otizmin-nedeni-olabilir-mi\/#primaryimage"},"thumbnailUrl":"https:\/\/wp1.sedaozcan.net.tr\/wp-content\/uploads\/2022\/12\/Kimler-Otizmli-Bireylere-Egitim-Verebilir_.png","datePublished":"2022-12-25T03:08:57+00:00","dateModified":"2026-08-06T11:04:45+00:00","author":{"@id":"https:\/\/wp1.sedaozcan.net.tr\/#\/schema\/person\/c2ea4120b58c7afcac902ba998b1091c"},"breadcrumb":{"@id":"https:\/\/wp1.sedaozcan.net.tr\/ilaclar-ve-asilar-gercekten-otizmin-nedeni-olabilir-mi\/#breadcrumb"},"inLanguage":"en-US","potentialAction":[{"@type":"ReadAction","target":["https:\/\/wp1.sedaozcan.net.tr\/ilaclar-ve-asilar-gercekten-otizmin-nedeni-olabilir-mi\/"]}]},{"@type":"ImageObject","inLanguage":"en-US","@id":"https:\/\/wp1.sedaozcan.net.tr\/ilaclar-ve-asilar-gercekten-otizmin-nedeni-olabilir-mi\/#primaryimage","url":"https:\/\/wp1.sedaozcan.net.tr\/wp-content\/uploads\/2022\/12\/Kimler-Otizmli-Bireylere-Egitim-Verebilir_.png","contentUrl":"https:\/\/wp1.sedaozcan.net.tr\/wp-content\/uploads\/2022\/12\/Kimler-Otizmli-Bireylere-Egitim-Verebilir_.png","width":942,"height":1024},{"@type":"BreadcrumbList","@id":"https:\/\/wp1.sedaozcan.net.tr\/ilaclar-ve-asilar-gercekten-otizmin-nedeni-olabilir-mi\/#breadcrumb","itemListElement":[{"@type":"ListItem","position":1,"name":"Home","item":"https:\/\/wp1.sedaozcan.net.tr\/"},{"@type":"ListItem","position":2,"name":"\u0130la\u00e7lar ve a\u015f\u0131lar ger\u00e7ekten otizmin nedeni olabilir mi?"}]},{"@type":"WebSite","@id":"https:\/\/wp1.sedaozcan.net.tr\/#website","url":"https:\/\/wp1.sedaozcan.net.tr\/","name":"Tohum Autism Foundation | The Only Remedy for Autism is Education","description":"","potentialAction":[{"@type":"SearchAction","target":{"@type":"EntryPoint","urlTemplate":"https:\/\/wp1.sedaozcan.net.tr\/?s={search_term_string}"},"query-input":{"@type":"PropertyValueSpecification","valueRequired":true,"valueName":"search_term_string"}}],"inLanguage":"en-US"},{"@type":"Person","@id":"https:\/\/wp1.sedaozcan.net.tr\/#\/schema\/person\/c2ea4120b58c7afcac902ba998b1091c","name":"Tohum Otizm","image":{"@type":"ImageObject","inLanguage":"en-US","@id":"https:\/\/secure.gravatar.com\/avatar\/99d08cded734486eef59dabce25065a85303e18d81311c4f5f2bbd3fed82f816?s=96&d=mm&r=g","url":"https:\/\/secure.gravatar.com\/avatar\/99d08cded734486eef59dabce25065a85303e18d81311c4f5f2bbd3fed82f816?s=96&d=mm&r=g","contentUrl":"https:\/\/secure.gravatar.com\/avatar\/99d08cded734486eef59dabce25065a85303e18d81311c4f5f2bbd3fed82f816?s=96&d=mm&r=g","caption":"Tohum Otizm"},"sameAs":["https:\/\/wp1.sedaozcan.net.tr"],"url":"https:\/\/wp1.sedaozcan.net.tr\/en\/author\/admin_3ewju0jt\/"},{"@type":"ImageObject","inLanguage":"en-US","@id":"https:\/\/wp1.sedaozcan.net.tr\/ilaclar-ve-asilar-gercekten-otizmin-nedeni-olabilir-mi\/#local-main-organization-logo","url":"","contentUrl":"","caption":"Tohum Otizm Vakf\u0131 | Otizmin Tek \u00c7aresi E\u011fitim"}]}},"_links":{"self":[{"href":"https:\/\/wp1.sedaozcan.net.tr\/en\/wp-json\/wp\/v2\/posts\/992","targetHints":{"allow":["GET"]}}],"collection":[{"href":"https:\/\/wp1.sedaozcan.net.tr\/en\/wp-json\/wp\/v2\/posts"}],"about":[{"href":"https:\/\/wp1.sedaozcan.net.tr\/en\/wp-json\/wp\/v2\/types\/post"}],"author":[{"embeddable":true,"href":"https:\/\/wp1.sedaozcan.net.tr\/en\/wp-json\/wp\/v2\/users\/1"}],"replies":[{"embeddable":true,"href":"https:\/\/wp1.sedaozcan.net.tr\/en\/wp-json\/wp\/v2\/comments?post=992"}],"version-history":[{"count":3,"href":"https:\/\/wp1.sedaozcan.net.tr\/en\/wp-json\/wp\/v2\/posts\/992\/revisions"}],"predecessor-version":[{"id":9597,"href":"https:\/\/wp1.sedaozcan.net.tr\/en\/wp-json\/wp\/v2\/posts\/992\/revisions\/9597"}],"wp:featuredmedia":[{"embeddable":true,"href":"https:\/\/wp1.sedaozcan.net.tr\/en\/wp-json\/wp\/v2\/media\/8215"}],"wp:attachment":[{"href":"https:\/\/wp1.sedaozcan.net.tr\/en\/wp-json\/wp\/v2\/media?parent=992"}],"wp:term":[{"taxonomy":"category","embeddable":true,"href":"https:\/\/wp1.sedaozcan.net.tr\/en\/wp-json\/wp\/v2\/categories?post=992"},{"taxonomy":"post_tag","embeddable":true,"href":"https:\/\/wp1.sedaozcan.net.tr\/en\/wp-json\/wp\/v2\/tags?post=992"}],"curies":[{"name":"wp","href":"https:\/\/api.w.org\/{rel}","templated":true}]}}