{"id":9548,"date":"2026-05-09T07:40:00","date_gmt":"2026-05-09T05:40:00","guid":{"rendered":"https:\/\/wp1.sedaozcan.net.tr\/?p=9548"},"modified":"2026-08-15T12:35:08","modified_gmt":"2026-08-15T10:35:08","slug":"is-yerinde-kapsayicilik-otizmli-bireyler-ve-istihdam","status":"publish","type":"post","link":"https:\/\/wp1.sedaozcan.net.tr\/en\/is-yerinde-kapsayicilik-otizmli-bireyler-ve-istihdam\/","title":{"rendered":"\u0130\u015f Yerinde Kapsay\u0131c\u0131l\u0131k: Otizmli Bireyler ve \u0130stihdam!"},"content":{"rendered":"<p class=\"wp-block-paragraph\">\u0130\u015f yerinde kapsay\u0131c\u0131l\u0131k, yaln\u0131zca farkl\u0131 bireylerin ayn\u0131 ortamda bulunmas\u0131 de\u011fil; herkesin kendi ihtiya\u00e7lar\u0131 g\u00f6zetilerek \u00fcretken, g\u00fcvende ve de\u011ferli hissederek \u00e7al\u0131\u015fabilmesini ifade eder. Otizmli bireylerin istihdama kat\u0131l\u0131m\u0131 da kapsay\u0131c\u0131 i\u015f ya\u015fam\u0131n\u0131n \u00f6nemli g\u00f6stergelerinden biridir.<\/p>\n\n\n\n<p class=\"wp-block-paragraph\">Otizm, erken \u00e7ocukluk d\u00f6neminde fark edilen n\u00f6rogeli\u015fimsel bir farkl\u0131l\u0131kt\u0131r ve bireyler aras\u0131nda \u00e7ok geni\u015f bir \u00e7e\u015fitlilik g\u00f6sterir. \u0130leti\u015fim kurma, sosyal etkile\u015fim, rutinlere ba\u011fl\u0131l\u0131k ve duyusal hassasiyetler gibi alanlarda farkl\u0131 \u00f6zelliklerle kendini g\u00f6sterebilir. Bu \u00e7e\u015fitlilik nedeniyle baz\u0131 otizmli bireyler yo\u011fun deste\u011fe ihtiya\u00e7 duyarken, baz\u0131lar\u0131 ba\u011f\u0131ms\u0131z bi\u00e7imde e\u011fitim alabilir ve \u00e7al\u0131\u015fma hayat\u0131nda aktif rol \u00fcstlenebilir.<\/p>\n\n\n\n<p class=\"wp-block-paragraph\">Otizmli bireylerin i\u015f ya\u015fam\u0131nda yer al\u0131p alamayaca\u011f\u0131 sorusu s\u0131kl\u0131kla g\u00fcndeme gelir. Oysa yan\u0131t nettir: Evet, otizmli bireyler i\u015f ya\u015fam\u0131nda yer alabilir ve bir\u00e7ok alanda g\u00fc\u00e7l\u00fc katk\u0131lar sunabilir. Rutinlere ba\u011fl\u0131l\u0131k, detaylara dikkat, belirli alanlara yo\u011fun odaklanma ve tekrar gerektiren i\u015flerde y\u00fcksek motivasyon gibi \u00f6zellikler, pek \u00e7ok i\u015f i\u00e7in \u00f6nemli avantajlar sa\u011flar. Bu nedenle otizmli bireyler, do\u011fru e\u015fle\u015ftirme ve destekle hem mavi yaka hem de beyaz yaka pozisyonlarda ba\u015far\u0131l\u0131 olabilir. D\u00fcnyada ve T\u00fcrkiye\u2019de pek \u00e7ok \u00f6rnek, otizmli bireylerin paketleme, veri giri\u015fi, kalite kontrol, yaz\u0131l\u0131m, ar\u015fivleme ve lojistik gibi alanlarda y\u00fcksek verimlilikle \u00e7al\u0131\u015fabildi\u011fini g\u00f6stermektedir. \u00d6zellikle ilgi duyduklar\u0131 alanlarda \u00e7al\u0131\u015ft\u0131klar\u0131nda motivasyonlar\u0131n\u0131n ve i\u015fte kal\u0131c\u0131l\u0131klar\u0131n\u0131n artt\u0131\u011f\u0131 g\u00f6zlemlenmektedir. Bununla birlikte, i\u015fte ba\u015far\u0131 yaln\u0131zca bireyin \u00f6zelliklerine de\u011fil; i\u015fin nas\u0131l \u00f6\u011fretildi\u011fine ve \u00e7al\u0131\u015fma ortam\u0131n\u0131n nas\u0131l d\u00fczenlendi\u011fine de do\u011frudan ba\u011fl\u0131d\u0131r.<\/p>\n\n\n\n<p class=\"wp-block-paragraph\">Otizmli bireylerin s\u00f6zel ileti\u015fim becerilerinde zorlanabilece\u011fi g\u00f6z \u00f6n\u00fcnde bulundurularak, i\u015f tan\u0131mlar\u0131n\u0131n net, g\u00f6rsel olarak desteklenmi\u015f ve yap\u0131land\u0131r\u0131lm\u0131\u015f olmas\u0131 b\u00fcy\u00fck \u00f6nem ta\u015f\u0131r. G\u00f6rsel i\u015f ak\u0131\u015flar\u0131, yaz\u0131l\u0131 ve resimli yap\u0131lacaklar listeleri, net zaman planlar\u0131 ve \u00f6ng\u00f6r\u00fclebilir rutinler i\u015f uyumunu kolayla\u015ft\u0131r\u0131r. Ayr\u0131ca g\u00fcr\u00fclt\u00fc, \u0131\u015f\u0131k ve kalabal\u0131k gibi duyusal uyaranlar\u0131n d\u00fczenlenmesi; gerekirse kulakl\u0131k kullan\u0131m\u0131 veya daha sakin \u00e7al\u0131\u015fma alanlar\u0131n\u0131n sa\u011flanmas\u0131 kapsay\u0131c\u0131 d\u00fczenlemeler aras\u0131nda yer al\u0131r.<\/p>\n\n\n\n<p class=\"wp-block-paragraph\">Kapsay\u0131c\u0131 istihdam\u0131n \u00f6nemli bile\u015fenlerinden biri de i\u015f ko\u00e7u deste\u011fidir. \u0130\u015f ko\u00e7lar\u0131, otizmli bireyin i\u015fe uyum s\u00fcrecini desteklerken ayn\u0131 zamanda i\u015fveren ve ekip i\u00e7in de k\u00f6pr\u00fc g\u00f6revi g\u00f6r\u00fcr. Bu destek, hem bireyin i\u015fte kal\u0131c\u0131l\u0131\u011f\u0131n\u0131 art\u0131r\u0131r hem de i\u015f yerindeki yanl\u0131\u015f anla\u015f\u0131lmalar\u0131n \u00f6n\u00fcne ge\u00e7er.<\/p>\n\n\n\n<p class=\"wp-block-paragraph\">Bug\u00fcn bir\u00e7ok kurum s\u00fcrd\u00fcr\u00fclebilirlik ve sosyal sorumluluk politikalar\u0131 kapsam\u0131nda kapsay\u0131c\u0131 istihdam modellerini g\u00fcndemine almaktad\u0131r. Otizmli bireylerin i\u015f ya\u015fam\u0131na kat\u0131l\u0131m\u0131n\u0131 destekleyen uygulamalar, yaln\u0131zca bireyler i\u00e7in de\u011fil; kurum k\u00fclt\u00fcr\u00fc, ekip uyumu ve toplumsal etki a\u00e7\u0131s\u0131ndan da \u00f6nemli kazan\u0131mlar sa\u011flar. Kapsay\u0131c\u0131 i\u015f yerleri, farkl\u0131l\u0131klar\u0131n bir y\u00fck de\u011fil, bir de\u011fer oldu\u011funu kabul eden i\u015f yerleridir. Otizmli bireylerin i\u015f ya\u015fam\u0131nda yer alabilmesi, fark\u0131ndal\u0131kla ba\u015flayan ancak somut d\u00fczenlemeler ve s\u00fcrd\u00fcr\u00fclebilir desteklerle g\u00fc\u00e7lenen bir kapsay\u0131c\u0131l\u0131k anlay\u0131\u015f\u0131yla m\u00fcmk\u00fcnd\u00fcr. Ger\u00e7ek kapsay\u0131c\u0131l\u0131k, herkes i\u00e7in \u00e7al\u0131\u015f\u0131labilir, eri\u015filebilir ve adil i\u015f ortamlar\u0131 yaratmakla hayata ge\u00e7er.<\/p>\n\n\n\n<p class=\"wp-block-paragraph\"><strong>Haz\u0131rlayan: Dr. Nursinem \u015eirin<\/strong><\/p>\n\n\n\n<p class=\"wp-block-paragraph\"><strong>E\u011fitim AR-GE ve Projeler Direkt\u00f6r\u00fc<\/strong><\/p>\n\n\n\n<p class=\"wp-block-paragraph\"><\/p>","protected":false},"excerpt":{"rendered":"<p>\u0130\u015f yerinde kapsay\u0131c\u0131l\u0131k, yaln\u0131zca farkl\u0131 bireylerin ayn\u0131 ortamda bulunmas\u0131 de\u011fil; herkesin kendi ihtiya\u00e7lar\u0131 g\u00f6zetilerek \u00fcretken, g\u00fcvende ve de\u011ferli hissederek \u00e7al\u0131\u015fabilmesini ifade eder. Otizmli bireylerin istihdama kat\u0131l\u0131m\u0131 da kapsay\u0131c\u0131 i\u015f ya\u015fam\u0131n\u0131n \u00f6nemli g\u00f6stergelerinden biridir.<\/p>","protected":false},"author":1,"featured_media":9545,"comment_status":"closed","ping_status":"closed","sticky":false,"template":"","format":"standard","meta":{"footnotes":""},"categories":[68],"tags":[],"class_list":["post-9548","post","type-post","status-publish","format-standard","has-post-thumbnail","hentry","category-blog"],"yoast_head":"<!-- This site is optimized with the Yoast SEO Premium plugin v28.3 (Yoast SEO v28.3) - https:\/\/yoast.com\/product\/yoast-seo-premium-wordpress\/ -->\n<title>\u0130\u015f Yerinde Kapsay\u0131c\u0131l\u0131k: Otizmli Bireyler ve \u0130stihdam! - Tohum Otizm Vakf\u0131 | Otizmin Tek \u00c7aresi E\u011fitim<\/title>\n<meta name=\"robots\" content=\"index, follow, max-snippet:-1, max-image-preview:large, max-video-preview:-1\" \/>\n<link rel=\"canonical\" href=\"https:\/\/wp1.sedaozcan.net.tr\/en\/is-yerinde-kapsayicilik-otizmli-bireyler-ve-istihdam\/\" \/>\n<meta property=\"og:locale\" content=\"en_US\" \/>\n<meta property=\"og:type\" content=\"article\" \/>\n<meta property=\"og:title\" content=\"\u0130\u015f Yerinde Kapsay\u0131c\u0131l\u0131k: Otizmli Bireyler ve \u0130stihdam!\" \/>\n<meta property=\"og:description\" content=\"\u0130\u015f yerinde kapsay\u0131c\u0131l\u0131k, yaln\u0131zca farkl\u0131 bireylerin ayn\u0131 ortamda bulunmas\u0131 de\u011fil; herkesin kendi ihtiya\u00e7lar\u0131 g\u00f6zetilerek \u00fcretken, g\u00fcvende ve de\u011ferli hissederek \u00e7al\u0131\u015fabilmesini ifade eder. Otizmli bireylerin istihdama kat\u0131l\u0131m\u0131 da kapsay\u0131c\u0131 i\u015f ya\u015fam\u0131n\u0131n \u00f6nemli g\u00f6stergelerinden biridir.\" \/>\n<meta property=\"og:url\" content=\"https:\/\/wp1.sedaozcan.net.tr\/en\/is-yerinde-kapsayicilik-otizmli-bireyler-ve-istihdam\/\" \/>\n<meta property=\"og:site_name\" content=\"Tohum Otizm Vakf\u0131 | Otizmin Tek \u00c7aresi E\u011fitim\" \/>\n<meta property=\"article:published_time\" content=\"2026-05-09T05:40:00+00:00\" \/>\n<meta property=\"article:modified_time\" content=\"2026-08-15T10:35:08+00:00\" \/>\n<meta property=\"og:image\" content=\"https:\/\/wp1.sedaozcan.net.tr\/wp-content\/uploads\/2026\/08\/iis-yerinde-kapsayicilik.jpg\" \/>\n\t<meta property=\"og:image:width\" content=\"1134\" \/>\n\t<meta property=\"og:image:height\" content=\"768\" \/>\n\t<meta property=\"og:image:type\" content=\"image\/jpeg\" \/>\n<meta name=\"author\" content=\"Tohum Otizm\" \/>\n<meta name=\"twitter:card\" content=\"summary_large_image\" \/>\n<meta name=\"twitter:label1\" content=\"Written by\" \/>\n\t<meta name=\"twitter:data1\" content=\"Tohum Otizm\" \/>\n\t<meta name=\"twitter:label2\" content=\"Est. reading time\" \/>\n\t<meta name=\"twitter:data2\" content=\"3 minutes\" \/>\n<script type=\"application\/ld+json\" class=\"yoast-schema-graph\">{\"@context\":\"https:\\\/\\\/schema.org\",\"@graph\":[{\"@type\":\"Article\",\"@id\":\"https:\\\/\\\/wp1.sedaozcan.net.tr\\\/is-yerinde-kapsayicilik-otizmli-bireyler-ve-istihdam\\\/#article\",\"isPartOf\":{\"@id\":\"https:\\\/\\\/wp1.sedaozcan.net.tr\\\/is-yerinde-kapsayicilik-otizmli-bireyler-ve-istihdam\\\/\"},\"author\":{\"name\":\"Tohum Otizm\",\"@id\":\"https:\\\/\\\/wp1.sedaozcan.net.tr\\\/#\\\/schema\\\/person\\\/c2ea4120b58c7afcac902ba998b1091c\"},\"headline\":\"\u0130\u015f Yerinde Kapsay\u0131c\u0131l\u0131k: Otizmli Bireyler ve \u0130stihdam!\",\"datePublished\":\"2026-05-09T05:40:00+00:00\",\"dateModified\":\"2026-08-15T10:35:08+00:00\",\"mainEntityOfPage\":{\"@id\":\"https:\\\/\\\/wp1.sedaozcan.net.tr\\\/is-yerinde-kapsayicilik-otizmli-bireyler-ve-istihdam\\\/\"},\"wordCount\":639,\"image\":{\"@id\":\"https:\\\/\\\/wp1.sedaozcan.net.tr\\\/is-yerinde-kapsayicilik-otizmli-bireyler-ve-istihdam\\\/#primaryimage\"},\"thumbnailUrl\":\"https:\\\/\\\/wp1.sedaozcan.net.tr\\\/wp-content\\\/uploads\\\/2026\\\/08\\\/iis-yerinde-kapsayicilik.jpg\",\"articleSection\":[\"Blog\"],\"inLanguage\":\"en-US\"},{\"@type\":\"WebPage\",\"@id\":\"https:\\\/\\\/wp1.sedaozcan.net.tr\\\/is-yerinde-kapsayicilik-otizmli-bireyler-ve-istihdam\\\/\",\"url\":\"https:\\\/\\\/wp1.sedaozcan.net.tr\\\/is-yerinde-kapsayicilik-otizmli-bireyler-ve-istihdam\\\/\",\"name\":\"\u0130\u015f Yerinde Kapsay\u0131c\u0131l\u0131k: Otizmli Bireyler ve \u0130stihdam! - Tohum Otizm Vakf\u0131 | Otizmin Tek \u00c7aresi E\u011fitim\",\"isPartOf\":{\"@id\":\"https:\\\/\\\/wp1.sedaozcan.net.tr\\\/#website\"},\"primaryImageOfPage\":{\"@id\":\"https:\\\/\\\/wp1.sedaozcan.net.tr\\\/is-yerinde-kapsayicilik-otizmli-bireyler-ve-istihdam\\\/#primaryimage\"},\"image\":{\"@id\":\"https:\\\/\\\/wp1.sedaozcan.net.tr\\\/is-yerinde-kapsayicilik-otizmli-bireyler-ve-istihdam\\\/#primaryimage\"},\"thumbnailUrl\":\"https:\\\/\\\/wp1.sedaozcan.net.tr\\\/wp-content\\\/uploads\\\/2026\\\/08\\\/iis-yerinde-kapsayicilik.jpg\",\"datePublished\":\"2026-05-09T05:40:00+00:00\",\"dateModified\":\"2026-08-15T10:35:08+00:00\",\"author\":{\"@id\":\"https:\\\/\\\/wp1.sedaozcan.net.tr\\\/#\\\/schema\\\/person\\\/c2ea4120b58c7afcac902ba998b1091c\"},\"breadcrumb\":{\"@id\":\"https:\\\/\\\/wp1.sedaozcan.net.tr\\\/is-yerinde-kapsayicilik-otizmli-bireyler-ve-istihdam\\\/#breadcrumb\"},\"inLanguage\":\"en-US\",\"potentialAction\":[{\"@type\":\"ReadAction\",\"target\":[\"https:\\\/\\\/wp1.sedaozcan.net.tr\\\/is-yerinde-kapsayicilik-otizmli-bireyler-ve-istihdam\\\/\"]}]},{\"@type\":\"ImageObject\",\"inLanguage\":\"en-US\",\"@id\":\"https:\\\/\\\/wp1.sedaozcan.net.tr\\\/is-yerinde-kapsayicilik-otizmli-bireyler-ve-istihdam\\\/#primaryimage\",\"url\":\"https:\\\/\\\/wp1.sedaozcan.net.tr\\\/wp-content\\\/uploads\\\/2026\\\/08\\\/iis-yerinde-kapsayicilik.jpg\",\"contentUrl\":\"https:\\\/\\\/wp1.sedaozcan.net.tr\\\/wp-content\\\/uploads\\\/2026\\\/08\\\/iis-yerinde-kapsayicilik.jpg\",\"width\":1134,\"height\":768},{\"@type\":\"BreadcrumbList\",\"@id\":\"https:\\\/\\\/wp1.sedaozcan.net.tr\\\/is-yerinde-kapsayicilik-otizmli-bireyler-ve-istihdam\\\/#breadcrumb\",\"itemListElement\":[{\"@type\":\"ListItem\",\"position\":1,\"name\":\"Home\",\"item\":\"https:\\\/\\\/wp1.sedaozcan.net.tr\\\/\"},{\"@type\":\"ListItem\",\"position\":2,\"name\":\"\u0130\u015f Yerinde Kapsay\u0131c\u0131l\u0131k: Otizmli Bireyler ve \u0130stihdam!\"}]},{\"@type\":\"WebSite\",\"@id\":\"https:\\\/\\\/wp1.sedaozcan.net.tr\\\/#website\",\"url\":\"https:\\\/\\\/wp1.sedaozcan.net.tr\\\/\",\"name\":\"Tohum Otizm Vakf\u0131 | Otizmin Tek \u00c7aresi E\u011fitim\",\"description\":\"\",\"potentialAction\":[{\"@type\":\"SearchAction\",\"target\":{\"@type\":\"EntryPoint\",\"urlTemplate\":\"https:\\\/\\\/wp1.sedaozcan.net.tr\\\/?s={search_term_string}\"},\"query-input\":{\"@type\":\"PropertyValueSpecification\",\"valueRequired\":true,\"valueName\":\"search_term_string\"}}],\"inLanguage\":\"en-US\"},{\"@type\":\"Person\",\"@id\":\"https:\\\/\\\/wp1.sedaozcan.net.tr\\\/#\\\/schema\\\/person\\\/c2ea4120b58c7afcac902ba998b1091c\",\"name\":\"Tohum Otizm\",\"image\":{\"@type\":\"ImageObject\",\"inLanguage\":\"en-US\",\"@id\":\"https:\\\/\\\/secure.gravatar.com\\\/avatar\\\/99d08cded734486eef59dabce25065a85303e18d81311c4f5f2bbd3fed82f816?s=96&d=mm&r=g\",\"url\":\"https:\\\/\\\/secure.gravatar.com\\\/avatar\\\/99d08cded734486eef59dabce25065a85303e18d81311c4f5f2bbd3fed82f816?s=96&d=mm&r=g\",\"contentUrl\":\"https:\\\/\\\/secure.gravatar.com\\\/avatar\\\/99d08cded734486eef59dabce25065a85303e18d81311c4f5f2bbd3fed82f816?s=96&d=mm&r=g\",\"caption\":\"Tohum Otizm\"},\"sameAs\":[\"https:\\\/\\\/wp1.sedaozcan.net.tr\"],\"url\":\"https:\\\/\\\/wp1.sedaozcan.net.tr\\\/en\\\/author\\\/admin_3ewju0jt\\\/\"},{\"@type\":\"ImageObject\",\"inLanguage\":\"en-US\",\"@id\":\"https:\\\/\\\/wp1.sedaozcan.net.tr\\\/is-yerinde-kapsayicilik-otizmli-bireyler-ve-istihdam\\\/#local-main-organization-logo\",\"url\":\"\",\"contentUrl\":\"\",\"caption\":\"Tohum Otizm Vakf\u0131 | Otizmin Tek \u00c7aresi E\u011fitim\"}]}<\/script>\n<!-- \/ Yoast SEO Premium plugin. -->","yoast_head_json":{"title":"\u0130\u015f Yerinde Kapsay\u0131c\u0131l\u0131k: Otizmli Bireyler ve \u0130stihdam! - Tohum Otizm Vakf\u0131 | Otizmin Tek \u00c7aresi E\u011fitim","robots":{"index":"index","follow":"follow","max-snippet":"max-snippet:-1","max-image-preview":"max-image-preview:large","max-video-preview":"max-video-preview:-1"},"canonical":"https:\/\/wp1.sedaozcan.net.tr\/en\/is-yerinde-kapsayicilik-otizmli-bireyler-ve-istihdam\/","og_locale":"en_US","og_type":"article","og_title":"\u0130\u015f Yerinde Kapsay\u0131c\u0131l\u0131k: Otizmli Bireyler ve \u0130stihdam!","og_description":"\u0130\u015f yerinde kapsay\u0131c\u0131l\u0131k, yaln\u0131zca farkl\u0131 bireylerin ayn\u0131 ortamda bulunmas\u0131 de\u011fil; herkesin kendi ihtiya\u00e7lar\u0131 g\u00f6zetilerek \u00fcretken, g\u00fcvende ve de\u011ferli hissederek \u00e7al\u0131\u015fabilmesini ifade eder. Otizmli bireylerin istihdama kat\u0131l\u0131m\u0131 da kapsay\u0131c\u0131 i\u015f ya\u015fam\u0131n\u0131n \u00f6nemli g\u00f6stergelerinden biridir.","og_url":"https:\/\/wp1.sedaozcan.net.tr\/en\/is-yerinde-kapsayicilik-otizmli-bireyler-ve-istihdam\/","og_site_name":"Tohum Otizm Vakf\u0131 | Otizmin Tek \u00c7aresi E\u011fitim","article_published_time":"2026-05-09T05:40:00+00:00","article_modified_time":"2026-08-15T10:35:08+00:00","og_image":[{"width":1134,"height":768,"url":"https:\/\/wp1.sedaozcan.net.tr\/wp-content\/uploads\/2026\/08\/iis-yerinde-kapsayicilik.jpg","type":"image\/jpeg"}],"author":"Tohum Otizm","twitter_card":"summary_large_image","twitter_misc":{"Written by":"Tohum Otizm","Est. reading time":"3 minutes"},"schema":{"@context":"https:\/\/schema.org","@graph":[{"@type":"Article","@id":"https:\/\/wp1.sedaozcan.net.tr\/is-yerinde-kapsayicilik-otizmli-bireyler-ve-istihdam\/#article","isPartOf":{"@id":"https:\/\/wp1.sedaozcan.net.tr\/is-yerinde-kapsayicilik-otizmli-bireyler-ve-istihdam\/"},"author":{"name":"Tohum Otizm","@id":"https:\/\/wp1.sedaozcan.net.tr\/#\/schema\/person\/c2ea4120b58c7afcac902ba998b1091c"},"headline":"\u0130\u015f Yerinde Kapsay\u0131c\u0131l\u0131k: Otizmli Bireyler ve \u0130stihdam!","datePublished":"2026-05-09T05:40:00+00:00","dateModified":"2026-08-15T10:35:08+00:00","mainEntityOfPage":{"@id":"https:\/\/wp1.sedaozcan.net.tr\/is-yerinde-kapsayicilik-otizmli-bireyler-ve-istihdam\/"},"wordCount":639,"image":{"@id":"https:\/\/wp1.sedaozcan.net.tr\/is-yerinde-kapsayicilik-otizmli-bireyler-ve-istihdam\/#primaryimage"},"thumbnailUrl":"https:\/\/wp1.sedaozcan.net.tr\/wp-content\/uploads\/2026\/08\/iis-yerinde-kapsayicilik.jpg","articleSection":["Blog"],"inLanguage":"en-US"},{"@type":"WebPage","@id":"https:\/\/wp1.sedaozcan.net.tr\/is-yerinde-kapsayicilik-otizmli-bireyler-ve-istihdam\/","url":"https:\/\/wp1.sedaozcan.net.tr\/is-yerinde-kapsayicilik-otizmli-bireyler-ve-istihdam\/","name":"\u0130\u015f Yerinde Kapsay\u0131c\u0131l\u0131k: Otizmli Bireyler ve \u0130stihdam! - Tohum Otizm Vakf\u0131 | Otizmin Tek \u00c7aresi E\u011fitim","isPartOf":{"@id":"https:\/\/wp1.sedaozcan.net.tr\/#website"},"primaryImageOfPage":{"@id":"https:\/\/wp1.sedaozcan.net.tr\/is-yerinde-kapsayicilik-otizmli-bireyler-ve-istihdam\/#primaryimage"},"image":{"@id":"https:\/\/wp1.sedaozcan.net.tr\/is-yerinde-kapsayicilik-otizmli-bireyler-ve-istihdam\/#primaryimage"},"thumbnailUrl":"https:\/\/wp1.sedaozcan.net.tr\/wp-content\/uploads\/2026\/08\/iis-yerinde-kapsayicilik.jpg","datePublished":"2026-05-09T05:40:00+00:00","dateModified":"2026-08-15T10:35:08+00:00","author":{"@id":"https:\/\/wp1.sedaozcan.net.tr\/#\/schema\/person\/c2ea4120b58c7afcac902ba998b1091c"},"breadcrumb":{"@id":"https:\/\/wp1.sedaozcan.net.tr\/is-yerinde-kapsayicilik-otizmli-bireyler-ve-istihdam\/#breadcrumb"},"inLanguage":"en-US","potentialAction":[{"@type":"ReadAction","target":["https:\/\/wp1.sedaozcan.net.tr\/is-yerinde-kapsayicilik-otizmli-bireyler-ve-istihdam\/"]}]},{"@type":"ImageObject","inLanguage":"en-US","@id":"https:\/\/wp1.sedaozcan.net.tr\/is-yerinde-kapsayicilik-otizmli-bireyler-ve-istihdam\/#primaryimage","url":"https:\/\/wp1.sedaozcan.net.tr\/wp-content\/uploads\/2026\/08\/iis-yerinde-kapsayicilik.jpg","contentUrl":"https:\/\/wp1.sedaozcan.net.tr\/wp-content\/uploads\/2026\/08\/iis-yerinde-kapsayicilik.jpg","width":1134,"height":768},{"@type":"BreadcrumbList","@id":"https:\/\/wp1.sedaozcan.net.tr\/is-yerinde-kapsayicilik-otizmli-bireyler-ve-istihdam\/#breadcrumb","itemListElement":[{"@type":"ListItem","position":1,"name":"Home","item":"https:\/\/wp1.sedaozcan.net.tr\/"},{"@type":"ListItem","position":2,"name":"\u0130\u015f Yerinde Kapsay\u0131c\u0131l\u0131k: Otizmli Bireyler ve \u0130stihdam!"}]},{"@type":"WebSite","@id":"https:\/\/wp1.sedaozcan.net.tr\/#website","url":"https:\/\/wp1.sedaozcan.net.tr\/","name":"Tohum Autism Foundation | The Only Remedy for Autism is Education","description":"","potentialAction":[{"@type":"SearchAction","target":{"@type":"EntryPoint","urlTemplate":"https:\/\/wp1.sedaozcan.net.tr\/?s={search_term_string}"},"query-input":{"@type":"PropertyValueSpecification","valueRequired":true,"valueName":"search_term_string"}}],"inLanguage":"en-US"},{"@type":"Person","@id":"https:\/\/wp1.sedaozcan.net.tr\/#\/schema\/person\/c2ea4120b58c7afcac902ba998b1091c","name":"Tohum Otizm","image":{"@type":"ImageObject","inLanguage":"en-US","@id":"https:\/\/secure.gravatar.com\/avatar\/99d08cded734486eef59dabce25065a85303e18d81311c4f5f2bbd3fed82f816?s=96&d=mm&r=g","url":"https:\/\/secure.gravatar.com\/avatar\/99d08cded734486eef59dabce25065a85303e18d81311c4f5f2bbd3fed82f816?s=96&d=mm&r=g","contentUrl":"https:\/\/secure.gravatar.com\/avatar\/99d08cded734486eef59dabce25065a85303e18d81311c4f5f2bbd3fed82f816?s=96&d=mm&r=g","caption":"Tohum Otizm"},"sameAs":["https:\/\/wp1.sedaozcan.net.tr"],"url":"https:\/\/wp1.sedaozcan.net.tr\/en\/author\/admin_3ewju0jt\/"},{"@type":"ImageObject","inLanguage":"en-US","@id":"https:\/\/wp1.sedaozcan.net.tr\/is-yerinde-kapsayicilik-otizmli-bireyler-ve-istihdam\/#local-main-organization-logo","url":"","contentUrl":"","caption":"Tohum Otizm Vakf\u0131 | Otizmin Tek \u00c7aresi E\u011fitim"}]}},"_links":{"self":[{"href":"https:\/\/wp1.sedaozcan.net.tr\/en\/wp-json\/wp\/v2\/posts\/9548","targetHints":{"allow":["GET"]}}],"collection":[{"href":"https:\/\/wp1.sedaozcan.net.tr\/en\/wp-json\/wp\/v2\/posts"}],"about":[{"href":"https:\/\/wp1.sedaozcan.net.tr\/en\/wp-json\/wp\/v2\/types\/post"}],"author":[{"embeddable":true,"href":"https:\/\/wp1.sedaozcan.net.tr\/en\/wp-json\/wp\/v2\/users\/1"}],"replies":[{"embeddable":true,"href":"https:\/\/wp1.sedaozcan.net.tr\/en\/wp-json\/wp\/v2\/comments?post=9548"}],"version-history":[{"count":2,"href":"https:\/\/wp1.sedaozcan.net.tr\/en\/wp-json\/wp\/v2\/posts\/9548\/revisions"}],"predecessor-version":[{"id":9596,"href":"https:\/\/wp1.sedaozcan.net.tr\/en\/wp-json\/wp\/v2\/posts\/9548\/revisions\/9596"}],"wp:featuredmedia":[{"embeddable":true,"href":"https:\/\/wp1.sedaozcan.net.tr\/en\/wp-json\/wp\/v2\/media\/9545"}],"wp:attachment":[{"href":"https:\/\/wp1.sedaozcan.net.tr\/en\/wp-json\/wp\/v2\/media?parent=9548"}],"wp:term":[{"taxonomy":"category","embeddable":true,"href":"https:\/\/wp1.sedaozcan.net.tr\/en\/wp-json\/wp\/v2\/categories?post=9548"},{"taxonomy":"post_tag","embeddable":true,"href":"https:\/\/wp1.sedaozcan.net.tr\/en\/wp-json\/wp\/v2\/tags?post=9548"}],"curies":[{"name":"wp","href":"https:\/\/api.w.org\/{rel}","templated":true}]}}