{"id":9544,"date":"2026-05-10T07:30:00","date_gmt":"2026-05-10T05:30:00","guid":{"rendered":"https:\/\/wp1.sedaozcan.net.tr\/?p=9544"},"modified":"2026-08-10T19:56:25","modified_gmt":"2026-08-10T17:56:25","slug":"otizmde-farkindalik-yetmez-kapsayicilik-zamani","status":"publish","type":"post","link":"https:\/\/wp1.sedaozcan.net.tr\/en\/otizmde-farkindalik-yetmez-kapsayicilik-zamani\/","title":{"rendered":"Otizmde Fark\u0131ndal\u0131k Yetmez, Kapsay\u0131c\u0131l\u0131k Zaman\u0131!"},"content":{"rendered":"<p class=\"wp-block-paragraph\">Kapsay\u0131c\u0131l\u0131k; bireylerin cinsiyet, etnik k\u00f6ken, engel durumu, t\u0131bbi gereksinimleri ya da geli\u015fim \u00f6zelliklerinden ba\u011f\u0131ms\u0131z olarak topluma e\u015fit, onurlu ve etkin bi\u00e7imde kat\u0131l\u0131m\u0131n\u0131 g\u00fcvence alt\u0131na alan temel bir insan hakk\u0131d\u0131r. Kapsay\u0131c\u0131 bir toplumda bireyler yaln\u0131zca var olabilen de\u011fil, farkl\u0131l\u0131klar\u0131yla birlikte kabul edilen ve toplumsal ya\u015fam\u0131n aktif birer par\u00e7as\u0131 olarak g\u00f6r\u00fclen bireylerdir. Bu yakla\u015f\u0131m\u0131n temel dayanaklar\u0131ndan biri n\u00f6ro\u00e7e\u015fitliliktir. N\u00f6ro\u00e7e\u015fitlilik, insanlar\u0131n beyinlerinin ve sinir sistemlerinin farkl\u0131 bi\u00e7imlerde \u00e7al\u0131\u015fmas\u0131n\u0131n do\u011fal ve insan olman\u0131n bir par\u00e7as\u0131 oldu\u011funu kabul eder. Her bireyin d\u00fc\u015f\u00fcnme, \u00f6\u011frenme, ileti\u015fim kurma ve d\u00fcnyay\u0131 alg\u0131lama bi\u00e7imi kendine \u00f6zg\u00fcd\u00fcr. Ba\u015flang\u0131\u00e7ta daha \u00e7ok otizmle ili\u015fkilendirilen bu kavram, zamanla dikkat eksikli\u011fi ve hiperaktivite bozuklu\u011fu (DEHB), disleksi gibi \u00f6\u011frenme g\u00fc\u00e7l\u00fckleri, Tourette sendromu, sinestezi, duygudurum bozukluklar\u0131 ile y\u00fcksek yarat\u0131c\u0131l\u0131k ve y\u00fcksek bili\u015fsel kapasiteyi de kapsayan \u015femsiye bir kavrama d\u00f6n\u00fc\u015fm\u00fc\u015ft\u00fcr.<\/p>\n\n\n\n<p class=\"wp-block-paragraph\">1990\u2019l\u0131 y\u0131llarda ortaya \u00e7\u0131kan n\u00f6ro\u00e7e\u015fitlilik hareketi, n\u00f6rolojik farkl\u0131l\u0131klar\u0131n toplum taraf\u0131ndan kabul edilmesini ve kapsanmas\u0131n\u0131 savunan bir sosyal adalet yakla\u015f\u0131m\u0131d\u0131r. Sosyal engellilik modeli temelinde, otizmin bir bozukluk de\u011fil; toplumun do\u011fal ve de\u011ferli bir par\u00e7as\u0131 oldu\u011fu vurgulan\u0131r. Bu bak\u0131\u015f a\u00e7\u0131s\u0131, bireyin kendisini de\u011fil, bireyin ihtiya\u00e7lar\u0131n\u0131 g\u00f6zetmeyen \u00e7evresel ve toplumsal d\u00fczenlemeleri sorgular. N\u00f6ro\u00e7e\u015fitlilik yakla\u015f\u0131m\u0131, farkl\u0131l\u0131klar\u0131 birer zenginlik olarak ele al\u0131r ve bireylerin g\u00fc\u00e7l\u00fc y\u00f6nlerine odaklanmay\u0131 te\u015fvik eder.<\/p>\n\n\n\n<p class=\"wp-block-paragraph\">Kapsay\u0131c\u0131l\u0131\u011f\u0131n en \u00f6nemli bile\u015fenlerinden biri <strong>e\u015fitlik ve eri\u015fimdir<\/strong>. Her bireyin e\u011fitim, sa\u011fl\u0131k, istihdam ve sosyal ya\u015fam gibi alanlarda e\u015fit f\u0131rsatlara sahip olmas\u0131 tek ba\u015f\u0131na yeterli de\u011fildir; bu f\u0131rsatlara fiilen eri\u015febilmesi de gereklidir. \u00d6rne\u011fin, otizmli bir \u00e7ocu\u011fun akranlar\u0131yla ayn\u0131 s\u0131n\u0131fta e\u011fitim g\u00f6rmesi e\u015fitlik a\u00e7\u0131s\u0131ndan \u00f6nemli bir ad\u0131md\u0131r. Ancak bireysel ihtiya\u00e7lar\u0131na uygun destekleyici materyaller, \u00f6\u011fretim y\u00f6ntemleri ve d\u00fczenlemeler sunulmad\u0131\u011f\u0131nda, bu e\u015fitlik ger\u00e7ek bir eri\u015fime d\u00f6n\u00fc\u015fmez. Bu nedenle kapsay\u0131c\u0131l\u0131k, yaln\u0131zca \u201cayn\u0131 ortamda bulunmay\u0131\u201d de\u011fil, anlaml\u0131 ve i\u015flevsel kat\u0131l\u0131m\u0131 hedefler.<\/p>\n\n\n\n<p class=\"wp-block-paragraph\">Otizmli bireyler i\u00e7in kapsay\u0131c\u0131l\u0131k; fiziksel mek\u00e2nlara eri\u015fimle s\u0131n\u0131rl\u0131 olmayan, sosyal etkile\u015fimleri, e\u011fitim s\u00fcre\u00e7lerini, istihdam olanaklar\u0131n\u0131 ve toplumsal ya\u015fama kat\u0131l\u0131m\u0131 kapsayan b\u00fct\u00fcnc\u00fcl bir yakla\u015f\u0131md\u0131r. Kapsay\u0131c\u0131 e\u011fitim ortamlar\u0131, otizmli \u00f6\u011frencilerin bireysel ihtiya\u00e7lar\u0131na uygun desteklerle \u00f6\u011frenme s\u00fcre\u00e7lerini g\u00fc\u00e7lendirirken, t\u00fcm \u00e7ocuklar i\u00e7in farkl\u0131l\u0131klarla birlikte ya\u015fama ve empati geli\u015ftirme f\u0131rsat\u0131 sunar. Benzer bi\u00e7imde, destekli istihdam modelleri ve i\u015f yerinde makul d\u00fczenlemeler, otizmli bireylerin \u00fcretken ve s\u00fcrd\u00fcr\u00fclebilir bi\u00e7imde i\u015f ya\u015fam\u0131na kat\u0131l\u0131m\u0131n\u0131 m\u00fcmk\u00fcn k\u0131lar.<\/p>\n\n\n\n<p class=\"wp-block-paragraph\">Kapsay\u0131c\u0131l\u0131k, yaln\u0131zca belirli d\u00f6nemlerde hat\u0131rlanacak bir kavram de\u011fil; <strong>politikalar\u0131n, hizmetlerin ve toplumsal tutumlar\u0131n merkezinde yer almas\u0131 gereken s\u00fcrekli bir sorumluluktur<\/strong>. Otizmli bireylerin erken tan\u0131dan e\u011fitime, istihdamdan ba\u011f\u0131ms\u0131z ya\u015fama kadar t\u00fcm ya\u015fam alanlar\u0131nda hak temelli ve kapsay\u0131c\u0131 desteklere eri\u015febilmesi, daha adil ve e\u015fitlik\u00e7i bir toplumun \u00f6n ko\u015fuludur. Farkl\u0131l\u0131klar\u0131yla birlikte herkes i\u00e7in g\u00fcvenli, eri\u015filebilir ve destekleyici bir ya\u015fam alan\u0131 yaratmak, kapsay\u0131c\u0131 bir toplumun en somut g\u00f6stergesidir.<\/p>\n\n\n\n<p class=\"wp-block-paragraph\"><strong>Haz\u0131rlayan: Dr. Nursinem \u015eirin<\/strong><\/p>\n\n\n\n<p class=\"wp-block-paragraph\"><strong>E\u011fitim AR-GE ve Projeler Direkt\u00f6r\u00fc<\/strong><\/p>\n\n\n\n<h3 class=\"wp-block-heading\">Referanslar:<\/h3>\n\n\n\n<ul class=\"wp-block-list\">\n<li>Kusuma, N. (2023, March 31). Neurodiversity movement: Embracing autism acceptance &amp; inclusion. Green Network Asia.<\/li>\n\n\n\n<li>Motavalli Mukaddes, N., Ercan, E. S. (2023) Ya\u015fam boyu n\u00f6rogeli\u015fimsel bozukluklar. Simurg Arts.<\/li>\n\n\n\n<li>\u00d6kc\u00fcn Ak\u00e7amu\u015f, M. \u00c7., (2024). Tohum Otizm Vakf\u0131 De\u011ferlendirme ve Geli\u015fim Raporlar\u0131 VII: Otizm Spektrum Bozuklu\u011fu Olan Bireyler i\u00e7in Kapsay\u0131c\u0131 Yakla\u015f\u0131mlar. Tohum Otizm Vakf\u0131.<\/li>\n\n\n\n<li>UNESCO (2005). Guidelines for inclusion: Ensuring access to EFA. United Nations Educational, Scientific and Cultural Organization. <a href=\"https:\/\/wp1.sedaozcan.net.tr\/wp-content\/uploads\/2026\/08\/ED496105.pdf\" target=\"_blank\" rel=\"noreferrer noopener\">eric.ed.gov\/fulltext\/ED496105.pdf<\/a><\/li>\n<\/ul>\n\n\n\n<p class=\"wp-block-paragraph\"><\/p>","protected":false},"excerpt":{"rendered":"<p>Kapsay\u0131c\u0131l\u0131k; bireylerin cinsiyet, etnik k\u00f6ken, engel durumu, t\u0131bbi gereksinimleri ya da geli\u015fim \u00f6zelliklerinden ba\u011f\u0131ms\u0131z olarak topluma e\u015fit, onurlu ve etkin bi\u00e7imde kat\u0131l\u0131m\u0131n\u0131 g\u00fcvence alt\u0131na alan temel bir insan hakk\u0131d\u0131r. Kapsay\u0131c\u0131 bir toplumda bireyler yaln\u0131zca var olabilen de\u011fil, farkl\u0131l\u0131klar\u0131yla birlikte kabul edilen ve toplumsal ya\u015fam\u0131n aktif birer par\u00e7as\u0131 olarak g\u00f6r\u00fclen bireylerdir. <\/p>","protected":false},"author":1,"featured_media":9547,"comment_status":"closed","ping_status":"closed","sticky":false,"template":"","format":"standard","meta":{"footnotes":""},"categories":[68],"tags":[],"class_list":["post-9544","post","type-post","status-publish","format-standard","has-post-thumbnail","hentry","category-blog"],"yoast_head":"<!-- This site is optimized with the Yoast SEO Premium plugin v28.3 (Yoast SEO v28.3) - https:\/\/yoast.com\/product\/yoast-seo-premium-wordpress\/ -->\n<title>Otizmde Fark\u0131ndal\u0131k Yetmez, Kapsay\u0131c\u0131l\u0131k Zaman\u0131! - Tohum Otizm Vakf\u0131 | Otizmin Tek \u00c7aresi E\u011fitim<\/title>\n<meta name=\"robots\" content=\"index, follow, max-snippet:-1, max-image-preview:large, max-video-preview:-1\" \/>\n<link rel=\"canonical\" href=\"https:\/\/wp1.sedaozcan.net.tr\/en\/otizmde-farkindalik-yetmez-kapsayicilik-zamani\/\" \/>\n<meta property=\"og:locale\" content=\"en_US\" \/>\n<meta property=\"og:type\" content=\"article\" \/>\n<meta property=\"og:title\" content=\"Otizmde Fark\u0131ndal\u0131k Yetmez, Kapsay\u0131c\u0131l\u0131k Zaman\u0131!\" \/>\n<meta property=\"og:description\" content=\"Kapsay\u0131c\u0131l\u0131k; bireylerin cinsiyet, etnik k\u00f6ken, engel durumu, t\u0131bbi gereksinimleri ya da geli\u015fim \u00f6zelliklerinden ba\u011f\u0131ms\u0131z olarak topluma e\u015fit, onurlu ve etkin bi\u00e7imde kat\u0131l\u0131m\u0131n\u0131 g\u00fcvence alt\u0131na alan temel bir insan hakk\u0131d\u0131r. Kapsay\u0131c\u0131 bir toplumda bireyler yaln\u0131zca var olabilen de\u011fil, farkl\u0131l\u0131klar\u0131yla birlikte kabul edilen ve toplumsal ya\u015fam\u0131n aktif birer par\u00e7as\u0131 olarak g\u00f6r\u00fclen bireylerdir.\" \/>\n<meta property=\"og:url\" content=\"https:\/\/wp1.sedaozcan.net.tr\/en\/otizmde-farkindalik-yetmez-kapsayicilik-zamani\/\" \/>\n<meta property=\"og:site_name\" content=\"Tohum Otizm Vakf\u0131 | Otizmin Tek \u00c7aresi E\u011fitim\" \/>\n<meta property=\"article:published_time\" content=\"2026-05-10T05:30:00+00:00\" \/>\n<meta property=\"article:modified_time\" content=\"2026-08-10T17:56:25+00:00\" \/>\n<meta property=\"og:image\" content=\"https:\/\/wp1.sedaozcan.net.tr\/wp-content\/uploads\/2026\/05\/farkindalik-yetmez-kapsayicilik-zamani.jpg\" \/>\n\t<meta property=\"og:image:width\" content=\"1134\" \/>\n\t<meta property=\"og:image:height\" content=\"768\" \/>\n\t<meta property=\"og:image:type\" content=\"image\/jpeg\" \/>\n<meta name=\"author\" content=\"Tohum Otizm\" \/>\n<meta name=\"twitter:card\" content=\"summary_large_image\" \/>\n<meta name=\"twitter:label1\" content=\"Written by\" \/>\n\t<meta name=\"twitter:data1\" content=\"Tohum Otizm\" \/>\n\t<meta name=\"twitter:label2\" content=\"Est. reading time\" \/>\n\t<meta name=\"twitter:data2\" content=\"4 minutes\" \/>\n<script type=\"application\/ld+json\" class=\"yoast-schema-graph\">{\"@context\":\"https:\\\/\\\/schema.org\",\"@graph\":[{\"@type\":\"Article\",\"@id\":\"https:\\\/\\\/wp1.sedaozcan.net.tr\\\/otizmde-farkindalik-yetmez-kapsayicilik-zamani\\\/#article\",\"isPartOf\":{\"@id\":\"https:\\\/\\\/wp1.sedaozcan.net.tr\\\/otizmde-farkindalik-yetmez-kapsayicilik-zamani\\\/\"},\"author\":{\"name\":\"Tohum Otizm\",\"@id\":\"https:\\\/\\\/wp1.sedaozcan.net.tr\\\/#\\\/schema\\\/person\\\/c2ea4120b58c7afcac902ba998b1091c\"},\"headline\":\"Otizmde Fark\u0131ndal\u0131k Yetmez, Kapsay\u0131c\u0131l\u0131k Zaman\u0131!\",\"datePublished\":\"2026-05-10T05:30:00+00:00\",\"dateModified\":\"2026-08-10T17:56:25+00:00\",\"mainEntityOfPage\":{\"@id\":\"https:\\\/\\\/wp1.sedaozcan.net.tr\\\/otizmde-farkindalik-yetmez-kapsayicilik-zamani\\\/\"},\"wordCount\":727,\"image\":{\"@id\":\"https:\\\/\\\/wp1.sedaozcan.net.tr\\\/otizmde-farkindalik-yetmez-kapsayicilik-zamani\\\/#primaryimage\"},\"thumbnailUrl\":\"https:\\\/\\\/wp1.sedaozcan.net.tr\\\/wp-content\\\/uploads\\\/2026\\\/05\\\/farkindalik-yetmez-kapsayicilik-zamani.jpg\",\"articleSection\":[\"Blog\"],\"inLanguage\":\"en-US\"},{\"@type\":\"WebPage\",\"@id\":\"https:\\\/\\\/wp1.sedaozcan.net.tr\\\/otizmde-farkindalik-yetmez-kapsayicilik-zamani\\\/\",\"url\":\"https:\\\/\\\/wp1.sedaozcan.net.tr\\\/otizmde-farkindalik-yetmez-kapsayicilik-zamani\\\/\",\"name\":\"Otizmde Fark\u0131ndal\u0131k Yetmez, Kapsay\u0131c\u0131l\u0131k Zaman\u0131! - Tohum Otizm Vakf\u0131 | Otizmin Tek \u00c7aresi E\u011fitim\",\"isPartOf\":{\"@id\":\"https:\\\/\\\/wp1.sedaozcan.net.tr\\\/#website\"},\"primaryImageOfPage\":{\"@id\":\"https:\\\/\\\/wp1.sedaozcan.net.tr\\\/otizmde-farkindalik-yetmez-kapsayicilik-zamani\\\/#primaryimage\"},\"image\":{\"@id\":\"https:\\\/\\\/wp1.sedaozcan.net.tr\\\/otizmde-farkindalik-yetmez-kapsayicilik-zamani\\\/#primaryimage\"},\"thumbnailUrl\":\"https:\\\/\\\/wp1.sedaozcan.net.tr\\\/wp-content\\\/uploads\\\/2026\\\/05\\\/farkindalik-yetmez-kapsayicilik-zamani.jpg\",\"datePublished\":\"2026-05-10T05:30:00+00:00\",\"dateModified\":\"2026-08-10T17:56:25+00:00\",\"author\":{\"@id\":\"https:\\\/\\\/wp1.sedaozcan.net.tr\\\/#\\\/schema\\\/person\\\/c2ea4120b58c7afcac902ba998b1091c\"},\"breadcrumb\":{\"@id\":\"https:\\\/\\\/wp1.sedaozcan.net.tr\\\/otizmde-farkindalik-yetmez-kapsayicilik-zamani\\\/#breadcrumb\"},\"inLanguage\":\"en-US\",\"potentialAction\":[{\"@type\":\"ReadAction\",\"target\":[\"https:\\\/\\\/wp1.sedaozcan.net.tr\\\/otizmde-farkindalik-yetmez-kapsayicilik-zamani\\\/\"]}]},{\"@type\":\"ImageObject\",\"inLanguage\":\"en-US\",\"@id\":\"https:\\\/\\\/wp1.sedaozcan.net.tr\\\/otizmde-farkindalik-yetmez-kapsayicilik-zamani\\\/#primaryimage\",\"url\":\"https:\\\/\\\/wp1.sedaozcan.net.tr\\\/wp-content\\\/uploads\\\/2026\\\/05\\\/farkindalik-yetmez-kapsayicilik-zamani.jpg\",\"contentUrl\":\"https:\\\/\\\/wp1.sedaozcan.net.tr\\\/wp-content\\\/uploads\\\/2026\\\/05\\\/farkindalik-yetmez-kapsayicilik-zamani.jpg\",\"width\":1134,\"height\":768},{\"@type\":\"BreadcrumbList\",\"@id\":\"https:\\\/\\\/wp1.sedaozcan.net.tr\\\/otizmde-farkindalik-yetmez-kapsayicilik-zamani\\\/#breadcrumb\",\"itemListElement\":[{\"@type\":\"ListItem\",\"position\":1,\"name\":\"Home\",\"item\":\"https:\\\/\\\/wp1.sedaozcan.net.tr\\\/\"},{\"@type\":\"ListItem\",\"position\":2,\"name\":\"Otizmde Fark\u0131ndal\u0131k Yetmez, Kapsay\u0131c\u0131l\u0131k Zaman\u0131!\"}]},{\"@type\":\"WebSite\",\"@id\":\"https:\\\/\\\/wp1.sedaozcan.net.tr\\\/#website\",\"url\":\"https:\\\/\\\/wp1.sedaozcan.net.tr\\\/\",\"name\":\"Tohum Otizm Vakf\u0131 | Otizmin Tek \u00c7aresi E\u011fitim\",\"description\":\"\",\"potentialAction\":[{\"@type\":\"SearchAction\",\"target\":{\"@type\":\"EntryPoint\",\"urlTemplate\":\"https:\\\/\\\/wp1.sedaozcan.net.tr\\\/?s={search_term_string}\"},\"query-input\":{\"@type\":\"PropertyValueSpecification\",\"valueRequired\":true,\"valueName\":\"search_term_string\"}}],\"inLanguage\":\"en-US\"},{\"@type\":\"Person\",\"@id\":\"https:\\\/\\\/wp1.sedaozcan.net.tr\\\/#\\\/schema\\\/person\\\/c2ea4120b58c7afcac902ba998b1091c\",\"name\":\"Tohum Otizm\",\"image\":{\"@type\":\"ImageObject\",\"inLanguage\":\"en-US\",\"@id\":\"https:\\\/\\\/secure.gravatar.com\\\/avatar\\\/99d08cded734486eef59dabce25065a85303e18d81311c4f5f2bbd3fed82f816?s=96&d=mm&r=g\",\"url\":\"https:\\\/\\\/secure.gravatar.com\\\/avatar\\\/99d08cded734486eef59dabce25065a85303e18d81311c4f5f2bbd3fed82f816?s=96&d=mm&r=g\",\"contentUrl\":\"https:\\\/\\\/secure.gravatar.com\\\/avatar\\\/99d08cded734486eef59dabce25065a85303e18d81311c4f5f2bbd3fed82f816?s=96&d=mm&r=g\",\"caption\":\"Tohum Otizm\"},\"sameAs\":[\"https:\\\/\\\/wp1.sedaozcan.net.tr\"],\"url\":\"https:\\\/\\\/wp1.sedaozcan.net.tr\\\/en\\\/author\\\/admin_3ewju0jt\\\/\"},{\"@type\":\"ImageObject\",\"inLanguage\":\"en-US\",\"@id\":\"https:\\\/\\\/wp1.sedaozcan.net.tr\\\/otizmde-farkindalik-yetmez-kapsayicilik-zamani\\\/#local-main-organization-logo\",\"url\":\"\",\"contentUrl\":\"\",\"caption\":\"Tohum Otizm Vakf\u0131 | Otizmin Tek \u00c7aresi E\u011fitim\"}]}<\/script>\n<!-- \/ Yoast SEO Premium plugin. -->","yoast_head_json":{"title":"Otizmde Fark\u0131ndal\u0131k Yetmez, Kapsay\u0131c\u0131l\u0131k Zaman\u0131! - Tohum Otizm Vakf\u0131 | Otizmin Tek \u00c7aresi E\u011fitim","robots":{"index":"index","follow":"follow","max-snippet":"max-snippet:-1","max-image-preview":"max-image-preview:large","max-video-preview":"max-video-preview:-1"},"canonical":"https:\/\/wp1.sedaozcan.net.tr\/en\/otizmde-farkindalik-yetmez-kapsayicilik-zamani\/","og_locale":"en_US","og_type":"article","og_title":"Otizmde Fark\u0131ndal\u0131k Yetmez, Kapsay\u0131c\u0131l\u0131k Zaman\u0131!","og_description":"Kapsay\u0131c\u0131l\u0131k; bireylerin cinsiyet, etnik k\u00f6ken, engel durumu, t\u0131bbi gereksinimleri ya da geli\u015fim \u00f6zelliklerinden ba\u011f\u0131ms\u0131z olarak topluma e\u015fit, onurlu ve etkin bi\u00e7imde kat\u0131l\u0131m\u0131n\u0131 g\u00fcvence alt\u0131na alan temel bir insan hakk\u0131d\u0131r. Kapsay\u0131c\u0131 bir toplumda bireyler yaln\u0131zca var olabilen de\u011fil, farkl\u0131l\u0131klar\u0131yla birlikte kabul edilen ve toplumsal ya\u015fam\u0131n aktif birer par\u00e7as\u0131 olarak g\u00f6r\u00fclen bireylerdir.","og_url":"https:\/\/wp1.sedaozcan.net.tr\/en\/otizmde-farkindalik-yetmez-kapsayicilik-zamani\/","og_site_name":"Tohum Otizm Vakf\u0131 | Otizmin Tek \u00c7aresi E\u011fitim","article_published_time":"2026-05-10T05:30:00+00:00","article_modified_time":"2026-08-10T17:56:25+00:00","og_image":[{"width":1134,"height":768,"url":"https:\/\/wp1.sedaozcan.net.tr\/wp-content\/uploads\/2026\/05\/farkindalik-yetmez-kapsayicilik-zamani.jpg","type":"image\/jpeg"}],"author":"Tohum Otizm","twitter_card":"summary_large_image","twitter_misc":{"Written by":"Tohum Otizm","Est. reading time":"4 minutes"},"schema":{"@context":"https:\/\/schema.org","@graph":[{"@type":"Article","@id":"https:\/\/wp1.sedaozcan.net.tr\/otizmde-farkindalik-yetmez-kapsayicilik-zamani\/#article","isPartOf":{"@id":"https:\/\/wp1.sedaozcan.net.tr\/otizmde-farkindalik-yetmez-kapsayicilik-zamani\/"},"author":{"name":"Tohum Otizm","@id":"https:\/\/wp1.sedaozcan.net.tr\/#\/schema\/person\/c2ea4120b58c7afcac902ba998b1091c"},"headline":"Otizmde Fark\u0131ndal\u0131k Yetmez, Kapsay\u0131c\u0131l\u0131k Zaman\u0131!","datePublished":"2026-05-10T05:30:00+00:00","dateModified":"2026-08-10T17:56:25+00:00","mainEntityOfPage":{"@id":"https:\/\/wp1.sedaozcan.net.tr\/otizmde-farkindalik-yetmez-kapsayicilik-zamani\/"},"wordCount":727,"image":{"@id":"https:\/\/wp1.sedaozcan.net.tr\/otizmde-farkindalik-yetmez-kapsayicilik-zamani\/#primaryimage"},"thumbnailUrl":"https:\/\/wp1.sedaozcan.net.tr\/wp-content\/uploads\/2026\/05\/farkindalik-yetmez-kapsayicilik-zamani.jpg","articleSection":["Blog"],"inLanguage":"en-US"},{"@type":"WebPage","@id":"https:\/\/wp1.sedaozcan.net.tr\/otizmde-farkindalik-yetmez-kapsayicilik-zamani\/","url":"https:\/\/wp1.sedaozcan.net.tr\/otizmde-farkindalik-yetmez-kapsayicilik-zamani\/","name":"Otizmde Fark\u0131ndal\u0131k Yetmez, Kapsay\u0131c\u0131l\u0131k Zaman\u0131! - Tohum Otizm Vakf\u0131 | Otizmin Tek \u00c7aresi E\u011fitim","isPartOf":{"@id":"https:\/\/wp1.sedaozcan.net.tr\/#website"},"primaryImageOfPage":{"@id":"https:\/\/wp1.sedaozcan.net.tr\/otizmde-farkindalik-yetmez-kapsayicilik-zamani\/#primaryimage"},"image":{"@id":"https:\/\/wp1.sedaozcan.net.tr\/otizmde-farkindalik-yetmez-kapsayicilik-zamani\/#primaryimage"},"thumbnailUrl":"https:\/\/wp1.sedaozcan.net.tr\/wp-content\/uploads\/2026\/05\/farkindalik-yetmez-kapsayicilik-zamani.jpg","datePublished":"2026-05-10T05:30:00+00:00","dateModified":"2026-08-10T17:56:25+00:00","author":{"@id":"https:\/\/wp1.sedaozcan.net.tr\/#\/schema\/person\/c2ea4120b58c7afcac902ba998b1091c"},"breadcrumb":{"@id":"https:\/\/wp1.sedaozcan.net.tr\/otizmde-farkindalik-yetmez-kapsayicilik-zamani\/#breadcrumb"},"inLanguage":"en-US","potentialAction":[{"@type":"ReadAction","target":["https:\/\/wp1.sedaozcan.net.tr\/otizmde-farkindalik-yetmez-kapsayicilik-zamani\/"]}]},{"@type":"ImageObject","inLanguage":"en-US","@id":"https:\/\/wp1.sedaozcan.net.tr\/otizmde-farkindalik-yetmez-kapsayicilik-zamani\/#primaryimage","url":"https:\/\/wp1.sedaozcan.net.tr\/wp-content\/uploads\/2026\/05\/farkindalik-yetmez-kapsayicilik-zamani.jpg","contentUrl":"https:\/\/wp1.sedaozcan.net.tr\/wp-content\/uploads\/2026\/05\/farkindalik-yetmez-kapsayicilik-zamani.jpg","width":1134,"height":768},{"@type":"BreadcrumbList","@id":"https:\/\/wp1.sedaozcan.net.tr\/otizmde-farkindalik-yetmez-kapsayicilik-zamani\/#breadcrumb","itemListElement":[{"@type":"ListItem","position":1,"name":"Home","item":"https:\/\/wp1.sedaozcan.net.tr\/"},{"@type":"ListItem","position":2,"name":"Otizmde Fark\u0131ndal\u0131k Yetmez, Kapsay\u0131c\u0131l\u0131k Zaman\u0131!"}]},{"@type":"WebSite","@id":"https:\/\/wp1.sedaozcan.net.tr\/#website","url":"https:\/\/wp1.sedaozcan.net.tr\/","name":"Tohum Autism Foundation | The Only Remedy for Autism is Education","description":"","potentialAction":[{"@type":"SearchAction","target":{"@type":"EntryPoint","urlTemplate":"https:\/\/wp1.sedaozcan.net.tr\/?s={search_term_string}"},"query-input":{"@type":"PropertyValueSpecification","valueRequired":true,"valueName":"search_term_string"}}],"inLanguage":"en-US"},{"@type":"Person","@id":"https:\/\/wp1.sedaozcan.net.tr\/#\/schema\/person\/c2ea4120b58c7afcac902ba998b1091c","name":"Tohum Otizm","image":{"@type":"ImageObject","inLanguage":"en-US","@id":"https:\/\/secure.gravatar.com\/avatar\/99d08cded734486eef59dabce25065a85303e18d81311c4f5f2bbd3fed82f816?s=96&d=mm&r=g","url":"https:\/\/secure.gravatar.com\/avatar\/99d08cded734486eef59dabce25065a85303e18d81311c4f5f2bbd3fed82f816?s=96&d=mm&r=g","contentUrl":"https:\/\/secure.gravatar.com\/avatar\/99d08cded734486eef59dabce25065a85303e18d81311c4f5f2bbd3fed82f816?s=96&d=mm&r=g","caption":"Tohum Otizm"},"sameAs":["https:\/\/wp1.sedaozcan.net.tr"],"url":"https:\/\/wp1.sedaozcan.net.tr\/en\/author\/admin_3ewju0jt\/"},{"@type":"ImageObject","inLanguage":"en-US","@id":"https:\/\/wp1.sedaozcan.net.tr\/otizmde-farkindalik-yetmez-kapsayicilik-zamani\/#local-main-organization-logo","url":"","contentUrl":"","caption":"Tohum Otizm Vakf\u0131 | Otizmin Tek \u00c7aresi E\u011fitim"}]}},"_links":{"self":[{"href":"https:\/\/wp1.sedaozcan.net.tr\/en\/wp-json\/wp\/v2\/posts\/9544","targetHints":{"allow":["GET"]}}],"collection":[{"href":"https:\/\/wp1.sedaozcan.net.tr\/en\/wp-json\/wp\/v2\/posts"}],"about":[{"href":"https:\/\/wp1.sedaozcan.net.tr\/en\/wp-json\/wp\/v2\/types\/post"}],"author":[{"embeddable":true,"href":"https:\/\/wp1.sedaozcan.net.tr\/en\/wp-json\/wp\/v2\/users\/1"}],"replies":[{"embeddable":true,"href":"https:\/\/wp1.sedaozcan.net.tr\/en\/wp-json\/wp\/v2\/comments?post=9544"}],"version-history":[{"count":3,"href":"https:\/\/wp1.sedaozcan.net.tr\/en\/wp-json\/wp\/v2\/posts\/9544\/revisions"}],"predecessor-version":[{"id":9804,"href":"https:\/\/wp1.sedaozcan.net.tr\/en\/wp-json\/wp\/v2\/posts\/9544\/revisions\/9804"}],"wp:featuredmedia":[{"embeddable":true,"href":"https:\/\/wp1.sedaozcan.net.tr\/en\/wp-json\/wp\/v2\/media\/9547"}],"wp:attachment":[{"href":"https:\/\/wp1.sedaozcan.net.tr\/en\/wp-json\/wp\/v2\/media?parent=9544"}],"wp:term":[{"taxonomy":"category","embeddable":true,"href":"https:\/\/wp1.sedaozcan.net.tr\/en\/wp-json\/wp\/v2\/categories?post=9544"},{"taxonomy":"post_tag","embeddable":true,"href":"https:\/\/wp1.sedaozcan.net.tr\/en\/wp-json\/wp\/v2\/tags?post=9544"}],"curies":[{"name":"wp","href":"https:\/\/api.w.org\/{rel}","templated":true}]}}