{"id":9538,"date":"2026-05-11T07:21:00","date_gmt":"2026-05-11T05:21:00","guid":{"rendered":"https:\/\/wp1.sedaozcan.net.tr\/?p=9538"},"modified":"2026-08-15T12:35:01","modified_gmt":"2026-08-15T10:35:01","slug":"norocesitlilik-nedir-otizmle-nasil-bir-iliskisi-vardir","status":"publish","type":"post","link":"https:\/\/wp1.sedaozcan.net.tr\/en\/norocesitlilik-nedir-otizmle-nasil-bir-iliskisi-vardir\/","title":{"rendered":"N\u00f6ro\u00e7e\u015fitlilik Nedir? Otizmle Nas\u0131l Bir \u0130li\u015fkisi Vard\u0131r?"},"content":{"rendered":"<p class=\"wp-block-paragraph\">N\u00f6ro\u00e7e\u015fitlilik, insanlar\u0131n beyinlerinin ve sinir sistemlerinin farkl\u0131 \u015fekillerde \u00e7al\u0131\u015fmas\u0131n\u0131n do\u011fal ve insan olman\u0131n bir par\u00e7as\u0131 oldu\u011funu kabul eden bir yakla\u015f\u0131md\u0131r. Her bireyin d\u00fc\u015f\u00fcnme, \u00f6\u011frenme, ileti\u015fim kurma ve d\u00fcnyay\u0131 alg\u0131lama bi\u00e7imi kendine \u00f6zg\u00fcd\u00fcr. N\u00f6ro\u00e7e\u015fitlilik kavram\u0131, bu farkl\u0131l\u0131klar\u0131 \u201ceksiklik\u201d ya da \u201cbozukluk\u201d olarak de\u011fil, insan \u00e7e\u015fitlili\u011finin bir yans\u0131mas\u0131 olarak ele al\u0131r.<\/p>\n\n\n\n<p class=\"wp-block-paragraph\">Ba\u015flang\u0131\u00e7ta daha \u00e7ok otizmle ili\u015fkilendirilen n\u00f6ro\u00e7e\u015fitlilik kavram\u0131, zamanla dikkat eksikli\u011fi ve hiperaktivite bozuklu\u011fu (DEHB), disleksi gibi \u00f6\u011frenme g\u00fc\u00e7l\u00fckleri, Tourette sendromu, sinestezi ve baz\u0131 n\u00f6ropsikiyatrik durumlar\u0131 da kapsayan \u015femsiye bir kavram h\u00e2line geldi. Hatta y\u00fcksek yarat\u0131c\u0131l\u0131k ve y\u00fcksek bili\u015fsel kapasite de bu \u00e7e\u015fitlili\u011fin bir par\u00e7as\u0131 olarak de\u011ferlendirilmektedir.<\/p>\n\n\n\n<p class=\"wp-block-paragraph\">1990\u2019l\u0131 y\u0131llarda ortaya \u00e7\u0131kan n\u00f6ro\u00e7e\u015fitlilik hareketi, n\u00f6rolojik farkl\u0131l\u0131klar\u0131n toplum taraf\u0131ndan tan\u0131nmas\u0131n\u0131 ve kapsanmas\u0131n\u0131 savunan bir sosyal adalet yakla\u015f\u0131m\u0131d\u0131r. Bu bak\u0131\u015f a\u00e7\u0131s\u0131, \u00f6zellikle otizmi bir hastal\u0131k ya da bozukluk olarak de\u011fil, toplumun do\u011fal ve de\u011ferli bir par\u00e7as\u0131 olarak g\u00f6rmeyi \u00f6nerir. Temel vurgu \u015fudur: As\u0131l zorlay\u0131c\u0131 olan bireyin kendisi de\u011fil, bireyin ihtiya\u00e7lar\u0131n\u0131 g\u00f6zetmeyen \u00e7evresel ve toplumsal d\u00fczenlemelerdir.<\/p>\n\n\n\n<p class=\"wp-block-paragraph\">Otizm, n\u00f6ro\u00e7e\u015fitlili\u011fin \u00f6nemli bir par\u00e7as\u0131d\u0131r ve s\u0131kl\u0131kla ba\u015fka n\u00f6ro\u00e7e\u015fitlilik durumlar\u0131yla birlikte g\u00f6r\u00fcl\u00fcr. Otizmli bireylerin b\u00fcy\u00fck bir k\u0131sm\u0131nda DEHB, \u00f6\u011frenme g\u00fc\u00e7l\u00fckleri, kayg\u0131 bozukluklar\u0131 ya da duyusal farkl\u0131l\u0131klar e\u015flik edebilir. Otizm, tek tip bir profili ifade etmez; aksine son derece geni\u015f bir bili\u015fsel ve geli\u015fimsel \u00e7e\u015fitlili\u011fi kapsar. Otizmli bireylerin yakla\u015f\u0131k %40\u2019\u0131 normal ya da normalin \u00fczerinde zeka d\u00fczeyine sahiptir. Yakla\u015f\u0131k %10\u2019unda savant sendromu olarak adland\u0131r\u0131lan, belirli alanlarda ola\u011fan\u00fcst\u00fc beceriler g\u00f6r\u00fclebilir. \u00d6te yandan otizmli bireylerin yakla\u015f\u0131k %60\u2019\u0131nda farkl\u0131 d\u00fczeylerde zihin yetersizli\u011fi e\u015flik edebilir. Bu da\u011f\u0131l\u0131m, otizmin ne \u201cy\u00fcksek i\u015flevli\u201d ne de \u201ca\u011f\u0131r\u201d gibi tek bir kategoriyle a\u00e7\u0131klanamayaca\u011f\u0131n\u0131; her bireyin kendi g\u00fc\u00e7l\u00fc ve destek gerektiren alanlar\u0131yla de\u011ferlendirilmesi gerekti\u011fini g\u00f6stermektedir.<\/p>\n\n\n\n<p class=\"wp-block-paragraph\">N\u00f6ro\u00e7e\u015fitlilik yakla\u015f\u0131m\u0131, otizmi ve di\u011fer n\u00f6rolojik farkl\u0131l\u0131klar\u0131 \u201cd\u00fczeltilmesi gereken durumlar\u201d olarak de\u011fil, do\u011fru destek ve d\u00fczenlemelerle bireyin potansiyelini ortaya koyabilece\u011fi do\u011fal insan \u00e7e\u015fitlili\u011fi olarak ele al\u0131r. Bu bak\u0131\u015f a\u00e7\u0131s\u0131, bireyleri tek bir norma g\u00f6re de\u011ferlendirmek yerine, e\u011fitimden istihdama, sa\u011fl\u0131k hizmetlerinden sosyal ya\u015fama kadar her alanda kapsay\u0131c\u0131, esnek ve bireysel ihtiya\u00e7lar\u0131 g\u00f6zeten sistemlerin \u00f6nemini vurgular. N\u00f6ro\u00e7e\u015fitli bireylerin toplumsal ya\u015fama tam ve e\u015fit kat\u0131l\u0131m\u0131, ancak farkl\u0131l\u0131klar\u0131n kabul edildi\u011fi ve desteklendi\u011fi bir toplum anlay\u0131\u015f\u0131yla m\u00fcmk\u00fcnd\u00fcr.<\/p>\n\n\n\n<p class=\"wp-block-paragraph\"><strong>Haz\u0131rlayan: Dr. Nursinem \u015eirin<\/strong><\/p>\n\n\n\n<p class=\"wp-block-paragraph\"><strong>E\u011fitim AR-GE ve Projeler Direkt\u00f6r\u00fc<\/strong><\/p>\n\n\n\n<h3 class=\"wp-block-heading\">Referanslar:<\/h3>\n\n\n\n<ul class=\"wp-block-list\">\n<li>American Psychiatric Association. (2013). Diagnostic and Statistical Manual of Mental Disorders (5th ed.).<\/li>\n\n\n\n<li>G\u00fcnayd\u0131n, M. &amp; \u00d6ztop, D. B. (2021). Otizm spektrum bozuklu\u011fu: Psikopatoloji ve komorbid bozukluklar. B. Sucuo\u011flu, H. Bakkalo\u011flu &amp; M. \u00c7. \u00d6kc\u00fcn-Ak\u00e7amu\u015f (Eds.), Tan\u0131dan M\u00fcdahaleye Otizm Spektrum Bozuklu\u011fu El Kitab\u0131 (sf. 77-100). Vize Akademik.<\/li>\n\n\n\n<li>Motavalli Mukaddes, N., Ercan, E. S. (2023) Ya\u015fam boyu n\u00f6rogeli\u015fimsel bozukluklar. Simurg Arts.<\/li>\n\n\n\n<li>\u00d6kc\u00fcn Ak\u00e7amu\u015f, M. \u00c7., (2024). Tohum Otizm Vakf\u0131 De\u011ferlendirme ve Geli\u015fim Raporlar\u0131 VII: Otizm Spektrum Bozuklu\u011fu Olan Bireyler i\u00e7in Kapsay\u0131c\u0131 Yakla\u015f\u0131mlar.<\/li>\n\n\n\n<li>World Health Organization. (2019). International Classification of Diseases for Mortality and Morbidity Statistics (11th Revision).<\/li>\n\n\n\n<li><a href=\"https:\/\/wp1.sedaozcan.net.tr\/wp-content\/uploads\/2026\/08\/tov-gelisim-raporu-21032024.pdf\" target=\"_blank\" rel=\"noreferrer noopener\">https:\/\/www.tohumotizmportali.org\/files\/tov-gelisim-raporu-21032024.pdf<\/a><\/li>\n\n\n\n<li><a href=\"https:\/\/www.autism.org.uk\/advice-and-guidance\/topics\/behaviour\/masking\">https:\/\/www.autism.org.uk\/advice-and-guidance\/topics\/behaviour\/masking<\/a><\/li>\n\n\n\n<li><a href=\"https:\/\/www.autism.org.uk\/advice-and-guidance\/professional-practice\/autistic-masking\">https:\/\/www.autism.org.uk\/advice-and-guidance\/professional-practice\/autistic-masking<\/a><\/li>\n\n\n\n<li><a href=\"https:\/\/www.psychologytoday.com\/us\/basics\/neurodiversity\">https:\/\/www.psychologytoday.com\/us\/basics\/neurodiversity<\/a><\/li>\n\n\n\n<li><a href=\"https:\/\/www.health.harvard.edu\/blog\/what-is-neurodiversity-202111232645\">https:\/\/www.health.harvard.edu\/blog\/what-is-neurodiversity-202111232645<\/a><\/li>\n<\/ul>","protected":false},"excerpt":{"rendered":"<p>N\u00f6ro\u00e7e\u015fitlilik, insanlar\u0131n beyinlerinin ve sinir sistemlerinin farkl\u0131 \u015fekillerde \u00e7al\u0131\u015fmas\u0131n\u0131n do\u011fal ve insan olman\u0131n bir par\u00e7as\u0131 oldu\u011funu kabul eden bir yakla\u015f\u0131md\u0131r. Her bireyin d\u00fc\u015f\u00fcnme, \u00f6\u011frenme, ileti\u015fim kurma ve d\u00fcnyay\u0131 alg\u0131lama bi\u00e7imi kendine \u00f6zg\u00fcd\u00fcr. <\/p>","protected":false},"author":1,"featured_media":9542,"comment_status":"closed","ping_status":"closed","sticky":false,"template":"","format":"standard","meta":{"footnotes":""},"categories":[68],"tags":[],"class_list":["post-9538","post","type-post","status-publish","format-standard","has-post-thumbnail","hentry","category-blog"],"yoast_head":"<!-- This site is optimized with the Yoast SEO Premium plugin v28.3 (Yoast SEO v28.3) - https:\/\/yoast.com\/product\/yoast-seo-premium-wordpress\/ -->\n<title>N\u00f6ro\u00e7e\u015fitlilik Nedir? Otizmle Nas\u0131l Bir \u0130li\u015fkisi Vard\u0131r? - Tohum Otizm Vakf\u0131 | Otizmin Tek \u00c7aresi E\u011fitim<\/title>\n<meta name=\"robots\" content=\"index, follow, max-snippet:-1, max-image-preview:large, max-video-preview:-1\" \/>\n<link rel=\"canonical\" href=\"https:\/\/wp1.sedaozcan.net.tr\/en\/norocesitlilik-nedir-otizmle-nasil-bir-iliskisi-vardir\/\" \/>\n<meta property=\"og:locale\" content=\"en_US\" \/>\n<meta property=\"og:type\" content=\"article\" \/>\n<meta property=\"og:title\" content=\"N\u00f6ro\u00e7e\u015fitlilik Nedir? Otizmle Nas\u0131l Bir \u0130li\u015fkisi Vard\u0131r?\" \/>\n<meta property=\"og:description\" content=\"N\u00f6ro\u00e7e\u015fitlilik, insanlar\u0131n beyinlerinin ve sinir sistemlerinin farkl\u0131 \u015fekillerde \u00e7al\u0131\u015fmas\u0131n\u0131n do\u011fal ve insan olman\u0131n bir par\u00e7as\u0131 oldu\u011funu kabul eden bir yakla\u015f\u0131md\u0131r. Her bireyin d\u00fc\u015f\u00fcnme, \u00f6\u011frenme, ileti\u015fim kurma ve d\u00fcnyay\u0131 alg\u0131lama bi\u00e7imi kendine \u00f6zg\u00fcd\u00fcr.\" \/>\n<meta property=\"og:url\" content=\"https:\/\/wp1.sedaozcan.net.tr\/en\/norocesitlilik-nedir-otizmle-nasil-bir-iliskisi-vardir\/\" \/>\n<meta property=\"og:site_name\" content=\"Tohum Otizm Vakf\u0131 | Otizmin Tek \u00c7aresi E\u011fitim\" \/>\n<meta property=\"article:published_time\" content=\"2026-05-11T05:21:00+00:00\" \/>\n<meta property=\"article:modified_time\" content=\"2026-08-15T10:35:01+00:00\" \/>\n<meta property=\"og:image\" content=\"https:\/\/wp1.sedaozcan.net.tr\/wp-content\/uploads\/2026\/08\/norocesitlilik-nedir.jpg\" \/>\n\t<meta property=\"og:image:width\" content=\"1134\" \/>\n\t<meta property=\"og:image:height\" content=\"768\" \/>\n\t<meta property=\"og:image:type\" content=\"image\/jpeg\" \/>\n<meta name=\"author\" content=\"Tohum Otizm\" \/>\n<meta name=\"twitter:card\" content=\"summary_large_image\" \/>\n<meta name=\"twitter:label1\" content=\"Written by\" \/>\n\t<meta name=\"twitter:data1\" content=\"Tohum Otizm\" \/>\n\t<meta name=\"twitter:label2\" content=\"Est. reading time\" \/>\n\t<meta name=\"twitter:data2\" content=\"3 minutes\" \/>\n<script type=\"application\/ld+json\" class=\"yoast-schema-graph\">{\"@context\":\"https:\\\/\\\/schema.org\",\"@graph\":[{\"@type\":\"Article\",\"@id\":\"https:\\\/\\\/wp1.sedaozcan.net.tr\\\/norocesitlilik-nedir-otizmle-nasil-bir-iliskisi-vardir\\\/#article\",\"isPartOf\":{\"@id\":\"https:\\\/\\\/wp1.sedaozcan.net.tr\\\/norocesitlilik-nedir-otizmle-nasil-bir-iliskisi-vardir\\\/\"},\"author\":{\"name\":\"Tohum Otizm\",\"@id\":\"https:\\\/\\\/wp1.sedaozcan.net.tr\\\/#\\\/schema\\\/person\\\/c2ea4120b58c7afcac902ba998b1091c\"},\"headline\":\"N\u00f6ro\u00e7e\u015fitlilik Nedir? Otizmle Nas\u0131l Bir \u0130li\u015fkisi Vard\u0131r?\",\"datePublished\":\"2026-05-11T05:21:00+00:00\",\"dateModified\":\"2026-08-15T10:35:01+00:00\",\"mainEntityOfPage\":{\"@id\":\"https:\\\/\\\/wp1.sedaozcan.net.tr\\\/norocesitlilik-nedir-otizmle-nasil-bir-iliskisi-vardir\\\/\"},\"wordCount\":679,\"image\":{\"@id\":\"https:\\\/\\\/wp1.sedaozcan.net.tr\\\/norocesitlilik-nedir-otizmle-nasil-bir-iliskisi-vardir\\\/#primaryimage\"},\"thumbnailUrl\":\"https:\\\/\\\/wp1.sedaozcan.net.tr\\\/wp-content\\\/uploads\\\/2026\\\/08\\\/norocesitlilik-nedir.jpg\",\"articleSection\":[\"Blog\"],\"inLanguage\":\"en-US\"},{\"@type\":\"WebPage\",\"@id\":\"https:\\\/\\\/wp1.sedaozcan.net.tr\\\/norocesitlilik-nedir-otizmle-nasil-bir-iliskisi-vardir\\\/\",\"url\":\"https:\\\/\\\/wp1.sedaozcan.net.tr\\\/norocesitlilik-nedir-otizmle-nasil-bir-iliskisi-vardir\\\/\",\"name\":\"N\u00f6ro\u00e7e\u015fitlilik Nedir? Otizmle Nas\u0131l Bir \u0130li\u015fkisi Vard\u0131r? - Tohum Otizm Vakf\u0131 | Otizmin Tek \u00c7aresi E\u011fitim\",\"isPartOf\":{\"@id\":\"https:\\\/\\\/wp1.sedaozcan.net.tr\\\/#website\"},\"primaryImageOfPage\":{\"@id\":\"https:\\\/\\\/wp1.sedaozcan.net.tr\\\/norocesitlilik-nedir-otizmle-nasil-bir-iliskisi-vardir\\\/#primaryimage\"},\"image\":{\"@id\":\"https:\\\/\\\/wp1.sedaozcan.net.tr\\\/norocesitlilik-nedir-otizmle-nasil-bir-iliskisi-vardir\\\/#primaryimage\"},\"thumbnailUrl\":\"https:\\\/\\\/wp1.sedaozcan.net.tr\\\/wp-content\\\/uploads\\\/2026\\\/08\\\/norocesitlilik-nedir.jpg\",\"datePublished\":\"2026-05-11T05:21:00+00:00\",\"dateModified\":\"2026-08-15T10:35:01+00:00\",\"author\":{\"@id\":\"https:\\\/\\\/wp1.sedaozcan.net.tr\\\/#\\\/schema\\\/person\\\/c2ea4120b58c7afcac902ba998b1091c\"},\"breadcrumb\":{\"@id\":\"https:\\\/\\\/wp1.sedaozcan.net.tr\\\/norocesitlilik-nedir-otizmle-nasil-bir-iliskisi-vardir\\\/#breadcrumb\"},\"inLanguage\":\"en-US\",\"potentialAction\":[{\"@type\":\"ReadAction\",\"target\":[\"https:\\\/\\\/wp1.sedaozcan.net.tr\\\/norocesitlilik-nedir-otizmle-nasil-bir-iliskisi-vardir\\\/\"]}]},{\"@type\":\"ImageObject\",\"inLanguage\":\"en-US\",\"@id\":\"https:\\\/\\\/wp1.sedaozcan.net.tr\\\/norocesitlilik-nedir-otizmle-nasil-bir-iliskisi-vardir\\\/#primaryimage\",\"url\":\"https:\\\/\\\/wp1.sedaozcan.net.tr\\\/wp-content\\\/uploads\\\/2026\\\/08\\\/norocesitlilik-nedir.jpg\",\"contentUrl\":\"https:\\\/\\\/wp1.sedaozcan.net.tr\\\/wp-content\\\/uploads\\\/2026\\\/08\\\/norocesitlilik-nedir.jpg\",\"width\":1134,\"height\":768},{\"@type\":\"BreadcrumbList\",\"@id\":\"https:\\\/\\\/wp1.sedaozcan.net.tr\\\/norocesitlilik-nedir-otizmle-nasil-bir-iliskisi-vardir\\\/#breadcrumb\",\"itemListElement\":[{\"@type\":\"ListItem\",\"position\":1,\"name\":\"Home\",\"item\":\"https:\\\/\\\/wp1.sedaozcan.net.tr\\\/\"},{\"@type\":\"ListItem\",\"position\":2,\"name\":\"N\u00f6ro\u00e7e\u015fitlilik Nedir? Otizmle Nas\u0131l Bir \u0130li\u015fkisi Vard\u0131r?\"}]},{\"@type\":\"WebSite\",\"@id\":\"https:\\\/\\\/wp1.sedaozcan.net.tr\\\/#website\",\"url\":\"https:\\\/\\\/wp1.sedaozcan.net.tr\\\/\",\"name\":\"Tohum Otizm Vakf\u0131 | Otizmin Tek \u00c7aresi E\u011fitim\",\"description\":\"\",\"potentialAction\":[{\"@type\":\"SearchAction\",\"target\":{\"@type\":\"EntryPoint\",\"urlTemplate\":\"https:\\\/\\\/wp1.sedaozcan.net.tr\\\/?s={search_term_string}\"},\"query-input\":{\"@type\":\"PropertyValueSpecification\",\"valueRequired\":true,\"valueName\":\"search_term_string\"}}],\"inLanguage\":\"en-US\"},{\"@type\":\"Person\",\"@id\":\"https:\\\/\\\/wp1.sedaozcan.net.tr\\\/#\\\/schema\\\/person\\\/c2ea4120b58c7afcac902ba998b1091c\",\"name\":\"Tohum Otizm\",\"image\":{\"@type\":\"ImageObject\",\"inLanguage\":\"en-US\",\"@id\":\"https:\\\/\\\/secure.gravatar.com\\\/avatar\\\/99d08cded734486eef59dabce25065a85303e18d81311c4f5f2bbd3fed82f816?s=96&d=mm&r=g\",\"url\":\"https:\\\/\\\/secure.gravatar.com\\\/avatar\\\/99d08cded734486eef59dabce25065a85303e18d81311c4f5f2bbd3fed82f816?s=96&d=mm&r=g\",\"contentUrl\":\"https:\\\/\\\/secure.gravatar.com\\\/avatar\\\/99d08cded734486eef59dabce25065a85303e18d81311c4f5f2bbd3fed82f816?s=96&d=mm&r=g\",\"caption\":\"Tohum Otizm\"},\"sameAs\":[\"https:\\\/\\\/wp1.sedaozcan.net.tr\"],\"url\":\"https:\\\/\\\/wp1.sedaozcan.net.tr\\\/en\\\/author\\\/admin_3ewju0jt\\\/\"},{\"@type\":\"ImageObject\",\"inLanguage\":\"en-US\",\"@id\":\"https:\\\/\\\/wp1.sedaozcan.net.tr\\\/norocesitlilik-nedir-otizmle-nasil-bir-iliskisi-vardir\\\/#local-main-organization-logo\",\"url\":\"\",\"contentUrl\":\"\",\"caption\":\"Tohum Otizm Vakf\u0131 | Otizmin Tek \u00c7aresi E\u011fitim\"}]}<\/script>\n<!-- \/ Yoast SEO Premium plugin. -->","yoast_head_json":{"title":"N\u00f6ro\u00e7e\u015fitlilik Nedir? Otizmle Nas\u0131l Bir \u0130li\u015fkisi Vard\u0131r? - Tohum Otizm Vakf\u0131 | Otizmin Tek \u00c7aresi E\u011fitim","robots":{"index":"index","follow":"follow","max-snippet":"max-snippet:-1","max-image-preview":"max-image-preview:large","max-video-preview":"max-video-preview:-1"},"canonical":"https:\/\/wp1.sedaozcan.net.tr\/en\/norocesitlilik-nedir-otizmle-nasil-bir-iliskisi-vardir\/","og_locale":"en_US","og_type":"article","og_title":"N\u00f6ro\u00e7e\u015fitlilik Nedir? Otizmle Nas\u0131l Bir \u0130li\u015fkisi Vard\u0131r?","og_description":"N\u00f6ro\u00e7e\u015fitlilik, insanlar\u0131n beyinlerinin ve sinir sistemlerinin farkl\u0131 \u015fekillerde \u00e7al\u0131\u015fmas\u0131n\u0131n do\u011fal ve insan olman\u0131n bir par\u00e7as\u0131 oldu\u011funu kabul eden bir yakla\u015f\u0131md\u0131r. Her bireyin d\u00fc\u015f\u00fcnme, \u00f6\u011frenme, ileti\u015fim kurma ve d\u00fcnyay\u0131 alg\u0131lama bi\u00e7imi kendine \u00f6zg\u00fcd\u00fcr.","og_url":"https:\/\/wp1.sedaozcan.net.tr\/en\/norocesitlilik-nedir-otizmle-nasil-bir-iliskisi-vardir\/","og_site_name":"Tohum Otizm Vakf\u0131 | Otizmin Tek \u00c7aresi E\u011fitim","article_published_time":"2026-05-11T05:21:00+00:00","article_modified_time":"2026-08-15T10:35:01+00:00","og_image":[{"width":1134,"height":768,"url":"https:\/\/wp1.sedaozcan.net.tr\/wp-content\/uploads\/2026\/08\/norocesitlilik-nedir.jpg","type":"image\/jpeg"}],"author":"Tohum Otizm","twitter_card":"summary_large_image","twitter_misc":{"Written by":"Tohum Otizm","Est. reading time":"3 minutes"},"schema":{"@context":"https:\/\/schema.org","@graph":[{"@type":"Article","@id":"https:\/\/wp1.sedaozcan.net.tr\/norocesitlilik-nedir-otizmle-nasil-bir-iliskisi-vardir\/#article","isPartOf":{"@id":"https:\/\/wp1.sedaozcan.net.tr\/norocesitlilik-nedir-otizmle-nasil-bir-iliskisi-vardir\/"},"author":{"name":"Tohum Otizm","@id":"https:\/\/wp1.sedaozcan.net.tr\/#\/schema\/person\/c2ea4120b58c7afcac902ba998b1091c"},"headline":"N\u00f6ro\u00e7e\u015fitlilik Nedir? Otizmle Nas\u0131l Bir \u0130li\u015fkisi Vard\u0131r?","datePublished":"2026-05-11T05:21:00+00:00","dateModified":"2026-08-15T10:35:01+00:00","mainEntityOfPage":{"@id":"https:\/\/wp1.sedaozcan.net.tr\/norocesitlilik-nedir-otizmle-nasil-bir-iliskisi-vardir\/"},"wordCount":679,"image":{"@id":"https:\/\/wp1.sedaozcan.net.tr\/norocesitlilik-nedir-otizmle-nasil-bir-iliskisi-vardir\/#primaryimage"},"thumbnailUrl":"https:\/\/wp1.sedaozcan.net.tr\/wp-content\/uploads\/2026\/08\/norocesitlilik-nedir.jpg","articleSection":["Blog"],"inLanguage":"en-US"},{"@type":"WebPage","@id":"https:\/\/wp1.sedaozcan.net.tr\/norocesitlilik-nedir-otizmle-nasil-bir-iliskisi-vardir\/","url":"https:\/\/wp1.sedaozcan.net.tr\/norocesitlilik-nedir-otizmle-nasil-bir-iliskisi-vardir\/","name":"N\u00f6ro\u00e7e\u015fitlilik Nedir? Otizmle Nas\u0131l Bir \u0130li\u015fkisi Vard\u0131r? - Tohum Otizm Vakf\u0131 | Otizmin Tek \u00c7aresi E\u011fitim","isPartOf":{"@id":"https:\/\/wp1.sedaozcan.net.tr\/#website"},"primaryImageOfPage":{"@id":"https:\/\/wp1.sedaozcan.net.tr\/norocesitlilik-nedir-otizmle-nasil-bir-iliskisi-vardir\/#primaryimage"},"image":{"@id":"https:\/\/wp1.sedaozcan.net.tr\/norocesitlilik-nedir-otizmle-nasil-bir-iliskisi-vardir\/#primaryimage"},"thumbnailUrl":"https:\/\/wp1.sedaozcan.net.tr\/wp-content\/uploads\/2026\/08\/norocesitlilik-nedir.jpg","datePublished":"2026-05-11T05:21:00+00:00","dateModified":"2026-08-15T10:35:01+00:00","author":{"@id":"https:\/\/wp1.sedaozcan.net.tr\/#\/schema\/person\/c2ea4120b58c7afcac902ba998b1091c"},"breadcrumb":{"@id":"https:\/\/wp1.sedaozcan.net.tr\/norocesitlilik-nedir-otizmle-nasil-bir-iliskisi-vardir\/#breadcrumb"},"inLanguage":"en-US","potentialAction":[{"@type":"ReadAction","target":["https:\/\/wp1.sedaozcan.net.tr\/norocesitlilik-nedir-otizmle-nasil-bir-iliskisi-vardir\/"]}]},{"@type":"ImageObject","inLanguage":"en-US","@id":"https:\/\/wp1.sedaozcan.net.tr\/norocesitlilik-nedir-otizmle-nasil-bir-iliskisi-vardir\/#primaryimage","url":"https:\/\/wp1.sedaozcan.net.tr\/wp-content\/uploads\/2026\/08\/norocesitlilik-nedir.jpg","contentUrl":"https:\/\/wp1.sedaozcan.net.tr\/wp-content\/uploads\/2026\/08\/norocesitlilik-nedir.jpg","width":1134,"height":768},{"@type":"BreadcrumbList","@id":"https:\/\/wp1.sedaozcan.net.tr\/norocesitlilik-nedir-otizmle-nasil-bir-iliskisi-vardir\/#breadcrumb","itemListElement":[{"@type":"ListItem","position":1,"name":"Home","item":"https:\/\/wp1.sedaozcan.net.tr\/"},{"@type":"ListItem","position":2,"name":"N\u00f6ro\u00e7e\u015fitlilik Nedir? Otizmle Nas\u0131l Bir \u0130li\u015fkisi Vard\u0131r?"}]},{"@type":"WebSite","@id":"https:\/\/wp1.sedaozcan.net.tr\/#website","url":"https:\/\/wp1.sedaozcan.net.tr\/","name":"Tohum Autism Foundation | The Only Remedy for Autism is Education","description":"","potentialAction":[{"@type":"SearchAction","target":{"@type":"EntryPoint","urlTemplate":"https:\/\/wp1.sedaozcan.net.tr\/?s={search_term_string}"},"query-input":{"@type":"PropertyValueSpecification","valueRequired":true,"valueName":"search_term_string"}}],"inLanguage":"en-US"},{"@type":"Person","@id":"https:\/\/wp1.sedaozcan.net.tr\/#\/schema\/person\/c2ea4120b58c7afcac902ba998b1091c","name":"Tohum Otizm","image":{"@type":"ImageObject","inLanguage":"en-US","@id":"https:\/\/secure.gravatar.com\/avatar\/99d08cded734486eef59dabce25065a85303e18d81311c4f5f2bbd3fed82f816?s=96&d=mm&r=g","url":"https:\/\/secure.gravatar.com\/avatar\/99d08cded734486eef59dabce25065a85303e18d81311c4f5f2bbd3fed82f816?s=96&d=mm&r=g","contentUrl":"https:\/\/secure.gravatar.com\/avatar\/99d08cded734486eef59dabce25065a85303e18d81311c4f5f2bbd3fed82f816?s=96&d=mm&r=g","caption":"Tohum Otizm"},"sameAs":["https:\/\/wp1.sedaozcan.net.tr"],"url":"https:\/\/wp1.sedaozcan.net.tr\/en\/author\/admin_3ewju0jt\/"},{"@type":"ImageObject","inLanguage":"en-US","@id":"https:\/\/wp1.sedaozcan.net.tr\/norocesitlilik-nedir-otizmle-nasil-bir-iliskisi-vardir\/#local-main-organization-logo","url":"","contentUrl":"","caption":"Tohum Otizm Vakf\u0131 | Otizmin Tek \u00c7aresi E\u011fitim"}]}},"_links":{"self":[{"href":"https:\/\/wp1.sedaozcan.net.tr\/en\/wp-json\/wp\/v2\/posts\/9538","targetHints":{"allow":["GET"]}}],"collection":[{"href":"https:\/\/wp1.sedaozcan.net.tr\/en\/wp-json\/wp\/v2\/posts"}],"about":[{"href":"https:\/\/wp1.sedaozcan.net.tr\/en\/wp-json\/wp\/v2\/types\/post"}],"author":[{"embeddable":true,"href":"https:\/\/wp1.sedaozcan.net.tr\/en\/wp-json\/wp\/v2\/users\/1"}],"replies":[{"embeddable":true,"href":"https:\/\/wp1.sedaozcan.net.tr\/en\/wp-json\/wp\/v2\/comments?post=9538"}],"version-history":[{"count":2,"href":"https:\/\/wp1.sedaozcan.net.tr\/en\/wp-json\/wp\/v2\/posts\/9538\/revisions"}],"predecessor-version":[{"id":9594,"href":"https:\/\/wp1.sedaozcan.net.tr\/en\/wp-json\/wp\/v2\/posts\/9538\/revisions\/9594"}],"wp:featuredmedia":[{"embeddable":true,"href":"https:\/\/wp1.sedaozcan.net.tr\/en\/wp-json\/wp\/v2\/media\/9542"}],"wp:attachment":[{"href":"https:\/\/wp1.sedaozcan.net.tr\/en\/wp-json\/wp\/v2\/media?parent=9538"}],"wp:term":[{"taxonomy":"category","embeddable":true,"href":"https:\/\/wp1.sedaozcan.net.tr\/en\/wp-json\/wp\/v2\/categories?post=9538"},{"taxonomy":"post_tag","embeddable":true,"href":"https:\/\/wp1.sedaozcan.net.tr\/en\/wp-json\/wp\/v2\/tags?post=9538"}],"curies":[{"name":"wp","href":"https:\/\/api.w.org\/{rel}","templated":true}]}}