{"id":8554,"date":"2026-05-11T17:21:36","date_gmt":"2026-05-11T15:21:36","guid":{"rendered":"https:\/\/wp1.sedaozcan.net.tr\/?p=8554"},"modified":"2026-08-06T08:26:48","modified_gmt":"2026-08-06T06:26:48","slug":"bu-ramazan-fitre-zekat-ve-bayram-bagislariniz-otizmli-cocuklarin-gelecegine-donussun","status":"publish","type":"post","link":"https:\/\/wp1.sedaozcan.net.tr\/en\/bu-ramazan-fitre-zekat-ve-bayram-bagislariniz-otizmli-cocuklarin-gelecegine-donussun\/","title":{"rendered":"Bu Ramazan, Fitre, Zek\u00e2t ve Bayram Ba\u011f\u0131\u015flar\u0131n\u0131z Otizmli \u00c7ocuklar\u0131n Gelece\u011fine D\u00f6n\u00fc\u015fs\u00fcn"},"content":{"rendered":"<p class=\"wp-block-paragraph\"><strong>Bu Ramazan, Fitre, Zek\u00e2t ve Bayram Ba\u011f\u0131\u015flar\u0131n\u0131z\u00a0 Otizmli \u00c7ocuklar\u0131n Gelece\u011fine D\u00f6n\u00fc\u015fs\u00fcn<\/strong><\/p>\n\n\n\n<p class=\"wp-block-paragraph\"><strong>Yard\u0131mla\u015fma ve dayan\u0131\u015fman\u0131n en yo\u011fun \u015fekilde ya\u015fand\u0131\u011f\u0131 Ramazan ay\u0131nda yap\u0131lacak fitre, zek\u00e2t ve bayram ba\u011f\u0131\u015flar\u0131, otizmli \u00e7ocuklar\u0131n erken tan\u0131 ile ba\u015flayan yo\u011fun ve s\u00fcrekli \u00f6zel e\u011fitime eri\u015fimini m\u00fcmk\u00fcn k\u0131larak geli\u015fim s\u00fcre\u00e7lerinin desteklenmesine katk\u0131 sa\u011fl\u0131yor.&nbsp;<\/strong><\/p>\n\n\n\n<p class=\"wp-block-paragraph\">Tohum Otizm Vakf\u0131, otizm spektrum bozuklu\u011fu (OSB) tan\u0131s\u0131 alan \u00e7ocuklar, gen\u00e7ler ve aileleri i\u00e7in y\u00fcr\u00fctt\u00fc\u011f\u00fc \u00e7al\u0131\u015fmalar kapsam\u0131nda Ramazan ay\u0131nda yap\u0131lan fitre, zek\u00e2t ve bayram ba\u011f\u0131\u015flar\u0131n\u0131 otizmli \u00f6\u011frencilerin e\u011fitimine d\u00f6n\u00fc\u015ft\u00fcr\u00fcyor. G\u00fcn\u00fcm\u00fczde otizm, her 31 \u00e7ocuktan 1\u2019inde g\u00f6r\u00fcl\u00fcyor. \u00dclkemizde 0\u201318 ya\u015f grubunda yakla\u015f\u0131k 700 bin otizmli \u00e7ocuk bulunmas\u0131na ra\u011fmen, yaln\u0131zca 44 bini nitelikli \u00f6zel e\u011fitime eri\u015febiliyor. Bu, otizmli \u00e7ocuklar\u0131n sadece y\u00fczde 6\u2019s\u0131n\u0131n ihtiya\u00e7 duyduklar\u0131 \u00f6zel e\u011fitimi alabildikleri anlam\u0131na geliyor. Oysa erken ya\u015flarda tan\u0131 almalar\u0131 ve kendileri i\u00e7in bireysel bazda haz\u0131rlanan e\u011fitim programlar\u0131ndan yararlanabilmeleri topluma kazand\u0131r\u0131lmalar\u0131 a\u00e7\u0131s\u0131ndan hayati \u00f6nem ta\u015f\u0131yor. Yap\u0131lacak her ba\u011f\u0131\u015f, bir \u00e7ocu\u011fun ba\u011f\u0131ms\u0131z bir gelece\u011fe bir ad\u0131m daha yakla\u015fmas\u0131 anlam\u0131na geliyor.<\/p>\n\n\n\n<p class=\"wp-block-paragraph\"><strong>Fitre, Zek\u00e2t ve Bayram Ba\u011f\u0131\u015flar\u0131n\u0131zla E\u011fitime Eri\u015fimi Destekleyin<\/strong><\/p>\n\n\n\n<p class=\"wp-block-paragraph\">Otizmde erken tan\u0131 ve nitelikli \u00f6zel e\u011fitim, \u00e7ocuklar\u0131n ileti\u015fim, sosyal etkile\u015fim ve g\u00fcnl\u00fck ya\u015fam becerilerini geli\u015ftirmelerinde kritik rol oynuyor. Ramazan ay\u0131nda yap\u0131lacak ba\u011f\u0131\u015flarla daha fazla otizmli \u00e7ocu\u011fun bireysel e\u011fitim programlar\u0131na eri\u015fmesi, ba\u011f\u0131ms\u0131z ya\u015fam becerilerinin g\u00fc\u00e7lenmesi ve toplumsal hayata kat\u0131l\u0131mlar\u0131n\u0131n desteklenmesi m\u00fcmk\u00fcn oluyor.<\/p>\n\n\n\n<p class=\"wp-block-paragraph\">Yapaca\u011f\u0131n\u0131z fitre, zek\u00e2t ya da bayram ba\u011f\u0131\u015f\u0131; bir \u00e7ocu\u011fun bireysel e\u011fitim seans\u0131na, e\u011fitim materyaline ya da burs deste\u011fine d\u00f6n\u00fc\u015ferek somut bir etki yarat\u0131yor.<\/p>\n\n\n\n<p class=\"wp-block-paragraph\"><strong>Bayramda Anlaml\u0131 Bir \u0130yili\u011fe Ortak Olun<\/strong><\/p>\n\n\n\n<p class=\"wp-block-paragraph\">Ramazan ay\u0131 boyunca otizmli \u00e7ocuklar\u0131n e\u011fitimine destek olmak isteyenler, Tohum Otizm Vakf\u0131\u2019n\u0131n <a href=\"https:\/\/tohumotizm.org.tr\/\"><strong>web<\/strong><\/a> sitesinde yer alan ba\u011f\u0131\u015f b\u00f6l\u00fcm\u00fcndeki <strong>\u201cFitre \u2013 Zek\u00e2t \u2013 Bayram Ba\u011f\u0131\u015f\u0131\u201d<\/strong> se\u00e7ene\u011fi \u00fczerinden katk\u0131da bulunabilir. <strong>\u201cSertifikalar\u201d<\/strong> b\u00f6l\u00fcm\u00fcndeki Bayram Tebri\u011fi Sertifikas\u0131 ile sevdiklerinin bayram kutlamas\u0131n\u0131 anlaml\u0131 bir iyili\u011fe d\u00f6n\u00fc\u015ft\u00fcrebilir, bayram \u00e7ikolatalar\u0131n\u0131&nbsp;<a href=\"https:\/\/www.tohumdukkan.com\/\"><strong>Tohum D\u00fckkan\u2019da<\/strong><\/a><strong>n <\/strong>alarak hem kurumsal hem bireysel hediyeleriyle otizmli \u00e7ocuklar\u0131n e\u011fitimine katk\u0131 sunabilirler.<\/p>\n\n\n\n<p class=\"wp-block-paragraph\"><strong>Ba\u011f\u0131\u015f i\u00e7in: <\/strong>www.tohumotizm.org.tr<\/p>\n\n\n\n<p class=\"wp-block-paragraph\"><strong>Tohum D\u00fckkan i\u00e7in: <\/strong>www.tohumdukkan.com<\/p>","protected":false},"excerpt":{"rendered":"<p>Yard\u0131mla\u015fma ve dayan\u0131\u015fman\u0131n en yo\u011fun \u015fekilde ya\u015fand\u0131\u011f\u0131 Ramazan ay\u0131nda yap\u0131lacak fitre, zek\u00e2t ve bayram ba\u011f\u0131\u015flar\u0131, otizmli \u00e7ocuklar\u0131n erken tan\u0131 ile ba\u015flayan yo\u011fun ve s\u00fcrekli \u00f6zel e\u011fitime eri\u015fimini m\u00fcmk\u00fcn k\u0131larak geli\u015fim s\u00fcre\u00e7lerinin desteklenmesine katk\u0131 sa\u011fl\u0131yor.\u00a0<\/p>","protected":false},"author":1,"featured_media":8555,"comment_status":"open","ping_status":"open","sticky":false,"template":"","format":"standard","meta":{"footnotes":""},"categories":[1],"tags":[],"class_list":["post-8554","post","type-post","status-publish","format-standard","has-post-thumbnail","hentry","category-basin-odasi"],"yoast_head":"<!-- This site is optimized with the Yoast SEO Premium plugin v28.3 (Yoast SEO v28.3) - https:\/\/yoast.com\/product\/yoast-seo-premium-wordpress\/ -->\n<title>Bu Ramazan, Fitre, Zek\u00e2t ve Bayram Ba\u011f\u0131\u015flar\u0131n\u0131z Otizmli \u00c7ocuklar\u0131n Gelece\u011fine D\u00f6n\u00fc\u015fs\u00fcn - Tohum Otizm Vakf\u0131 | Otizmin Tek \u00c7aresi E\u011fitim<\/title>\n<meta name=\"robots\" content=\"index, follow, max-snippet:-1, max-image-preview:large, max-video-preview:-1\" \/>\n<link rel=\"canonical\" href=\"https:\/\/wp1.sedaozcan.net.tr\/en\/bu-ramazan-fitre-zekat-ve-bayram-bagislariniz-otizmli-cocuklarin-gelecegine-donussun\/\" \/>\n<meta property=\"og:locale\" content=\"en_US\" \/>\n<meta property=\"og:type\" content=\"article\" \/>\n<meta property=\"og:title\" content=\"Bu Ramazan, Fitre, Zek\u00e2t ve Bayram Ba\u011f\u0131\u015flar\u0131n\u0131z Otizmli \u00c7ocuklar\u0131n Gelece\u011fine D\u00f6n\u00fc\u015fs\u00fcn\" \/>\n<meta property=\"og:description\" content=\"Yard\u0131mla\u015fma ve dayan\u0131\u015fman\u0131n en yo\u011fun \u015fekilde ya\u015fand\u0131\u011f\u0131 Ramazan ay\u0131nda yap\u0131lacak fitre, zek\u00e2t ve bayram ba\u011f\u0131\u015flar\u0131, otizmli \u00e7ocuklar\u0131n erken tan\u0131 ile ba\u015flayan yo\u011fun ve s\u00fcrekli \u00f6zel e\u011fitime eri\u015fimini m\u00fcmk\u00fcn k\u0131larak geli\u015fim s\u00fcre\u00e7lerinin desteklenmesine katk\u0131 sa\u011fl\u0131yor.\u00a0\" \/>\n<meta property=\"og:url\" content=\"https:\/\/wp1.sedaozcan.net.tr\/en\/bu-ramazan-fitre-zekat-ve-bayram-bagislariniz-otizmli-cocuklarin-gelecegine-donussun\/\" \/>\n<meta property=\"og:site_name\" content=\"Tohum Otizm Vakf\u0131 | Otizmin Tek \u00c7aresi E\u011fitim\" \/>\n<meta property=\"article:published_time\" content=\"2026-05-11T15:21:36+00:00\" \/>\n<meta property=\"article:modified_time\" content=\"2026-08-06T06:26:48+00:00\" \/>\n<meta property=\"og:image\" content=\"https:\/\/wp1.sedaozcan.net.tr\/wp-content\/uploads\/2026\/05\/TOV-Ramazan-Kampanyasi.jpg\" \/>\n\t<meta property=\"og:image:width\" content=\"1200\" \/>\n\t<meta property=\"og:image:height\" content=\"630\" \/>\n\t<meta property=\"og:image:type\" content=\"image\/jpeg\" \/>\n<meta name=\"author\" content=\"Tohum Otizm\" \/>\n<meta name=\"twitter:card\" content=\"summary_large_image\" \/>\n<meta name=\"twitter:label1\" content=\"Written by\" \/>\n\t<meta name=\"twitter:data1\" content=\"Tohum Otizm\" \/>\n\t<meta name=\"twitter:label2\" content=\"Est. reading time\" \/>\n\t<meta name=\"twitter:data2\" content=\"2 minutes\" \/>\n<script type=\"application\/ld+json\" class=\"yoast-schema-graph\">{\"@context\":\"https:\\\/\\\/schema.org\",\"@graph\":[{\"@type\":\"Article\",\"@id\":\"https:\\\/\\\/wp1.sedaozcan.net.tr\\\/bu-ramazan-fitre-zekat-ve-bayram-bagislariniz-otizmli-cocuklarin-gelecegine-donussun\\\/#article\",\"isPartOf\":{\"@id\":\"https:\\\/\\\/wp1.sedaozcan.net.tr\\\/bu-ramazan-fitre-zekat-ve-bayram-bagislariniz-otizmli-cocuklarin-gelecegine-donussun\\\/\"},\"author\":{\"name\":\"Tohum Otizm\",\"@id\":\"https:\\\/\\\/wp1.sedaozcan.net.tr\\\/#\\\/schema\\\/person\\\/c2ea4120b58c7afcac902ba998b1091c\"},\"headline\":\"Bu Ramazan, Fitre, Zek\u00e2t ve Bayram Ba\u011f\u0131\u015flar\u0131n\u0131z Otizmli \u00c7ocuklar\u0131n Gelece\u011fine D\u00f6n\u00fc\u015fs\u00fcn\",\"datePublished\":\"2026-05-11T15:21:36+00:00\",\"dateModified\":\"2026-08-06T06:26:48+00:00\",\"mainEntityOfPage\":{\"@id\":\"https:\\\/\\\/wp1.sedaozcan.net.tr\\\/bu-ramazan-fitre-zekat-ve-bayram-bagislariniz-otizmli-cocuklarin-gelecegine-donussun\\\/\"},\"wordCount\":468,\"commentCount\":0,\"image\":{\"@id\":\"https:\\\/\\\/wp1.sedaozcan.net.tr\\\/bu-ramazan-fitre-zekat-ve-bayram-bagislariniz-otizmli-cocuklarin-gelecegine-donussun\\\/#primaryimage\"},\"thumbnailUrl\":\"https:\\\/\\\/wp1.sedaozcan.net.tr\\\/wp-content\\\/uploads\\\/2026\\\/05\\\/TOV-Ramazan-Kampanyasi.jpg\",\"articleSection\":[\"Bas\u0131n Odas\u0131\"],\"inLanguage\":\"en-US\",\"potentialAction\":[{\"@type\":\"CommentAction\",\"name\":\"Comment\",\"target\":[\"https:\\\/\\\/wp1.sedaozcan.net.tr\\\/bu-ramazan-fitre-zekat-ve-bayram-bagislariniz-otizmli-cocuklarin-gelecegine-donussun\\\/#respond\"]}]},{\"@type\":\"WebPage\",\"@id\":\"https:\\\/\\\/wp1.sedaozcan.net.tr\\\/bu-ramazan-fitre-zekat-ve-bayram-bagislariniz-otizmli-cocuklarin-gelecegine-donussun\\\/\",\"url\":\"https:\\\/\\\/wp1.sedaozcan.net.tr\\\/bu-ramazan-fitre-zekat-ve-bayram-bagislariniz-otizmli-cocuklarin-gelecegine-donussun\\\/\",\"name\":\"Bu Ramazan, Fitre, Zek\u00e2t ve Bayram Ba\u011f\u0131\u015flar\u0131n\u0131z Otizmli \u00c7ocuklar\u0131n Gelece\u011fine D\u00f6n\u00fc\u015fs\u00fcn - Tohum Otizm Vakf\u0131 | Otizmin Tek \u00c7aresi E\u011fitim\",\"isPartOf\":{\"@id\":\"https:\\\/\\\/wp1.sedaozcan.net.tr\\\/#website\"},\"primaryImageOfPage\":{\"@id\":\"https:\\\/\\\/wp1.sedaozcan.net.tr\\\/bu-ramazan-fitre-zekat-ve-bayram-bagislariniz-otizmli-cocuklarin-gelecegine-donussun\\\/#primaryimage\"},\"image\":{\"@id\":\"https:\\\/\\\/wp1.sedaozcan.net.tr\\\/bu-ramazan-fitre-zekat-ve-bayram-bagislariniz-otizmli-cocuklarin-gelecegine-donussun\\\/#primaryimage\"},\"thumbnailUrl\":\"https:\\\/\\\/wp1.sedaozcan.net.tr\\\/wp-content\\\/uploads\\\/2026\\\/05\\\/TOV-Ramazan-Kampanyasi.jpg\",\"datePublished\":\"2026-05-11T15:21:36+00:00\",\"dateModified\":\"2026-08-06T06:26:48+00:00\",\"author\":{\"@id\":\"https:\\\/\\\/wp1.sedaozcan.net.tr\\\/#\\\/schema\\\/person\\\/c2ea4120b58c7afcac902ba998b1091c\"},\"breadcrumb\":{\"@id\":\"https:\\\/\\\/wp1.sedaozcan.net.tr\\\/bu-ramazan-fitre-zekat-ve-bayram-bagislariniz-otizmli-cocuklarin-gelecegine-donussun\\\/#breadcrumb\"},\"inLanguage\":\"en-US\",\"potentialAction\":[{\"@type\":\"ReadAction\",\"target\":[\"https:\\\/\\\/wp1.sedaozcan.net.tr\\\/bu-ramazan-fitre-zekat-ve-bayram-bagislariniz-otizmli-cocuklarin-gelecegine-donussun\\\/\"]}]},{\"@type\":\"ImageObject\",\"inLanguage\":\"en-US\",\"@id\":\"https:\\\/\\\/wp1.sedaozcan.net.tr\\\/bu-ramazan-fitre-zekat-ve-bayram-bagislariniz-otizmli-cocuklarin-gelecegine-donussun\\\/#primaryimage\",\"url\":\"https:\\\/\\\/wp1.sedaozcan.net.tr\\\/wp-content\\\/uploads\\\/2026\\\/05\\\/TOV-Ramazan-Kampanyasi.jpg\",\"contentUrl\":\"https:\\\/\\\/wp1.sedaozcan.net.tr\\\/wp-content\\\/uploads\\\/2026\\\/05\\\/TOV-Ramazan-Kampanyasi.jpg\",\"width\":1200,\"height\":630},{\"@type\":\"BreadcrumbList\",\"@id\":\"https:\\\/\\\/wp1.sedaozcan.net.tr\\\/bu-ramazan-fitre-zekat-ve-bayram-bagislariniz-otizmli-cocuklarin-gelecegine-donussun\\\/#breadcrumb\",\"itemListElement\":[{\"@type\":\"ListItem\",\"position\":1,\"name\":\"Home\",\"item\":\"https:\\\/\\\/wp1.sedaozcan.net.tr\\\/\"},{\"@type\":\"ListItem\",\"position\":2,\"name\":\"Bu Ramazan, Fitre, Zek\u00e2t ve Bayram Ba\u011f\u0131\u015flar\u0131n\u0131z Otizmli \u00c7ocuklar\u0131n Gelece\u011fine D\u00f6n\u00fc\u015fs\u00fcn\"}]},{\"@type\":\"WebSite\",\"@id\":\"https:\\\/\\\/wp1.sedaozcan.net.tr\\\/#website\",\"url\":\"https:\\\/\\\/wp1.sedaozcan.net.tr\\\/\",\"name\":\"Tohum Otizm Vakf\u0131 | Otizmin Tek \u00c7aresi E\u011fitim\",\"description\":\"\",\"potentialAction\":[{\"@type\":\"SearchAction\",\"target\":{\"@type\":\"EntryPoint\",\"urlTemplate\":\"https:\\\/\\\/wp1.sedaozcan.net.tr\\\/?s={search_term_string}\"},\"query-input\":{\"@type\":\"PropertyValueSpecification\",\"valueRequired\":true,\"valueName\":\"search_term_string\"}}],\"inLanguage\":\"en-US\"},{\"@type\":\"Person\",\"@id\":\"https:\\\/\\\/wp1.sedaozcan.net.tr\\\/#\\\/schema\\\/person\\\/c2ea4120b58c7afcac902ba998b1091c\",\"name\":\"Tohum Otizm\",\"image\":{\"@type\":\"ImageObject\",\"inLanguage\":\"en-US\",\"@id\":\"https:\\\/\\\/secure.gravatar.com\\\/avatar\\\/99d08cded734486eef59dabce25065a85303e18d81311c4f5f2bbd3fed82f816?s=96&d=mm&r=g\",\"url\":\"https:\\\/\\\/secure.gravatar.com\\\/avatar\\\/99d08cded734486eef59dabce25065a85303e18d81311c4f5f2bbd3fed82f816?s=96&d=mm&r=g\",\"contentUrl\":\"https:\\\/\\\/secure.gravatar.com\\\/avatar\\\/99d08cded734486eef59dabce25065a85303e18d81311c4f5f2bbd3fed82f816?s=96&d=mm&r=g\",\"caption\":\"Tohum Otizm\"},\"sameAs\":[\"https:\\\/\\\/wp1.sedaozcan.net.tr\"],\"url\":\"https:\\\/\\\/wp1.sedaozcan.net.tr\\\/en\\\/author\\\/admin_3ewju0jt\\\/\"},{\"@type\":\"ImageObject\",\"inLanguage\":\"en-US\",\"@id\":\"https:\\\/\\\/wp1.sedaozcan.net.tr\\\/bu-ramazan-fitre-zekat-ve-bayram-bagislariniz-otizmli-cocuklarin-gelecegine-donussun\\\/#local-main-organization-logo\",\"url\":\"\",\"contentUrl\":\"\",\"caption\":\"Tohum Otizm Vakf\u0131 | Otizmin Tek \u00c7aresi E\u011fitim\"}]}<\/script>\n<!-- \/ Yoast SEO Premium plugin. -->","yoast_head_json":{"title":"Bu Ramazan, Fitre, Zek\u00e2t ve Bayram Ba\u011f\u0131\u015flar\u0131n\u0131z Otizmli \u00c7ocuklar\u0131n Gelece\u011fine D\u00f6n\u00fc\u015fs\u00fcn - Tohum Otizm Vakf\u0131 | Otizmin Tek \u00c7aresi E\u011fitim","robots":{"index":"index","follow":"follow","max-snippet":"max-snippet:-1","max-image-preview":"max-image-preview:large","max-video-preview":"max-video-preview:-1"},"canonical":"https:\/\/wp1.sedaozcan.net.tr\/en\/bu-ramazan-fitre-zekat-ve-bayram-bagislariniz-otizmli-cocuklarin-gelecegine-donussun\/","og_locale":"en_US","og_type":"article","og_title":"Bu Ramazan, Fitre, Zek\u00e2t ve Bayram Ba\u011f\u0131\u015flar\u0131n\u0131z Otizmli \u00c7ocuklar\u0131n Gelece\u011fine D\u00f6n\u00fc\u015fs\u00fcn","og_description":"Yard\u0131mla\u015fma ve dayan\u0131\u015fman\u0131n en yo\u011fun \u015fekilde ya\u015fand\u0131\u011f\u0131 Ramazan ay\u0131nda yap\u0131lacak fitre, zek\u00e2t ve bayram ba\u011f\u0131\u015flar\u0131, otizmli \u00e7ocuklar\u0131n erken tan\u0131 ile ba\u015flayan yo\u011fun ve s\u00fcrekli \u00f6zel e\u011fitime eri\u015fimini m\u00fcmk\u00fcn k\u0131larak geli\u015fim s\u00fcre\u00e7lerinin desteklenmesine katk\u0131 sa\u011fl\u0131yor.\u00a0","og_url":"https:\/\/wp1.sedaozcan.net.tr\/en\/bu-ramazan-fitre-zekat-ve-bayram-bagislariniz-otizmli-cocuklarin-gelecegine-donussun\/","og_site_name":"Tohum Otizm Vakf\u0131 | Otizmin Tek \u00c7aresi E\u011fitim","article_published_time":"2026-05-11T15:21:36+00:00","article_modified_time":"2026-08-06T06:26:48+00:00","og_image":[{"width":1200,"height":630,"url":"https:\/\/wp1.sedaozcan.net.tr\/wp-content\/uploads\/2026\/05\/TOV-Ramazan-Kampanyasi.jpg","type":"image\/jpeg"}],"author":"Tohum Otizm","twitter_card":"summary_large_image","twitter_misc":{"Written by":"Tohum Otizm","Est. reading time":"2 minutes"},"schema":{"@context":"https:\/\/schema.org","@graph":[{"@type":"Article","@id":"https:\/\/wp1.sedaozcan.net.tr\/bu-ramazan-fitre-zekat-ve-bayram-bagislariniz-otizmli-cocuklarin-gelecegine-donussun\/#article","isPartOf":{"@id":"https:\/\/wp1.sedaozcan.net.tr\/bu-ramazan-fitre-zekat-ve-bayram-bagislariniz-otizmli-cocuklarin-gelecegine-donussun\/"},"author":{"name":"Tohum Otizm","@id":"https:\/\/wp1.sedaozcan.net.tr\/#\/schema\/person\/c2ea4120b58c7afcac902ba998b1091c"},"headline":"Bu Ramazan, Fitre, Zek\u00e2t ve Bayram Ba\u011f\u0131\u015flar\u0131n\u0131z Otizmli \u00c7ocuklar\u0131n Gelece\u011fine D\u00f6n\u00fc\u015fs\u00fcn","datePublished":"2026-05-11T15:21:36+00:00","dateModified":"2026-08-06T06:26:48+00:00","mainEntityOfPage":{"@id":"https:\/\/wp1.sedaozcan.net.tr\/bu-ramazan-fitre-zekat-ve-bayram-bagislariniz-otizmli-cocuklarin-gelecegine-donussun\/"},"wordCount":468,"commentCount":0,"image":{"@id":"https:\/\/wp1.sedaozcan.net.tr\/bu-ramazan-fitre-zekat-ve-bayram-bagislariniz-otizmli-cocuklarin-gelecegine-donussun\/#primaryimage"},"thumbnailUrl":"https:\/\/wp1.sedaozcan.net.tr\/wp-content\/uploads\/2026\/05\/TOV-Ramazan-Kampanyasi.jpg","articleSection":["Bas\u0131n Odas\u0131"],"inLanguage":"en-US","potentialAction":[{"@type":"CommentAction","name":"Comment","target":["https:\/\/wp1.sedaozcan.net.tr\/bu-ramazan-fitre-zekat-ve-bayram-bagislariniz-otizmli-cocuklarin-gelecegine-donussun\/#respond"]}]},{"@type":"WebPage","@id":"https:\/\/wp1.sedaozcan.net.tr\/bu-ramazan-fitre-zekat-ve-bayram-bagislariniz-otizmli-cocuklarin-gelecegine-donussun\/","url":"https:\/\/wp1.sedaozcan.net.tr\/bu-ramazan-fitre-zekat-ve-bayram-bagislariniz-otizmli-cocuklarin-gelecegine-donussun\/","name":"Bu Ramazan, Fitre, Zek\u00e2t ve Bayram Ba\u011f\u0131\u015flar\u0131n\u0131z Otizmli \u00c7ocuklar\u0131n Gelece\u011fine D\u00f6n\u00fc\u015fs\u00fcn - Tohum Otizm Vakf\u0131 | Otizmin Tek \u00c7aresi E\u011fitim","isPartOf":{"@id":"https:\/\/wp1.sedaozcan.net.tr\/#website"},"primaryImageOfPage":{"@id":"https:\/\/wp1.sedaozcan.net.tr\/bu-ramazan-fitre-zekat-ve-bayram-bagislariniz-otizmli-cocuklarin-gelecegine-donussun\/#primaryimage"},"image":{"@id":"https:\/\/wp1.sedaozcan.net.tr\/bu-ramazan-fitre-zekat-ve-bayram-bagislariniz-otizmli-cocuklarin-gelecegine-donussun\/#primaryimage"},"thumbnailUrl":"https:\/\/wp1.sedaozcan.net.tr\/wp-content\/uploads\/2026\/05\/TOV-Ramazan-Kampanyasi.jpg","datePublished":"2026-05-11T15:21:36+00:00","dateModified":"2026-08-06T06:26:48+00:00","author":{"@id":"https:\/\/wp1.sedaozcan.net.tr\/#\/schema\/person\/c2ea4120b58c7afcac902ba998b1091c"},"breadcrumb":{"@id":"https:\/\/wp1.sedaozcan.net.tr\/bu-ramazan-fitre-zekat-ve-bayram-bagislariniz-otizmli-cocuklarin-gelecegine-donussun\/#breadcrumb"},"inLanguage":"en-US","potentialAction":[{"@type":"ReadAction","target":["https:\/\/wp1.sedaozcan.net.tr\/bu-ramazan-fitre-zekat-ve-bayram-bagislariniz-otizmli-cocuklarin-gelecegine-donussun\/"]}]},{"@type":"ImageObject","inLanguage":"en-US","@id":"https:\/\/wp1.sedaozcan.net.tr\/bu-ramazan-fitre-zekat-ve-bayram-bagislariniz-otizmli-cocuklarin-gelecegine-donussun\/#primaryimage","url":"https:\/\/wp1.sedaozcan.net.tr\/wp-content\/uploads\/2026\/05\/TOV-Ramazan-Kampanyasi.jpg","contentUrl":"https:\/\/wp1.sedaozcan.net.tr\/wp-content\/uploads\/2026\/05\/TOV-Ramazan-Kampanyasi.jpg","width":1200,"height":630},{"@type":"BreadcrumbList","@id":"https:\/\/wp1.sedaozcan.net.tr\/bu-ramazan-fitre-zekat-ve-bayram-bagislariniz-otizmli-cocuklarin-gelecegine-donussun\/#breadcrumb","itemListElement":[{"@type":"ListItem","position":1,"name":"Home","item":"https:\/\/wp1.sedaozcan.net.tr\/"},{"@type":"ListItem","position":2,"name":"Bu Ramazan, Fitre, Zek\u00e2t ve Bayram Ba\u011f\u0131\u015flar\u0131n\u0131z Otizmli \u00c7ocuklar\u0131n Gelece\u011fine D\u00f6n\u00fc\u015fs\u00fcn"}]},{"@type":"WebSite","@id":"https:\/\/wp1.sedaozcan.net.tr\/#website","url":"https:\/\/wp1.sedaozcan.net.tr\/","name":"Tohum Autism Foundation | The Only Remedy for Autism is Education","description":"","potentialAction":[{"@type":"SearchAction","target":{"@type":"EntryPoint","urlTemplate":"https:\/\/wp1.sedaozcan.net.tr\/?s={search_term_string}"},"query-input":{"@type":"PropertyValueSpecification","valueRequired":true,"valueName":"search_term_string"}}],"inLanguage":"en-US"},{"@type":"Person","@id":"https:\/\/wp1.sedaozcan.net.tr\/#\/schema\/person\/c2ea4120b58c7afcac902ba998b1091c","name":"Tohum Otizm","image":{"@type":"ImageObject","inLanguage":"en-US","@id":"https:\/\/secure.gravatar.com\/avatar\/99d08cded734486eef59dabce25065a85303e18d81311c4f5f2bbd3fed82f816?s=96&d=mm&r=g","url":"https:\/\/secure.gravatar.com\/avatar\/99d08cded734486eef59dabce25065a85303e18d81311c4f5f2bbd3fed82f816?s=96&d=mm&r=g","contentUrl":"https:\/\/secure.gravatar.com\/avatar\/99d08cded734486eef59dabce25065a85303e18d81311c4f5f2bbd3fed82f816?s=96&d=mm&r=g","caption":"Tohum Otizm"},"sameAs":["https:\/\/wp1.sedaozcan.net.tr"],"url":"https:\/\/wp1.sedaozcan.net.tr\/en\/author\/admin_3ewju0jt\/"},{"@type":"ImageObject","inLanguage":"en-US","@id":"https:\/\/wp1.sedaozcan.net.tr\/bu-ramazan-fitre-zekat-ve-bayram-bagislariniz-otizmli-cocuklarin-gelecegine-donussun\/#local-main-organization-logo","url":"","contentUrl":"","caption":"Tohum Otizm Vakf\u0131 | Otizmin Tek \u00c7aresi E\u011fitim"}]}},"_links":{"self":[{"href":"https:\/\/wp1.sedaozcan.net.tr\/en\/wp-json\/wp\/v2\/posts\/8554","targetHints":{"allow":["GET"]}}],"collection":[{"href":"https:\/\/wp1.sedaozcan.net.tr\/en\/wp-json\/wp\/v2\/posts"}],"about":[{"href":"https:\/\/wp1.sedaozcan.net.tr\/en\/wp-json\/wp\/v2\/types\/post"}],"author":[{"embeddable":true,"href":"https:\/\/wp1.sedaozcan.net.tr\/en\/wp-json\/wp\/v2\/users\/1"}],"replies":[{"embeddable":true,"href":"https:\/\/wp1.sedaozcan.net.tr\/en\/wp-json\/wp\/v2\/comments?post=8554"}],"version-history":[{"count":3,"href":"https:\/\/wp1.sedaozcan.net.tr\/en\/wp-json\/wp\/v2\/posts\/8554\/revisions"}],"predecessor-version":[{"id":9563,"href":"https:\/\/wp1.sedaozcan.net.tr\/en\/wp-json\/wp\/v2\/posts\/8554\/revisions\/9563"}],"wp:featuredmedia":[{"embeddable":true,"href":"https:\/\/wp1.sedaozcan.net.tr\/en\/wp-json\/wp\/v2\/media\/8555"}],"wp:attachment":[{"href":"https:\/\/wp1.sedaozcan.net.tr\/en\/wp-json\/wp\/v2\/media?parent=8554"}],"wp:term":[{"taxonomy":"category","embeddable":true,"href":"https:\/\/wp1.sedaozcan.net.tr\/en\/wp-json\/wp\/v2\/categories?post=8554"},{"taxonomy":"post_tag","embeddable":true,"href":"https:\/\/wp1.sedaozcan.net.tr\/en\/wp-json\/wp\/v2\/tags?post=8554"}],"curies":[{"name":"wp","href":"https:\/\/api.w.org\/{rel}","templated":true}]}}