{"id":8551,"date":"2026-05-11T17:20:40","date_gmt":"2026-05-11T15:20:40","guid":{"rendered":"https:\/\/wp1.sedaozcan.net.tr\/?p=8551"},"modified":"2026-08-06T08:27:22","modified_gmt":"2026-08-06T06:27:22","slug":"hatayda-iki-ozel-egitim-sinifi-tohum-otizm-vakfi-ve-saint-joseph-fransiz-lisesi-destegiyle-yenilendi","status":"publish","type":"post","link":"https:\/\/wp1.sedaozcan.net.tr\/en\/hatayda-iki-ozel-egitim-sinifi-tohum-otizm-vakfi-ve-saint-joseph-fransiz-lisesi-destegiyle-yenilendi\/","title":{"rendered":"Hatay\u2019da \u0130ki \u00d6zel E\u011fitim S\u0131n\u0131f\u0131 Tohum Otizm Vakf\u0131 ve Saint-Joseph Frans\u0131z Lisesi Deste\u011fiyle Yenilendi"},"content":{"rendered":"<p class=\"wp-block-paragraph\"><strong>BASIN B\u00dcLTEN\u0130 &nbsp; &nbsp; &nbsp; &nbsp; &nbsp; &nbsp; &nbsp; &nbsp; &nbsp; &nbsp; &nbsp; &nbsp; &nbsp; &nbsp; &nbsp; &nbsp; 17 \u015eubat 2026<\/strong><\/p>\n\n\n\n<p class=\"wp-block-paragraph\"><strong>Hatay\u2019da \u0130ki \u00d6zel E\u011fitim S\u0131n\u0131f\u0131 Tohum Otizm Vakf\u0131 ve Saint-Joseph Frans\u0131z Lisesi Deste\u011fiyle Yenilendi<\/strong><\/p>\n\n\n\n<p class=\"wp-block-paragraph\">Tohum Otizm Vakf\u0131\u2019n\u0131n Milli E\u011fitim Bakanl\u0131\u011f\u0131 i\u015f birli\u011fiyle y\u00fcr\u00fctt\u00fc\u011f\u00fc <strong>\u201cHer S\u0131n\u0131f Bir Tohum\u201d<\/strong> projesi kapsam\u0131nda, \u0130stanbul Saint-Joseph Frans\u0131z Lisesi\u2019nin deste\u011fiyle Hatay\u2019\u0131n Defne il\u00e7esinde iki \u00f6zel e\u011fitim s\u0131n\u0131f\u0131 yenilenerek \u00f6\u011frencilerin kullan\u0131m\u0131na sunuldu.Hatay Defne Mehmet Fehmi \u00c7ankaya \u0130lkokulu ve Sevsen Nevzat \u015eahin Ortaokulu\u2019nda tamamlanan \u00e7al\u0131\u015fmalarla birlikte proje, T\u00fcrkiye genelinde 225. \u00f6zel e\u011fitim s\u0131n\u0131f\u0131na ula\u015ft\u0131.&nbsp;<\/p>\n\n\n\n<p class=\"wp-block-paragraph\">Otizm spektrum bozuklu\u011fu (OSB) tan\u0131s\u0131 alan \u00f6\u011frencilerin e\u011fitim ortamlar\u0131n\u0131 iyile\u015ftirmeyi ama\u00e7layan proje kapsam\u0131nda yenilenen s\u0131n\u0131flar, \u00f6\u011frencilerin bireysel \u00f6\u011frenme ihtiya\u00e7lar\u0131na uygun \u00f6zel e\u011fitim materyalleri ve destekleyici e\u011fitim ara\u00e7lar\u0131yla donat\u0131ld\u0131. Bu d\u00fczenlemelerle otizmli \u00f6\u011frencilerin dikkat, ileti\u015fim ve sosyal etkile\u015fim becerilerinin desteklenmesi hedeflenirken, \u00f6\u011fretmenler ve aileler i\u00e7in de bilgilendirici \u00e7al\u0131\u015fmalar planland\u0131.&nbsp;<\/p>\n\n\n\n<p class=\"wp-block-paragraph\"><strong>S\u00fcrd\u00fcr\u00fclebilir destek: Saint-Joseph Frans\u0131z Lisesi projeye katk\u0131lar\u0131n\u0131 b\u00fcy\u00fct\u00fcyor<\/strong><\/p>\n\n\n\n<p class=\"wp-block-paragraph\">\u0130stanbul Saint-Joseph Frans\u0131z Lisesi, \u201cHer S\u0131n\u0131f Bir Tohum\u201d projesi kapsam\u0131nda sa\u011flad\u0131\u011f\u0131 katk\u0131larla bug\u00fcne kadar <strong>toplam 10 \u00f6zel e\u011fitim s\u0131n\u0131f\u0131n\u0131n yenilenmesine destek verdi<\/strong>. Hatay\u2019da yenilenen bu iki yeni s\u0131n\u0131f ile birlikte okul, kapsay\u0131c\u0131 e\u011fitime y\u00f6nelik \u00e7al\u0131\u015fmalar\u0131n\u0131 s\u00fcrd\u00fcrmeye devam ediyor. &nbsp;<\/p>\n\n\n\n<p class=\"wp-block-paragraph\"><strong>Yenilenen s\u0131n\u0131flar d\u00fczenlenen t\u00f6renle \u00f6\u011frencilerin kullan\u0131m\u0131na sunuldu<\/strong><\/p>\n\n\n\n<p class=\"wp-block-paragraph\">Hatay Defne\u2019de d\u00fczenlenen s\u0131n\u0131f a\u00e7\u0131l\u0131\u015f t\u00f6renine <strong>XX<\/strong> kat\u0131larak \u00f6zel e\u011fitim alan\u0131nda y\u00fcr\u00fct\u00fclen \u00e7al\u0131\u015fmalara destek verdi. Tohum Otizm Vakf\u0131 ad\u0131na t\u00f6rene <strong>XX<\/strong> ve vak\u0131f yetkilileri kat\u0131l\u0131rken, projeye destek veren \u0130stanbul Saint-Joseph Frans\u0131z Lisesi\u2019ni temsilen <strong>XX<\/strong> t\u00f6rende yer ald\u0131. T\u00f6ren kapsam\u0131nda, kat\u0131l\u0131mc\u0131lar s\u0131n\u0131flar\u0131 gezerek bu \u00f6zel donan\u0131ml\u0131 e\u011fitim alanlar\u0131 hakk\u0131nda bilgi ald\u0131.<strong>&nbsp;<\/strong><\/p>\n\n\n\n<p class=\"wp-block-paragraph\"><strong>Her \u201cHer S\u0131n\u0131f Bir Tohum\u201d projesi b\u00fcy\u00fcmeye devam ediyor<\/strong><\/p>\n\n\n\n<p class=\"wp-block-paragraph\">2009 y\u0131l\u0131ndan bu yana y\u00fcr\u00fct\u00fclen \u201cHer S\u0131n\u0131f Bir Tohum\u201d projesiyle Milli E\u011fitim Bakanl\u0131\u011f\u0131\u2019na ba\u011fl\u0131 genel e\u011fitim okullar\u0131ndaki \u00f6zel e\u011fitim s\u0131n\u0131flar\u0131, \u00f6zel e\u011fitim uygulama okullar\u0131 ve \u00f6zel e\u011fitim anaokullar\u0131na, \u00f6\u011frencilerin bireysel ihtiya\u00e7lar\u0131na uygun \u00f6zel e\u011fitim materyalleri sa\u011flan\u0131yor. Proje kapsam\u0131nda \u00f6\u011fretmenlere, \u00f6\u011frenci ailelerine, akranlar\u0131na ve okul y\u00f6netimine e\u011fitimler veriliyor.&nbsp;<\/p>\n\n\n\n<p class=\"wp-block-paragraph\">\u015eimdiye kadar 46 ilde 225 s\u0131n\u0131f\u0131n yenilendi\u011fi proje kapsam\u0131nda, \u00f6\u011fretmenlerin bilgilerinin g\u00fcncellenmesi ve geri bildirimlerinin de\u011ferlendirilmesi amac\u0131yla olu\u015fturulan &#8220;\u00f6\u011fretmen a\u011f\u0131&#8221; sayesinde \u00f6\u011fretmenlere s\u00fcrekli ileti\u015fim ve destek sa\u011flan\u0131yor. 6 \u015eubat depremleri sonras\u0131nda da proje kapsam\u0131nda Adana, Ad\u0131yaman, Hatay, Kahramanmara\u015f, Gaziantep ve Malatya\u2019da 38 \u00f6zel e\u011fitim s\u0131n\u0131f\u0131na destek verilerek e\u011fitim ortamlar\u0131 iyile\u015ftirildi.<\/p>","protected":false},"excerpt":{"rendered":"<p>Tohum Otizm Vakf\u0131\u2019n\u0131n Milli E\u011fitim Bakanl\u0131\u011f\u0131 i\u015f birli\u011fiyle y\u00fcr\u00fctt\u00fc\u011f\u00fc \u201cHer S\u0131n\u0131f Bir Tohum\u201d projesi kapsam\u0131nda, \u0130stanbul Saint-Joseph Frans\u0131z Lisesi\u2019nin deste\u011fiyle Hatay\u2019\u0131n Defne il\u00e7esinde iki \u00f6zel e\u011fitim s\u0131n\u0131f\u0131 yenilenerek \u00f6\u011frencilerin kullan\u0131m\u0131na sunuldu.Hatay Defne Mehmet Fehmi \u00c7ankaya \u0130lkokulu ve Sevsen Nevzat \u015eahin Ortaokulu\u2019nda tamamlanan \u00e7al\u0131\u015fmalarla birlikte proje, T\u00fcrkiye genelinde 225. \u00f6zel e\u011fitim s\u0131n\u0131f\u0131na ula\u015ft\u0131.\u00a0<\/p>","protected":false},"author":1,"featured_media":8552,"comment_status":"open","ping_status":"open","sticky":false,"template":"","format":"standard","meta":{"footnotes":""},"categories":[1],"tags":[],"class_list":["post-8551","post","type-post","status-publish","format-standard","has-post-thumbnail","hentry","category-basin-odasi"],"yoast_head":"<!-- This site is optimized with the Yoast SEO Premium plugin v28.3 (Yoast SEO v28.3) - https:\/\/yoast.com\/product\/yoast-seo-premium-wordpress\/ -->\n<title>Hatay\u2019da \u0130ki \u00d6zel E\u011fitim S\u0131n\u0131f\u0131 Tohum Otizm Vakf\u0131 ve Saint-Joseph Frans\u0131z Lisesi Deste\u011fiyle Yenilendi - Tohum Otizm Vakf\u0131 | Otizmin Tek \u00c7aresi E\u011fitim<\/title>\n<meta name=\"robots\" content=\"index, follow, max-snippet:-1, max-image-preview:large, max-video-preview:-1\" \/>\n<link rel=\"canonical\" href=\"https:\/\/wp1.sedaozcan.net.tr\/en\/hatayda-iki-ozel-egitim-sinifi-tohum-otizm-vakfi-ve-saint-joseph-fransiz-lisesi-destegiyle-yenilendi\/\" \/>\n<meta property=\"og:locale\" content=\"en_US\" \/>\n<meta property=\"og:type\" content=\"article\" \/>\n<meta property=\"og:title\" content=\"Hatay\u2019da \u0130ki \u00d6zel E\u011fitim S\u0131n\u0131f\u0131 Tohum Otizm Vakf\u0131 ve Saint-Joseph Frans\u0131z Lisesi Deste\u011fiyle Yenilendi\" \/>\n<meta property=\"og:description\" content=\"Tohum Otizm Vakf\u0131\u2019n\u0131n Milli E\u011fitim Bakanl\u0131\u011f\u0131 i\u015f birli\u011fiyle y\u00fcr\u00fctt\u00fc\u011f\u00fc \u201cHer S\u0131n\u0131f Bir Tohum\u201d projesi kapsam\u0131nda, \u0130stanbul Saint-Joseph Frans\u0131z Lisesi\u2019nin deste\u011fiyle Hatay\u2019\u0131n Defne il\u00e7esinde iki \u00f6zel e\u011fitim s\u0131n\u0131f\u0131 yenilenerek \u00f6\u011frencilerin kullan\u0131m\u0131na sunuldu.Hatay Defne Mehmet Fehmi \u00c7ankaya \u0130lkokulu ve Sevsen Nevzat \u015eahin Ortaokulu\u2019nda tamamlanan \u00e7al\u0131\u015fmalarla birlikte proje, T\u00fcrkiye genelinde 225. \u00f6zel e\u011fitim s\u0131n\u0131f\u0131na ula\u015ft\u0131.\u00a0\" \/>\n<meta property=\"og:url\" content=\"https:\/\/wp1.sedaozcan.net.tr\/en\/hatayda-iki-ozel-egitim-sinifi-tohum-otizm-vakfi-ve-saint-joseph-fransiz-lisesi-destegiyle-yenilendi\/\" \/>\n<meta property=\"og:site_name\" content=\"Tohum Otizm Vakf\u0131 | Otizmin Tek \u00c7aresi E\u011fitim\" \/>\n<meta property=\"article:published_time\" content=\"2026-05-11T15:20:40+00:00\" \/>\n<meta property=\"article:modified_time\" content=\"2026-08-06T06:27:22+00:00\" \/>\n<meta property=\"og:image\" content=\"https:\/\/wp1.sedaozcan.net.tr\/wp-content\/uploads\/2026\/05\/1-ORTAOKUL.jpeg\" \/>\n\t<meta property=\"og:image:width\" content=\"1600\" \/>\n\t<meta property=\"og:image:height\" content=\"1200\" \/>\n\t<meta property=\"og:image:type\" content=\"image\/jpeg\" \/>\n<meta name=\"author\" content=\"Tohum Otizm\" \/>\n<meta name=\"twitter:card\" content=\"summary_large_image\" \/>\n<meta name=\"twitter:label1\" content=\"Written by\" \/>\n\t<meta name=\"twitter:data1\" content=\"Tohum Otizm\" \/>\n\t<meta name=\"twitter:label2\" content=\"Est. reading time\" \/>\n\t<meta name=\"twitter:data2\" content=\"3 minutes\" \/>\n<script type=\"application\/ld+json\" class=\"yoast-schema-graph\">{\"@context\":\"https:\\\/\\\/schema.org\",\"@graph\":[{\"@type\":\"Article\",\"@id\":\"https:\\\/\\\/wp1.sedaozcan.net.tr\\\/hatayda-iki-ozel-egitim-sinifi-tohum-otizm-vakfi-ve-saint-joseph-fransiz-lisesi-destegiyle-yenilendi\\\/#article\",\"isPartOf\":{\"@id\":\"https:\\\/\\\/wp1.sedaozcan.net.tr\\\/hatayda-iki-ozel-egitim-sinifi-tohum-otizm-vakfi-ve-saint-joseph-fransiz-lisesi-destegiyle-yenilendi\\\/\"},\"author\":{\"name\":\"Tohum Otizm\",\"@id\":\"https:\\\/\\\/wp1.sedaozcan.net.tr\\\/#\\\/schema\\\/person\\\/c2ea4120b58c7afcac902ba998b1091c\"},\"headline\":\"Hatay\u2019da \u0130ki \u00d6zel E\u011fitim S\u0131n\u0131f\u0131 Tohum Otizm Vakf\u0131 ve Saint-Joseph Frans\u0131z Lisesi Deste\u011fiyle Yenilendi\",\"datePublished\":\"2026-05-11T15:20:40+00:00\",\"dateModified\":\"2026-08-06T06:27:22+00:00\",\"mainEntityOfPage\":{\"@id\":\"https:\\\/\\\/wp1.sedaozcan.net.tr\\\/hatayda-iki-ozel-egitim-sinifi-tohum-otizm-vakfi-ve-saint-joseph-fransiz-lisesi-destegiyle-yenilendi\\\/\"},\"wordCount\":538,\"commentCount\":0,\"image\":{\"@id\":\"https:\\\/\\\/wp1.sedaozcan.net.tr\\\/hatayda-iki-ozel-egitim-sinifi-tohum-otizm-vakfi-ve-saint-joseph-fransiz-lisesi-destegiyle-yenilendi\\\/#primaryimage\"},\"thumbnailUrl\":\"https:\\\/\\\/wp1.sedaozcan.net.tr\\\/wp-content\\\/uploads\\\/2026\\\/05\\\/1-ORTAOKUL.jpeg\",\"articleSection\":[\"Bas\u0131n Odas\u0131\"],\"inLanguage\":\"en-US\",\"potentialAction\":[{\"@type\":\"CommentAction\",\"name\":\"Comment\",\"target\":[\"https:\\\/\\\/wp1.sedaozcan.net.tr\\\/hatayda-iki-ozel-egitim-sinifi-tohum-otizm-vakfi-ve-saint-joseph-fransiz-lisesi-destegiyle-yenilendi\\\/#respond\"]}]},{\"@type\":\"WebPage\",\"@id\":\"https:\\\/\\\/wp1.sedaozcan.net.tr\\\/hatayda-iki-ozel-egitim-sinifi-tohum-otizm-vakfi-ve-saint-joseph-fransiz-lisesi-destegiyle-yenilendi\\\/\",\"url\":\"https:\\\/\\\/wp1.sedaozcan.net.tr\\\/hatayda-iki-ozel-egitim-sinifi-tohum-otizm-vakfi-ve-saint-joseph-fransiz-lisesi-destegiyle-yenilendi\\\/\",\"name\":\"Hatay\u2019da \u0130ki \u00d6zel E\u011fitim S\u0131n\u0131f\u0131 Tohum Otizm Vakf\u0131 ve Saint-Joseph Frans\u0131z Lisesi Deste\u011fiyle Yenilendi - Tohum Otizm Vakf\u0131 | Otizmin Tek \u00c7aresi E\u011fitim\",\"isPartOf\":{\"@id\":\"https:\\\/\\\/wp1.sedaozcan.net.tr\\\/#website\"},\"primaryImageOfPage\":{\"@id\":\"https:\\\/\\\/wp1.sedaozcan.net.tr\\\/hatayda-iki-ozel-egitim-sinifi-tohum-otizm-vakfi-ve-saint-joseph-fransiz-lisesi-destegiyle-yenilendi\\\/#primaryimage\"},\"image\":{\"@id\":\"https:\\\/\\\/wp1.sedaozcan.net.tr\\\/hatayda-iki-ozel-egitim-sinifi-tohum-otizm-vakfi-ve-saint-joseph-fransiz-lisesi-destegiyle-yenilendi\\\/#primaryimage\"},\"thumbnailUrl\":\"https:\\\/\\\/wp1.sedaozcan.net.tr\\\/wp-content\\\/uploads\\\/2026\\\/05\\\/1-ORTAOKUL.jpeg\",\"datePublished\":\"2026-05-11T15:20:40+00:00\",\"dateModified\":\"2026-08-06T06:27:22+00:00\",\"author\":{\"@id\":\"https:\\\/\\\/wp1.sedaozcan.net.tr\\\/#\\\/schema\\\/person\\\/c2ea4120b58c7afcac902ba998b1091c\"},\"breadcrumb\":{\"@id\":\"https:\\\/\\\/wp1.sedaozcan.net.tr\\\/hatayda-iki-ozel-egitim-sinifi-tohum-otizm-vakfi-ve-saint-joseph-fransiz-lisesi-destegiyle-yenilendi\\\/#breadcrumb\"},\"inLanguage\":\"en-US\",\"potentialAction\":[{\"@type\":\"ReadAction\",\"target\":[\"https:\\\/\\\/wp1.sedaozcan.net.tr\\\/hatayda-iki-ozel-egitim-sinifi-tohum-otizm-vakfi-ve-saint-joseph-fransiz-lisesi-destegiyle-yenilendi\\\/\"]}]},{\"@type\":\"ImageObject\",\"inLanguage\":\"en-US\",\"@id\":\"https:\\\/\\\/wp1.sedaozcan.net.tr\\\/hatayda-iki-ozel-egitim-sinifi-tohum-otizm-vakfi-ve-saint-joseph-fransiz-lisesi-destegiyle-yenilendi\\\/#primaryimage\",\"url\":\"https:\\\/\\\/wp1.sedaozcan.net.tr\\\/wp-content\\\/uploads\\\/2026\\\/05\\\/1-ORTAOKUL.jpeg\",\"contentUrl\":\"https:\\\/\\\/wp1.sedaozcan.net.tr\\\/wp-content\\\/uploads\\\/2026\\\/05\\\/1-ORTAOKUL.jpeg\",\"width\":1600,\"height\":1200},{\"@type\":\"BreadcrumbList\",\"@id\":\"https:\\\/\\\/wp1.sedaozcan.net.tr\\\/hatayda-iki-ozel-egitim-sinifi-tohum-otizm-vakfi-ve-saint-joseph-fransiz-lisesi-destegiyle-yenilendi\\\/#breadcrumb\",\"itemListElement\":[{\"@type\":\"ListItem\",\"position\":1,\"name\":\"Home\",\"item\":\"https:\\\/\\\/wp1.sedaozcan.net.tr\\\/\"},{\"@type\":\"ListItem\",\"position\":2,\"name\":\"Hatay\u2019da \u0130ki \u00d6zel E\u011fitim S\u0131n\u0131f\u0131 Tohum Otizm Vakf\u0131 ve Saint-Joseph Frans\u0131z Lisesi Deste\u011fiyle Yenilendi\"}]},{\"@type\":\"WebSite\",\"@id\":\"https:\\\/\\\/wp1.sedaozcan.net.tr\\\/#website\",\"url\":\"https:\\\/\\\/wp1.sedaozcan.net.tr\\\/\",\"name\":\"Tohum Otizm Vakf\u0131 | Otizmin Tek \u00c7aresi E\u011fitim\",\"description\":\"\",\"potentialAction\":[{\"@type\":\"SearchAction\",\"target\":{\"@type\":\"EntryPoint\",\"urlTemplate\":\"https:\\\/\\\/wp1.sedaozcan.net.tr\\\/?s={search_term_string}\"},\"query-input\":{\"@type\":\"PropertyValueSpecification\",\"valueRequired\":true,\"valueName\":\"search_term_string\"}}],\"inLanguage\":\"en-US\"},{\"@type\":\"Person\",\"@id\":\"https:\\\/\\\/wp1.sedaozcan.net.tr\\\/#\\\/schema\\\/person\\\/c2ea4120b58c7afcac902ba998b1091c\",\"name\":\"Tohum Otizm\",\"image\":{\"@type\":\"ImageObject\",\"inLanguage\":\"en-US\",\"@id\":\"https:\\\/\\\/secure.gravatar.com\\\/avatar\\\/99d08cded734486eef59dabce25065a85303e18d81311c4f5f2bbd3fed82f816?s=96&d=mm&r=g\",\"url\":\"https:\\\/\\\/secure.gravatar.com\\\/avatar\\\/99d08cded734486eef59dabce25065a85303e18d81311c4f5f2bbd3fed82f816?s=96&d=mm&r=g\",\"contentUrl\":\"https:\\\/\\\/secure.gravatar.com\\\/avatar\\\/99d08cded734486eef59dabce25065a85303e18d81311c4f5f2bbd3fed82f816?s=96&d=mm&r=g\",\"caption\":\"Tohum Otizm\"},\"sameAs\":[\"https:\\\/\\\/wp1.sedaozcan.net.tr\"],\"url\":\"https:\\\/\\\/wp1.sedaozcan.net.tr\\\/en\\\/author\\\/admin_3ewju0jt\\\/\"},{\"@type\":\"ImageObject\",\"inLanguage\":\"en-US\",\"@id\":\"https:\\\/\\\/wp1.sedaozcan.net.tr\\\/hatayda-iki-ozel-egitim-sinifi-tohum-otizm-vakfi-ve-saint-joseph-fransiz-lisesi-destegiyle-yenilendi\\\/#local-main-organization-logo\",\"url\":\"\",\"contentUrl\":\"\",\"caption\":\"Tohum Otizm Vakf\u0131 | Otizmin Tek \u00c7aresi E\u011fitim\"}]}<\/script>\n<!-- \/ Yoast SEO Premium plugin. -->","yoast_head_json":{"title":"Hatay\u2019da \u0130ki \u00d6zel E\u011fitim S\u0131n\u0131f\u0131 Tohum Otizm Vakf\u0131 ve Saint-Joseph Frans\u0131z Lisesi Deste\u011fiyle Yenilendi - Tohum Otizm Vakf\u0131 | Otizmin Tek \u00c7aresi E\u011fitim","robots":{"index":"index","follow":"follow","max-snippet":"max-snippet:-1","max-image-preview":"max-image-preview:large","max-video-preview":"max-video-preview:-1"},"canonical":"https:\/\/wp1.sedaozcan.net.tr\/en\/hatayda-iki-ozel-egitim-sinifi-tohum-otizm-vakfi-ve-saint-joseph-fransiz-lisesi-destegiyle-yenilendi\/","og_locale":"en_US","og_type":"article","og_title":"Hatay\u2019da \u0130ki \u00d6zel E\u011fitim S\u0131n\u0131f\u0131 Tohum Otizm Vakf\u0131 ve Saint-Joseph Frans\u0131z Lisesi Deste\u011fiyle Yenilendi","og_description":"Tohum Otizm Vakf\u0131\u2019n\u0131n Milli E\u011fitim Bakanl\u0131\u011f\u0131 i\u015f birli\u011fiyle y\u00fcr\u00fctt\u00fc\u011f\u00fc \u201cHer S\u0131n\u0131f Bir Tohum\u201d projesi kapsam\u0131nda, \u0130stanbul Saint-Joseph Frans\u0131z Lisesi\u2019nin deste\u011fiyle Hatay\u2019\u0131n Defne il\u00e7esinde iki \u00f6zel e\u011fitim s\u0131n\u0131f\u0131 yenilenerek \u00f6\u011frencilerin kullan\u0131m\u0131na sunuldu.Hatay Defne Mehmet Fehmi \u00c7ankaya \u0130lkokulu ve Sevsen Nevzat \u015eahin Ortaokulu\u2019nda tamamlanan \u00e7al\u0131\u015fmalarla birlikte proje, T\u00fcrkiye genelinde 225. \u00f6zel e\u011fitim s\u0131n\u0131f\u0131na ula\u015ft\u0131.\u00a0","og_url":"https:\/\/wp1.sedaozcan.net.tr\/en\/hatayda-iki-ozel-egitim-sinifi-tohum-otizm-vakfi-ve-saint-joseph-fransiz-lisesi-destegiyle-yenilendi\/","og_site_name":"Tohum Otizm Vakf\u0131 | Otizmin Tek \u00c7aresi E\u011fitim","article_published_time":"2026-05-11T15:20:40+00:00","article_modified_time":"2026-08-06T06:27:22+00:00","og_image":[{"width":1600,"height":1200,"url":"https:\/\/wp1.sedaozcan.net.tr\/wp-content\/uploads\/2026\/05\/1-ORTAOKUL.jpeg","type":"image\/jpeg"}],"author":"Tohum Otizm","twitter_card":"summary_large_image","twitter_misc":{"Written by":"Tohum Otizm","Est. reading time":"3 minutes"},"schema":{"@context":"https:\/\/schema.org","@graph":[{"@type":"Article","@id":"https:\/\/wp1.sedaozcan.net.tr\/hatayda-iki-ozel-egitim-sinifi-tohum-otizm-vakfi-ve-saint-joseph-fransiz-lisesi-destegiyle-yenilendi\/#article","isPartOf":{"@id":"https:\/\/wp1.sedaozcan.net.tr\/hatayda-iki-ozel-egitim-sinifi-tohum-otizm-vakfi-ve-saint-joseph-fransiz-lisesi-destegiyle-yenilendi\/"},"author":{"name":"Tohum Otizm","@id":"https:\/\/wp1.sedaozcan.net.tr\/#\/schema\/person\/c2ea4120b58c7afcac902ba998b1091c"},"headline":"Hatay\u2019da \u0130ki \u00d6zel E\u011fitim S\u0131n\u0131f\u0131 Tohum Otizm Vakf\u0131 ve Saint-Joseph Frans\u0131z Lisesi Deste\u011fiyle Yenilendi","datePublished":"2026-05-11T15:20:40+00:00","dateModified":"2026-08-06T06:27:22+00:00","mainEntityOfPage":{"@id":"https:\/\/wp1.sedaozcan.net.tr\/hatayda-iki-ozel-egitim-sinifi-tohum-otizm-vakfi-ve-saint-joseph-fransiz-lisesi-destegiyle-yenilendi\/"},"wordCount":538,"commentCount":0,"image":{"@id":"https:\/\/wp1.sedaozcan.net.tr\/hatayda-iki-ozel-egitim-sinifi-tohum-otizm-vakfi-ve-saint-joseph-fransiz-lisesi-destegiyle-yenilendi\/#primaryimage"},"thumbnailUrl":"https:\/\/wp1.sedaozcan.net.tr\/wp-content\/uploads\/2026\/05\/1-ORTAOKUL.jpeg","articleSection":["Bas\u0131n Odas\u0131"],"inLanguage":"en-US","potentialAction":[{"@type":"CommentAction","name":"Comment","target":["https:\/\/wp1.sedaozcan.net.tr\/hatayda-iki-ozel-egitim-sinifi-tohum-otizm-vakfi-ve-saint-joseph-fransiz-lisesi-destegiyle-yenilendi\/#respond"]}]},{"@type":"WebPage","@id":"https:\/\/wp1.sedaozcan.net.tr\/hatayda-iki-ozel-egitim-sinifi-tohum-otizm-vakfi-ve-saint-joseph-fransiz-lisesi-destegiyle-yenilendi\/","url":"https:\/\/wp1.sedaozcan.net.tr\/hatayda-iki-ozel-egitim-sinifi-tohum-otizm-vakfi-ve-saint-joseph-fransiz-lisesi-destegiyle-yenilendi\/","name":"Hatay\u2019da \u0130ki \u00d6zel E\u011fitim S\u0131n\u0131f\u0131 Tohum Otizm Vakf\u0131 ve Saint-Joseph Frans\u0131z Lisesi Deste\u011fiyle Yenilendi - Tohum Otizm Vakf\u0131 | Otizmin Tek \u00c7aresi E\u011fitim","isPartOf":{"@id":"https:\/\/wp1.sedaozcan.net.tr\/#website"},"primaryImageOfPage":{"@id":"https:\/\/wp1.sedaozcan.net.tr\/hatayda-iki-ozel-egitim-sinifi-tohum-otizm-vakfi-ve-saint-joseph-fransiz-lisesi-destegiyle-yenilendi\/#primaryimage"},"image":{"@id":"https:\/\/wp1.sedaozcan.net.tr\/hatayda-iki-ozel-egitim-sinifi-tohum-otizm-vakfi-ve-saint-joseph-fransiz-lisesi-destegiyle-yenilendi\/#primaryimage"},"thumbnailUrl":"https:\/\/wp1.sedaozcan.net.tr\/wp-content\/uploads\/2026\/05\/1-ORTAOKUL.jpeg","datePublished":"2026-05-11T15:20:40+00:00","dateModified":"2026-08-06T06:27:22+00:00","author":{"@id":"https:\/\/wp1.sedaozcan.net.tr\/#\/schema\/person\/c2ea4120b58c7afcac902ba998b1091c"},"breadcrumb":{"@id":"https:\/\/wp1.sedaozcan.net.tr\/hatayda-iki-ozel-egitim-sinifi-tohum-otizm-vakfi-ve-saint-joseph-fransiz-lisesi-destegiyle-yenilendi\/#breadcrumb"},"inLanguage":"en-US","potentialAction":[{"@type":"ReadAction","target":["https:\/\/wp1.sedaozcan.net.tr\/hatayda-iki-ozel-egitim-sinifi-tohum-otizm-vakfi-ve-saint-joseph-fransiz-lisesi-destegiyle-yenilendi\/"]}]},{"@type":"ImageObject","inLanguage":"en-US","@id":"https:\/\/wp1.sedaozcan.net.tr\/hatayda-iki-ozel-egitim-sinifi-tohum-otizm-vakfi-ve-saint-joseph-fransiz-lisesi-destegiyle-yenilendi\/#primaryimage","url":"https:\/\/wp1.sedaozcan.net.tr\/wp-content\/uploads\/2026\/05\/1-ORTAOKUL.jpeg","contentUrl":"https:\/\/wp1.sedaozcan.net.tr\/wp-content\/uploads\/2026\/05\/1-ORTAOKUL.jpeg","width":1600,"height":1200},{"@type":"BreadcrumbList","@id":"https:\/\/wp1.sedaozcan.net.tr\/hatayda-iki-ozel-egitim-sinifi-tohum-otizm-vakfi-ve-saint-joseph-fransiz-lisesi-destegiyle-yenilendi\/#breadcrumb","itemListElement":[{"@type":"ListItem","position":1,"name":"Home","item":"https:\/\/wp1.sedaozcan.net.tr\/"},{"@type":"ListItem","position":2,"name":"Hatay\u2019da \u0130ki \u00d6zel E\u011fitim S\u0131n\u0131f\u0131 Tohum Otizm Vakf\u0131 ve Saint-Joseph Frans\u0131z Lisesi Deste\u011fiyle Yenilendi"}]},{"@type":"WebSite","@id":"https:\/\/wp1.sedaozcan.net.tr\/#website","url":"https:\/\/wp1.sedaozcan.net.tr\/","name":"Tohum Autism Foundation | The Only Remedy for Autism is Education","description":"","potentialAction":[{"@type":"SearchAction","target":{"@type":"EntryPoint","urlTemplate":"https:\/\/wp1.sedaozcan.net.tr\/?s={search_term_string}"},"query-input":{"@type":"PropertyValueSpecification","valueRequired":true,"valueName":"search_term_string"}}],"inLanguage":"en-US"},{"@type":"Person","@id":"https:\/\/wp1.sedaozcan.net.tr\/#\/schema\/person\/c2ea4120b58c7afcac902ba998b1091c","name":"Tohum Otizm","image":{"@type":"ImageObject","inLanguage":"en-US","@id":"https:\/\/secure.gravatar.com\/avatar\/99d08cded734486eef59dabce25065a85303e18d81311c4f5f2bbd3fed82f816?s=96&d=mm&r=g","url":"https:\/\/secure.gravatar.com\/avatar\/99d08cded734486eef59dabce25065a85303e18d81311c4f5f2bbd3fed82f816?s=96&d=mm&r=g","contentUrl":"https:\/\/secure.gravatar.com\/avatar\/99d08cded734486eef59dabce25065a85303e18d81311c4f5f2bbd3fed82f816?s=96&d=mm&r=g","caption":"Tohum Otizm"},"sameAs":["https:\/\/wp1.sedaozcan.net.tr"],"url":"https:\/\/wp1.sedaozcan.net.tr\/en\/author\/admin_3ewju0jt\/"},{"@type":"ImageObject","inLanguage":"en-US","@id":"https:\/\/wp1.sedaozcan.net.tr\/hatayda-iki-ozel-egitim-sinifi-tohum-otizm-vakfi-ve-saint-joseph-fransiz-lisesi-destegiyle-yenilendi\/#local-main-organization-logo","url":"","contentUrl":"","caption":"Tohum Otizm Vakf\u0131 | Otizmin Tek \u00c7aresi E\u011fitim"}]}},"_links":{"self":[{"href":"https:\/\/wp1.sedaozcan.net.tr\/en\/wp-json\/wp\/v2\/posts\/8551","targetHints":{"allow":["GET"]}}],"collection":[{"href":"https:\/\/wp1.sedaozcan.net.tr\/en\/wp-json\/wp\/v2\/posts"}],"about":[{"href":"https:\/\/wp1.sedaozcan.net.tr\/en\/wp-json\/wp\/v2\/types\/post"}],"author":[{"embeddable":true,"href":"https:\/\/wp1.sedaozcan.net.tr\/en\/wp-json\/wp\/v2\/users\/1"}],"replies":[{"embeddable":true,"href":"https:\/\/wp1.sedaozcan.net.tr\/en\/wp-json\/wp\/v2\/comments?post=8551"}],"version-history":[{"count":2,"href":"https:\/\/wp1.sedaozcan.net.tr\/en\/wp-json\/wp\/v2\/posts\/8551\/revisions"}],"predecessor-version":[{"id":9564,"href":"https:\/\/wp1.sedaozcan.net.tr\/en\/wp-json\/wp\/v2\/posts\/8551\/revisions\/9564"}],"wp:featuredmedia":[{"embeddable":true,"href":"https:\/\/wp1.sedaozcan.net.tr\/en\/wp-json\/wp\/v2\/media\/8552"}],"wp:attachment":[{"href":"https:\/\/wp1.sedaozcan.net.tr\/en\/wp-json\/wp\/v2\/media?parent=8551"}],"wp:term":[{"taxonomy":"category","embeddable":true,"href":"https:\/\/wp1.sedaozcan.net.tr\/en\/wp-json\/wp\/v2\/categories?post=8551"},{"taxonomy":"post_tag","embeddable":true,"href":"https:\/\/wp1.sedaozcan.net.tr\/en\/wp-json\/wp\/v2\/tags?post=8551"}],"curies":[{"name":"wp","href":"https:\/\/api.w.org\/{rel}","templated":true}]}}