{"id":8545,"date":"2026-05-11T17:19:04","date_gmt":"2026-05-11T15:19:04","guid":{"rendered":"https:\/\/wp1.sedaozcan.net.tr\/?p=8545"},"modified":"2026-08-06T08:28:20","modified_gmt":"2026-08-06T06:28:20","slug":"tohum-otizm-vakfi-ve-istanbul-ozel-saint-joseph-fransiz-lisesinin-destegiyle-atasehirde-ozel-egitim-sinifi-yenilendi","status":"publish","type":"post","link":"https:\/\/wp1.sedaozcan.net.tr\/en\/tohum-otizm-vakfi-ve-istanbul-ozel-saint-joseph-fransiz-lisesinin-destegiyle-atasehirde-ozel-egitim-sinifi-yenilendi\/","title":{"rendered":"Tohum Otizm Vakf\u0131 ve \u0130stanbul \u00d6zel Saint-Joseph Frans\u0131z Lisesi\u2019nin Deste\u011fiyle Ata\u015fehir\u2019de \u00d6zel E\u011fitim S\u0131n\u0131f\u0131 Yenilendi"},"content":{"rendered":"<p class=\"wp-block-paragraph\"><strong>BASIN B\u00dcLTEN\u0130 &nbsp; &nbsp; &nbsp; &nbsp; &nbsp; &nbsp; &nbsp; &nbsp; &nbsp; &nbsp; &nbsp; &nbsp; &nbsp; &nbsp; &nbsp; &nbsp; 22 Ocak 2026<\/strong><\/p>\n\n\n\n<p class=\"wp-block-paragraph\"><strong>Tohum Otizm Vakf\u0131 ve \u0130stanbul \u00d6zel Saint-Joseph Frans\u0131z Lisesi\u2019nin Deste\u011fiyle Ata\u015fehir\u2019de \u00d6zel E\u011fitim S\u0131n\u0131f\u0131 Yenilendi<\/strong><\/p>\n\n\n\n<p class=\"wp-block-paragraph\">Tohum Otizm Vakf\u0131\u2019n\u0131n Milli E\u011fitim Bakanl\u0131\u011f\u0131 i\u015f birli\u011fiyle y\u00fcr\u00fctt\u00fc\u011f\u00fc <strong>\u201cHer S\u0131n\u0131f Bir Tohum\u201d<\/strong> projesi kapsam\u0131nda, <strong>\u0130stanbul \u00d6zel Saint-Joseph Frans\u0131z Lisesi\u2019nin deste\u011fiyle<\/strong> \u0130stanbul Ata\u015fehir Necatibey \u0130lkokulu\u2019ndaki \u00f6zel e\u011fitim s\u0131n\u0131f\u0131 yenilendi. Yenilenen s\u0131n\u0131f, proje kapsam\u0131nda bug\u00fcne kadar hayata ge\u00e7irilen <strong>222. s\u0131n\u0131f<\/strong> oldu.<\/p>\n\n\n\n<p class=\"wp-block-paragraph\">\u0130stanbul \u00d6zel Saint-Joseph Frans\u0131z Lisesi\u2019nin e\u011fitime ve toplumsal faydaya y\u00f6nelik katk\u0131lar\u0131yla yenilenen \u00f6zel e\u011fitim s\u0131n\u0131f\u0131; otizmli \u00e7ocuklar\u0131n nitelikli, kapsay\u0131c\u0131 ve s\u00fcrd\u00fcr\u00fclebilir e\u011fitim ortamlar\u0131na eri\u015fimini desteklemeyi ama\u00e7l\u0131yor. \u00d6\u011frencilerin bireysel geli\u015fim ihtiya\u00e7lar\u0131na uygun \u00f6zel e\u011fitim materyalleriyle donat\u0131lan s\u0131n\u0131f, yaln\u0131zca fiziksel bir e\u011fitim alan\u0131 olman\u0131n \u00f6tesinde; \u00f6\u011fretmenleri, aileleri, okul y\u00f6netimini ve akranlar\u0131 kapsayan b\u00fct\u00fcnc\u00fcl bir e\u011fitim yakla\u015f\u0131m\u0131n\u0131 esas al\u0131yor.<\/p>\n\n\n\n<p class=\"wp-block-paragraph\"><strong>&nbsp;E\u011fitime De\u011fer Katan Bulu\u015fma&nbsp;<\/strong><\/p>\n\n\n\n<p class=\"wp-block-paragraph\">\u0130stanbul Ata\u015fehir Necatibey \u0130lkokulu\u2019nda ger\u00e7ekle\u015ftirilen <strong>\u201cHer S\u0131n\u0131f Bir Tohum\u201d<\/strong> s\u0131n\u0131f yenileme t\u00f6renine <strong>Ata\u015fehir \u0130l\u00e7e Milli E\u011fitim M\u00fcd\u00fcr\u00fc \u0130smail Y\u0131ld\u0131r\u0131m<\/strong> da kat\u0131larak, \u00f6zel e\u011fitim alan\u0131nda y\u00fcr\u00fct\u00fclen bu anlaml\u0131 i\u015f birli\u011fine destek verdi.<\/p>\n\n\n\n<p class=\"wp-block-paragraph\">Tohum Otizm Vakf\u0131 ad\u0131na t\u00f6rene; E\u011fitim AR-GE ve Projeler Direkt\u00f6r\u00fc Dr. Nursinem \u015eirin ile vak\u0131f yetkilileri kat\u0131l\u0131m sa\u011flad\u0131. Yenileme s\u00fcrecine destek veren \u0130stanbul \u00d6zel Saint-Joseph Frans\u0131z Lisesi\u2019ni temsilen ise M\u00fcd\u00fcr Paul Yves Georges, \u00d6l\u00e7me ve De\u011ferlendirme Uzman\u0131 \u00d6m\u00fcr Akarsu ve projede g\u00f6rev alan temsilciler t\u00f6rende yer ald\u0131.&nbsp;<\/p>\n\n\n\n<p class=\"wp-block-paragraph\"><strong>Saint-Joseph Frans\u0131z Lisesi<\/strong>\u2019<strong>nden E\u011fitime S\u00fcrd\u00fcr\u00fclebilir Katk\u0131\u2026<\/strong><\/p>\n\n\n\n<p class=\"wp-block-paragraph\">\u0130stanbul Ata\u015fehir Necatibey \u0130lkokulu\u2019nda yenilenen \u00f6zel e\u011fitim s\u0131n\u0131f\u0131na destek veren \u0130stanbul \u00d6zel Saint-Joseph Frans\u0131z Lisesi, e\u011fitime ve sosyal faydaya y\u00f6nelik katk\u0131lar\u0131n\u0131 \u00f6n\u00fcm\u00fczdeki d\u00f6nemde de s\u00fcrd\u00fcrmeyi hedefliyor. Bu kapsamda kurum,2026 y\u0131l\u0131 i\u00e7erisinde Hatay\u2019\u0131n Defne il\u00e7esinde yer alan iki farkl\u0131 okulda iki yeni s\u0131n\u0131f\u0131 daha yenilemeyi planl\u0131yor. S\u00f6z konusu destekler, afet b\u00f6lgesinde nitelikli \u00f6zel e\u011fitime eri\u015fimin g\u00fc\u00e7lendirilmesi a\u00e7\u0131s\u0131ndan \u00f6nemli bir katk\u0131 sunmay\u0131 ama\u00e7l\u0131yor.<\/p>\n\n\n\n<p class=\"wp-block-paragraph\">\u201c<strong>Her S\u0131n\u0131f Bir Tohum\u201d Projesi Hakk\u0131nda\u2026<\/strong><\/p>\n\n\n\n<p class=\"wp-block-paragraph\">\u201cHer S\u0131n\u0131f Bir Tohum\u201d projesi kapsam\u0131nda Milli E\u011fitim Bakanl\u0131\u011f\u0131\u2019na ba\u011fl\u0131 devlet okullar\u0131ndaki \u00f6zel e\u011fitim s\u0131n\u0131flar\u0131; \u00f6\u011frencilerin bireysel ihtiya\u00e7lar\u0131na uygun e\u011fitim materyalleriyle destekleniyor. Projede \u00f6\u011fretmenlere, \u00f6\u011frenci ailelerine, okul y\u00f6netimlerine ve akranlara y\u00f6nelik e\u011fitimler ger\u00e7ekle\u015ftirilerek kapsay\u0131c\u0131 bir e\u011fitim modeli hayata ge\u00e7iriliyor. Projeye dahil olan \u00f6zel e\u011fitim \u00f6\u011fretmenlerinden olu\u015fan \u00d6\u011fretmenler Toplulu\u011fu ile de, \u00f6\u011fretmenlerin bilgilerinin g\u00fcncellenmesi, geri bildirimlerininin al\u0131nmas\u0131, s\u00fcrekli ileti\u015fim ve destek verilmesi sa\u011flan\u0131yor.Tohum Otizm Vakf\u0131, bu projesiyle T\u00fcrkiye genelinde otizmli \u00e7ocuklara y\u00f6nelik \u00f6zel e\u011fitim s\u0131n\u0131flar\u0131n\u0131 g\u00fc\u00e7lendirmeye, otizmli \u00e7ocuklar\u0131n e\u011fitim hakk\u0131na eri\u015fimini desteklemeye ve toplumda kapsay\u0131c\u0131 e\u011fitim anlay\u0131\u015f\u0131n\u0131n yayg\u0131nla\u015fmas\u0131na katk\u0131 sunmaya devam ediyor.<br><\/p>","protected":false},"excerpt":{"rendered":"<p>Tohum Otizm Vakf\u0131\u2019n\u0131n Milli E\u011fitim Bakanl\u0131\u011f\u0131 i\u015f birli\u011fiyle y\u00fcr\u00fctt\u00fc\u011f\u00fc \u201cHer S\u0131n\u0131f Bir Tohum\u201d projesi kapsam\u0131nda, \u0130stanbul \u00d6zel Saint-Joseph Frans\u0131z Lisesi\u2019nin deste\u011fiyle \u0130stanbul Ata\u015fehir Necatibey \u0130lkokulu\u2019ndaki \u00f6zel e\u011fitim s\u0131n\u0131f\u0131 yenilendi. Yenilenen s\u0131n\u0131f, proje kapsam\u0131nda bug\u00fcne kadar hayata ge\u00e7irilen 222. s\u0131n\u0131f oldu.<\/p>","protected":false},"author":1,"featured_media":8546,"comment_status":"open","ping_status":"open","sticky":false,"template":"","format":"standard","meta":{"footnotes":""},"categories":[1],"tags":[],"class_list":["post-8545","post","type-post","status-publish","format-standard","has-post-thumbnail","hentry","category-basin-odasi"],"yoast_head":"<!-- This site is optimized with the Yoast SEO Premium plugin v28.3 (Yoast SEO v28.3) - https:\/\/yoast.com\/product\/yoast-seo-premium-wordpress\/ -->\n<title>Tohum Otizm Vakf\u0131 ve \u0130stanbul \u00d6zel Saint-Joseph Frans\u0131z Lisesi\u2019nin Deste\u011fiyle Ata\u015fehir\u2019de \u00d6zel E\u011fitim S\u0131n\u0131f\u0131 Yenilendi - Tohum Otizm Vakf\u0131 | Otizmin Tek \u00c7aresi E\u011fitim<\/title>\n<meta name=\"robots\" content=\"index, follow, max-snippet:-1, max-image-preview:large, max-video-preview:-1\" \/>\n<link rel=\"canonical\" href=\"https:\/\/wp1.sedaozcan.net.tr\/en\/tohum-otizm-vakfi-ve-istanbul-ozel-saint-joseph-fransiz-lisesinin-destegiyle-atasehirde-ozel-egitim-sinifi-yenilendi\/\" \/>\n<meta property=\"og:locale\" content=\"en_US\" \/>\n<meta property=\"og:type\" content=\"article\" \/>\n<meta property=\"og:title\" content=\"Tohum Otizm Vakf\u0131 ve \u0130stanbul \u00d6zel Saint-Joseph Frans\u0131z Lisesi\u2019nin Deste\u011fiyle Ata\u015fehir\u2019de \u00d6zel E\u011fitim S\u0131n\u0131f\u0131 Yenilendi\" \/>\n<meta property=\"og:description\" content=\"Tohum Otizm Vakf\u0131\u2019n\u0131n Milli E\u011fitim Bakanl\u0131\u011f\u0131 i\u015f birli\u011fiyle y\u00fcr\u00fctt\u00fc\u011f\u00fc \u201cHer S\u0131n\u0131f Bir Tohum\u201d projesi kapsam\u0131nda, \u0130stanbul \u00d6zel Saint-Joseph Frans\u0131z Lisesi\u2019nin deste\u011fiyle \u0130stanbul Ata\u015fehir Necatibey \u0130lkokulu\u2019ndaki \u00f6zel e\u011fitim s\u0131n\u0131f\u0131 yenilendi. Yenilenen s\u0131n\u0131f, proje kapsam\u0131nda bug\u00fcne kadar hayata ge\u00e7irilen 222. s\u0131n\u0131f oldu.\" \/>\n<meta property=\"og:url\" content=\"https:\/\/wp1.sedaozcan.net.tr\/en\/tohum-otizm-vakfi-ve-istanbul-ozel-saint-joseph-fransiz-lisesinin-destegiyle-atasehirde-ozel-egitim-sinifi-yenilendi\/\" \/>\n<meta property=\"og:site_name\" content=\"Tohum Otizm Vakf\u0131 | Otizmin Tek \u00c7aresi E\u011fitim\" \/>\n<meta property=\"article:published_time\" content=\"2026-05-11T15:19:04+00:00\" \/>\n<meta property=\"article:modified_time\" content=\"2026-08-06T06:28:20+00:00\" \/>\n<meta property=\"og:image\" content=\"https:\/\/wp1.sedaozcan.net.tr\/wp-content\/uploads\/2026\/05\/Istanbul-Atasehir-Necatibey-Ilkokulu_1.jpeg\" \/>\n\t<meta property=\"og:image:width\" content=\"1600\" \/>\n\t<meta property=\"og:image:height\" content=\"1200\" \/>\n\t<meta property=\"og:image:type\" content=\"image\/jpeg\" \/>\n<meta name=\"author\" content=\"Tohum Otizm\" \/>\n<meta name=\"twitter:card\" content=\"summary_large_image\" \/>\n<meta name=\"twitter:label1\" content=\"Written by\" \/>\n\t<meta name=\"twitter:data1\" content=\"Tohum Otizm\" \/>\n\t<meta name=\"twitter:label2\" content=\"Est. reading time\" \/>\n\t<meta name=\"twitter:data2\" content=\"3 minutes\" \/>\n<script type=\"application\/ld+json\" class=\"yoast-schema-graph\">{\"@context\":\"https:\\\/\\\/schema.org\",\"@graph\":[{\"@type\":\"Article\",\"@id\":\"https:\\\/\\\/wp1.sedaozcan.net.tr\\\/tohum-otizm-vakfi-ve-istanbul-ozel-saint-joseph-fransiz-lisesinin-destegiyle-atasehirde-ozel-egitim-sinifi-yenilendi\\\/#article\",\"isPartOf\":{\"@id\":\"https:\\\/\\\/wp1.sedaozcan.net.tr\\\/tohum-otizm-vakfi-ve-istanbul-ozel-saint-joseph-fransiz-lisesinin-destegiyle-atasehirde-ozel-egitim-sinifi-yenilendi\\\/\"},\"author\":{\"name\":\"Tohum Otizm\",\"@id\":\"https:\\\/\\\/wp1.sedaozcan.net.tr\\\/#\\\/schema\\\/person\\\/c2ea4120b58c7afcac902ba998b1091c\"},\"headline\":\"Tohum Otizm Vakf\u0131 ve \u0130stanbul \u00d6zel Saint-Joseph Frans\u0131z Lisesi\u2019nin Deste\u011fiyle Ata\u015fehir\u2019de \u00d6zel E\u011fitim S\u0131n\u0131f\u0131 Yenilendi\",\"datePublished\":\"2026-05-11T15:19:04+00:00\",\"dateModified\":\"2026-08-06T06:28:20+00:00\",\"mainEntityOfPage\":{\"@id\":\"https:\\\/\\\/wp1.sedaozcan.net.tr\\\/tohum-otizm-vakfi-ve-istanbul-ozel-saint-joseph-fransiz-lisesinin-destegiyle-atasehirde-ozel-egitim-sinifi-yenilendi\\\/\"},\"wordCount\":606,\"commentCount\":0,\"image\":{\"@id\":\"https:\\\/\\\/wp1.sedaozcan.net.tr\\\/tohum-otizm-vakfi-ve-istanbul-ozel-saint-joseph-fransiz-lisesinin-destegiyle-atasehirde-ozel-egitim-sinifi-yenilendi\\\/#primaryimage\"},\"thumbnailUrl\":\"https:\\\/\\\/wp1.sedaozcan.net.tr\\\/wp-content\\\/uploads\\\/2026\\\/05\\\/Istanbul-Atasehir-Necatibey-Ilkokulu_1.jpeg\",\"articleSection\":[\"Bas\u0131n Odas\u0131\"],\"inLanguage\":\"en-US\",\"potentialAction\":[{\"@type\":\"CommentAction\",\"name\":\"Comment\",\"target\":[\"https:\\\/\\\/wp1.sedaozcan.net.tr\\\/tohum-otizm-vakfi-ve-istanbul-ozel-saint-joseph-fransiz-lisesinin-destegiyle-atasehirde-ozel-egitim-sinifi-yenilendi\\\/#respond\"]}]},{\"@type\":\"WebPage\",\"@id\":\"https:\\\/\\\/wp1.sedaozcan.net.tr\\\/tohum-otizm-vakfi-ve-istanbul-ozel-saint-joseph-fransiz-lisesinin-destegiyle-atasehirde-ozel-egitim-sinifi-yenilendi\\\/\",\"url\":\"https:\\\/\\\/wp1.sedaozcan.net.tr\\\/tohum-otizm-vakfi-ve-istanbul-ozel-saint-joseph-fransiz-lisesinin-destegiyle-atasehirde-ozel-egitim-sinifi-yenilendi\\\/\",\"name\":\"Tohum Otizm Vakf\u0131 ve \u0130stanbul \u00d6zel Saint-Joseph Frans\u0131z Lisesi\u2019nin Deste\u011fiyle Ata\u015fehir\u2019de \u00d6zel E\u011fitim S\u0131n\u0131f\u0131 Yenilendi - Tohum Otizm Vakf\u0131 | Otizmin Tek \u00c7aresi E\u011fitim\",\"isPartOf\":{\"@id\":\"https:\\\/\\\/wp1.sedaozcan.net.tr\\\/#website\"},\"primaryImageOfPage\":{\"@id\":\"https:\\\/\\\/wp1.sedaozcan.net.tr\\\/tohum-otizm-vakfi-ve-istanbul-ozel-saint-joseph-fransiz-lisesinin-destegiyle-atasehirde-ozel-egitim-sinifi-yenilendi\\\/#primaryimage\"},\"image\":{\"@id\":\"https:\\\/\\\/wp1.sedaozcan.net.tr\\\/tohum-otizm-vakfi-ve-istanbul-ozel-saint-joseph-fransiz-lisesinin-destegiyle-atasehirde-ozel-egitim-sinifi-yenilendi\\\/#primaryimage\"},\"thumbnailUrl\":\"https:\\\/\\\/wp1.sedaozcan.net.tr\\\/wp-content\\\/uploads\\\/2026\\\/05\\\/Istanbul-Atasehir-Necatibey-Ilkokulu_1.jpeg\",\"datePublished\":\"2026-05-11T15:19:04+00:00\",\"dateModified\":\"2026-08-06T06:28:20+00:00\",\"author\":{\"@id\":\"https:\\\/\\\/wp1.sedaozcan.net.tr\\\/#\\\/schema\\\/person\\\/c2ea4120b58c7afcac902ba998b1091c\"},\"breadcrumb\":{\"@id\":\"https:\\\/\\\/wp1.sedaozcan.net.tr\\\/tohum-otizm-vakfi-ve-istanbul-ozel-saint-joseph-fransiz-lisesinin-destegiyle-atasehirde-ozel-egitim-sinifi-yenilendi\\\/#breadcrumb\"},\"inLanguage\":\"en-US\",\"potentialAction\":[{\"@type\":\"ReadAction\",\"target\":[\"https:\\\/\\\/wp1.sedaozcan.net.tr\\\/tohum-otizm-vakfi-ve-istanbul-ozel-saint-joseph-fransiz-lisesinin-destegiyle-atasehirde-ozel-egitim-sinifi-yenilendi\\\/\"]}]},{\"@type\":\"ImageObject\",\"inLanguage\":\"en-US\",\"@id\":\"https:\\\/\\\/wp1.sedaozcan.net.tr\\\/tohum-otizm-vakfi-ve-istanbul-ozel-saint-joseph-fransiz-lisesinin-destegiyle-atasehirde-ozel-egitim-sinifi-yenilendi\\\/#primaryimage\",\"url\":\"https:\\\/\\\/wp1.sedaozcan.net.tr\\\/wp-content\\\/uploads\\\/2026\\\/05\\\/Istanbul-Atasehir-Necatibey-Ilkokulu_1.jpeg\",\"contentUrl\":\"https:\\\/\\\/wp1.sedaozcan.net.tr\\\/wp-content\\\/uploads\\\/2026\\\/05\\\/Istanbul-Atasehir-Necatibey-Ilkokulu_1.jpeg\",\"width\":1600,\"height\":1200},{\"@type\":\"BreadcrumbList\",\"@id\":\"https:\\\/\\\/wp1.sedaozcan.net.tr\\\/tohum-otizm-vakfi-ve-istanbul-ozel-saint-joseph-fransiz-lisesinin-destegiyle-atasehirde-ozel-egitim-sinifi-yenilendi\\\/#breadcrumb\",\"itemListElement\":[{\"@type\":\"ListItem\",\"position\":1,\"name\":\"Home\",\"item\":\"https:\\\/\\\/wp1.sedaozcan.net.tr\\\/\"},{\"@type\":\"ListItem\",\"position\":2,\"name\":\"Tohum Otizm Vakf\u0131 ve \u0130stanbul \u00d6zel Saint-Joseph Frans\u0131z Lisesi\u2019nin Deste\u011fiyle Ata\u015fehir\u2019de \u00d6zel E\u011fitim S\u0131n\u0131f\u0131 Yenilendi\"}]},{\"@type\":\"WebSite\",\"@id\":\"https:\\\/\\\/wp1.sedaozcan.net.tr\\\/#website\",\"url\":\"https:\\\/\\\/wp1.sedaozcan.net.tr\\\/\",\"name\":\"Tohum Otizm Vakf\u0131 | Otizmin Tek \u00c7aresi E\u011fitim\",\"description\":\"\",\"potentialAction\":[{\"@type\":\"SearchAction\",\"target\":{\"@type\":\"EntryPoint\",\"urlTemplate\":\"https:\\\/\\\/wp1.sedaozcan.net.tr\\\/?s={search_term_string}\"},\"query-input\":{\"@type\":\"PropertyValueSpecification\",\"valueRequired\":true,\"valueName\":\"search_term_string\"}}],\"inLanguage\":\"en-US\"},{\"@type\":\"Person\",\"@id\":\"https:\\\/\\\/wp1.sedaozcan.net.tr\\\/#\\\/schema\\\/person\\\/c2ea4120b58c7afcac902ba998b1091c\",\"name\":\"Tohum Otizm\",\"image\":{\"@type\":\"ImageObject\",\"inLanguage\":\"en-US\",\"@id\":\"https:\\\/\\\/secure.gravatar.com\\\/avatar\\\/99d08cded734486eef59dabce25065a85303e18d81311c4f5f2bbd3fed82f816?s=96&d=mm&r=g\",\"url\":\"https:\\\/\\\/secure.gravatar.com\\\/avatar\\\/99d08cded734486eef59dabce25065a85303e18d81311c4f5f2bbd3fed82f816?s=96&d=mm&r=g\",\"contentUrl\":\"https:\\\/\\\/secure.gravatar.com\\\/avatar\\\/99d08cded734486eef59dabce25065a85303e18d81311c4f5f2bbd3fed82f816?s=96&d=mm&r=g\",\"caption\":\"Tohum Otizm\"},\"sameAs\":[\"https:\\\/\\\/wp1.sedaozcan.net.tr\"],\"url\":\"https:\\\/\\\/wp1.sedaozcan.net.tr\\\/en\\\/author\\\/admin_3ewju0jt\\\/\"},{\"@type\":\"ImageObject\",\"inLanguage\":\"en-US\",\"@id\":\"https:\\\/\\\/wp1.sedaozcan.net.tr\\\/tohum-otizm-vakfi-ve-istanbul-ozel-saint-joseph-fransiz-lisesinin-destegiyle-atasehirde-ozel-egitim-sinifi-yenilendi\\\/#local-main-organization-logo\",\"url\":\"\",\"contentUrl\":\"\",\"caption\":\"Tohum Otizm Vakf\u0131 | Otizmin Tek \u00c7aresi E\u011fitim\"}]}<\/script>\n<!-- \/ Yoast SEO Premium plugin. -->","yoast_head_json":{"title":"Tohum Otizm Vakf\u0131 ve \u0130stanbul \u00d6zel Saint-Joseph Frans\u0131z Lisesi\u2019nin Deste\u011fiyle Ata\u015fehir\u2019de \u00d6zel E\u011fitim S\u0131n\u0131f\u0131 Yenilendi - Tohum Otizm Vakf\u0131 | Otizmin Tek \u00c7aresi E\u011fitim","robots":{"index":"index","follow":"follow","max-snippet":"max-snippet:-1","max-image-preview":"max-image-preview:large","max-video-preview":"max-video-preview:-1"},"canonical":"https:\/\/wp1.sedaozcan.net.tr\/en\/tohum-otizm-vakfi-ve-istanbul-ozel-saint-joseph-fransiz-lisesinin-destegiyle-atasehirde-ozel-egitim-sinifi-yenilendi\/","og_locale":"en_US","og_type":"article","og_title":"Tohum Otizm Vakf\u0131 ve \u0130stanbul \u00d6zel Saint-Joseph Frans\u0131z Lisesi\u2019nin Deste\u011fiyle Ata\u015fehir\u2019de \u00d6zel E\u011fitim S\u0131n\u0131f\u0131 Yenilendi","og_description":"Tohum Otizm Vakf\u0131\u2019n\u0131n Milli E\u011fitim Bakanl\u0131\u011f\u0131 i\u015f birli\u011fiyle y\u00fcr\u00fctt\u00fc\u011f\u00fc \u201cHer S\u0131n\u0131f Bir Tohum\u201d projesi kapsam\u0131nda, \u0130stanbul \u00d6zel Saint-Joseph Frans\u0131z Lisesi\u2019nin deste\u011fiyle \u0130stanbul Ata\u015fehir Necatibey \u0130lkokulu\u2019ndaki \u00f6zel e\u011fitim s\u0131n\u0131f\u0131 yenilendi. Yenilenen s\u0131n\u0131f, proje kapsam\u0131nda bug\u00fcne kadar hayata ge\u00e7irilen 222. s\u0131n\u0131f oldu.","og_url":"https:\/\/wp1.sedaozcan.net.tr\/en\/tohum-otizm-vakfi-ve-istanbul-ozel-saint-joseph-fransiz-lisesinin-destegiyle-atasehirde-ozel-egitim-sinifi-yenilendi\/","og_site_name":"Tohum Otizm Vakf\u0131 | Otizmin Tek \u00c7aresi E\u011fitim","article_published_time":"2026-05-11T15:19:04+00:00","article_modified_time":"2026-08-06T06:28:20+00:00","og_image":[{"width":1600,"height":1200,"url":"https:\/\/wp1.sedaozcan.net.tr\/wp-content\/uploads\/2026\/05\/Istanbul-Atasehir-Necatibey-Ilkokulu_1.jpeg","type":"image\/jpeg"}],"author":"Tohum Otizm","twitter_card":"summary_large_image","twitter_misc":{"Written by":"Tohum Otizm","Est. reading time":"3 minutes"},"schema":{"@context":"https:\/\/schema.org","@graph":[{"@type":"Article","@id":"https:\/\/wp1.sedaozcan.net.tr\/tohum-otizm-vakfi-ve-istanbul-ozel-saint-joseph-fransiz-lisesinin-destegiyle-atasehirde-ozel-egitim-sinifi-yenilendi\/#article","isPartOf":{"@id":"https:\/\/wp1.sedaozcan.net.tr\/tohum-otizm-vakfi-ve-istanbul-ozel-saint-joseph-fransiz-lisesinin-destegiyle-atasehirde-ozel-egitim-sinifi-yenilendi\/"},"author":{"name":"Tohum Otizm","@id":"https:\/\/wp1.sedaozcan.net.tr\/#\/schema\/person\/c2ea4120b58c7afcac902ba998b1091c"},"headline":"Tohum Otizm Vakf\u0131 ve \u0130stanbul \u00d6zel Saint-Joseph Frans\u0131z Lisesi\u2019nin Deste\u011fiyle Ata\u015fehir\u2019de \u00d6zel E\u011fitim S\u0131n\u0131f\u0131 Yenilendi","datePublished":"2026-05-11T15:19:04+00:00","dateModified":"2026-08-06T06:28:20+00:00","mainEntityOfPage":{"@id":"https:\/\/wp1.sedaozcan.net.tr\/tohum-otizm-vakfi-ve-istanbul-ozel-saint-joseph-fransiz-lisesinin-destegiyle-atasehirde-ozel-egitim-sinifi-yenilendi\/"},"wordCount":606,"commentCount":0,"image":{"@id":"https:\/\/wp1.sedaozcan.net.tr\/tohum-otizm-vakfi-ve-istanbul-ozel-saint-joseph-fransiz-lisesinin-destegiyle-atasehirde-ozel-egitim-sinifi-yenilendi\/#primaryimage"},"thumbnailUrl":"https:\/\/wp1.sedaozcan.net.tr\/wp-content\/uploads\/2026\/05\/Istanbul-Atasehir-Necatibey-Ilkokulu_1.jpeg","articleSection":["Bas\u0131n Odas\u0131"],"inLanguage":"en-US","potentialAction":[{"@type":"CommentAction","name":"Comment","target":["https:\/\/wp1.sedaozcan.net.tr\/tohum-otizm-vakfi-ve-istanbul-ozel-saint-joseph-fransiz-lisesinin-destegiyle-atasehirde-ozel-egitim-sinifi-yenilendi\/#respond"]}]},{"@type":"WebPage","@id":"https:\/\/wp1.sedaozcan.net.tr\/tohum-otizm-vakfi-ve-istanbul-ozel-saint-joseph-fransiz-lisesinin-destegiyle-atasehirde-ozel-egitim-sinifi-yenilendi\/","url":"https:\/\/wp1.sedaozcan.net.tr\/tohum-otizm-vakfi-ve-istanbul-ozel-saint-joseph-fransiz-lisesinin-destegiyle-atasehirde-ozel-egitim-sinifi-yenilendi\/","name":"Tohum Otizm Vakf\u0131 ve \u0130stanbul \u00d6zel Saint-Joseph Frans\u0131z Lisesi\u2019nin Deste\u011fiyle Ata\u015fehir\u2019de \u00d6zel E\u011fitim S\u0131n\u0131f\u0131 Yenilendi - Tohum Otizm Vakf\u0131 | Otizmin Tek \u00c7aresi E\u011fitim","isPartOf":{"@id":"https:\/\/wp1.sedaozcan.net.tr\/#website"},"primaryImageOfPage":{"@id":"https:\/\/wp1.sedaozcan.net.tr\/tohum-otizm-vakfi-ve-istanbul-ozel-saint-joseph-fransiz-lisesinin-destegiyle-atasehirde-ozel-egitim-sinifi-yenilendi\/#primaryimage"},"image":{"@id":"https:\/\/wp1.sedaozcan.net.tr\/tohum-otizm-vakfi-ve-istanbul-ozel-saint-joseph-fransiz-lisesinin-destegiyle-atasehirde-ozel-egitim-sinifi-yenilendi\/#primaryimage"},"thumbnailUrl":"https:\/\/wp1.sedaozcan.net.tr\/wp-content\/uploads\/2026\/05\/Istanbul-Atasehir-Necatibey-Ilkokulu_1.jpeg","datePublished":"2026-05-11T15:19:04+00:00","dateModified":"2026-08-06T06:28:20+00:00","author":{"@id":"https:\/\/wp1.sedaozcan.net.tr\/#\/schema\/person\/c2ea4120b58c7afcac902ba998b1091c"},"breadcrumb":{"@id":"https:\/\/wp1.sedaozcan.net.tr\/tohum-otizm-vakfi-ve-istanbul-ozel-saint-joseph-fransiz-lisesinin-destegiyle-atasehirde-ozel-egitim-sinifi-yenilendi\/#breadcrumb"},"inLanguage":"en-US","potentialAction":[{"@type":"ReadAction","target":["https:\/\/wp1.sedaozcan.net.tr\/tohum-otizm-vakfi-ve-istanbul-ozel-saint-joseph-fransiz-lisesinin-destegiyle-atasehirde-ozel-egitim-sinifi-yenilendi\/"]}]},{"@type":"ImageObject","inLanguage":"en-US","@id":"https:\/\/wp1.sedaozcan.net.tr\/tohum-otizm-vakfi-ve-istanbul-ozel-saint-joseph-fransiz-lisesinin-destegiyle-atasehirde-ozel-egitim-sinifi-yenilendi\/#primaryimage","url":"https:\/\/wp1.sedaozcan.net.tr\/wp-content\/uploads\/2026\/05\/Istanbul-Atasehir-Necatibey-Ilkokulu_1.jpeg","contentUrl":"https:\/\/wp1.sedaozcan.net.tr\/wp-content\/uploads\/2026\/05\/Istanbul-Atasehir-Necatibey-Ilkokulu_1.jpeg","width":1600,"height":1200},{"@type":"BreadcrumbList","@id":"https:\/\/wp1.sedaozcan.net.tr\/tohum-otizm-vakfi-ve-istanbul-ozel-saint-joseph-fransiz-lisesinin-destegiyle-atasehirde-ozel-egitim-sinifi-yenilendi\/#breadcrumb","itemListElement":[{"@type":"ListItem","position":1,"name":"Home","item":"https:\/\/wp1.sedaozcan.net.tr\/"},{"@type":"ListItem","position":2,"name":"Tohum Otizm Vakf\u0131 ve \u0130stanbul \u00d6zel Saint-Joseph Frans\u0131z Lisesi\u2019nin Deste\u011fiyle Ata\u015fehir\u2019de \u00d6zel E\u011fitim S\u0131n\u0131f\u0131 Yenilendi"}]},{"@type":"WebSite","@id":"https:\/\/wp1.sedaozcan.net.tr\/#website","url":"https:\/\/wp1.sedaozcan.net.tr\/","name":"Tohum Autism Foundation | The Only Remedy for Autism is Education","description":"","potentialAction":[{"@type":"SearchAction","target":{"@type":"EntryPoint","urlTemplate":"https:\/\/wp1.sedaozcan.net.tr\/?s={search_term_string}"},"query-input":{"@type":"PropertyValueSpecification","valueRequired":true,"valueName":"search_term_string"}}],"inLanguage":"en-US"},{"@type":"Person","@id":"https:\/\/wp1.sedaozcan.net.tr\/#\/schema\/person\/c2ea4120b58c7afcac902ba998b1091c","name":"Tohum Otizm","image":{"@type":"ImageObject","inLanguage":"en-US","@id":"https:\/\/secure.gravatar.com\/avatar\/99d08cded734486eef59dabce25065a85303e18d81311c4f5f2bbd3fed82f816?s=96&d=mm&r=g","url":"https:\/\/secure.gravatar.com\/avatar\/99d08cded734486eef59dabce25065a85303e18d81311c4f5f2bbd3fed82f816?s=96&d=mm&r=g","contentUrl":"https:\/\/secure.gravatar.com\/avatar\/99d08cded734486eef59dabce25065a85303e18d81311c4f5f2bbd3fed82f816?s=96&d=mm&r=g","caption":"Tohum Otizm"},"sameAs":["https:\/\/wp1.sedaozcan.net.tr"],"url":"https:\/\/wp1.sedaozcan.net.tr\/en\/author\/admin_3ewju0jt\/"},{"@type":"ImageObject","inLanguage":"en-US","@id":"https:\/\/wp1.sedaozcan.net.tr\/tohum-otizm-vakfi-ve-istanbul-ozel-saint-joseph-fransiz-lisesinin-destegiyle-atasehirde-ozel-egitim-sinifi-yenilendi\/#local-main-organization-logo","url":"","contentUrl":"","caption":"Tohum Otizm Vakf\u0131 | Otizmin Tek \u00c7aresi E\u011fitim"}]}},"_links":{"self":[{"href":"https:\/\/wp1.sedaozcan.net.tr\/en\/wp-json\/wp\/v2\/posts\/8545","targetHints":{"allow":["GET"]}}],"collection":[{"href":"https:\/\/wp1.sedaozcan.net.tr\/en\/wp-json\/wp\/v2\/posts"}],"about":[{"href":"https:\/\/wp1.sedaozcan.net.tr\/en\/wp-json\/wp\/v2\/types\/post"}],"author":[{"embeddable":true,"href":"https:\/\/wp1.sedaozcan.net.tr\/en\/wp-json\/wp\/v2\/users\/1"}],"replies":[{"embeddable":true,"href":"https:\/\/wp1.sedaozcan.net.tr\/en\/wp-json\/wp\/v2\/comments?post=8545"}],"version-history":[{"count":2,"href":"https:\/\/wp1.sedaozcan.net.tr\/en\/wp-json\/wp\/v2\/posts\/8545\/revisions"}],"predecessor-version":[{"id":9565,"href":"https:\/\/wp1.sedaozcan.net.tr\/en\/wp-json\/wp\/v2\/posts\/8545\/revisions\/9565"}],"wp:featuredmedia":[{"embeddable":true,"href":"https:\/\/wp1.sedaozcan.net.tr\/en\/wp-json\/wp\/v2\/media\/8546"}],"wp:attachment":[{"href":"https:\/\/wp1.sedaozcan.net.tr\/en\/wp-json\/wp\/v2\/media?parent=8545"}],"wp:term":[{"taxonomy":"category","embeddable":true,"href":"https:\/\/wp1.sedaozcan.net.tr\/en\/wp-json\/wp\/v2\/categories?post=8545"},{"taxonomy":"post_tag","embeddable":true,"href":"https:\/\/wp1.sedaozcan.net.tr\/en\/wp-json\/wp\/v2\/tags?post=8545"}],"curies":[{"name":"wp","href":"https:\/\/api.w.org\/{rel}","templated":true}]}}