{"id":8542,"date":"2026-05-11T17:18:22","date_gmt":"2026-05-11T15:18:22","guid":{"rendered":"https:\/\/wp1.sedaozcan.net.tr\/?p=8542"},"modified":"2026-08-06T08:28:44","modified_gmt":"2026-08-06T06:28:44","slug":"fundacion-mapfreden-tohum-otizm-vakfinin-her-sinif-bir-tohum-projesine-uc-ilde-destek","status":"publish","type":"post","link":"https:\/\/wp1.sedaozcan.net.tr\/en\/fundacion-mapfreden-tohum-otizm-vakfinin-her-sinif-bir-tohum-projesine-uc-ilde-destek\/","title":{"rendered":"Fundaci\u00f3n MAPFRE\u2019den Tohum Otizm Vakf\u0131\u2019n\u0131n \u201cHer S\u0131n\u0131f Bir Tohum\u201d Projesine \u00dc\u00e7 \u0130lde Destek"},"content":{"rendered":"<p class=\"wp-block-paragraph\"><strong>BASIN B\u00dcLTEN\u0130<\/strong><strong> 05.01.2026<\/strong><\/p>\n\n\n\n<p class=\"wp-block-paragraph\"><strong>Fundaci\u00f3n MAPFRE\u2019den Tohum Otizm Vakf\u0131\u2019n\u0131n \u201cHer S\u0131n\u0131f Bir Tohum\u201d Projesine \u00dc\u00e7 \u0130lde Destek<\/strong><\/p>\n\n\n\n<p class=\"wp-block-paragraph\"><strong>Fundaci\u00f3n MAPFRE, otizmli \u00e7ocuklar\u0131n e\u011fitime eri\u015fimini desteklemek amac\u0131yla Tohum Otizm Vakf\u0131\u2019n\u0131n &#8220;Her S\u0131n\u0131f Bir Tohum&#8221; projesine katk\u0131 sunmaya devam ediyor. Proje kapsam\u0131nda, Fundaci\u00f3n MAPFRE\u2019nin deste\u011fiyle \u0130stanbul, Ayd\u0131n ve Hatay\u2019da 3 \u00f6zel e\u011fitim s\u0131n\u0131f\u0131 yenilendi.&nbsp;<\/strong><\/p>\n\n\n\n<p class=\"wp-block-paragraph\">MAPFRE Grup taraf\u0131ndan kurulan ve toplumlar\u0131n refah\u0131na, insanlar\u0131n ya\u015fam kalitesinin art\u0131r\u0131lmas\u0131na odaklanan <strong>Fundaci\u00f3n MAPFRE<\/strong>, <strong>Tohum Otizm Vakf\u0131<\/strong>&#8216;n\u0131n <strong>&#8220;Her S\u0131n\u0131f Bir Tohum&#8221;<\/strong> projesine destek vermeye devam ediyor.Bu kapsamda \u0130stanbul Gaziosmanpa\u015fa Adnan Menderes Ortaokulu, Ayd\u0131n \u0130ncirliova H\u00fcrriyet \u0130lkokulu ve Hatay Merkez S\u00fcleyman \u015eah \u0130lkokulu\u2019nda yer alan \u00f6zel e\u011fitim s\u0131n\u0131flar\u0131 yenilendi.Otizm spektrum bozuklu\u011fu (OSB) tan\u0131s\u0131 alan \u00e7ocuklar\u0131n e\u011fitime eri\u015fimini desteklemek amac\u0131yla s\u00fcrd\u00fcr\u00fclen proje \u00e7er\u00e7evesinde ayn\u0131 zamanda \u00f6\u011frenci ailelerine, \u00f6\u011fretmenlere, okul y\u00f6netimine ve akranlara y\u00f6nelik e\u011fitimler de ger\u00e7ekle\u015ftirildi.<\/p>\n\n\n\n<p class=\"wp-block-paragraph\">\u00c7al\u0131\u015fmalarla ilgili de\u011ferlendirmede bulunan <strong>MAPFRE Sigorta Genel M\u00fcd\u00fcr\u00fc Erdin\u00e7 Yurtseven<\/strong>, \u201cFundaci\u00f3n MAPFRE, yar\u0131m as\u0131rd\u0131r e\u011fitimi, sa\u011fl\u0131\u011f\u0131 ve sosyal kapsay\u0131c\u0131l\u0131\u011f\u0131 oda\u011f\u0131na alan \u00e7al\u0131\u015fmalar\u0131yla milyonlarca insan\u0131n ya\u015fam\u0131na dokunan k\u00fcresel bir yap\u0131. Tohum Otizm Vakf\u0131 ile y\u00fcr\u00fctt\u00fc\u011f\u00fcm\u00fcz bu i\u015f birli\u011fiyle, otizmli \u00e7ocuklar\u0131n nitelikli e\u011fitim ortamlar\u0131na eri\u015fimini g\u00fc\u00e7lendirmeyi ve onlar\u0131n potansiyellerini ortaya koyabilecekleri daha kapsay\u0131c\u0131 \u00f6\u011frenme alanlar\u0131 olu\u015fturmay\u0131 ama\u00e7l\u0131yoruz. \u0130stanbul, Ayd\u0131n ve Hatay\u2019da yenilenen \u00f6zel e\u011fitim s\u0131n\u0131flar\u0131n\u0131n, yaln\u0131zca bug\u00fcne de\u011fil, \u00e7ocuklar\u0131m\u0131z\u0131n gelece\u011fine de de\u011fer katan kal\u0131c\u0131 bir katk\u0131 oldu\u011funa inan\u0131yoruz. T\u00fcrkiye\u2019de sosyal fayda odakl\u0131 \u00e7al\u0131\u015fmalar\u0131m\u0131z\u0131 uzun vadeli bir bak\u0131\u015f a\u00e7\u0131s\u0131yla s\u00fcrd\u00fcrmeye devam edece\u011fiz\u201d dedi.<\/p>\n\n\n\n<p class=\"wp-block-paragraph\"><strong>Tohum Otizm Vakf\u0131 Genel M\u00fcd\u00fcr\u00fc<\/strong> <strong>Bur\u00e7ak Karakaya<\/strong> ise de\u011ferlendirmesinde \u015funlar\u0131 s\u00f6yledi: \u201cOtizm, do\u011fu\u015ftan gelen ve ya\u015fam\u0131n ilk y\u0131llar\u0131nda fark edilen n\u00f6ro-geli\u015fimsel bir farkl\u0131l\u0131k. Her <strong>1 in 31 children<\/strong> otizm tan\u0131s\u0131 al\u0131yor. Otizmin bilinen tek \u00e7aresi ise erken tan\u0131 ile ba\u015flayan <strong>yo\u011fun ve s\u00fcrekli \u00f6zel e\u011fitim. <\/strong>Bu nedenle \u00f6zel e\u011fitim s\u0131n\u0131flar\u0131n\u0131n g\u00fc\u00e7lendirilmesi, otizmli \u00e7ocuklar\u0131n geli\u015fiminde kritik bir role sahip. \u2018Her S\u0131n\u0131f Bir Tohum\u2019 projesiyle bug\u00fcne kadar T\u00fcrkiye genelinde y\u00fczlerce \u00f6zel e\u011fitim s\u0131n\u0131f\u0131n\u0131 yeniledik. Fundaci\u00f3n MAPFRE ve MAPFRE Sigorta\u2019n\u0131n katk\u0131lar\u0131yla projeye eklenen \u0130stanbul, Ayd\u0131n ve Hatay\u2019daki \u00f6zel e\u011fitim s\u0131n\u0131flar\u0131; sadece fiziksel mek\u00e2nlar de\u011fil, ayn\u0131 zamanda \u00e7ocuklar\u0131n geli\u015fimini destekleyen, \u00f6\u011fretmenleri ve aileleri de s\u00fcrece dahil eden g\u00fc\u00e7l\u00fc bir e\u011fitim modeli sunuyor. Bu de\u011ferli destek i\u00e7in te\u015fekk\u00fcrlerimizi sunuyoruz.\u201d<\/p>\n\n\n\n<p class=\"wp-block-paragraph\"><strong>\u201cHer S\u0131n\u0131f Bir Tohum\u201d Projesi, T\u00fcrkiye Genelinde Yenilenen 222\u2019inci \u00d6zel E\u011fitim S\u0131n\u0131f\u0131 ile b\u00fcy\u00fcmeye devam ediyor&#8230;<\/strong><\/p>\n\n\n\n<p class=\"wp-block-paragraph\">&nbsp;\u201cHer S\u0131n\u0131f Bir Tohum\u201d projesiyle Milli E\u011fitim Bakanl\u0131\u011f\u0131\u2019na ba\u011fl\u0131 devlet okullar\u0131ndaki \u00f6zel e\u011fitim s\u0131n\u0131flar\u0131, \u00f6zel e\u011fitim uygulama okullar\u0131 ve \u00f6zel e\u011fitim anaokullar\u0131na, \u00f6\u011frencilerin bireysel ihtiya\u00e7lar\u0131na uygun \u00f6zel e\u011fitim materyalleri sa\u011flan\u0131yor. Proje kapsam\u0131nda \u00f6\u011fretmenlere, \u00f6\u011frenci ailelerine, akranlar\u0131na ve okul y\u00f6netimine e\u011fitimler veriliyor.&nbsp;<\/p>\n\n\n\n<p class=\"wp-block-paragraph\">\u015eimdiye kadar 45 ilde 222 s\u0131n\u0131f\u0131n yenilendi\u011fi proje kapsam\u0131nda, \u00f6\u011fretmenlerin mesleki geli\u015fimlerini desteklemek amac\u0131yla olu\u015fturulan &#8220;\u00f6\u011fretmen a\u011f\u0131&#8221; sayesinde \u00f6\u011fretmenlere y\u0131l boyunca ileti\u015fim ve bilgi payla\u015f\u0131m\u0131 yap\u0131larak destek sa\u011flan\u0131yor. 6 \u015eubat depremleri sonras\u0131nda da proje kapsam\u0131nda Adana, Ad\u0131yaman, Hatay, Kahramanmara\u015f, Gaziantep ve Malatya\u2019da 38 \u00f6zel e\u011fitim s\u0131n\u0131f\u0131na destek verilerek e\u011fitim ortamlar\u0131 iyile\u015ftirildi.<\/p>","protected":false},"excerpt":{"rendered":"<p>Fundaci\u00f3n MAPFRE, otizmli \u00e7ocuklar\u0131n e\u011fitime eri\u015fimini desteklemek amac\u0131yla Tohum Otizm Vakf\u0131\u2019n\u0131n &#8220;Her S\u0131n\u0131f Bir Tohum&#8221; projesine katk\u0131 sunmaya devam ediyor. Proje kapsam\u0131nda, Fundaci\u00f3n MAPFRE\u2019nin deste\u011fiyle \u0130stanbul, Ayd\u0131n ve Hatay\u2019da 3 \u00f6zel e\u011fitim s\u0131n\u0131f\u0131 yenilendi.\u00a0<\/p>","protected":false},"author":1,"featured_media":8543,"comment_status":"open","ping_status":"open","sticky":false,"template":"","format":"standard","meta":{"footnotes":""},"categories":[1],"tags":[],"class_list":["post-8542","post","type-post","status-publish","format-standard","has-post-thumbnail","hentry","category-basin-odasi"],"yoast_head":"<!-- This site is optimized with the Yoast SEO Premium plugin v28.3 (Yoast SEO v28.3) - https:\/\/yoast.com\/product\/yoast-seo-premium-wordpress\/ -->\n<title>Fundaci\u00f3n MAPFRE\u2019den Tohum Otizm Vakf\u0131\u2019n\u0131n \u201cHer S\u0131n\u0131f Bir Tohum\u201d Projesine \u00dc\u00e7 \u0130lde Destek - Tohum Otizm Vakf\u0131 | Otizmin Tek \u00c7aresi E\u011fitim<\/title>\n<meta name=\"robots\" content=\"index, follow, max-snippet:-1, max-image-preview:large, max-video-preview:-1\" \/>\n<link rel=\"canonical\" href=\"https:\/\/wp1.sedaozcan.net.tr\/en\/fundacion-mapfreden-tohum-otizm-vakfinin-her-sinif-bir-tohum-projesine-uc-ilde-destek\/\" \/>\n<meta property=\"og:locale\" content=\"en_US\" \/>\n<meta property=\"og:type\" content=\"article\" \/>\n<meta property=\"og:title\" content=\"Fundaci\u00f3n MAPFRE\u2019den Tohum Otizm Vakf\u0131\u2019n\u0131n \u201cHer S\u0131n\u0131f Bir Tohum\u201d Projesine \u00dc\u00e7 \u0130lde Destek\" \/>\n<meta property=\"og:description\" content=\"Fundaci\u00f3n MAPFRE, otizmli \u00e7ocuklar\u0131n e\u011fitime eri\u015fimini desteklemek amac\u0131yla Tohum Otizm Vakf\u0131\u2019n\u0131n &quot;Her S\u0131n\u0131f Bir Tohum&quot; projesine katk\u0131 sunmaya devam ediyor. Proje kapsam\u0131nda, Fundaci\u00f3n MAPFRE\u2019nin deste\u011fiyle \u0130stanbul, Ayd\u0131n ve Hatay\u2019da 3 \u00f6zel e\u011fitim s\u0131n\u0131f\u0131 yenilendi.\u00a0\" \/>\n<meta property=\"og:url\" content=\"https:\/\/wp1.sedaozcan.net.tr\/en\/fundacion-mapfreden-tohum-otizm-vakfinin-her-sinif-bir-tohum-projesine-uc-ilde-destek\/\" \/>\n<meta property=\"og:site_name\" content=\"Tohum Otizm Vakf\u0131 | Otizmin Tek \u00c7aresi E\u011fitim\" \/>\n<meta property=\"article:published_time\" content=\"2026-05-11T15:18:22+00:00\" \/>\n<meta property=\"article:modified_time\" content=\"2026-08-06T06:28:44+00:00\" \/>\n<meta property=\"og:image\" content=\"https:\/\/wp1.sedaozcan.net.tr\/wp-content\/uploads\/2026\/05\/hsbt_gorsel.jpeg\" \/>\n\t<meta property=\"og:image:width\" content=\"1344\" \/>\n\t<meta property=\"og:image:height\" content=\"768\" \/>\n\t<meta property=\"og:image:type\" content=\"image\/jpeg\" \/>\n<meta name=\"author\" content=\"Tohum Otizm\" \/>\n<meta name=\"twitter:card\" content=\"summary_large_image\" \/>\n<meta name=\"twitter:label1\" content=\"Written by\" \/>\n\t<meta name=\"twitter:data1\" content=\"Tohum Otizm\" \/>\n\t<meta name=\"twitter:label2\" content=\"Est. reading time\" \/>\n\t<meta name=\"twitter:data2\" content=\"3 minutes\" \/>\n<script type=\"application\/ld+json\" class=\"yoast-schema-graph\">{\"@context\":\"https:\\\/\\\/schema.org\",\"@graph\":[{\"@type\":\"Article\",\"@id\":\"https:\\\/\\\/wp1.sedaozcan.net.tr\\\/fundacion-mapfreden-tohum-otizm-vakfinin-her-sinif-bir-tohum-projesine-uc-ilde-destek\\\/#article\",\"isPartOf\":{\"@id\":\"https:\\\/\\\/wp1.sedaozcan.net.tr\\\/fundacion-mapfreden-tohum-otizm-vakfinin-her-sinif-bir-tohum-projesine-uc-ilde-destek\\\/\"},\"author\":{\"name\":\"Tohum Otizm\",\"@id\":\"https:\\\/\\\/wp1.sedaozcan.net.tr\\\/#\\\/schema\\\/person\\\/c2ea4120b58c7afcac902ba998b1091c\"},\"headline\":\"Fundaci\u00f3n MAPFRE\u2019den Tohum Otizm Vakf\u0131\u2019n\u0131n \u201cHer S\u0131n\u0131f Bir Tohum\u201d Projesine \u00dc\u00e7 \u0130lde Destek\",\"datePublished\":\"2026-05-11T15:18:22+00:00\",\"dateModified\":\"2026-08-06T06:28:44+00:00\",\"mainEntityOfPage\":{\"@id\":\"https:\\\/\\\/wp1.sedaozcan.net.tr\\\/fundacion-mapfreden-tohum-otizm-vakfinin-her-sinif-bir-tohum-projesine-uc-ilde-destek\\\/\"},\"wordCount\":685,\"commentCount\":0,\"image\":{\"@id\":\"https:\\\/\\\/wp1.sedaozcan.net.tr\\\/fundacion-mapfreden-tohum-otizm-vakfinin-her-sinif-bir-tohum-projesine-uc-ilde-destek\\\/#primaryimage\"},\"thumbnailUrl\":\"https:\\\/\\\/wp1.sedaozcan.net.tr\\\/wp-content\\\/uploads\\\/2026\\\/05\\\/hsbt_gorsel.jpeg\",\"articleSection\":[\"Bas\u0131n Odas\u0131\"],\"inLanguage\":\"en-US\",\"potentialAction\":[{\"@type\":\"CommentAction\",\"name\":\"Comment\",\"target\":[\"https:\\\/\\\/wp1.sedaozcan.net.tr\\\/fundacion-mapfreden-tohum-otizm-vakfinin-her-sinif-bir-tohum-projesine-uc-ilde-destek\\\/#respond\"]}]},{\"@type\":\"WebPage\",\"@id\":\"https:\\\/\\\/wp1.sedaozcan.net.tr\\\/fundacion-mapfreden-tohum-otizm-vakfinin-her-sinif-bir-tohum-projesine-uc-ilde-destek\\\/\",\"url\":\"https:\\\/\\\/wp1.sedaozcan.net.tr\\\/fundacion-mapfreden-tohum-otizm-vakfinin-her-sinif-bir-tohum-projesine-uc-ilde-destek\\\/\",\"name\":\"Fundaci\u00f3n MAPFRE\u2019den Tohum Otizm Vakf\u0131\u2019n\u0131n \u201cHer S\u0131n\u0131f Bir Tohum\u201d Projesine \u00dc\u00e7 \u0130lde Destek - Tohum Otizm Vakf\u0131 | Otizmin Tek \u00c7aresi E\u011fitim\",\"isPartOf\":{\"@id\":\"https:\\\/\\\/wp1.sedaozcan.net.tr\\\/#website\"},\"primaryImageOfPage\":{\"@id\":\"https:\\\/\\\/wp1.sedaozcan.net.tr\\\/fundacion-mapfreden-tohum-otizm-vakfinin-her-sinif-bir-tohum-projesine-uc-ilde-destek\\\/#primaryimage\"},\"image\":{\"@id\":\"https:\\\/\\\/wp1.sedaozcan.net.tr\\\/fundacion-mapfreden-tohum-otizm-vakfinin-her-sinif-bir-tohum-projesine-uc-ilde-destek\\\/#primaryimage\"},\"thumbnailUrl\":\"https:\\\/\\\/wp1.sedaozcan.net.tr\\\/wp-content\\\/uploads\\\/2026\\\/05\\\/hsbt_gorsel.jpeg\",\"datePublished\":\"2026-05-11T15:18:22+00:00\",\"dateModified\":\"2026-08-06T06:28:44+00:00\",\"author\":{\"@id\":\"https:\\\/\\\/wp1.sedaozcan.net.tr\\\/#\\\/schema\\\/person\\\/c2ea4120b58c7afcac902ba998b1091c\"},\"breadcrumb\":{\"@id\":\"https:\\\/\\\/wp1.sedaozcan.net.tr\\\/fundacion-mapfreden-tohum-otizm-vakfinin-her-sinif-bir-tohum-projesine-uc-ilde-destek\\\/#breadcrumb\"},\"inLanguage\":\"en-US\",\"potentialAction\":[{\"@type\":\"ReadAction\",\"target\":[\"https:\\\/\\\/wp1.sedaozcan.net.tr\\\/fundacion-mapfreden-tohum-otizm-vakfinin-her-sinif-bir-tohum-projesine-uc-ilde-destek\\\/\"]}]},{\"@type\":\"ImageObject\",\"inLanguage\":\"en-US\",\"@id\":\"https:\\\/\\\/wp1.sedaozcan.net.tr\\\/fundacion-mapfreden-tohum-otizm-vakfinin-her-sinif-bir-tohum-projesine-uc-ilde-destek\\\/#primaryimage\",\"url\":\"https:\\\/\\\/wp1.sedaozcan.net.tr\\\/wp-content\\\/uploads\\\/2026\\\/05\\\/hsbt_gorsel.jpeg\",\"contentUrl\":\"https:\\\/\\\/wp1.sedaozcan.net.tr\\\/wp-content\\\/uploads\\\/2026\\\/05\\\/hsbt_gorsel.jpeg\",\"width\":1344,\"height\":768},{\"@type\":\"BreadcrumbList\",\"@id\":\"https:\\\/\\\/wp1.sedaozcan.net.tr\\\/fundacion-mapfreden-tohum-otizm-vakfinin-her-sinif-bir-tohum-projesine-uc-ilde-destek\\\/#breadcrumb\",\"itemListElement\":[{\"@type\":\"ListItem\",\"position\":1,\"name\":\"Home\",\"item\":\"https:\\\/\\\/wp1.sedaozcan.net.tr\\\/\"},{\"@type\":\"ListItem\",\"position\":2,\"name\":\"Fundaci\u00f3n MAPFRE\u2019den Tohum Otizm Vakf\u0131\u2019n\u0131n \u201cHer S\u0131n\u0131f Bir Tohum\u201d Projesine \u00dc\u00e7 \u0130lde Destek\"}]},{\"@type\":\"WebSite\",\"@id\":\"https:\\\/\\\/wp1.sedaozcan.net.tr\\\/#website\",\"url\":\"https:\\\/\\\/wp1.sedaozcan.net.tr\\\/\",\"name\":\"Tohum Otizm Vakf\u0131 | Otizmin Tek \u00c7aresi E\u011fitim\",\"description\":\"\",\"potentialAction\":[{\"@type\":\"SearchAction\",\"target\":{\"@type\":\"EntryPoint\",\"urlTemplate\":\"https:\\\/\\\/wp1.sedaozcan.net.tr\\\/?s={search_term_string}\"},\"query-input\":{\"@type\":\"PropertyValueSpecification\",\"valueRequired\":true,\"valueName\":\"search_term_string\"}}],\"inLanguage\":\"en-US\"},{\"@type\":\"Person\",\"@id\":\"https:\\\/\\\/wp1.sedaozcan.net.tr\\\/#\\\/schema\\\/person\\\/c2ea4120b58c7afcac902ba998b1091c\",\"name\":\"Tohum Otizm\",\"image\":{\"@type\":\"ImageObject\",\"inLanguage\":\"en-US\",\"@id\":\"https:\\\/\\\/secure.gravatar.com\\\/avatar\\\/99d08cded734486eef59dabce25065a85303e18d81311c4f5f2bbd3fed82f816?s=96&d=mm&r=g\",\"url\":\"https:\\\/\\\/secure.gravatar.com\\\/avatar\\\/99d08cded734486eef59dabce25065a85303e18d81311c4f5f2bbd3fed82f816?s=96&d=mm&r=g\",\"contentUrl\":\"https:\\\/\\\/secure.gravatar.com\\\/avatar\\\/99d08cded734486eef59dabce25065a85303e18d81311c4f5f2bbd3fed82f816?s=96&d=mm&r=g\",\"caption\":\"Tohum Otizm\"},\"sameAs\":[\"https:\\\/\\\/wp1.sedaozcan.net.tr\"],\"url\":\"https:\\\/\\\/wp1.sedaozcan.net.tr\\\/en\\\/author\\\/admin_3ewju0jt\\\/\"},{\"@type\":\"ImageObject\",\"inLanguage\":\"en-US\",\"@id\":\"https:\\\/\\\/wp1.sedaozcan.net.tr\\\/fundacion-mapfreden-tohum-otizm-vakfinin-her-sinif-bir-tohum-projesine-uc-ilde-destek\\\/#local-main-organization-logo\",\"url\":\"\",\"contentUrl\":\"\",\"caption\":\"Tohum Otizm Vakf\u0131 | Otizmin Tek \u00c7aresi E\u011fitim\"}]}<\/script>\n<!-- \/ Yoast SEO Premium plugin. -->","yoast_head_json":{"title":"Fundaci\u00f3n MAPFRE\u2019den Tohum Otizm Vakf\u0131\u2019n\u0131n \u201cHer S\u0131n\u0131f Bir Tohum\u201d Projesine \u00dc\u00e7 \u0130lde Destek - Tohum Otizm Vakf\u0131 | Otizmin Tek \u00c7aresi E\u011fitim","robots":{"index":"index","follow":"follow","max-snippet":"max-snippet:-1","max-image-preview":"max-image-preview:large","max-video-preview":"max-video-preview:-1"},"canonical":"https:\/\/wp1.sedaozcan.net.tr\/en\/fundacion-mapfreden-tohum-otizm-vakfinin-her-sinif-bir-tohum-projesine-uc-ilde-destek\/","og_locale":"en_US","og_type":"article","og_title":"Fundaci\u00f3n MAPFRE\u2019den Tohum Otizm Vakf\u0131\u2019n\u0131n \u201cHer S\u0131n\u0131f Bir Tohum\u201d Projesine \u00dc\u00e7 \u0130lde Destek","og_description":"Fundaci\u00f3n MAPFRE, otizmli \u00e7ocuklar\u0131n e\u011fitime eri\u015fimini desteklemek amac\u0131yla Tohum Otizm Vakf\u0131\u2019n\u0131n \"Her S\u0131n\u0131f Bir Tohum\" projesine katk\u0131 sunmaya devam ediyor. Proje kapsam\u0131nda, Fundaci\u00f3n MAPFRE\u2019nin deste\u011fiyle \u0130stanbul, Ayd\u0131n ve Hatay\u2019da 3 \u00f6zel e\u011fitim s\u0131n\u0131f\u0131 yenilendi.\u00a0","og_url":"https:\/\/wp1.sedaozcan.net.tr\/en\/fundacion-mapfreden-tohum-otizm-vakfinin-her-sinif-bir-tohum-projesine-uc-ilde-destek\/","og_site_name":"Tohum Otizm Vakf\u0131 | Otizmin Tek \u00c7aresi E\u011fitim","article_published_time":"2026-05-11T15:18:22+00:00","article_modified_time":"2026-08-06T06:28:44+00:00","og_image":[{"width":1344,"height":768,"url":"https:\/\/wp1.sedaozcan.net.tr\/wp-content\/uploads\/2026\/05\/hsbt_gorsel.jpeg","type":"image\/jpeg"}],"author":"Tohum Otizm","twitter_card":"summary_large_image","twitter_misc":{"Written by":"Tohum Otizm","Est. reading time":"3 minutes"},"schema":{"@context":"https:\/\/schema.org","@graph":[{"@type":"Article","@id":"https:\/\/wp1.sedaozcan.net.tr\/fundacion-mapfreden-tohum-otizm-vakfinin-her-sinif-bir-tohum-projesine-uc-ilde-destek\/#article","isPartOf":{"@id":"https:\/\/wp1.sedaozcan.net.tr\/fundacion-mapfreden-tohum-otizm-vakfinin-her-sinif-bir-tohum-projesine-uc-ilde-destek\/"},"author":{"name":"Tohum Otizm","@id":"https:\/\/wp1.sedaozcan.net.tr\/#\/schema\/person\/c2ea4120b58c7afcac902ba998b1091c"},"headline":"Fundaci\u00f3n MAPFRE\u2019den Tohum Otizm Vakf\u0131\u2019n\u0131n \u201cHer S\u0131n\u0131f Bir Tohum\u201d Projesine \u00dc\u00e7 \u0130lde Destek","datePublished":"2026-05-11T15:18:22+00:00","dateModified":"2026-08-06T06:28:44+00:00","mainEntityOfPage":{"@id":"https:\/\/wp1.sedaozcan.net.tr\/fundacion-mapfreden-tohum-otizm-vakfinin-her-sinif-bir-tohum-projesine-uc-ilde-destek\/"},"wordCount":685,"commentCount":0,"image":{"@id":"https:\/\/wp1.sedaozcan.net.tr\/fundacion-mapfreden-tohum-otizm-vakfinin-her-sinif-bir-tohum-projesine-uc-ilde-destek\/#primaryimage"},"thumbnailUrl":"https:\/\/wp1.sedaozcan.net.tr\/wp-content\/uploads\/2026\/05\/hsbt_gorsel.jpeg","articleSection":["Bas\u0131n Odas\u0131"],"inLanguage":"en-US","potentialAction":[{"@type":"CommentAction","name":"Comment","target":["https:\/\/wp1.sedaozcan.net.tr\/fundacion-mapfreden-tohum-otizm-vakfinin-her-sinif-bir-tohum-projesine-uc-ilde-destek\/#respond"]}]},{"@type":"WebPage","@id":"https:\/\/wp1.sedaozcan.net.tr\/fundacion-mapfreden-tohum-otizm-vakfinin-her-sinif-bir-tohum-projesine-uc-ilde-destek\/","url":"https:\/\/wp1.sedaozcan.net.tr\/fundacion-mapfreden-tohum-otizm-vakfinin-her-sinif-bir-tohum-projesine-uc-ilde-destek\/","name":"Fundaci\u00f3n MAPFRE\u2019den Tohum Otizm Vakf\u0131\u2019n\u0131n \u201cHer S\u0131n\u0131f Bir Tohum\u201d Projesine \u00dc\u00e7 \u0130lde Destek - Tohum Otizm Vakf\u0131 | Otizmin Tek \u00c7aresi E\u011fitim","isPartOf":{"@id":"https:\/\/wp1.sedaozcan.net.tr\/#website"},"primaryImageOfPage":{"@id":"https:\/\/wp1.sedaozcan.net.tr\/fundacion-mapfreden-tohum-otizm-vakfinin-her-sinif-bir-tohum-projesine-uc-ilde-destek\/#primaryimage"},"image":{"@id":"https:\/\/wp1.sedaozcan.net.tr\/fundacion-mapfreden-tohum-otizm-vakfinin-her-sinif-bir-tohum-projesine-uc-ilde-destek\/#primaryimage"},"thumbnailUrl":"https:\/\/wp1.sedaozcan.net.tr\/wp-content\/uploads\/2026\/05\/hsbt_gorsel.jpeg","datePublished":"2026-05-11T15:18:22+00:00","dateModified":"2026-08-06T06:28:44+00:00","author":{"@id":"https:\/\/wp1.sedaozcan.net.tr\/#\/schema\/person\/c2ea4120b58c7afcac902ba998b1091c"},"breadcrumb":{"@id":"https:\/\/wp1.sedaozcan.net.tr\/fundacion-mapfreden-tohum-otizm-vakfinin-her-sinif-bir-tohum-projesine-uc-ilde-destek\/#breadcrumb"},"inLanguage":"en-US","potentialAction":[{"@type":"ReadAction","target":["https:\/\/wp1.sedaozcan.net.tr\/fundacion-mapfreden-tohum-otizm-vakfinin-her-sinif-bir-tohum-projesine-uc-ilde-destek\/"]}]},{"@type":"ImageObject","inLanguage":"en-US","@id":"https:\/\/wp1.sedaozcan.net.tr\/fundacion-mapfreden-tohum-otizm-vakfinin-her-sinif-bir-tohum-projesine-uc-ilde-destek\/#primaryimage","url":"https:\/\/wp1.sedaozcan.net.tr\/wp-content\/uploads\/2026\/05\/hsbt_gorsel.jpeg","contentUrl":"https:\/\/wp1.sedaozcan.net.tr\/wp-content\/uploads\/2026\/05\/hsbt_gorsel.jpeg","width":1344,"height":768},{"@type":"BreadcrumbList","@id":"https:\/\/wp1.sedaozcan.net.tr\/fundacion-mapfreden-tohum-otizm-vakfinin-her-sinif-bir-tohum-projesine-uc-ilde-destek\/#breadcrumb","itemListElement":[{"@type":"ListItem","position":1,"name":"Home","item":"https:\/\/wp1.sedaozcan.net.tr\/"},{"@type":"ListItem","position":2,"name":"Fundaci\u00f3n MAPFRE\u2019den Tohum Otizm Vakf\u0131\u2019n\u0131n \u201cHer S\u0131n\u0131f Bir Tohum\u201d Projesine \u00dc\u00e7 \u0130lde Destek"}]},{"@type":"WebSite","@id":"https:\/\/wp1.sedaozcan.net.tr\/#website","url":"https:\/\/wp1.sedaozcan.net.tr\/","name":"Tohum Autism Foundation | The Only Remedy for Autism is Education","description":"","potentialAction":[{"@type":"SearchAction","target":{"@type":"EntryPoint","urlTemplate":"https:\/\/wp1.sedaozcan.net.tr\/?s={search_term_string}"},"query-input":{"@type":"PropertyValueSpecification","valueRequired":true,"valueName":"search_term_string"}}],"inLanguage":"en-US"},{"@type":"Person","@id":"https:\/\/wp1.sedaozcan.net.tr\/#\/schema\/person\/c2ea4120b58c7afcac902ba998b1091c","name":"Tohum Otizm","image":{"@type":"ImageObject","inLanguage":"en-US","@id":"https:\/\/secure.gravatar.com\/avatar\/99d08cded734486eef59dabce25065a85303e18d81311c4f5f2bbd3fed82f816?s=96&d=mm&r=g","url":"https:\/\/secure.gravatar.com\/avatar\/99d08cded734486eef59dabce25065a85303e18d81311c4f5f2bbd3fed82f816?s=96&d=mm&r=g","contentUrl":"https:\/\/secure.gravatar.com\/avatar\/99d08cded734486eef59dabce25065a85303e18d81311c4f5f2bbd3fed82f816?s=96&d=mm&r=g","caption":"Tohum Otizm"},"sameAs":["https:\/\/wp1.sedaozcan.net.tr"],"url":"https:\/\/wp1.sedaozcan.net.tr\/en\/author\/admin_3ewju0jt\/"},{"@type":"ImageObject","inLanguage":"en-US","@id":"https:\/\/wp1.sedaozcan.net.tr\/fundacion-mapfreden-tohum-otizm-vakfinin-her-sinif-bir-tohum-projesine-uc-ilde-destek\/#local-main-organization-logo","url":"","contentUrl":"","caption":"Tohum Otizm Vakf\u0131 | Otizmin Tek \u00c7aresi E\u011fitim"}]}},"_links":{"self":[{"href":"https:\/\/wp1.sedaozcan.net.tr\/en\/wp-json\/wp\/v2\/posts\/8542","targetHints":{"allow":["GET"]}}],"collection":[{"href":"https:\/\/wp1.sedaozcan.net.tr\/en\/wp-json\/wp\/v2\/posts"}],"about":[{"href":"https:\/\/wp1.sedaozcan.net.tr\/en\/wp-json\/wp\/v2\/types\/post"}],"author":[{"embeddable":true,"href":"https:\/\/wp1.sedaozcan.net.tr\/en\/wp-json\/wp\/v2\/users\/1"}],"replies":[{"embeddable":true,"href":"https:\/\/wp1.sedaozcan.net.tr\/en\/wp-json\/wp\/v2\/comments?post=8542"}],"version-history":[{"count":2,"href":"https:\/\/wp1.sedaozcan.net.tr\/en\/wp-json\/wp\/v2\/posts\/8542\/revisions"}],"predecessor-version":[{"id":9566,"href":"https:\/\/wp1.sedaozcan.net.tr\/en\/wp-json\/wp\/v2\/posts\/8542\/revisions\/9566"}],"wp:featuredmedia":[{"embeddable":true,"href":"https:\/\/wp1.sedaozcan.net.tr\/en\/wp-json\/wp\/v2\/media\/8543"}],"wp:attachment":[{"href":"https:\/\/wp1.sedaozcan.net.tr\/en\/wp-json\/wp\/v2\/media?parent=8542"}],"wp:term":[{"taxonomy":"category","embeddable":true,"href":"https:\/\/wp1.sedaozcan.net.tr\/en\/wp-json\/wp\/v2\/categories?post=8542"},{"taxonomy":"post_tag","embeddable":true,"href":"https:\/\/wp1.sedaozcan.net.tr\/en\/wp-json\/wp\/v2\/tags?post=8542"}],"curies":[{"name":"wp","href":"https:\/\/api.w.org\/{rel}","templated":true}]}}