{"id":8536,"date":"2026-05-11T17:16:40","date_gmt":"2026-05-11T15:16:40","guid":{"rendered":"https:\/\/wp1.sedaozcan.net.tr\/?p=8536"},"modified":"2026-08-06T08:30:17","modified_gmt":"2026-08-06T06:30:17","slug":"her-31-cocuktan-1i-otizmli-herkesle-esit-haklara-sahip-olabilmeleri-icin-farkindaligi-eyleme-donusturme-zamani","status":"publish","type":"post","link":"https:\/\/wp1.sedaozcan.net.tr\/en\/her-31-cocuktan-1i-otizmli-herkesle-esit-haklara-sahip-olabilmeleri-icin-farkindaligi-eyleme-donusturme-zamani\/","title":{"rendered":"Her 31 \u00c7ocuktan 1\u2019i Otizmli: Herkesle E\u015fit Haklara Sahip Olabilmeleri \u0130\u00e7in Fark\u0131ndal\u0131\u011f\u0131 Eyleme D\u00f6n\u00fc\u015ft\u00fcrme Zaman\u0131"},"content":{"rendered":"<p class=\"wp-block-paragraph\"><strong>BASIN B\u00dcLTEN\u0130 &nbsp; &nbsp; &nbsp; &nbsp; &nbsp; &nbsp; &nbsp; &nbsp; &nbsp; &nbsp; &nbsp; &nbsp; &nbsp; &nbsp; &nbsp; &nbsp; 30 Mart 2026<\/strong><\/p>\n\n\n\n<p class=\"wp-block-paragraph\"><strong>2 Nisan D\u00fcnya Otizm Fark\u0131ndal\u0131k G\u00fcn\u00fc<\/strong><\/p>\n\n\n\n<p class=\"wp-block-paragraph\"><strong>Her 31 \u00c7ocuktan 1<\/strong>\u2019<strong>i Otizmli: Herkesle E\u015fit Haklara Sahip Olabilmeleri \u0130\u00e7in Fark\u0131ndal\u0131\u011f\u0131 Eyleme D\u00f6n\u00fc\u015ft\u00fcrme Zaman\u0131<\/strong><\/p>\n\n\n\n<p class=\"has-vivid-red-color has-text-color has-link-color wp-elements-1 wp-block-paragraph\"><strong>&nbsp;#OtizmeK\u0131rm\u0131z\u0131I\u015f\u0131kYak<\/strong><\/p>\n\n\n\n<p class=\"wp-block-paragraph\">Otizm g\u00fcn\u00fcm\u00fczde her <strong>31 \u00e7ocuktan 1\u2019inde<\/strong> g\u00f6r\u00fcl\u00fcyor. 1985 y\u0131l\u0131nda her 2.500 \u00e7ocuktan 1\u2019i otizm tan\u0131s\u0131 al\u0131rken bug\u00fcn ula\u015f\u0131lan bu orana ra\u011fmen, otizmli bireyler nitelikli e\u011fitim ortamlar\u0131na eri\u015fmekte zorluk ya\u015f\u0131yor, i\u015f yerlerinde kabul g\u00f6rm\u00fcyor, sosyal hayat\u0131n dolay\u0131s\u0131yla ya\u015fam\u0131n bir par\u00e7as\u0131 olma konusunda b\u00fcy\u00fck sorun alanlar\u0131 ile m\u00fccadele etmek durumunda kal\u0131yorlar. Otizmli bireyler, di\u011ferlerinden farkl\u0131 \u00f6zelliklere sahip olabilirler ancak herkesle e\u015fit haklara ve \u00f6zg\u00fcrl\u00fcklere sahipler.&nbsp;<\/p>\n\n\n\n<p class=\"wp-block-paragraph\">T\u00fcrkiye\u2019de 2003 y\u0131l\u0131ndan bu yana otizmde erken tan\u0131n\u0131n \u00f6nemine dikkat \u00e7ekilmesi, bilimsel temelli e\u011fitimle otizmli bireylerin topluma kazand\u0131r\u0131lmalar\u0131na \u00f6nc\u00fcl\u00fck edilmesi ve bunun yurt \u00e7ap\u0131nda yayg\u0131nla\u015ft\u0131r\u0131lmas\u0131 i\u00e7in \u00e7al\u0131\u015fan <strong>Tohum Otizm Vakf\u0131<\/strong>, 2 Nisan D\u00fcnya Otizm Fark\u0131ndal\u0131k G\u00fcn\u00fc\u2019nde bu y\u0131l da toplumu fark\u0131ndal\u0131ktan eyleme ge\u00e7meye, otizmli bireyleri hayat\u0131n her a\u015famas\u0131nda kabul etmeye ve otizme k\u0131rm\u0131z\u0131 \u0131\u015f\u0131k yakmaya davet ediyor.&nbsp;<\/p>\n\n\n\n<p class=\"wp-block-paragraph\"><strong>Otizm \u0130\u00e7in Fark\u0131ndal\u0131k Yetmez, Kapsay\u0131c\u0131 Bir Toplum Gerekli<\/strong><\/p>\n\n\n\n<p class=\"wp-block-paragraph\">Birle\u015fmi\u015f Milletler taraf\u0131ndan ilan edilen <strong>2 Nisan D\u00fcnya Otizm Fark\u0131ndal\u0131k G\u00fcn\u00fc<\/strong>, otizm konusunda k\u00fcresel bilinci art\u0131rmay\u0131 ama\u00e7l\u0131yor. Ancak bug\u00fcn gelinen noktada yaln\u0131zca fark\u0131ndal\u0131k yaratmak yeterli de\u011fil.&nbsp;<\/p>\n\n\n\n<p class=\"wp-block-paragraph\">Otizmli bireyler e\u011fitimden istihdama, sosyal hayattan sa\u011fl\u0131k hizmetlerine kadar bir\u00e7ok alanda h\u00e2l\u00e2 e\u015fit haklara eri\u015fmekte zorlan\u0131yor. Erken, yo\u011fun, s\u00fcrekli ve bilimsel temelli e\u011fitim, otizmli \u00e7ocuklar\u0131n geli\u015fiminde belirleyici rol oynarken; bu hizmetlere eri\u015fimde ya\u015fanan e\u015fitsizlikler aileler i\u00e7in b\u00fcy\u00fck bir y\u00fck olu\u015fturuyor. <strong>Tohum Otizm Vakf\u0131<\/strong>, 23 y\u0131ld\u0131r otizmli \u00e7ocuklar\u0131n e\u011fitime eri\u015fimini ve topluma kazand\u0131r\u0131lmas\u0131n\u0131 desteklemek i\u00e7in \u00e7al\u0131\u015fmalar\u0131n\u0131 s\u00fcrd\u00fcr\u00fcyor.<\/p>\n\n\n\n<ul class=\"wp-block-list\">\n<li>2006 y\u0131l\u0131nda kurulan e\u011fitim kurumlar\u0131nda bug\u00fcne kadar <strong>2 bin 814 otizmli \u00e7ocu\u011fa<\/strong> bireyselle\u015ftirilmi\u015f e\u011fitim verildi.<\/li>\n\n\n\n<li>Y\u00fcr\u00fct\u00fclen ulusal ve uluslararas\u0131 projelerle <strong>2,8 milyon ki\u015fiye<\/strong> ula\u015f\u0131ld\u0131.<\/li>\n\n\n\n<li>Ailelere rehberlik sa\u011fland\u0131, \u00f6\u011fretmenlere y\u00f6nelik e\u011fitim programlar\u0131 geli\u015ftirildi ve bilimsel temelli uygulamalar\u0131n yayg\u0131nla\u015fmas\u0131 i\u00e7in \u00e7al\u0131\u015fmalar y\u00fcr\u00fct\u00fcld\u00fc.<\/li>\n<\/ul>\n\n\n\n<p class=\"wp-block-paragraph\">Otizmde artan g\u00f6r\u00fclme s\u0131kl\u0131\u011f\u0131, bu \u00e7al\u0131\u015fmalar\u0131n daha da yayg\u0131nla\u015ft\u0131r\u0131lmas\u0131 gerekti\u011fini g\u00f6steriyor.<\/p>\n\n\n\n<p class=\"wp-block-paragraph\"><strong>T\u00fcrkiye Otizm \u0130\u00e7in K\u0131rm\u0131z\u0131ya B\u00fcr\u00fcn\u00fcyor!<\/strong><\/p>\n\n\n\n<p class=\"wp-block-paragraph\">2022 y\u0131l\u0131ndan bu yana s\u00fcrd\u00fcr\u00fclen #OtizmeK\u0131rm\u0131z\u0131I\u015f\u0131kYak kampanyas\u0131 ile her y\u0131l oldu\u011fu gibi bu y\u0131l da T\u00fcrkiye genelinde bir\u00e7ok tarihi ve simgesel yap\u0131 k\u0131rm\u0131z\u0131 \u0131\u015f\u0131kla ayd\u0131nlat\u0131lacak. Kurumlar ve bireyler sosyal medyada ayn\u0131 etiket alt\u0131nda bir araya gelerek otizmli bireylerin yan\u0131nda olduklar\u0131n\u0131 g\u00f6sterecek.<\/p>\n\n\n\n<p class=\"wp-block-paragraph\">Kampanyan\u0131n temel mesaj\u0131 net: Otizmli bireylerin hayat\u0131n her alan\u0131nda yer alabilmeleri e\u015fit \u015fartlara eri\u015febilmeleri ve toplumda hak ettikleri kabul\u00fc g\u00f6rebilmeleri i\u00e7in kapsay\u0131c\u0131 politikalar \u015fart.<\/p>\n\n\n\n<p class=\"wp-block-paragraph\"><strong>Otizmli Bireylerin Fark\u0131ndal\u0131ktan Daha Fazlas\u0131na \u0130htiyac\u0131 Var!<\/strong><\/p>\n\n\n\n<p class=\"wp-block-paragraph\">Tohum Otizm Vakf\u0131 Genel M\u00fcd\u00fcr\u00fc Seda K\u00f6knel, kampanyan\u0131n \u00f6nemine dikkat \u00e7ekerek \u015funlar\u0131 s\u00f6yledi: \u201cHer 31 \u00e7ocuktan 1\u2019inin otizmli oldu\u011fu bir d\u00fcnyada kapsay\u0131c\u0131l\u0131k bir tercih de\u011fil, zorunluluktur. Otizmli bireylerin e\u011fitim, istihdam ve sosyal ya\u015famda e\u015fit f\u0131rsatlara sahip olmas\u0131 i\u00e7in kamu, \u00f6zel sekt\u00f6r ve sivil toplumun birlikte hareket etmesi gerekiyor. Art\u0131k fark\u0131ndal\u0131\u011f\u0131 eyleme d\u00f6n\u00fc\u015ft\u00fcrme zaman\u0131. Bu kapsamda herkesi, 2 Nisan\u2018da otizme dikkat \u00e7ekmek amac\u0131yla k\u0131rm\u0131z\u0131 bir objeyle ya da k\u0131rm\u0131z\u0131 giyerek foto\u011fraf \u00e7ekmeye ve sosyal medya hesaplar\u0131nda <strong>#OtizmeK\u0131rm\u0131z\u0131I\u015f\u0131kYak<\/strong> etiketi ile payla\u015f\u0131m yaparak daha adil ve kapsay\u0131c\u0131 bir toplumun in\u015fas\u0131na katk\u0131 sa\u011flamaya davet ediyoruz.\u201d<\/p>","protected":false},"excerpt":{"rendered":"<p>Otizm g\u00fcn\u00fcm\u00fczde her 31 \u00e7ocuktan 1\u2019inde g\u00f6r\u00fcl\u00fcyor. 1985 y\u0131l\u0131nda her 2.500 \u00e7ocuktan 1\u2019i otizm tan\u0131s\u0131 al\u0131rken bug\u00fcn ula\u015f\u0131lan bu orana ra\u011fmen, otizmli bireyler nitelikli e\u011fitim ortamlar\u0131na eri\u015fmekte zorluk ya\u015f\u0131yor, i\u015f yerlerinde kabul g\u00f6rm\u00fcyor, sosyal hayat\u0131n dolay\u0131s\u0131yla ya\u015fam\u0131n bir par\u00e7as\u0131 olma konusunda b\u00fcy\u00fck sorun alanlar\u0131 ile m\u00fccadele etmek durumunda kal\u0131yorlar.<\/p>","protected":false},"author":1,"featured_media":8537,"comment_status":"open","ping_status":"open","sticky":false,"template":"","format":"standard","meta":{"footnotes":""},"categories":[1],"tags":[],"class_list":["post-8536","post","type-post","status-publish","format-standard","has-post-thumbnail","hentry","category-basin-odasi"],"yoast_head":"<!-- This site is optimized with the Yoast SEO Premium plugin v28.3 (Yoast SEO v28.3) - https:\/\/yoast.com\/product\/yoast-seo-premium-wordpress\/ -->\n<title>Her 31 \u00c7ocuktan 1\u2019i Otizmli: Herkesle E\u015fit Haklara Sahip Olabilmeleri \u0130\u00e7in Fark\u0131ndal\u0131\u011f\u0131 Eyleme D\u00f6n\u00fc\u015ft\u00fcrme Zaman\u0131 - Tohum Otizm Vakf\u0131 | Otizmin Tek \u00c7aresi E\u011fitim<\/title>\n<meta name=\"robots\" content=\"index, follow, max-snippet:-1, max-image-preview:large, max-video-preview:-1\" \/>\n<link rel=\"canonical\" href=\"https:\/\/wp1.sedaozcan.net.tr\/en\/her-31-cocuktan-1i-otizmli-herkesle-esit-haklara-sahip-olabilmeleri-icin-farkindaligi-eyleme-donusturme-zamani\/\" \/>\n<meta property=\"og:locale\" content=\"en_US\" \/>\n<meta property=\"og:type\" content=\"article\" \/>\n<meta property=\"og:title\" content=\"Her 31 \u00c7ocuktan 1\u2019i Otizmli: Herkesle E\u015fit Haklara Sahip Olabilmeleri \u0130\u00e7in Fark\u0131ndal\u0131\u011f\u0131 Eyleme D\u00f6n\u00fc\u015ft\u00fcrme Zaman\u0131\" \/>\n<meta property=\"og:description\" content=\"Otizm g\u00fcn\u00fcm\u00fczde her 31 \u00e7ocuktan 1\u2019inde g\u00f6r\u00fcl\u00fcyor. 1985 y\u0131l\u0131nda her 2.500 \u00e7ocuktan 1\u2019i otizm tan\u0131s\u0131 al\u0131rken bug\u00fcn ula\u015f\u0131lan bu orana ra\u011fmen, otizmli bireyler nitelikli e\u011fitim ortamlar\u0131na eri\u015fmekte zorluk ya\u015f\u0131yor, i\u015f yerlerinde kabul g\u00f6rm\u00fcyor, sosyal hayat\u0131n dolay\u0131s\u0131yla ya\u015fam\u0131n bir par\u00e7as\u0131 olma konusunda b\u00fcy\u00fck sorun alanlar\u0131 ile m\u00fccadele etmek durumunda kal\u0131yorlar.\" \/>\n<meta property=\"og:url\" content=\"https:\/\/wp1.sedaozcan.net.tr\/en\/her-31-cocuktan-1i-otizmli-herkesle-esit-haklara-sahip-olabilmeleri-icin-farkindaligi-eyleme-donusturme-zamani\/\" \/>\n<meta property=\"og:site_name\" content=\"Tohum Otizm Vakf\u0131 | Otizmin Tek \u00c7aresi E\u011fitim\" \/>\n<meta property=\"article:published_time\" content=\"2026-05-11T15:16:40+00:00\" \/>\n<meta property=\"article:modified_time\" content=\"2026-08-06T06:30:17+00:00\" \/>\n<meta property=\"og:image\" content=\"https:\/\/wp1.sedaozcan.net.tr\/wp-content\/uploads\/2026\/05\/2-NISAN.jpg\" \/>\n\t<meta property=\"og:image:width\" content=\"2048\" \/>\n\t<meta property=\"og:image:height\" content=\"1169\" \/>\n\t<meta property=\"og:image:type\" content=\"image\/jpeg\" \/>\n<meta name=\"author\" content=\"Tohum Otizm\" \/>\n<meta name=\"twitter:card\" content=\"summary_large_image\" \/>\n<meta name=\"twitter:label1\" content=\"Written by\" \/>\n\t<meta name=\"twitter:data1\" content=\"Tohum Otizm\" \/>\n\t<meta name=\"twitter:label2\" content=\"Est. reading time\" \/>\n\t<meta name=\"twitter:data2\" content=\"4 minutes\" \/>\n<script type=\"application\/ld+json\" class=\"yoast-schema-graph\">{\"@context\":\"https:\\\/\\\/schema.org\",\"@graph\":[{\"@type\":\"Article\",\"@id\":\"https:\\\/\\\/wp1.sedaozcan.net.tr\\\/her-31-cocuktan-1i-otizmli-herkesle-esit-haklara-sahip-olabilmeleri-icin-farkindaligi-eyleme-donusturme-zamani\\\/#article\",\"isPartOf\":{\"@id\":\"https:\\\/\\\/wp1.sedaozcan.net.tr\\\/her-31-cocuktan-1i-otizmli-herkesle-esit-haklara-sahip-olabilmeleri-icin-farkindaligi-eyleme-donusturme-zamani\\\/\"},\"author\":{\"name\":\"Tohum Otizm\",\"@id\":\"https:\\\/\\\/wp1.sedaozcan.net.tr\\\/#\\\/schema\\\/person\\\/c2ea4120b58c7afcac902ba998b1091c\"},\"headline\":\"Her 31 \u00c7ocuktan 1\u2019i Otizmli: Herkesle E\u015fit Haklara Sahip Olabilmeleri \u0130\u00e7in Fark\u0131ndal\u0131\u011f\u0131 Eyleme D\u00f6n\u00fc\u015ft\u00fcrme Zaman\u0131\",\"datePublished\":\"2026-05-11T15:16:40+00:00\",\"dateModified\":\"2026-08-06T06:30:17+00:00\",\"mainEntityOfPage\":{\"@id\":\"https:\\\/\\\/wp1.sedaozcan.net.tr\\\/her-31-cocuktan-1i-otizmli-herkesle-esit-haklara-sahip-olabilmeleri-icin-farkindaligi-eyleme-donusturme-zamani\\\/\"},\"wordCount\":725,\"commentCount\":0,\"image\":{\"@id\":\"https:\\\/\\\/wp1.sedaozcan.net.tr\\\/her-31-cocuktan-1i-otizmli-herkesle-esit-haklara-sahip-olabilmeleri-icin-farkindaligi-eyleme-donusturme-zamani\\\/#primaryimage\"},\"thumbnailUrl\":\"https:\\\/\\\/wp1.sedaozcan.net.tr\\\/wp-content\\\/uploads\\\/2026\\\/05\\\/2-NISAN.jpg\",\"articleSection\":[\"Bas\u0131n Odas\u0131\"],\"inLanguage\":\"en-US\",\"potentialAction\":[{\"@type\":\"CommentAction\",\"name\":\"Comment\",\"target\":[\"https:\\\/\\\/wp1.sedaozcan.net.tr\\\/her-31-cocuktan-1i-otizmli-herkesle-esit-haklara-sahip-olabilmeleri-icin-farkindaligi-eyleme-donusturme-zamani\\\/#respond\"]}]},{\"@type\":\"WebPage\",\"@id\":\"https:\\\/\\\/wp1.sedaozcan.net.tr\\\/her-31-cocuktan-1i-otizmli-herkesle-esit-haklara-sahip-olabilmeleri-icin-farkindaligi-eyleme-donusturme-zamani\\\/\",\"url\":\"https:\\\/\\\/wp1.sedaozcan.net.tr\\\/her-31-cocuktan-1i-otizmli-herkesle-esit-haklara-sahip-olabilmeleri-icin-farkindaligi-eyleme-donusturme-zamani\\\/\",\"name\":\"Her 31 \u00c7ocuktan 1\u2019i Otizmli: Herkesle E\u015fit Haklara Sahip Olabilmeleri \u0130\u00e7in Fark\u0131ndal\u0131\u011f\u0131 Eyleme D\u00f6n\u00fc\u015ft\u00fcrme Zaman\u0131 - Tohum Otizm Vakf\u0131 | Otizmin Tek \u00c7aresi E\u011fitim\",\"isPartOf\":{\"@id\":\"https:\\\/\\\/wp1.sedaozcan.net.tr\\\/#website\"},\"primaryImageOfPage\":{\"@id\":\"https:\\\/\\\/wp1.sedaozcan.net.tr\\\/her-31-cocuktan-1i-otizmli-herkesle-esit-haklara-sahip-olabilmeleri-icin-farkindaligi-eyleme-donusturme-zamani\\\/#primaryimage\"},\"image\":{\"@id\":\"https:\\\/\\\/wp1.sedaozcan.net.tr\\\/her-31-cocuktan-1i-otizmli-herkesle-esit-haklara-sahip-olabilmeleri-icin-farkindaligi-eyleme-donusturme-zamani\\\/#primaryimage\"},\"thumbnailUrl\":\"https:\\\/\\\/wp1.sedaozcan.net.tr\\\/wp-content\\\/uploads\\\/2026\\\/05\\\/2-NISAN.jpg\",\"datePublished\":\"2026-05-11T15:16:40+00:00\",\"dateModified\":\"2026-08-06T06:30:17+00:00\",\"author\":{\"@id\":\"https:\\\/\\\/wp1.sedaozcan.net.tr\\\/#\\\/schema\\\/person\\\/c2ea4120b58c7afcac902ba998b1091c\"},\"breadcrumb\":{\"@id\":\"https:\\\/\\\/wp1.sedaozcan.net.tr\\\/her-31-cocuktan-1i-otizmli-herkesle-esit-haklara-sahip-olabilmeleri-icin-farkindaligi-eyleme-donusturme-zamani\\\/#breadcrumb\"},\"inLanguage\":\"en-US\",\"potentialAction\":[{\"@type\":\"ReadAction\",\"target\":[\"https:\\\/\\\/wp1.sedaozcan.net.tr\\\/her-31-cocuktan-1i-otizmli-herkesle-esit-haklara-sahip-olabilmeleri-icin-farkindaligi-eyleme-donusturme-zamani\\\/\"]}]},{\"@type\":\"ImageObject\",\"inLanguage\":\"en-US\",\"@id\":\"https:\\\/\\\/wp1.sedaozcan.net.tr\\\/her-31-cocuktan-1i-otizmli-herkesle-esit-haklara-sahip-olabilmeleri-icin-farkindaligi-eyleme-donusturme-zamani\\\/#primaryimage\",\"url\":\"https:\\\/\\\/wp1.sedaozcan.net.tr\\\/wp-content\\\/uploads\\\/2026\\\/05\\\/2-NISAN.jpg\",\"contentUrl\":\"https:\\\/\\\/wp1.sedaozcan.net.tr\\\/wp-content\\\/uploads\\\/2026\\\/05\\\/2-NISAN.jpg\",\"width\":2048,\"height\":1169},{\"@type\":\"BreadcrumbList\",\"@id\":\"https:\\\/\\\/wp1.sedaozcan.net.tr\\\/her-31-cocuktan-1i-otizmli-herkesle-esit-haklara-sahip-olabilmeleri-icin-farkindaligi-eyleme-donusturme-zamani\\\/#breadcrumb\",\"itemListElement\":[{\"@type\":\"ListItem\",\"position\":1,\"name\":\"Home\",\"item\":\"https:\\\/\\\/wp1.sedaozcan.net.tr\\\/\"},{\"@type\":\"ListItem\",\"position\":2,\"name\":\"Her 31 \u00c7ocuktan 1\u2019i Otizmli: Herkesle E\u015fit Haklara Sahip Olabilmeleri \u0130\u00e7in Fark\u0131ndal\u0131\u011f\u0131 Eyleme D\u00f6n\u00fc\u015ft\u00fcrme Zaman\u0131\"}]},{\"@type\":\"WebSite\",\"@id\":\"https:\\\/\\\/wp1.sedaozcan.net.tr\\\/#website\",\"url\":\"https:\\\/\\\/wp1.sedaozcan.net.tr\\\/\",\"name\":\"Tohum Otizm Vakf\u0131 | Otizmin Tek \u00c7aresi E\u011fitim\",\"description\":\"\",\"potentialAction\":[{\"@type\":\"SearchAction\",\"target\":{\"@type\":\"EntryPoint\",\"urlTemplate\":\"https:\\\/\\\/wp1.sedaozcan.net.tr\\\/?s={search_term_string}\"},\"query-input\":{\"@type\":\"PropertyValueSpecification\",\"valueRequired\":true,\"valueName\":\"search_term_string\"}}],\"inLanguage\":\"en-US\"},{\"@type\":\"Person\",\"@id\":\"https:\\\/\\\/wp1.sedaozcan.net.tr\\\/#\\\/schema\\\/person\\\/c2ea4120b58c7afcac902ba998b1091c\",\"name\":\"Tohum Otizm\",\"image\":{\"@type\":\"ImageObject\",\"inLanguage\":\"en-US\",\"@id\":\"https:\\\/\\\/secure.gravatar.com\\\/avatar\\\/99d08cded734486eef59dabce25065a85303e18d81311c4f5f2bbd3fed82f816?s=96&d=mm&r=g\",\"url\":\"https:\\\/\\\/secure.gravatar.com\\\/avatar\\\/99d08cded734486eef59dabce25065a85303e18d81311c4f5f2bbd3fed82f816?s=96&d=mm&r=g\",\"contentUrl\":\"https:\\\/\\\/secure.gravatar.com\\\/avatar\\\/99d08cded734486eef59dabce25065a85303e18d81311c4f5f2bbd3fed82f816?s=96&d=mm&r=g\",\"caption\":\"Tohum Otizm\"},\"sameAs\":[\"https:\\\/\\\/wp1.sedaozcan.net.tr\"],\"url\":\"https:\\\/\\\/wp1.sedaozcan.net.tr\\\/en\\\/author\\\/admin_3ewju0jt\\\/\"},{\"@type\":\"ImageObject\",\"inLanguage\":\"en-US\",\"@id\":\"https:\\\/\\\/wp1.sedaozcan.net.tr\\\/her-31-cocuktan-1i-otizmli-herkesle-esit-haklara-sahip-olabilmeleri-icin-farkindaligi-eyleme-donusturme-zamani\\\/#local-main-organization-logo\",\"url\":\"\",\"contentUrl\":\"\",\"caption\":\"Tohum Otizm Vakf\u0131 | Otizmin Tek \u00c7aresi E\u011fitim\"}]}<\/script>\n<!-- \/ Yoast SEO Premium plugin. -->","yoast_head_json":{"title":"Her 31 \u00c7ocuktan 1\u2019i Otizmli: Herkesle E\u015fit Haklara Sahip Olabilmeleri \u0130\u00e7in Fark\u0131ndal\u0131\u011f\u0131 Eyleme D\u00f6n\u00fc\u015ft\u00fcrme Zaman\u0131 - Tohum Otizm Vakf\u0131 | Otizmin Tek \u00c7aresi E\u011fitim","robots":{"index":"index","follow":"follow","max-snippet":"max-snippet:-1","max-image-preview":"max-image-preview:large","max-video-preview":"max-video-preview:-1"},"canonical":"https:\/\/wp1.sedaozcan.net.tr\/en\/her-31-cocuktan-1i-otizmli-herkesle-esit-haklara-sahip-olabilmeleri-icin-farkindaligi-eyleme-donusturme-zamani\/","og_locale":"en_US","og_type":"article","og_title":"Her 31 \u00c7ocuktan 1\u2019i Otizmli: Herkesle E\u015fit Haklara Sahip Olabilmeleri \u0130\u00e7in Fark\u0131ndal\u0131\u011f\u0131 Eyleme D\u00f6n\u00fc\u015ft\u00fcrme Zaman\u0131","og_description":"Otizm g\u00fcn\u00fcm\u00fczde her 31 \u00e7ocuktan 1\u2019inde g\u00f6r\u00fcl\u00fcyor. 1985 y\u0131l\u0131nda her 2.500 \u00e7ocuktan 1\u2019i otizm tan\u0131s\u0131 al\u0131rken bug\u00fcn ula\u015f\u0131lan bu orana ra\u011fmen, otizmli bireyler nitelikli e\u011fitim ortamlar\u0131na eri\u015fmekte zorluk ya\u015f\u0131yor, i\u015f yerlerinde kabul g\u00f6rm\u00fcyor, sosyal hayat\u0131n dolay\u0131s\u0131yla ya\u015fam\u0131n bir par\u00e7as\u0131 olma konusunda b\u00fcy\u00fck sorun alanlar\u0131 ile m\u00fccadele etmek durumunda kal\u0131yorlar.","og_url":"https:\/\/wp1.sedaozcan.net.tr\/en\/her-31-cocuktan-1i-otizmli-herkesle-esit-haklara-sahip-olabilmeleri-icin-farkindaligi-eyleme-donusturme-zamani\/","og_site_name":"Tohum Otizm Vakf\u0131 | Otizmin Tek \u00c7aresi E\u011fitim","article_published_time":"2026-05-11T15:16:40+00:00","article_modified_time":"2026-08-06T06:30:17+00:00","og_image":[{"width":2048,"height":1169,"url":"https:\/\/wp1.sedaozcan.net.tr\/wp-content\/uploads\/2026\/05\/2-NISAN.jpg","type":"image\/jpeg"}],"author":"Tohum Otizm","twitter_card":"summary_large_image","twitter_misc":{"Written by":"Tohum Otizm","Est. reading time":"4 minutes"},"schema":{"@context":"https:\/\/schema.org","@graph":[{"@type":"Article","@id":"https:\/\/wp1.sedaozcan.net.tr\/her-31-cocuktan-1i-otizmli-herkesle-esit-haklara-sahip-olabilmeleri-icin-farkindaligi-eyleme-donusturme-zamani\/#article","isPartOf":{"@id":"https:\/\/wp1.sedaozcan.net.tr\/her-31-cocuktan-1i-otizmli-herkesle-esit-haklara-sahip-olabilmeleri-icin-farkindaligi-eyleme-donusturme-zamani\/"},"author":{"name":"Tohum Otizm","@id":"https:\/\/wp1.sedaozcan.net.tr\/#\/schema\/person\/c2ea4120b58c7afcac902ba998b1091c"},"headline":"Her 31 \u00c7ocuktan 1\u2019i Otizmli: Herkesle E\u015fit Haklara Sahip Olabilmeleri \u0130\u00e7in Fark\u0131ndal\u0131\u011f\u0131 Eyleme D\u00f6n\u00fc\u015ft\u00fcrme Zaman\u0131","datePublished":"2026-05-11T15:16:40+00:00","dateModified":"2026-08-06T06:30:17+00:00","mainEntityOfPage":{"@id":"https:\/\/wp1.sedaozcan.net.tr\/her-31-cocuktan-1i-otizmli-herkesle-esit-haklara-sahip-olabilmeleri-icin-farkindaligi-eyleme-donusturme-zamani\/"},"wordCount":725,"commentCount":0,"image":{"@id":"https:\/\/wp1.sedaozcan.net.tr\/her-31-cocuktan-1i-otizmli-herkesle-esit-haklara-sahip-olabilmeleri-icin-farkindaligi-eyleme-donusturme-zamani\/#primaryimage"},"thumbnailUrl":"https:\/\/wp1.sedaozcan.net.tr\/wp-content\/uploads\/2026\/05\/2-NISAN.jpg","articleSection":["Bas\u0131n Odas\u0131"],"inLanguage":"en-US","potentialAction":[{"@type":"CommentAction","name":"Comment","target":["https:\/\/wp1.sedaozcan.net.tr\/her-31-cocuktan-1i-otizmli-herkesle-esit-haklara-sahip-olabilmeleri-icin-farkindaligi-eyleme-donusturme-zamani\/#respond"]}]},{"@type":"WebPage","@id":"https:\/\/wp1.sedaozcan.net.tr\/her-31-cocuktan-1i-otizmli-herkesle-esit-haklara-sahip-olabilmeleri-icin-farkindaligi-eyleme-donusturme-zamani\/","url":"https:\/\/wp1.sedaozcan.net.tr\/her-31-cocuktan-1i-otizmli-herkesle-esit-haklara-sahip-olabilmeleri-icin-farkindaligi-eyleme-donusturme-zamani\/","name":"Her 31 \u00c7ocuktan 1\u2019i Otizmli: Herkesle E\u015fit Haklara Sahip Olabilmeleri \u0130\u00e7in Fark\u0131ndal\u0131\u011f\u0131 Eyleme D\u00f6n\u00fc\u015ft\u00fcrme Zaman\u0131 - Tohum Otizm Vakf\u0131 | Otizmin Tek \u00c7aresi E\u011fitim","isPartOf":{"@id":"https:\/\/wp1.sedaozcan.net.tr\/#website"},"primaryImageOfPage":{"@id":"https:\/\/wp1.sedaozcan.net.tr\/her-31-cocuktan-1i-otizmli-herkesle-esit-haklara-sahip-olabilmeleri-icin-farkindaligi-eyleme-donusturme-zamani\/#primaryimage"},"image":{"@id":"https:\/\/wp1.sedaozcan.net.tr\/her-31-cocuktan-1i-otizmli-herkesle-esit-haklara-sahip-olabilmeleri-icin-farkindaligi-eyleme-donusturme-zamani\/#primaryimage"},"thumbnailUrl":"https:\/\/wp1.sedaozcan.net.tr\/wp-content\/uploads\/2026\/05\/2-NISAN.jpg","datePublished":"2026-05-11T15:16:40+00:00","dateModified":"2026-08-06T06:30:17+00:00","author":{"@id":"https:\/\/wp1.sedaozcan.net.tr\/#\/schema\/person\/c2ea4120b58c7afcac902ba998b1091c"},"breadcrumb":{"@id":"https:\/\/wp1.sedaozcan.net.tr\/her-31-cocuktan-1i-otizmli-herkesle-esit-haklara-sahip-olabilmeleri-icin-farkindaligi-eyleme-donusturme-zamani\/#breadcrumb"},"inLanguage":"en-US","potentialAction":[{"@type":"ReadAction","target":["https:\/\/wp1.sedaozcan.net.tr\/her-31-cocuktan-1i-otizmli-herkesle-esit-haklara-sahip-olabilmeleri-icin-farkindaligi-eyleme-donusturme-zamani\/"]}]},{"@type":"ImageObject","inLanguage":"en-US","@id":"https:\/\/wp1.sedaozcan.net.tr\/her-31-cocuktan-1i-otizmli-herkesle-esit-haklara-sahip-olabilmeleri-icin-farkindaligi-eyleme-donusturme-zamani\/#primaryimage","url":"https:\/\/wp1.sedaozcan.net.tr\/wp-content\/uploads\/2026\/05\/2-NISAN.jpg","contentUrl":"https:\/\/wp1.sedaozcan.net.tr\/wp-content\/uploads\/2026\/05\/2-NISAN.jpg","width":2048,"height":1169},{"@type":"BreadcrumbList","@id":"https:\/\/wp1.sedaozcan.net.tr\/her-31-cocuktan-1i-otizmli-herkesle-esit-haklara-sahip-olabilmeleri-icin-farkindaligi-eyleme-donusturme-zamani\/#breadcrumb","itemListElement":[{"@type":"ListItem","position":1,"name":"Home","item":"https:\/\/wp1.sedaozcan.net.tr\/"},{"@type":"ListItem","position":2,"name":"Her 31 \u00c7ocuktan 1\u2019i Otizmli: Herkesle E\u015fit Haklara Sahip Olabilmeleri \u0130\u00e7in Fark\u0131ndal\u0131\u011f\u0131 Eyleme D\u00f6n\u00fc\u015ft\u00fcrme Zaman\u0131"}]},{"@type":"WebSite","@id":"https:\/\/wp1.sedaozcan.net.tr\/#website","url":"https:\/\/wp1.sedaozcan.net.tr\/","name":"Tohum Autism Foundation | The Only Remedy for Autism is Education","description":"","potentialAction":[{"@type":"SearchAction","target":{"@type":"EntryPoint","urlTemplate":"https:\/\/wp1.sedaozcan.net.tr\/?s={search_term_string}"},"query-input":{"@type":"PropertyValueSpecification","valueRequired":true,"valueName":"search_term_string"}}],"inLanguage":"en-US"},{"@type":"Person","@id":"https:\/\/wp1.sedaozcan.net.tr\/#\/schema\/person\/c2ea4120b58c7afcac902ba998b1091c","name":"Tohum Otizm","image":{"@type":"ImageObject","inLanguage":"en-US","@id":"https:\/\/secure.gravatar.com\/avatar\/99d08cded734486eef59dabce25065a85303e18d81311c4f5f2bbd3fed82f816?s=96&d=mm&r=g","url":"https:\/\/secure.gravatar.com\/avatar\/99d08cded734486eef59dabce25065a85303e18d81311c4f5f2bbd3fed82f816?s=96&d=mm&r=g","contentUrl":"https:\/\/secure.gravatar.com\/avatar\/99d08cded734486eef59dabce25065a85303e18d81311c4f5f2bbd3fed82f816?s=96&d=mm&r=g","caption":"Tohum Otizm"},"sameAs":["https:\/\/wp1.sedaozcan.net.tr"],"url":"https:\/\/wp1.sedaozcan.net.tr\/en\/author\/admin_3ewju0jt\/"},{"@type":"ImageObject","inLanguage":"en-US","@id":"https:\/\/wp1.sedaozcan.net.tr\/her-31-cocuktan-1i-otizmli-herkesle-esit-haklara-sahip-olabilmeleri-icin-farkindaligi-eyleme-donusturme-zamani\/#local-main-organization-logo","url":"","contentUrl":"","caption":"Tohum Otizm Vakf\u0131 | Otizmin Tek \u00c7aresi E\u011fitim"}]}},"_links":{"self":[{"href":"https:\/\/wp1.sedaozcan.net.tr\/en\/wp-json\/wp\/v2\/posts\/8536","targetHints":{"allow":["GET"]}}],"collection":[{"href":"https:\/\/wp1.sedaozcan.net.tr\/en\/wp-json\/wp\/v2\/posts"}],"about":[{"href":"https:\/\/wp1.sedaozcan.net.tr\/en\/wp-json\/wp\/v2\/types\/post"}],"author":[{"embeddable":true,"href":"https:\/\/wp1.sedaozcan.net.tr\/en\/wp-json\/wp\/v2\/users\/1"}],"replies":[{"embeddable":true,"href":"https:\/\/wp1.sedaozcan.net.tr\/en\/wp-json\/wp\/v2\/comments?post=8536"}],"version-history":[{"count":2,"href":"https:\/\/wp1.sedaozcan.net.tr\/en\/wp-json\/wp\/v2\/posts\/8536\/revisions"}],"predecessor-version":[{"id":9568,"href":"https:\/\/wp1.sedaozcan.net.tr\/en\/wp-json\/wp\/v2\/posts\/8536\/revisions\/9568"}],"wp:featuredmedia":[{"embeddable":true,"href":"https:\/\/wp1.sedaozcan.net.tr\/en\/wp-json\/wp\/v2\/media\/8537"}],"wp:attachment":[{"href":"https:\/\/wp1.sedaozcan.net.tr\/en\/wp-json\/wp\/v2\/media?parent=8536"}],"wp:term":[{"taxonomy":"category","embeddable":true,"href":"https:\/\/wp1.sedaozcan.net.tr\/en\/wp-json\/wp\/v2\/categories?post=8536"},{"taxonomy":"post_tag","embeddable":true,"href":"https:\/\/wp1.sedaozcan.net.tr\/en\/wp-json\/wp\/v2\/tags?post=8536"}],"curies":[{"name":"wp","href":"https:\/\/api.w.org\/{rel}","templated":true}]}}