{"id":8533,"date":"2026-05-11T17:15:34","date_gmt":"2026-05-11T15:15:34","guid":{"rendered":"https:\/\/wp1.sedaozcan.net.tr\/?p=8533"},"modified":"2026-08-06T08:30:56","modified_gmt":"2026-08-06T06:30:56","slug":"tohum-otizm-vakfindan-is-dunyasina-norocesitlilik-cagrisi-farkli-dusunen-zihinler-kurumlarin-en-buyuk-gucu-olabilir","status":"publish","type":"post","link":"https:\/\/wp1.sedaozcan.net.tr\/en\/tohum-otizm-vakfindan-is-dunyasina-norocesitlilik-cagrisi-farkli-dusunen-zihinler-kurumlarin-en-buyuk-gucu-olabilir\/","title":{"rendered":"Tohum Otizm Vakf\u0131\u2019ndan \u0130\u015f D\u00fcnyas\u0131na N\u00f6ro\u00e7e\u015fitlilik \u00c7a\u011fr\u0131s\u0131:\u00a0\u201cFarkl\u0131 d\u00fc\u015f\u00fcnen zihinler, kurumlar\u0131n en b\u00fcy\u00fck g\u00fcc\u00fc olabilir.\u201d"},"content":{"rendered":"<p class=\"wp-block-paragraph\"><strong>BASIN B\u00dcLTEN\u0130 &nbsp; &nbsp; &nbsp; &nbsp; &nbsp; &nbsp; &nbsp; &nbsp; &nbsp; &nbsp; &nbsp; &nbsp; &nbsp; &nbsp; &nbsp; 18 Mart 2026<\/strong><\/p>\n\n\n\n<p class=\"wp-block-paragraph\"><strong>Tohum Otizm Vakf\u0131\u2019ndan \u0130\u015f D\u00fcnyas\u0131na N\u00f6ro\u00e7e\u015fitlilik \u00c7a\u011fr\u0131s\u0131:\u00a0  \u201cFarkl\u0131 d\u00fc\u015f\u00fcnen zihinler, kurumlar\u0131n en b\u00fcy\u00fck g\u00fcc\u00fc olabilir.\u201d<\/strong><\/p>\n\n\n\n<p class=\"wp-block-paragraph\"><strong>T\u00fcrkiye\u2019de otizmli \u00e7ocuklar\u0131n ba\u011f\u0131ms\u0131z ve \u00fcretken bireyler olarak topluma kazand\u0131r\u0131lmas\u0131 amac\u0131yla 2003 y\u0131l\u0131ndan beri faaliyetlerini s\u00fcrd\u00fcren Tohum Otizm Vakf\u0131, N\u00f6ro\u00e7e\u015fitlilik Haftas\u0131 kapsam\u0131nda i\u015f d\u00fcnyas\u0131n\u0131 n\u00f6ro\u00e7e\u015fitlili\u011fin sundu\u011fu b\u00fcy\u00fck potansiyeli ke\u015ffetmeye ve kapsay\u0131c\u0131 istihdam\u0131n yayg\u0131nla\u015fmas\u0131na katk\u0131 sa\u011flamaya davet ediyor. Vakf\u0131n 2010&#8217;dan bu yana 16 firmayla y\u00fcr\u00fctt\u00fc\u011f\u00fc kapsay\u0131c\u0131 istihdam \u00e7al\u0131\u015fmalar\u0131, 61 otizmli bireyin i\u015f hayat\u0131na kazand\u0131r\u0131lmas\u0131n\u0131 sa\u011flad\u0131.<\/strong><\/p>\n\n\n\n<p class=\"wp-block-paragraph\">D\u00fcnya genelinde kutlanan N\u00f6ro\u00e7e\u015fitlilik Haftas\u0131, bireylerin d\u00fcnyay\u0131 alg\u0131lama, \u00f6\u011frenme ve d\u00fc\u015f\u00fcnme bi\u00e7imlerindeki farkl\u0131l\u0131klar\u0131n do\u011fal ve de\u011ferli oldu\u011funu hat\u0131rlat\u0131yor. Otizm, DEHB, disleksi ve Tourette sendromu gibi n\u00f6rolojik farkl\u0131l\u0131klar\u0131n bir eksiklik de\u011fil, insan \u00e7e\u015fitlili\u011finin par\u00e7as\u0131 oldu\u011funu vurgulayan bu hafta, e\u011fitimden istihdama kadar her alanda daha kapsay\u0131c\u0131 yakla\u015f\u0131mlar\u0131n gereklili\u011fine dikkat \u00e7ekiyor. Farkl\u0131l\u0131klar\u0131n d\u0131\u015flanmad\u0131\u011f\u0131, aksine de\u011fer \u00fcretimine d\u00f6n\u00fc\u015ft\u00fc\u011f\u00fc kurumlar ve toplumlar ise gelece\u011fin en g\u00fc\u00e7l\u00fc yap\u0131lar\u0131 olarak \u00f6ne \u00e7\u0131k\u0131yor.<\/p>\n\n\n\n<p class=\"wp-block-paragraph\">Tohum Otizm Vakf\u0131, T\u00fcrkiye\u2019de otizmli bireylerin erken tan\u0131 ve bilimsel temelli \u00f6zel e\u011fitimle desteklenmesine y\u00f6nelik \u00e7al\u0131\u015fmalar\u0131n\u0131n yan\u0131 s\u0131ra kapsay\u0131c\u0131 istihdam modellerinin yayg\u0131nla\u015ft\u0131r\u0131lmas\u0131na y\u00f6nelik projeleri ile i\u015f d\u00fcnyas\u0131na rehberlik ediyor. Vak\u0131f; 2010 y\u0131l\u0131ndan beri kurumlara y\u00f6nelik fark\u0131ndal\u0131k e\u011fitimleri, dan\u0131\u015fmanl\u0131k \u00e7al\u0131\u015fmalar\u0131 ve kapsay\u0131c\u0131 istihdam programlar\u0131 tasarlayarak n\u00f6ro\u00e7e\u015fitli bireylerin i\u015f hayat\u0131na kat\u0131l\u0131m\u0131n\u0131 art\u0131rmak \u00fczere \u00e7al\u0131\u015f\u0131yor. Otizm dostu i\u015f ortamlar\u0131n\u0131n geli\u015ftirilmesi, bu alandaki fark\u0131ndal\u0131\u011f\u0131n art\u0131r\u0131lmas\u0131, kurumlarda kapsay\u0131c\u0131 politikalar\u0131n yayg\u0131nla\u015ft\u0131r\u0131lmas\u0131 ve istihdam f\u0131rsatlar\u0131 yarat\u0131lmas\u0131, vakf\u0131n \u00f6ncelikli \u00e7al\u0131\u015fma alanlar\u0131 aras\u0131nda yer al\u0131yor.&nbsp;<\/p>\n\n\n\n<p class=\"wp-block-paragraph\">Tohum Otizm Vakf\u0131 Genel M\u00fcd\u00fcr\u00fc Seda K\u00f6knel, N\u00f6ro\u00e7e\u015fitlilik Haftas\u0131 kapsam\u0131nda yapt\u0131\u011f\u0131 a\u00e7\u0131klamada \u015funlar\u0131 s\u00f6yledi:<\/p>\n\n\n\n<p class=\"wp-block-paragraph\">&#8220;Bug\u00fcn i\u00e7inde ya\u015fad\u0131\u011f\u0131m\u0131z toplum h\u00e2l\u00e2 n\u00f6rotipik varsay\u0131m \u00fczerine kurulu. \u0130\u015fe al\u0131m s\u00fcre\u00e7leri, m\u00fclakat formatlar\u0131, a\u00e7\u0131k ofisler, afet planlar\u0131, dijital aray\u00fczler\u2026 Hepsi ortalama bir beyin i\u00e7in tasarlanm\u0131\u015f durumda. Oysa ger\u00e7ek \u015fu ki her birey d\u00fcnyay\u0131 farkl\u0131 alg\u0131l\u0131yor, farkl\u0131 \u00f6\u011freniyor ve farkl\u0131 de\u011fer \u00fcretiyor. N\u00f6ro\u00e7e\u015fitlilik bu anlamda \u00e7ok g\u00fc\u00e7l\u00fc bir potansiyel bar\u0131nd\u0131yor. Bug\u00fcn i\u015f d\u00fcnyas\u0131n\u0131n \u00f6n\u00fcnde \u00f6nemli bir f\u0131rsat var: Farkl\u0131 d\u00fc\u015f\u00fcnen zihinleri sisteme uyumland\u0131rmaya \u00e7al\u0131\u015fmak yerine, sistemleri bu \u00e7e\u015fitlili\u011fi kapsayacak \u015fekilde yeniden tasarlamak. \u00c7\u00fcnk\u00fc n\u00f6ro\u00e7e\u015fitlilik bir eksiklik de\u011fil; do\u011fru yakla\u015f\u0131mla kurumlar i\u00e7in inovasyonun, yarat\u0131c\u0131l\u0131\u011f\u0131n ve s\u00fcrd\u00fcr\u00fclebilir ba\u015far\u0131n\u0131n g\u00fc\u00e7l\u00fc bir kayna\u011f\u0131. T\u00fcrk i\u015f d\u00fcnyas\u0131n\u0131, n\u00f6ro\u00e7e\u015fitlili\u011fin sundu\u011fu bu g\u00fcc\u00fc ke\u015ffetmeye ve kapsay\u0131c\u0131 istihdam\u0131 birlikte b\u00fcy\u00fctmeye davet ediyoruz.\u201d<\/p>","protected":false},"excerpt":{"rendered":"<p>T\u00fcrkiye\u2019de otizmli \u00e7ocuklar\u0131n ba\u011f\u0131ms\u0131z ve \u00fcretken bireyler olarak topluma kazand\u0131r\u0131lmas\u0131 amac\u0131yla 2003 y\u0131l\u0131ndan beri faaliyetlerini s\u00fcrd\u00fcren Tohum Otizm Vakf\u0131, N\u00f6ro\u00e7e\u015fitlilik Haftas\u0131 kapsam\u0131nda i\u015f d\u00fcnyas\u0131n\u0131 n\u00f6ro\u00e7e\u015fitlili\u011fin sundu\u011fu b\u00fcy\u00fck potansiyeli ke\u015ffetmeye ve kapsay\u0131c\u0131 istihdam\u0131n yayg\u0131nla\u015fmas\u0131na katk\u0131 sa\u011flamaya davet ediyor. <\/p>","protected":false},"author":1,"featured_media":8534,"comment_status":"open","ping_status":"open","sticky":false,"template":"","format":"standard","meta":{"footnotes":""},"categories":[1],"tags":[],"class_list":["post-8533","post","type-post","status-publish","format-standard","has-post-thumbnail","hentry","category-basin-odasi"],"yoast_head":"<!-- This site is optimized with the Yoast SEO Premium plugin v28.3 (Yoast SEO v28.3) - https:\/\/yoast.com\/product\/yoast-seo-premium-wordpress\/ -->\n<title>Tohum Otizm Vakf\u0131\u2019ndan \u0130\u015f D\u00fcnyas\u0131na N\u00f6ro\u00e7e\u015fitlilik \u00c7a\u011fr\u0131s\u0131:\u00a0\u201cFarkl\u0131 d\u00fc\u015f\u00fcnen zihinler, kurumlar\u0131n en b\u00fcy\u00fck g\u00fcc\u00fc olabilir.\u201d - Tohum Otizm Vakf\u0131 | Otizmin Tek \u00c7aresi E\u011fitim<\/title>\n<meta name=\"robots\" content=\"index, follow, max-snippet:-1, max-image-preview:large, max-video-preview:-1\" \/>\n<link rel=\"canonical\" href=\"https:\/\/wp1.sedaozcan.net.tr\/en\/tohum-otizm-vakfindan-is-dunyasina-norocesitlilik-cagrisi-farkli-dusunen-zihinler-kurumlarin-en-buyuk-gucu-olabilir\/\" \/>\n<meta property=\"og:locale\" content=\"en_US\" \/>\n<meta property=\"og:type\" content=\"article\" \/>\n<meta property=\"og:title\" content=\"Tohum Otizm Vakf\u0131\u2019ndan \u0130\u015f D\u00fcnyas\u0131na N\u00f6ro\u00e7e\u015fitlilik \u00c7a\u011fr\u0131s\u0131:\u00a0\u201cFarkl\u0131 d\u00fc\u015f\u00fcnen zihinler, kurumlar\u0131n en b\u00fcy\u00fck g\u00fcc\u00fc olabilir.\u201d\" \/>\n<meta property=\"og:description\" content=\"T\u00fcrkiye\u2019de otizmli \u00e7ocuklar\u0131n ba\u011f\u0131ms\u0131z ve \u00fcretken bireyler olarak topluma kazand\u0131r\u0131lmas\u0131 amac\u0131yla 2003 y\u0131l\u0131ndan beri faaliyetlerini s\u00fcrd\u00fcren Tohum Otizm Vakf\u0131, N\u00f6ro\u00e7e\u015fitlilik Haftas\u0131 kapsam\u0131nda i\u015f d\u00fcnyas\u0131n\u0131 n\u00f6ro\u00e7e\u015fitlili\u011fin sundu\u011fu b\u00fcy\u00fck potansiyeli ke\u015ffetmeye ve kapsay\u0131c\u0131 istihdam\u0131n yayg\u0131nla\u015fmas\u0131na katk\u0131 sa\u011flamaya davet ediyor.\" \/>\n<meta property=\"og:url\" content=\"https:\/\/wp1.sedaozcan.net.tr\/en\/tohum-otizm-vakfindan-is-dunyasina-norocesitlilik-cagrisi-farkli-dusunen-zihinler-kurumlarin-en-buyuk-gucu-olabilir\/\" \/>\n<meta property=\"og:site_name\" content=\"Tohum Otizm Vakf\u0131 | Otizmin Tek \u00c7aresi E\u011fitim\" \/>\n<meta property=\"article:published_time\" content=\"2026-05-11T15:15:34+00:00\" \/>\n<meta property=\"article:modified_time\" content=\"2026-08-06T06:30:56+00:00\" \/>\n<meta property=\"og:image\" content=\"https:\/\/wp1.sedaozcan.net.tr\/wp-content\/uploads\/2026\/05\/Gorsel_1-2.jpg\" \/>\n\t<meta property=\"og:image:width\" content=\"1500\" \/>\n\t<meta property=\"og:image:height\" content=\"750\" \/>\n\t<meta property=\"og:image:type\" content=\"image\/jpeg\" \/>\n<meta name=\"author\" content=\"Tohum Otizm\" \/>\n<meta name=\"twitter:card\" content=\"summary_large_image\" \/>\n<meta name=\"twitter:label1\" content=\"Written by\" \/>\n\t<meta name=\"twitter:data1\" content=\"Tohum Otizm\" \/>\n\t<meta name=\"twitter:label2\" content=\"Est. reading time\" \/>\n\t<meta name=\"twitter:data2\" content=\"3 minutes\" \/>\n<script type=\"application\/ld+json\" class=\"yoast-schema-graph\">{\"@context\":\"https:\\\/\\\/schema.org\",\"@graph\":[{\"@type\":\"Article\",\"@id\":\"https:\\\/\\\/wp1.sedaozcan.net.tr\\\/tohum-otizm-vakfindan-is-dunyasina-norocesitlilik-cagrisi-farkli-dusunen-zihinler-kurumlarin-en-buyuk-gucu-olabilir\\\/#article\",\"isPartOf\":{\"@id\":\"https:\\\/\\\/wp1.sedaozcan.net.tr\\\/tohum-otizm-vakfindan-is-dunyasina-norocesitlilik-cagrisi-farkli-dusunen-zihinler-kurumlarin-en-buyuk-gucu-olabilir\\\/\"},\"author\":{\"name\":\"Tohum Otizm\",\"@id\":\"https:\\\/\\\/wp1.sedaozcan.net.tr\\\/#\\\/schema\\\/person\\\/c2ea4120b58c7afcac902ba998b1091c\"},\"headline\":\"Tohum Otizm Vakf\u0131\u2019ndan \u0130\u015f D\u00fcnyas\u0131na N\u00f6ro\u00e7e\u015fitlilik \u00c7a\u011fr\u0131s\u0131:\u00a0\u201cFarkl\u0131 d\u00fc\u015f\u00fcnen zihinler, kurumlar\u0131n en b\u00fcy\u00fck g\u00fcc\u00fc olabilir.\u201d\",\"datePublished\":\"2026-05-11T15:15:34+00:00\",\"dateModified\":\"2026-08-06T06:30:56+00:00\",\"mainEntityOfPage\":{\"@id\":\"https:\\\/\\\/wp1.sedaozcan.net.tr\\\/tohum-otizm-vakfindan-is-dunyasina-norocesitlilik-cagrisi-farkli-dusunen-zihinler-kurumlarin-en-buyuk-gucu-olabilir\\\/\"},\"wordCount\":598,\"commentCount\":0,\"image\":{\"@id\":\"https:\\\/\\\/wp1.sedaozcan.net.tr\\\/tohum-otizm-vakfindan-is-dunyasina-norocesitlilik-cagrisi-farkli-dusunen-zihinler-kurumlarin-en-buyuk-gucu-olabilir\\\/#primaryimage\"},\"thumbnailUrl\":\"https:\\\/\\\/wp1.sedaozcan.net.tr\\\/wp-content\\\/uploads\\\/2026\\\/05\\\/Gorsel_1-2.jpg\",\"articleSection\":[\"Bas\u0131n Odas\u0131\"],\"inLanguage\":\"en-US\",\"potentialAction\":[{\"@type\":\"CommentAction\",\"name\":\"Comment\",\"target\":[\"https:\\\/\\\/wp1.sedaozcan.net.tr\\\/tohum-otizm-vakfindan-is-dunyasina-norocesitlilik-cagrisi-farkli-dusunen-zihinler-kurumlarin-en-buyuk-gucu-olabilir\\\/#respond\"]}]},{\"@type\":\"WebPage\",\"@id\":\"https:\\\/\\\/wp1.sedaozcan.net.tr\\\/tohum-otizm-vakfindan-is-dunyasina-norocesitlilik-cagrisi-farkli-dusunen-zihinler-kurumlarin-en-buyuk-gucu-olabilir\\\/\",\"url\":\"https:\\\/\\\/wp1.sedaozcan.net.tr\\\/tohum-otizm-vakfindan-is-dunyasina-norocesitlilik-cagrisi-farkli-dusunen-zihinler-kurumlarin-en-buyuk-gucu-olabilir\\\/\",\"name\":\"Tohum Otizm Vakf\u0131\u2019ndan \u0130\u015f D\u00fcnyas\u0131na N\u00f6ro\u00e7e\u015fitlilik \u00c7a\u011fr\u0131s\u0131:\u00a0\u201cFarkl\u0131 d\u00fc\u015f\u00fcnen zihinler, kurumlar\u0131n en b\u00fcy\u00fck g\u00fcc\u00fc olabilir.\u201d - Tohum Otizm Vakf\u0131 | Otizmin Tek \u00c7aresi E\u011fitim\",\"isPartOf\":{\"@id\":\"https:\\\/\\\/wp1.sedaozcan.net.tr\\\/#website\"},\"primaryImageOfPage\":{\"@id\":\"https:\\\/\\\/wp1.sedaozcan.net.tr\\\/tohum-otizm-vakfindan-is-dunyasina-norocesitlilik-cagrisi-farkli-dusunen-zihinler-kurumlarin-en-buyuk-gucu-olabilir\\\/#primaryimage\"},\"image\":{\"@id\":\"https:\\\/\\\/wp1.sedaozcan.net.tr\\\/tohum-otizm-vakfindan-is-dunyasina-norocesitlilik-cagrisi-farkli-dusunen-zihinler-kurumlarin-en-buyuk-gucu-olabilir\\\/#primaryimage\"},\"thumbnailUrl\":\"https:\\\/\\\/wp1.sedaozcan.net.tr\\\/wp-content\\\/uploads\\\/2026\\\/05\\\/Gorsel_1-2.jpg\",\"datePublished\":\"2026-05-11T15:15:34+00:00\",\"dateModified\":\"2026-08-06T06:30:56+00:00\",\"author\":{\"@id\":\"https:\\\/\\\/wp1.sedaozcan.net.tr\\\/#\\\/schema\\\/person\\\/c2ea4120b58c7afcac902ba998b1091c\"},\"breadcrumb\":{\"@id\":\"https:\\\/\\\/wp1.sedaozcan.net.tr\\\/tohum-otizm-vakfindan-is-dunyasina-norocesitlilik-cagrisi-farkli-dusunen-zihinler-kurumlarin-en-buyuk-gucu-olabilir\\\/#breadcrumb\"},\"inLanguage\":\"en-US\",\"potentialAction\":[{\"@type\":\"ReadAction\",\"target\":[\"https:\\\/\\\/wp1.sedaozcan.net.tr\\\/tohum-otizm-vakfindan-is-dunyasina-norocesitlilik-cagrisi-farkli-dusunen-zihinler-kurumlarin-en-buyuk-gucu-olabilir\\\/\"]}]},{\"@type\":\"ImageObject\",\"inLanguage\":\"en-US\",\"@id\":\"https:\\\/\\\/wp1.sedaozcan.net.tr\\\/tohum-otizm-vakfindan-is-dunyasina-norocesitlilik-cagrisi-farkli-dusunen-zihinler-kurumlarin-en-buyuk-gucu-olabilir\\\/#primaryimage\",\"url\":\"https:\\\/\\\/wp1.sedaozcan.net.tr\\\/wp-content\\\/uploads\\\/2026\\\/05\\\/Gorsel_1-2.jpg\",\"contentUrl\":\"https:\\\/\\\/wp1.sedaozcan.net.tr\\\/wp-content\\\/uploads\\\/2026\\\/05\\\/Gorsel_1-2.jpg\",\"width\":1500,\"height\":750},{\"@type\":\"BreadcrumbList\",\"@id\":\"https:\\\/\\\/wp1.sedaozcan.net.tr\\\/tohum-otizm-vakfindan-is-dunyasina-norocesitlilik-cagrisi-farkli-dusunen-zihinler-kurumlarin-en-buyuk-gucu-olabilir\\\/#breadcrumb\",\"itemListElement\":[{\"@type\":\"ListItem\",\"position\":1,\"name\":\"Home\",\"item\":\"https:\\\/\\\/wp1.sedaozcan.net.tr\\\/\"},{\"@type\":\"ListItem\",\"position\":2,\"name\":\"Tohum Otizm Vakf\u0131\u2019ndan \u0130\u015f D\u00fcnyas\u0131na N\u00f6ro\u00e7e\u015fitlilik \u00c7a\u011fr\u0131s\u0131:\u00a0\u201cFarkl\u0131 d\u00fc\u015f\u00fcnen zihinler, kurumlar\u0131n en b\u00fcy\u00fck g\u00fcc\u00fc olabilir.\u201d\"}]},{\"@type\":\"WebSite\",\"@id\":\"https:\\\/\\\/wp1.sedaozcan.net.tr\\\/#website\",\"url\":\"https:\\\/\\\/wp1.sedaozcan.net.tr\\\/\",\"name\":\"Tohum Otizm Vakf\u0131 | Otizmin Tek \u00c7aresi E\u011fitim\",\"description\":\"\",\"potentialAction\":[{\"@type\":\"SearchAction\",\"target\":{\"@type\":\"EntryPoint\",\"urlTemplate\":\"https:\\\/\\\/wp1.sedaozcan.net.tr\\\/?s={search_term_string}\"},\"query-input\":{\"@type\":\"PropertyValueSpecification\",\"valueRequired\":true,\"valueName\":\"search_term_string\"}}],\"inLanguage\":\"en-US\"},{\"@type\":\"Person\",\"@id\":\"https:\\\/\\\/wp1.sedaozcan.net.tr\\\/#\\\/schema\\\/person\\\/c2ea4120b58c7afcac902ba998b1091c\",\"name\":\"Tohum Otizm\",\"image\":{\"@type\":\"ImageObject\",\"inLanguage\":\"en-US\",\"@id\":\"https:\\\/\\\/secure.gravatar.com\\\/avatar\\\/99d08cded734486eef59dabce25065a85303e18d81311c4f5f2bbd3fed82f816?s=96&d=mm&r=g\",\"url\":\"https:\\\/\\\/secure.gravatar.com\\\/avatar\\\/99d08cded734486eef59dabce25065a85303e18d81311c4f5f2bbd3fed82f816?s=96&d=mm&r=g\",\"contentUrl\":\"https:\\\/\\\/secure.gravatar.com\\\/avatar\\\/99d08cded734486eef59dabce25065a85303e18d81311c4f5f2bbd3fed82f816?s=96&d=mm&r=g\",\"caption\":\"Tohum Otizm\"},\"sameAs\":[\"https:\\\/\\\/wp1.sedaozcan.net.tr\"],\"url\":\"https:\\\/\\\/wp1.sedaozcan.net.tr\\\/en\\\/author\\\/admin_3ewju0jt\\\/\"},{\"@type\":\"ImageObject\",\"inLanguage\":\"en-US\",\"@id\":\"https:\\\/\\\/wp1.sedaozcan.net.tr\\\/tohum-otizm-vakfindan-is-dunyasina-norocesitlilik-cagrisi-farkli-dusunen-zihinler-kurumlarin-en-buyuk-gucu-olabilir\\\/#local-main-organization-logo\",\"url\":\"\",\"contentUrl\":\"\",\"caption\":\"Tohum Otizm Vakf\u0131 | Otizmin Tek \u00c7aresi E\u011fitim\"}]}<\/script>\n<!-- \/ Yoast SEO Premium plugin. -->","yoast_head_json":{"title":"Tohum Otizm Vakf\u0131\u2019ndan \u0130\u015f D\u00fcnyas\u0131na N\u00f6ro\u00e7e\u015fitlilik \u00c7a\u011fr\u0131s\u0131:\u00a0\u201cFarkl\u0131 d\u00fc\u015f\u00fcnen zihinler, kurumlar\u0131n en b\u00fcy\u00fck g\u00fcc\u00fc olabilir.\u201d - Tohum Otizm Vakf\u0131 | Otizmin Tek \u00c7aresi E\u011fitim","robots":{"index":"index","follow":"follow","max-snippet":"max-snippet:-1","max-image-preview":"max-image-preview:large","max-video-preview":"max-video-preview:-1"},"canonical":"https:\/\/wp1.sedaozcan.net.tr\/en\/tohum-otizm-vakfindan-is-dunyasina-norocesitlilik-cagrisi-farkli-dusunen-zihinler-kurumlarin-en-buyuk-gucu-olabilir\/","og_locale":"en_US","og_type":"article","og_title":"Tohum Otizm Vakf\u0131\u2019ndan \u0130\u015f D\u00fcnyas\u0131na N\u00f6ro\u00e7e\u015fitlilik \u00c7a\u011fr\u0131s\u0131:\u00a0\u201cFarkl\u0131 d\u00fc\u015f\u00fcnen zihinler, kurumlar\u0131n en b\u00fcy\u00fck g\u00fcc\u00fc olabilir.\u201d","og_description":"T\u00fcrkiye\u2019de otizmli \u00e7ocuklar\u0131n ba\u011f\u0131ms\u0131z ve \u00fcretken bireyler olarak topluma kazand\u0131r\u0131lmas\u0131 amac\u0131yla 2003 y\u0131l\u0131ndan beri faaliyetlerini s\u00fcrd\u00fcren Tohum Otizm Vakf\u0131, N\u00f6ro\u00e7e\u015fitlilik Haftas\u0131 kapsam\u0131nda i\u015f d\u00fcnyas\u0131n\u0131 n\u00f6ro\u00e7e\u015fitlili\u011fin sundu\u011fu b\u00fcy\u00fck potansiyeli ke\u015ffetmeye ve kapsay\u0131c\u0131 istihdam\u0131n yayg\u0131nla\u015fmas\u0131na katk\u0131 sa\u011flamaya davet ediyor.","og_url":"https:\/\/wp1.sedaozcan.net.tr\/en\/tohum-otizm-vakfindan-is-dunyasina-norocesitlilik-cagrisi-farkli-dusunen-zihinler-kurumlarin-en-buyuk-gucu-olabilir\/","og_site_name":"Tohum Otizm Vakf\u0131 | Otizmin Tek \u00c7aresi E\u011fitim","article_published_time":"2026-05-11T15:15:34+00:00","article_modified_time":"2026-08-06T06:30:56+00:00","og_image":[{"width":1500,"height":750,"url":"https:\/\/wp1.sedaozcan.net.tr\/wp-content\/uploads\/2026\/05\/Gorsel_1-2.jpg","type":"image\/jpeg"}],"author":"Tohum Otizm","twitter_card":"summary_large_image","twitter_misc":{"Written by":"Tohum Otizm","Est. reading time":"3 minutes"},"schema":{"@context":"https:\/\/schema.org","@graph":[{"@type":"Article","@id":"https:\/\/wp1.sedaozcan.net.tr\/tohum-otizm-vakfindan-is-dunyasina-norocesitlilik-cagrisi-farkli-dusunen-zihinler-kurumlarin-en-buyuk-gucu-olabilir\/#article","isPartOf":{"@id":"https:\/\/wp1.sedaozcan.net.tr\/tohum-otizm-vakfindan-is-dunyasina-norocesitlilik-cagrisi-farkli-dusunen-zihinler-kurumlarin-en-buyuk-gucu-olabilir\/"},"author":{"name":"Tohum Otizm","@id":"https:\/\/wp1.sedaozcan.net.tr\/#\/schema\/person\/c2ea4120b58c7afcac902ba998b1091c"},"headline":"Tohum Otizm Vakf\u0131\u2019ndan \u0130\u015f D\u00fcnyas\u0131na N\u00f6ro\u00e7e\u015fitlilik \u00c7a\u011fr\u0131s\u0131:\u00a0\u201cFarkl\u0131 d\u00fc\u015f\u00fcnen zihinler, kurumlar\u0131n en b\u00fcy\u00fck g\u00fcc\u00fc olabilir.\u201d","datePublished":"2026-05-11T15:15:34+00:00","dateModified":"2026-08-06T06:30:56+00:00","mainEntityOfPage":{"@id":"https:\/\/wp1.sedaozcan.net.tr\/tohum-otizm-vakfindan-is-dunyasina-norocesitlilik-cagrisi-farkli-dusunen-zihinler-kurumlarin-en-buyuk-gucu-olabilir\/"},"wordCount":598,"commentCount":0,"image":{"@id":"https:\/\/wp1.sedaozcan.net.tr\/tohum-otizm-vakfindan-is-dunyasina-norocesitlilik-cagrisi-farkli-dusunen-zihinler-kurumlarin-en-buyuk-gucu-olabilir\/#primaryimage"},"thumbnailUrl":"https:\/\/wp1.sedaozcan.net.tr\/wp-content\/uploads\/2026\/05\/Gorsel_1-2.jpg","articleSection":["Bas\u0131n Odas\u0131"],"inLanguage":"en-US","potentialAction":[{"@type":"CommentAction","name":"Comment","target":["https:\/\/wp1.sedaozcan.net.tr\/tohum-otizm-vakfindan-is-dunyasina-norocesitlilik-cagrisi-farkli-dusunen-zihinler-kurumlarin-en-buyuk-gucu-olabilir\/#respond"]}]},{"@type":"WebPage","@id":"https:\/\/wp1.sedaozcan.net.tr\/tohum-otizm-vakfindan-is-dunyasina-norocesitlilik-cagrisi-farkli-dusunen-zihinler-kurumlarin-en-buyuk-gucu-olabilir\/","url":"https:\/\/wp1.sedaozcan.net.tr\/tohum-otizm-vakfindan-is-dunyasina-norocesitlilik-cagrisi-farkli-dusunen-zihinler-kurumlarin-en-buyuk-gucu-olabilir\/","name":"Tohum Otizm Vakf\u0131\u2019ndan \u0130\u015f D\u00fcnyas\u0131na N\u00f6ro\u00e7e\u015fitlilik \u00c7a\u011fr\u0131s\u0131:\u00a0\u201cFarkl\u0131 d\u00fc\u015f\u00fcnen zihinler, kurumlar\u0131n en b\u00fcy\u00fck g\u00fcc\u00fc olabilir.\u201d - Tohum Otizm Vakf\u0131 | Otizmin Tek \u00c7aresi E\u011fitim","isPartOf":{"@id":"https:\/\/wp1.sedaozcan.net.tr\/#website"},"primaryImageOfPage":{"@id":"https:\/\/wp1.sedaozcan.net.tr\/tohum-otizm-vakfindan-is-dunyasina-norocesitlilik-cagrisi-farkli-dusunen-zihinler-kurumlarin-en-buyuk-gucu-olabilir\/#primaryimage"},"image":{"@id":"https:\/\/wp1.sedaozcan.net.tr\/tohum-otizm-vakfindan-is-dunyasina-norocesitlilik-cagrisi-farkli-dusunen-zihinler-kurumlarin-en-buyuk-gucu-olabilir\/#primaryimage"},"thumbnailUrl":"https:\/\/wp1.sedaozcan.net.tr\/wp-content\/uploads\/2026\/05\/Gorsel_1-2.jpg","datePublished":"2026-05-11T15:15:34+00:00","dateModified":"2026-08-06T06:30:56+00:00","author":{"@id":"https:\/\/wp1.sedaozcan.net.tr\/#\/schema\/person\/c2ea4120b58c7afcac902ba998b1091c"},"breadcrumb":{"@id":"https:\/\/wp1.sedaozcan.net.tr\/tohum-otizm-vakfindan-is-dunyasina-norocesitlilik-cagrisi-farkli-dusunen-zihinler-kurumlarin-en-buyuk-gucu-olabilir\/#breadcrumb"},"inLanguage":"en-US","potentialAction":[{"@type":"ReadAction","target":["https:\/\/wp1.sedaozcan.net.tr\/tohum-otizm-vakfindan-is-dunyasina-norocesitlilik-cagrisi-farkli-dusunen-zihinler-kurumlarin-en-buyuk-gucu-olabilir\/"]}]},{"@type":"ImageObject","inLanguage":"en-US","@id":"https:\/\/wp1.sedaozcan.net.tr\/tohum-otizm-vakfindan-is-dunyasina-norocesitlilik-cagrisi-farkli-dusunen-zihinler-kurumlarin-en-buyuk-gucu-olabilir\/#primaryimage","url":"https:\/\/wp1.sedaozcan.net.tr\/wp-content\/uploads\/2026\/05\/Gorsel_1-2.jpg","contentUrl":"https:\/\/wp1.sedaozcan.net.tr\/wp-content\/uploads\/2026\/05\/Gorsel_1-2.jpg","width":1500,"height":750},{"@type":"BreadcrumbList","@id":"https:\/\/wp1.sedaozcan.net.tr\/tohum-otizm-vakfindan-is-dunyasina-norocesitlilik-cagrisi-farkli-dusunen-zihinler-kurumlarin-en-buyuk-gucu-olabilir\/#breadcrumb","itemListElement":[{"@type":"ListItem","position":1,"name":"Home","item":"https:\/\/wp1.sedaozcan.net.tr\/"},{"@type":"ListItem","position":2,"name":"Tohum Otizm Vakf\u0131\u2019ndan \u0130\u015f D\u00fcnyas\u0131na N\u00f6ro\u00e7e\u015fitlilik \u00c7a\u011fr\u0131s\u0131:\u00a0\u201cFarkl\u0131 d\u00fc\u015f\u00fcnen zihinler, kurumlar\u0131n en b\u00fcy\u00fck g\u00fcc\u00fc olabilir.\u201d"}]},{"@type":"WebSite","@id":"https:\/\/wp1.sedaozcan.net.tr\/#website","url":"https:\/\/wp1.sedaozcan.net.tr\/","name":"Tohum Autism Foundation | The Only Remedy for Autism is Education","description":"","potentialAction":[{"@type":"SearchAction","target":{"@type":"EntryPoint","urlTemplate":"https:\/\/wp1.sedaozcan.net.tr\/?s={search_term_string}"},"query-input":{"@type":"PropertyValueSpecification","valueRequired":true,"valueName":"search_term_string"}}],"inLanguage":"en-US"},{"@type":"Person","@id":"https:\/\/wp1.sedaozcan.net.tr\/#\/schema\/person\/c2ea4120b58c7afcac902ba998b1091c","name":"Tohum Otizm","image":{"@type":"ImageObject","inLanguage":"en-US","@id":"https:\/\/secure.gravatar.com\/avatar\/99d08cded734486eef59dabce25065a85303e18d81311c4f5f2bbd3fed82f816?s=96&d=mm&r=g","url":"https:\/\/secure.gravatar.com\/avatar\/99d08cded734486eef59dabce25065a85303e18d81311c4f5f2bbd3fed82f816?s=96&d=mm&r=g","contentUrl":"https:\/\/secure.gravatar.com\/avatar\/99d08cded734486eef59dabce25065a85303e18d81311c4f5f2bbd3fed82f816?s=96&d=mm&r=g","caption":"Tohum Otizm"},"sameAs":["https:\/\/wp1.sedaozcan.net.tr"],"url":"https:\/\/wp1.sedaozcan.net.tr\/en\/author\/admin_3ewju0jt\/"},{"@type":"ImageObject","inLanguage":"en-US","@id":"https:\/\/wp1.sedaozcan.net.tr\/tohum-otizm-vakfindan-is-dunyasina-norocesitlilik-cagrisi-farkli-dusunen-zihinler-kurumlarin-en-buyuk-gucu-olabilir\/#local-main-organization-logo","url":"","contentUrl":"","caption":"Tohum Otizm Vakf\u0131 | Otizmin Tek \u00c7aresi E\u011fitim"}]}},"_links":{"self":[{"href":"https:\/\/wp1.sedaozcan.net.tr\/en\/wp-json\/wp\/v2\/posts\/8533","targetHints":{"allow":["GET"]}}],"collection":[{"href":"https:\/\/wp1.sedaozcan.net.tr\/en\/wp-json\/wp\/v2\/posts"}],"about":[{"href":"https:\/\/wp1.sedaozcan.net.tr\/en\/wp-json\/wp\/v2\/types\/post"}],"author":[{"embeddable":true,"href":"https:\/\/wp1.sedaozcan.net.tr\/en\/wp-json\/wp\/v2\/users\/1"}],"replies":[{"embeddable":true,"href":"https:\/\/wp1.sedaozcan.net.tr\/en\/wp-json\/wp\/v2\/comments?post=8533"}],"version-history":[{"count":2,"href":"https:\/\/wp1.sedaozcan.net.tr\/en\/wp-json\/wp\/v2\/posts\/8533\/revisions"}],"predecessor-version":[{"id":9569,"href":"https:\/\/wp1.sedaozcan.net.tr\/en\/wp-json\/wp\/v2\/posts\/8533\/revisions\/9569"}],"wp:featuredmedia":[{"embeddable":true,"href":"https:\/\/wp1.sedaozcan.net.tr\/en\/wp-json\/wp\/v2\/media\/8534"}],"wp:attachment":[{"href":"https:\/\/wp1.sedaozcan.net.tr\/en\/wp-json\/wp\/v2\/media?parent=8533"}],"wp:term":[{"taxonomy":"category","embeddable":true,"href":"https:\/\/wp1.sedaozcan.net.tr\/en\/wp-json\/wp\/v2\/categories?post=8533"},{"taxonomy":"post_tag","embeddable":true,"href":"https:\/\/wp1.sedaozcan.net.tr\/en\/wp-json\/wp\/v2\/tags?post=8533"}],"curies":[{"name":"wp","href":"https:\/\/api.w.org\/{rel}","templated":true}]}}