{"id":8524,"date":"2026-05-11T17:12:59","date_gmt":"2026-05-11T15:12:59","guid":{"rendered":"https:\/\/wp1.sedaozcan.net.tr\/?p=8524"},"modified":"2026-08-06T08:32:12","modified_gmt":"2026-08-06T06:32:12","slug":"tohum-otizm-vakfi-ve-boyner-is-birligiyle-otizmli-bireylere-istihdam-destegi","status":"publish","type":"post","link":"https:\/\/wp1.sedaozcan.net.tr\/en\/tohum-otizm-vakfi-ve-boyner-is-birligiyle-otizmli-bireylere-istihdam-destegi\/","title":{"rendered":"Tohum Otizm Vakf\u0131 ve Boyner \u0130\u015f Birli\u011fiyle Otizmli Bireylere \u0130stihdam Deste\u011fi"},"content":{"rendered":"<p class=\"wp-block-paragraph\"><strong>BASIN B\u00dcLTEN\u0130 &nbsp; &nbsp; &nbsp; &nbsp; &nbsp; &nbsp; &nbsp; &nbsp; &nbsp; &nbsp; &nbsp; 11 Temmuz 2025<\/strong><\/p>\n\n\n\n<p class=\"wp-block-paragraph\"><strong>Tohum Otizm Vakf\u0131 ve Boyner \u0130\u015f Birli\u011fiyle Otizmli Bireylere \u0130stihdam Deste\u011fi<\/strong><\/p>\n\n\n\n<p class=\"wp-block-paragraph\">Tohum Otizm Vakf\u0131 ve Boyner, otizmli bireylerin i\u015f g\u00fcc\u00fcne kat\u0131l\u0131m\u0131n\u0131 art\u0131rmak ve perakende sekt\u00f6r\u00fcnde uzun vadeli istihdamlar\u0131n\u0131 sa\u011flamak amac\u0131yla \u00f6nemli bir i\u015f birli\u011fine imza att\u0131. Proje kapsam\u0131nda \u0130stanbul\u2019da yer alan \u00fc\u00e7 farkl\u0131 Boyner ma\u011fazas\u0131nda toplam alt\u0131 otizmli birey istihdam edilecek.&nbsp; Tohum Otizm Vakf\u0131 Ba\u015fkan\u0131 Aylin Sezgin ve Boyner B\u00fcy\u00fck Ma\u011fazac\u0131l\u0131k Saha \u0130nsan Kaynaklar\u0131 Direkt\u00f6r\u00fc Ba\u015fak Bilgin\u2019in&nbsp;yer ald\u0131\u011f\u0131 imza t\u00f6reniyle Destekli \u0130stihdam Modeli Boyner b\u00fcnyesinde uygulanmaya ba\u015flanacak.&nbsp;<\/p>\n\n\n\n<p class=\"wp-block-paragraph\">Otizmli bireylerin i\u015f yerinde adaptasyon s\u00fcrecini kolayla\u015ft\u0131rmak ve ba\u015far\u0131l\u0131 bir \u015fekilde g\u00f6rev almalar\u0131n\u0131 sa\u011flamak amac\u0131yla her ma\u011fazada birer ment\u00f6r g\u00f6revlendirilecek. Bu ment\u00f6rler, Tohum Otizm Vakf\u0131 taraf\u0131ndan hem teorik hem de uygulamal\u0131 e\u011fitimlerle desteklenecek. E\u011fitim s\u00fcrecinin ard\u0131ndan Tohum Otizm Vakf\u0131, i\u015f yerinde otizmli bireylerin ihtiya\u00e7lar\u0131na uygun d\u00fczenlemelerin yap\u0131lmas\u0131 ve i\u015fe uyum s\u00fcre\u00e7lerinin kolayla\u015ft\u0131r\u0131lmas\u0131 i\u00e7in yerinde dan\u0131\u015fmanl\u0131k hizmeti sunarak otizmli bireylerin i\u015fe uyum s\u00fcre\u00e7lerine aktif destek sa\u011flayacak.&nbsp;<\/p>\n\n\n\n<p class=\"wp-block-paragraph\">Tohum Otizm Vakf\u0131 ve Boyner, hayata ge\u00e7irdikleri bu anlaml\u0131 projeyle otizmli bireylerin i\u015f hayat\u0131na kat\u0131l\u0131m\u0131n\u0131 desteklemenin yan\u0131 s\u0131ra, toplumsal fark\u0131ndal\u0131\u011f\u0131 art\u0131rarak daha kapsay\u0131c\u0131 bir i\u015f d\u00fcnyas\u0131 yarat\u0131lmas\u0131na katk\u0131 sunmay\u0131 hedefliyor. \u00dclkemizde 18 ya\u015f \u00fczeri tahminen 2 milyon otizmli oldu\u011fu d\u00fc\u015f\u00fcn\u00fcld\u00fc\u011f\u00fcnde, otizmli bireylere istihdam f\u0131rsat\u0131 sunulmas\u0131 hem perakende sekt\u00f6r\u00fc hem de ulusal i\u015f g\u00fcc\u00fcne de\u011fer yaratacak.<\/p>\n\n\n\n<p class=\"wp-block-paragraph\"><strong>Daha Fazla Otizmli Birey \u0130\u00e7in E\u015fit F\u0131rsat<\/strong><\/p>\n\n\n\n<p class=\"wp-block-paragraph\">Tohum Otizm Vakf\u0131 Ba\u015fkan\u0131 Aylin Sezgin, \u201cBoyner ile ger\u00e7ekle\u015ftirdi\u011fimiz bu i\u015f birli\u011fi, otizmli bireylerin sosyal hayata ve i\u015f g\u00fcc\u00fcne dahil olmas\u0131 y\u00f6n\u00fcnde k\u0131ymetli bir ad\u0131m. Her bir bireyin potansiyeline ula\u015fabilece\u011fi e\u015fitlik\u00e7i bir ortam yaratmak hepimizin ortak sorumlulu\u011fu. Bu projeyle yaln\u0131zca bireylere de\u011fil, i\u015f d\u00fcnyas\u0131na da \u00f6nemli bir katk\u0131 sa\u011flanaca\u011f\u0131na inan\u0131yoruz.\u201d dedi.<\/p>\n\n\n\n<p class=\"wp-block-paragraph\">Boyner B\u00fcy\u00fck Ma\u011fazac\u0131l\u0131k Saha \u0130nsan Kaynaklar\u0131 Direkt\u00f6r\u00fc Ba\u015fak Bilgin,<br>\u201cBoyner\u2019de her bireyin kendini oldu\u011fu gibi ifade edebildi\u011fi ve e\u015fit f\u0131rsatlarla geli\u015febildi\u011fi kapsay\u0131c\u0131 bir i\u015f ortam\u0131 yaratmay\u0131 \u00f6nemsiyoruz. Tohum Otizm Vakf\u0131 ile 2023\u2019ten bu yana y\u00fcr\u00fctt\u00fc\u011f\u00fcm\u00fcz i\u015f birli\u011fi, bizim i\u00e7in yaln\u0131zca bir istihdam modeli de\u011fil; ayn\u0131 zamanda birlikte \u00f6\u011frenmeyi, geli\u015fmeyi ve \u00f6nyarg\u0131lar\u0131n \u00f6tesine ge\u00e7meyi m\u00fcmk\u00fcn k\u0131lan \u00f6nemli bir ad\u0131m. \u015eimdi bu yolculu\u011fu b\u00fcy\u00fct\u00fcyor, alt\u0131 otizmli arkada\u015f\u0131m\u0131z\u0131 daha Boyner ma\u011fazalar\u0131m\u0131zda ekibimize dahil ediyoruz. Bu s\u00fcrecin her a\u015famas\u0131nda kapsay\u0131c\u0131 istihdam anlay\u0131\u015f\u0131m\u0131z\u0131 daha da derinle\u015ftirerek, birlikte \u00e7al\u0131\u015ft\u0131\u011f\u0131m\u0131z herkesin potansiyelini \u00f6zg\u00fcrce ortaya koyabilece\u011fi bir yap\u0131 i\u00e7in \u00e7al\u0131\u015fmaya devam edece\u011fiz.\u201d a\u00e7\u0131klamas\u0131nda bulundu.&nbsp;<\/p>\n\n\n\n<p class=\"wp-block-paragraph\">Bu anlaml\u0131 i\u015f birli\u011fini kamuoyuna duyurmak \u00fczere<strong>,<\/strong> 10 Temmuz 2025 tarihinde Boyner ve Tohum Otizm Vakf\u0131 y\u00f6neticilerinin kat\u0131l\u0131m\u0131yla Tohum Otizm Vakf\u0131 E\u011fitim Kurumlar\u0131\u2019nda bir imza t\u00f6reni d\u00fczenlendi.&nbsp;<\/p>","protected":false},"excerpt":{"rendered":"<p>Tohum Otizm Vakf\u0131 ve Boyner, otizmli bireylerin i\u015f g\u00fcc\u00fcne kat\u0131l\u0131m\u0131n\u0131 art\u0131rmak ve perakende sekt\u00f6r\u00fcnde uzun vadeli istihdamlar\u0131n\u0131 sa\u011flamak amac\u0131yla \u00f6nemli bir i\u015f birli\u011fine imza att\u0131. Proje kapsam\u0131nda \u0130stanbul\u2019da yer alan \u00fc\u00e7 farkl\u0131 Boyner ma\u011fazas\u0131nda toplam alt\u0131 otizmli birey istihdam edilecek.\u00a0<\/p>","protected":false},"author":1,"featured_media":8525,"comment_status":"open","ping_status":"open","sticky":false,"template":"","format":"standard","meta":{"footnotes":""},"categories":[1],"tags":[],"class_list":["post-8524","post","type-post","status-publish","format-standard","has-post-thumbnail","hentry","category-basin-odasi"],"yoast_head":"<!-- This site is optimized with the Yoast SEO Premium plugin v28.3 (Yoast SEO v28.3) - https:\/\/yoast.com\/product\/yoast-seo-premium-wordpress\/ -->\n<title>Tohum Otizm Vakf\u0131 ve Boyner \u0130\u015f Birli\u011fiyle Otizmli Bireylere \u0130stihdam Deste\u011fi - Tohum Otizm Vakf\u0131 | Otizmin Tek \u00c7aresi E\u011fitim<\/title>\n<meta name=\"robots\" content=\"index, follow, max-snippet:-1, max-image-preview:large, max-video-preview:-1\" \/>\n<link rel=\"canonical\" href=\"https:\/\/wp1.sedaozcan.net.tr\/en\/tohum-otizm-vakfi-ve-boyner-is-birligiyle-otizmli-bireylere-istihdam-destegi\/\" \/>\n<meta property=\"og:locale\" content=\"en_US\" \/>\n<meta property=\"og:type\" content=\"article\" \/>\n<meta property=\"og:title\" content=\"Tohum Otizm Vakf\u0131 ve Boyner \u0130\u015f Birli\u011fiyle Otizmli Bireylere \u0130stihdam Deste\u011fi\" \/>\n<meta property=\"og:description\" content=\"Tohum Otizm Vakf\u0131 ve Boyner, otizmli bireylerin i\u015f g\u00fcc\u00fcne kat\u0131l\u0131m\u0131n\u0131 art\u0131rmak ve perakende sekt\u00f6r\u00fcnde uzun vadeli istihdamlar\u0131n\u0131 sa\u011flamak amac\u0131yla \u00f6nemli bir i\u015f birli\u011fine imza att\u0131. Proje kapsam\u0131nda \u0130stanbul\u2019da yer alan \u00fc\u00e7 farkl\u0131 Boyner ma\u011fazas\u0131nda toplam alt\u0131 otizmli birey istihdam edilecek.\u00a0\" \/>\n<meta property=\"og:url\" content=\"https:\/\/wp1.sedaozcan.net.tr\/en\/tohum-otizm-vakfi-ve-boyner-is-birligiyle-otizmli-bireylere-istihdam-destegi\/\" \/>\n<meta property=\"og:site_name\" content=\"Tohum Otizm Vakf\u0131 | Otizmin Tek \u00c7aresi E\u011fitim\" \/>\n<meta property=\"article:published_time\" content=\"2026-05-11T15:12:59+00:00\" \/>\n<meta property=\"article:modified_time\" content=\"2026-08-06T06:32:12+00:00\" \/>\n<meta property=\"og:image\" content=\"https:\/\/wp1.sedaozcan.net.tr\/wp-content\/uploads\/2026\/05\/Gorsel_1.jpeg\" \/>\n\t<meta property=\"og:image:width\" content=\"980\" \/>\n\t<meta property=\"og:image:height\" content=\"1093\" \/>\n\t<meta property=\"og:image:type\" content=\"image\/jpeg\" \/>\n<meta name=\"author\" content=\"Tohum Otizm\" \/>\n<meta name=\"twitter:card\" content=\"summary_large_image\" \/>\n<meta name=\"twitter:label1\" content=\"Written by\" \/>\n\t<meta name=\"twitter:data1\" content=\"Tohum Otizm\" \/>\n\t<meta name=\"twitter:label2\" content=\"Est. reading time\" \/>\n\t<meta name=\"twitter:data2\" content=\"3 minutes\" \/>\n<script type=\"application\/ld+json\" class=\"yoast-schema-graph\">{\"@context\":\"https:\\\/\\\/schema.org\",\"@graph\":[{\"@type\":\"Article\",\"@id\":\"https:\\\/\\\/wp1.sedaozcan.net.tr\\\/tohum-otizm-vakfi-ve-boyner-is-birligiyle-otizmli-bireylere-istihdam-destegi\\\/#article\",\"isPartOf\":{\"@id\":\"https:\\\/\\\/wp1.sedaozcan.net.tr\\\/tohum-otizm-vakfi-ve-boyner-is-birligiyle-otizmli-bireylere-istihdam-destegi\\\/\"},\"author\":{\"name\":\"Tohum Otizm\",\"@id\":\"https:\\\/\\\/wp1.sedaozcan.net.tr\\\/#\\\/schema\\\/person\\\/c2ea4120b58c7afcac902ba998b1091c\"},\"headline\":\"Tohum Otizm Vakf\u0131 ve Boyner \u0130\u015f Birli\u011fiyle Otizmli Bireylere \u0130stihdam Deste\u011fi\",\"datePublished\":\"2026-05-11T15:12:59+00:00\",\"dateModified\":\"2026-08-06T06:32:12+00:00\",\"mainEntityOfPage\":{\"@id\":\"https:\\\/\\\/wp1.sedaozcan.net.tr\\\/tohum-otizm-vakfi-ve-boyner-is-birligiyle-otizmli-bireylere-istihdam-destegi\\\/\"},\"wordCount\":583,\"commentCount\":0,\"image\":{\"@id\":\"https:\\\/\\\/wp1.sedaozcan.net.tr\\\/tohum-otizm-vakfi-ve-boyner-is-birligiyle-otizmli-bireylere-istihdam-destegi\\\/#primaryimage\"},\"thumbnailUrl\":\"https:\\\/\\\/wp1.sedaozcan.net.tr\\\/wp-content\\\/uploads\\\/2026\\\/05\\\/Gorsel_1.jpeg\",\"articleSection\":[\"Bas\u0131n Odas\u0131\"],\"inLanguage\":\"en-US\",\"potentialAction\":[{\"@type\":\"CommentAction\",\"name\":\"Comment\",\"target\":[\"https:\\\/\\\/wp1.sedaozcan.net.tr\\\/tohum-otizm-vakfi-ve-boyner-is-birligiyle-otizmli-bireylere-istihdam-destegi\\\/#respond\"]}]},{\"@type\":\"WebPage\",\"@id\":\"https:\\\/\\\/wp1.sedaozcan.net.tr\\\/tohum-otizm-vakfi-ve-boyner-is-birligiyle-otizmli-bireylere-istihdam-destegi\\\/\",\"url\":\"https:\\\/\\\/wp1.sedaozcan.net.tr\\\/tohum-otizm-vakfi-ve-boyner-is-birligiyle-otizmli-bireylere-istihdam-destegi\\\/\",\"name\":\"Tohum Otizm Vakf\u0131 ve Boyner \u0130\u015f Birli\u011fiyle Otizmli Bireylere \u0130stihdam Deste\u011fi - Tohum Otizm Vakf\u0131 | Otizmin Tek \u00c7aresi E\u011fitim\",\"isPartOf\":{\"@id\":\"https:\\\/\\\/wp1.sedaozcan.net.tr\\\/#website\"},\"primaryImageOfPage\":{\"@id\":\"https:\\\/\\\/wp1.sedaozcan.net.tr\\\/tohum-otizm-vakfi-ve-boyner-is-birligiyle-otizmli-bireylere-istihdam-destegi\\\/#primaryimage\"},\"image\":{\"@id\":\"https:\\\/\\\/wp1.sedaozcan.net.tr\\\/tohum-otizm-vakfi-ve-boyner-is-birligiyle-otizmli-bireylere-istihdam-destegi\\\/#primaryimage\"},\"thumbnailUrl\":\"https:\\\/\\\/wp1.sedaozcan.net.tr\\\/wp-content\\\/uploads\\\/2026\\\/05\\\/Gorsel_1.jpeg\",\"datePublished\":\"2026-05-11T15:12:59+00:00\",\"dateModified\":\"2026-08-06T06:32:12+00:00\",\"author\":{\"@id\":\"https:\\\/\\\/wp1.sedaozcan.net.tr\\\/#\\\/schema\\\/person\\\/c2ea4120b58c7afcac902ba998b1091c\"},\"breadcrumb\":{\"@id\":\"https:\\\/\\\/wp1.sedaozcan.net.tr\\\/tohum-otizm-vakfi-ve-boyner-is-birligiyle-otizmli-bireylere-istihdam-destegi\\\/#breadcrumb\"},\"inLanguage\":\"en-US\",\"potentialAction\":[{\"@type\":\"ReadAction\",\"target\":[\"https:\\\/\\\/wp1.sedaozcan.net.tr\\\/tohum-otizm-vakfi-ve-boyner-is-birligiyle-otizmli-bireylere-istihdam-destegi\\\/\"]}]},{\"@type\":\"ImageObject\",\"inLanguage\":\"en-US\",\"@id\":\"https:\\\/\\\/wp1.sedaozcan.net.tr\\\/tohum-otizm-vakfi-ve-boyner-is-birligiyle-otizmli-bireylere-istihdam-destegi\\\/#primaryimage\",\"url\":\"https:\\\/\\\/wp1.sedaozcan.net.tr\\\/wp-content\\\/uploads\\\/2026\\\/05\\\/Gorsel_1.jpeg\",\"contentUrl\":\"https:\\\/\\\/wp1.sedaozcan.net.tr\\\/wp-content\\\/uploads\\\/2026\\\/05\\\/Gorsel_1.jpeg\",\"width\":980,\"height\":1093},{\"@type\":\"BreadcrumbList\",\"@id\":\"https:\\\/\\\/wp1.sedaozcan.net.tr\\\/tohum-otizm-vakfi-ve-boyner-is-birligiyle-otizmli-bireylere-istihdam-destegi\\\/#breadcrumb\",\"itemListElement\":[{\"@type\":\"ListItem\",\"position\":1,\"name\":\"Home\",\"item\":\"https:\\\/\\\/wp1.sedaozcan.net.tr\\\/\"},{\"@type\":\"ListItem\",\"position\":2,\"name\":\"Tohum Otizm Vakf\u0131 ve Boyner \u0130\u015f Birli\u011fiyle Otizmli Bireylere \u0130stihdam Deste\u011fi\"}]},{\"@type\":\"WebSite\",\"@id\":\"https:\\\/\\\/wp1.sedaozcan.net.tr\\\/#website\",\"url\":\"https:\\\/\\\/wp1.sedaozcan.net.tr\\\/\",\"name\":\"Tohum Otizm Vakf\u0131 | Otizmin Tek \u00c7aresi E\u011fitim\",\"description\":\"\",\"potentialAction\":[{\"@type\":\"SearchAction\",\"target\":{\"@type\":\"EntryPoint\",\"urlTemplate\":\"https:\\\/\\\/wp1.sedaozcan.net.tr\\\/?s={search_term_string}\"},\"query-input\":{\"@type\":\"PropertyValueSpecification\",\"valueRequired\":true,\"valueName\":\"search_term_string\"}}],\"inLanguage\":\"en-US\"},{\"@type\":\"Person\",\"@id\":\"https:\\\/\\\/wp1.sedaozcan.net.tr\\\/#\\\/schema\\\/person\\\/c2ea4120b58c7afcac902ba998b1091c\",\"name\":\"Tohum Otizm\",\"image\":{\"@type\":\"ImageObject\",\"inLanguage\":\"en-US\",\"@id\":\"https:\\\/\\\/secure.gravatar.com\\\/avatar\\\/99d08cded734486eef59dabce25065a85303e18d81311c4f5f2bbd3fed82f816?s=96&d=mm&r=g\",\"url\":\"https:\\\/\\\/secure.gravatar.com\\\/avatar\\\/99d08cded734486eef59dabce25065a85303e18d81311c4f5f2bbd3fed82f816?s=96&d=mm&r=g\",\"contentUrl\":\"https:\\\/\\\/secure.gravatar.com\\\/avatar\\\/99d08cded734486eef59dabce25065a85303e18d81311c4f5f2bbd3fed82f816?s=96&d=mm&r=g\",\"caption\":\"Tohum Otizm\"},\"sameAs\":[\"https:\\\/\\\/wp1.sedaozcan.net.tr\"],\"url\":\"https:\\\/\\\/wp1.sedaozcan.net.tr\\\/en\\\/author\\\/admin_3ewju0jt\\\/\"},{\"@type\":\"ImageObject\",\"inLanguage\":\"en-US\",\"@id\":\"https:\\\/\\\/wp1.sedaozcan.net.tr\\\/tohum-otizm-vakfi-ve-boyner-is-birligiyle-otizmli-bireylere-istihdam-destegi\\\/#local-main-organization-logo\",\"url\":\"\",\"contentUrl\":\"\",\"caption\":\"Tohum Otizm Vakf\u0131 | Otizmin Tek \u00c7aresi E\u011fitim\"}]}<\/script>\n<!-- \/ Yoast SEO Premium plugin. -->","yoast_head_json":{"title":"Tohum Otizm Vakf\u0131 ve Boyner \u0130\u015f Birli\u011fiyle Otizmli Bireylere \u0130stihdam Deste\u011fi - Tohum Otizm Vakf\u0131 | Otizmin Tek \u00c7aresi E\u011fitim","robots":{"index":"index","follow":"follow","max-snippet":"max-snippet:-1","max-image-preview":"max-image-preview:large","max-video-preview":"max-video-preview:-1"},"canonical":"https:\/\/wp1.sedaozcan.net.tr\/en\/tohum-otizm-vakfi-ve-boyner-is-birligiyle-otizmli-bireylere-istihdam-destegi\/","og_locale":"en_US","og_type":"article","og_title":"Tohum Otizm Vakf\u0131 ve Boyner \u0130\u015f Birli\u011fiyle Otizmli Bireylere \u0130stihdam Deste\u011fi","og_description":"Tohum Otizm Vakf\u0131 ve Boyner, otizmli bireylerin i\u015f g\u00fcc\u00fcne kat\u0131l\u0131m\u0131n\u0131 art\u0131rmak ve perakende sekt\u00f6r\u00fcnde uzun vadeli istihdamlar\u0131n\u0131 sa\u011flamak amac\u0131yla \u00f6nemli bir i\u015f birli\u011fine imza att\u0131. Proje kapsam\u0131nda \u0130stanbul\u2019da yer alan \u00fc\u00e7 farkl\u0131 Boyner ma\u011fazas\u0131nda toplam alt\u0131 otizmli birey istihdam edilecek.\u00a0","og_url":"https:\/\/wp1.sedaozcan.net.tr\/en\/tohum-otizm-vakfi-ve-boyner-is-birligiyle-otizmli-bireylere-istihdam-destegi\/","og_site_name":"Tohum Otizm Vakf\u0131 | Otizmin Tek \u00c7aresi E\u011fitim","article_published_time":"2026-05-11T15:12:59+00:00","article_modified_time":"2026-08-06T06:32:12+00:00","og_image":[{"width":980,"height":1093,"url":"https:\/\/wp1.sedaozcan.net.tr\/wp-content\/uploads\/2026\/05\/Gorsel_1.jpeg","type":"image\/jpeg"}],"author":"Tohum Otizm","twitter_card":"summary_large_image","twitter_misc":{"Written by":"Tohum Otizm","Est. reading time":"3 minutes"},"schema":{"@context":"https:\/\/schema.org","@graph":[{"@type":"Article","@id":"https:\/\/wp1.sedaozcan.net.tr\/tohum-otizm-vakfi-ve-boyner-is-birligiyle-otizmli-bireylere-istihdam-destegi\/#article","isPartOf":{"@id":"https:\/\/wp1.sedaozcan.net.tr\/tohum-otizm-vakfi-ve-boyner-is-birligiyle-otizmli-bireylere-istihdam-destegi\/"},"author":{"name":"Tohum Otizm","@id":"https:\/\/wp1.sedaozcan.net.tr\/#\/schema\/person\/c2ea4120b58c7afcac902ba998b1091c"},"headline":"Tohum Otizm Vakf\u0131 ve Boyner \u0130\u015f Birli\u011fiyle Otizmli Bireylere \u0130stihdam Deste\u011fi","datePublished":"2026-05-11T15:12:59+00:00","dateModified":"2026-08-06T06:32:12+00:00","mainEntityOfPage":{"@id":"https:\/\/wp1.sedaozcan.net.tr\/tohum-otizm-vakfi-ve-boyner-is-birligiyle-otizmli-bireylere-istihdam-destegi\/"},"wordCount":583,"commentCount":0,"image":{"@id":"https:\/\/wp1.sedaozcan.net.tr\/tohum-otizm-vakfi-ve-boyner-is-birligiyle-otizmli-bireylere-istihdam-destegi\/#primaryimage"},"thumbnailUrl":"https:\/\/wp1.sedaozcan.net.tr\/wp-content\/uploads\/2026\/05\/Gorsel_1.jpeg","articleSection":["Bas\u0131n Odas\u0131"],"inLanguage":"en-US","potentialAction":[{"@type":"CommentAction","name":"Comment","target":["https:\/\/wp1.sedaozcan.net.tr\/tohum-otizm-vakfi-ve-boyner-is-birligiyle-otizmli-bireylere-istihdam-destegi\/#respond"]}]},{"@type":"WebPage","@id":"https:\/\/wp1.sedaozcan.net.tr\/tohum-otizm-vakfi-ve-boyner-is-birligiyle-otizmli-bireylere-istihdam-destegi\/","url":"https:\/\/wp1.sedaozcan.net.tr\/tohum-otizm-vakfi-ve-boyner-is-birligiyle-otizmli-bireylere-istihdam-destegi\/","name":"Tohum Otizm Vakf\u0131 ve Boyner \u0130\u015f Birli\u011fiyle Otizmli Bireylere \u0130stihdam Deste\u011fi - Tohum Otizm Vakf\u0131 | Otizmin Tek \u00c7aresi E\u011fitim","isPartOf":{"@id":"https:\/\/wp1.sedaozcan.net.tr\/#website"},"primaryImageOfPage":{"@id":"https:\/\/wp1.sedaozcan.net.tr\/tohum-otizm-vakfi-ve-boyner-is-birligiyle-otizmli-bireylere-istihdam-destegi\/#primaryimage"},"image":{"@id":"https:\/\/wp1.sedaozcan.net.tr\/tohum-otizm-vakfi-ve-boyner-is-birligiyle-otizmli-bireylere-istihdam-destegi\/#primaryimage"},"thumbnailUrl":"https:\/\/wp1.sedaozcan.net.tr\/wp-content\/uploads\/2026\/05\/Gorsel_1.jpeg","datePublished":"2026-05-11T15:12:59+00:00","dateModified":"2026-08-06T06:32:12+00:00","author":{"@id":"https:\/\/wp1.sedaozcan.net.tr\/#\/schema\/person\/c2ea4120b58c7afcac902ba998b1091c"},"breadcrumb":{"@id":"https:\/\/wp1.sedaozcan.net.tr\/tohum-otizm-vakfi-ve-boyner-is-birligiyle-otizmli-bireylere-istihdam-destegi\/#breadcrumb"},"inLanguage":"en-US","potentialAction":[{"@type":"ReadAction","target":["https:\/\/wp1.sedaozcan.net.tr\/tohum-otizm-vakfi-ve-boyner-is-birligiyle-otizmli-bireylere-istihdam-destegi\/"]}]},{"@type":"ImageObject","inLanguage":"en-US","@id":"https:\/\/wp1.sedaozcan.net.tr\/tohum-otizm-vakfi-ve-boyner-is-birligiyle-otizmli-bireylere-istihdam-destegi\/#primaryimage","url":"https:\/\/wp1.sedaozcan.net.tr\/wp-content\/uploads\/2026\/05\/Gorsel_1.jpeg","contentUrl":"https:\/\/wp1.sedaozcan.net.tr\/wp-content\/uploads\/2026\/05\/Gorsel_1.jpeg","width":980,"height":1093},{"@type":"BreadcrumbList","@id":"https:\/\/wp1.sedaozcan.net.tr\/tohum-otizm-vakfi-ve-boyner-is-birligiyle-otizmli-bireylere-istihdam-destegi\/#breadcrumb","itemListElement":[{"@type":"ListItem","position":1,"name":"Home","item":"https:\/\/wp1.sedaozcan.net.tr\/"},{"@type":"ListItem","position":2,"name":"Tohum Otizm Vakf\u0131 ve Boyner \u0130\u015f Birli\u011fiyle Otizmli Bireylere \u0130stihdam Deste\u011fi"}]},{"@type":"WebSite","@id":"https:\/\/wp1.sedaozcan.net.tr\/#website","url":"https:\/\/wp1.sedaozcan.net.tr\/","name":"Tohum Autism Foundation | The Only Remedy for Autism is Education","description":"","potentialAction":[{"@type":"SearchAction","target":{"@type":"EntryPoint","urlTemplate":"https:\/\/wp1.sedaozcan.net.tr\/?s={search_term_string}"},"query-input":{"@type":"PropertyValueSpecification","valueRequired":true,"valueName":"search_term_string"}}],"inLanguage":"en-US"},{"@type":"Person","@id":"https:\/\/wp1.sedaozcan.net.tr\/#\/schema\/person\/c2ea4120b58c7afcac902ba998b1091c","name":"Tohum Otizm","image":{"@type":"ImageObject","inLanguage":"en-US","@id":"https:\/\/secure.gravatar.com\/avatar\/99d08cded734486eef59dabce25065a85303e18d81311c4f5f2bbd3fed82f816?s=96&d=mm&r=g","url":"https:\/\/secure.gravatar.com\/avatar\/99d08cded734486eef59dabce25065a85303e18d81311c4f5f2bbd3fed82f816?s=96&d=mm&r=g","contentUrl":"https:\/\/secure.gravatar.com\/avatar\/99d08cded734486eef59dabce25065a85303e18d81311c4f5f2bbd3fed82f816?s=96&d=mm&r=g","caption":"Tohum Otizm"},"sameAs":["https:\/\/wp1.sedaozcan.net.tr"],"url":"https:\/\/wp1.sedaozcan.net.tr\/en\/author\/admin_3ewju0jt\/"},{"@type":"ImageObject","inLanguage":"en-US","@id":"https:\/\/wp1.sedaozcan.net.tr\/tohum-otizm-vakfi-ve-boyner-is-birligiyle-otizmli-bireylere-istihdam-destegi\/#local-main-organization-logo","url":"","contentUrl":"","caption":"Tohum Otizm Vakf\u0131 | Otizmin Tek \u00c7aresi E\u011fitim"}]}},"_links":{"self":[{"href":"https:\/\/wp1.sedaozcan.net.tr\/en\/wp-json\/wp\/v2\/posts\/8524","targetHints":{"allow":["GET"]}}],"collection":[{"href":"https:\/\/wp1.sedaozcan.net.tr\/en\/wp-json\/wp\/v2\/posts"}],"about":[{"href":"https:\/\/wp1.sedaozcan.net.tr\/en\/wp-json\/wp\/v2\/types\/post"}],"author":[{"embeddable":true,"href":"https:\/\/wp1.sedaozcan.net.tr\/en\/wp-json\/wp\/v2\/users\/1"}],"replies":[{"embeddable":true,"href":"https:\/\/wp1.sedaozcan.net.tr\/en\/wp-json\/wp\/v2\/comments?post=8524"}],"version-history":[{"count":2,"href":"https:\/\/wp1.sedaozcan.net.tr\/en\/wp-json\/wp\/v2\/posts\/8524\/revisions"}],"predecessor-version":[{"id":9572,"href":"https:\/\/wp1.sedaozcan.net.tr\/en\/wp-json\/wp\/v2\/posts\/8524\/revisions\/9572"}],"wp:featuredmedia":[{"embeddable":true,"href":"https:\/\/wp1.sedaozcan.net.tr\/en\/wp-json\/wp\/v2\/media\/8525"}],"wp:attachment":[{"href":"https:\/\/wp1.sedaozcan.net.tr\/en\/wp-json\/wp\/v2\/media?parent=8524"}],"wp:term":[{"taxonomy":"category","embeddable":true,"href":"https:\/\/wp1.sedaozcan.net.tr\/en\/wp-json\/wp\/v2\/categories?post=8524"},{"taxonomy":"post_tag","embeddable":true,"href":"https:\/\/wp1.sedaozcan.net.tr\/en\/wp-json\/wp\/v2\/tags?post=8524"}],"curies":[{"name":"wp","href":"https:\/\/api.w.org\/{rel}","templated":true}]}}