{"id":8521,"date":"2026-05-11T17:12:21","date_gmt":"2026-05-11T15:12:21","guid":{"rendered":"https:\/\/wp1.sedaozcan.net.tr\/?p=8521"},"modified":"2026-08-06T12:31:59","modified_gmt":"2026-08-06T10:31:59","slug":"her-sinif-bir-tohum-projesi-ile-turkiyede-199-ozel-egitim-sinifi-yenilendi","status":"publish","type":"post","link":"https:\/\/wp1.sedaozcan.net.tr\/en\/her-sinif-bir-tohum-projesi-ile-turkiyede-199-ozel-egitim-sinifi-yenilendi\/","title":{"rendered":"\u201cHer S\u0131n\u0131f Bir Tohum&#8221; Projesi ile T\u00fcrkiye\u2019de 199. \u00d6zel E\u011fitim S\u0131n\u0131f\u0131 Yenilendi!"},"content":{"rendered":"<p class=\"wp-block-paragraph\"><strong>BASIN B\u00dcLTEN\u0130 05 \u015eubat 2025<\/strong><\/p>\n\n\n\n<p class=\"wp-block-paragraph\"><strong>\u201cHer S\u0131n\u0131f Bir Tohum&#8221; Projesi ile T\u00fcrkiye\u2019de 199. \u00d6zel E\u011fitim S\u0131n\u0131f\u0131 Yenilendi!<\/strong><\/p>\n\n\n\n<p class=\"wp-block-paragraph\"><br>Tohum Otizm Vakf\u0131, otizm spektrum bozuklu\u011fu (OSB) tan\u0131s\u0131 alan \u00e7ocuklar\u0131n e\u011fitime eri\u015fimini desteklemek amac\u0131yla y\u00fcr\u00fctt\u00fc\u011f\u00fc \u201cHer S\u0131n\u0131f Bir Tohum\u201d projesi kapsam\u0131nda \u00f6zel e\u011fitim s\u0131n\u0131flar\u0131na bir yenisini daha ekledi. Anadolu Sigorta\u2019n\u0131n deste\u011fiyle yenilenen \u0130stanbul \u00dcmraniye\u2019deki \u00c7akmak \u015eehit Mahmut Co\u015fkunsu Ortaokulu \u00f6zel e\u011fitim s\u0131n\u0131f\u0131, \u00e7ocuklar\u0131n e\u011fitimine uygun materyal ve teknolojik donan\u0131mlarla zenginle\u015ftirildi.<br><br>Yenilenen \u00f6zel e\u011fitim s\u0131n\u0131f\u0131n\u0131n a\u00e7\u0131l\u0131\u015f\u0131 Tohum Otizm Vakf\u0131, Anadolu Sigorta ve \u00dcmraniye \u0130l\u00e7e Milli E\u011fitim M\u00fcd\u00fcrl\u00fc\u011f\u00fc yetkililerinin kat\u0131l\u0131m\u0131yla ger\u00e7ekle\u015ftirildi. Bu s\u0131n\u0131f, Tohum Otizm Vakf\u0131\u2019n\u0131n \u00dcmraniye il\u00e7esinde destek verdi\u011fi 3., \u0130stanbul genelinde ise 58. \u00f6zel e\u011fitim s\u0131n\u0131f\u0131 oldu. S\u0131n\u0131fta e\u011fitim g\u00f6ren&nbsp; otizmli \u00e7ocuklar, ihtiya\u00e7lar\u0131na uygun olarak tasarlanan bu \u00f6zel s\u0131n\u0131fta e\u011fitim alacak.<br><br><strong>\u201cHer S\u0131n\u0131f Bir Tohum\u201d Projesi, T\u00fcrkiye Genelinde 199 \u00d6zel E\u011fitim S\u0131n\u0131f\u0131n\u0131 yenileyerek b\u00fcy\u00fcmeye devam ediyor&#8230;<\/strong><\/p>\n\n\n\n<p class=\"wp-block-paragraph\">2009 y\u0131l\u0131ndan bu yana y\u00fcr\u00fct\u00fclen \u201cHer S\u0131n\u0131f Bir Tohum\u201d projesiyle Milli E\u011fitim Bakanl\u0131\u011f\u0131\u2019na ba\u011fl\u0131 genel e\u011fitim okullar\u0131ndaki \u00f6zel e\u011fitim s\u0131n\u0131flar\u0131, \u00f6zel e\u011fitim uygulama okullar\u0131 ve \u00f6zel e\u011fitim anaokullar\u0131na, \u00f6\u011frencilerin bireysel ihtiya\u00e7lar\u0131na uygun \u00f6zel e\u011fitim materyalleri sa\u011flan\u0131yor. Proje kapsam\u0131nda ayr\u0131ca \u00f6\u011fretmenlere, \u00f6\u011frenci ailelerine, okulda e\u011fitim alan t\u00fcm<\/p>\n\n\n\n<p class=\"wp-block-paragraph\">\u00f6\u011frencilere ve okul y\u00f6netimine e\u011fitimler veriliyor.<br><\/p>\n\n\n\n<p class=\"wp-block-paragraph\">Tohum Otizm Vakf\u0131\u2019n\u0131n bug\u00fcne kadar 42 ilde 199 \u00f6zel e\u011fitim s\u0131n\u0131f\u0131 yeniledi\u011fi proje kapsam\u0131nda, y\u0131l boyunca \u00f6\u011fretmenlerin bilgilerinin g\u00fcncellenmesi ve geri bildirimlerinin de\u011ferlendirilmesi amac\u0131yla olu\u015fturulan &#8220;\u00f6\u011fretmen a\u011f\u0131&#8221; sayesinde \u00f6\u011fretmenlere s\u00fcrekli ileti\u015fim ve destek sa\u011flan\u0131yor. 6 \u015eubat depremleri sonras\u0131nda da proje kapsam\u0131nda Adana, Ad\u0131yaman, Hatay, Kahramanmara\u015f ve Malatya\u2019da 15 \u00f6zel e\u011fitim s\u0131n\u0131f\u0131na destek verildi.&nbsp;<\/p>\n\n\n\n<p class=\"wp-block-paragraph\"><br><strong>Otizmin Bilinen Tek \u00c7aresi: Yo\u011fun ve S\u00fcrekli \u00d6zel E\u011fitim!<\/strong><\/p>\n\n\n\n<p class=\"wp-block-paragraph\">Do\u011fu\u015ftan gelen ve ya\u015fam\u0131n ilk y\u0131llar\u0131nda fark edilen n\u00f6ro-geli\u015fimsel bir farkl\u0131l\u0131k olan otizm, g\u00fcn\u00fcm\u00fczde her 36 \u00e7ocuktan 1\u2019inde g\u00f6r\u00fclmektedir. Otizmin bilinen tek \u00e7aresi, erken tan\u0131 ile ba\u015flayan yo\u011fun ve s\u00fcrekli \u00f6zel e\u011fitim s\u00fcrecidir. Bu e\u011fitim s\u00fcreci, \u00e7ocu\u011fun geli\u015fimini desteklemenin yan\u0131 s\u0131ra topluma kazand\u0131r\u0131lmas\u0131nda da kritik rol oynar.<br>Otizmli \u00e7ocuklar\u0131n geli\u015fiminde, \u00f6zel e\u011fitim s\u0131n\u0131flar\u0131n\u0131n bireysel ihtiya\u00e7lara uygun materyallerle donat\u0131lmas\u0131 \u00e7ocuklar\u0131n dikkatlerini toplama, ileti\u015fim kurma, motor becerilerini geli\u015ftirme ve sosyal etkile\u015fimlerini art\u0131rma a\u00e7\u0131s\u0131ndan b\u00fcy\u00fck destek sunar. Zenginle\u015ftirilmi\u015f e\u011fitim ortamlar\u0131, \u00f6\u011frenmeyi hem daha kolay hem de keyifli hale getirirken, \u00e7ocuklar\u0131n potansiyellerini ortaya \u00e7\u0131karmalar\u0131na yard\u0131mc\u0131 olur.<br><br>Her \u00e7ocu\u011fun \u00f6\u011frenme s\u00fcreci farkl\u0131d\u0131r; \u00f6zel e\u011fitim materyalleri bu s\u00fcreci onlar\u0131n h\u0131z\u0131na, ilgi alanlar\u0131na ve ihtiya\u00e7lar\u0131na g\u00f6re ki\u015fiselle\u015ftirme olana\u011f\u0131 sunar.&nbsp;<\/p>","protected":false},"excerpt":{"rendered":"<p>Tohum Otizm Vakf\u0131, otizm spektrum bozuklu\u011fu (OSB) tan\u0131s\u0131 alan \u00e7ocuklar\u0131n e\u011fitime eri\u015fimini desteklemek amac\u0131yla y\u00fcr\u00fctt\u00fc\u011f\u00fc \u201cHer S\u0131n\u0131f Bir Tohum\u201d projesi kapsam\u0131nda \u00f6zel e\u011fitim s\u0131n\u0131flar\u0131na bir yenisini daha ekledi.<\/p>","protected":false},"author":1,"featured_media":8522,"comment_status":"open","ping_status":"open","sticky":false,"template":"","format":"standard","meta":{"footnotes":""},"categories":[1],"tags":[],"class_list":["post-8521","post","type-post","status-publish","format-standard","has-post-thumbnail","hentry","category-basin-odasi"],"yoast_head":"<!-- This site is optimized with the Yoast SEO Premium plugin v28.3 (Yoast SEO v28.3) - https:\/\/yoast.com\/product\/yoast-seo-premium-wordpress\/ -->\n<title>\u201cHer S\u0131n\u0131f Bir Tohum&quot; Projesi ile T\u00fcrkiye\u2019de 199. \u00d6zel E\u011fitim S\u0131n\u0131f\u0131 Yenilendi! - Tohum Otizm Vakf\u0131 | Otizmin Tek \u00c7aresi E\u011fitim<\/title>\n<meta name=\"robots\" content=\"index, follow, max-snippet:-1, max-image-preview:large, max-video-preview:-1\" \/>\n<link rel=\"canonical\" href=\"https:\/\/wp1.sedaozcan.net.tr\/en\/her-sinif-bir-tohum-projesi-ile-turkiyede-199-ozel-egitim-sinifi-yenilendi\/\" \/>\n<meta property=\"og:locale\" content=\"en_US\" \/>\n<meta property=\"og:type\" content=\"article\" \/>\n<meta property=\"og:title\" content=\"\u201cHer S\u0131n\u0131f Bir Tohum&quot; Projesi ile T\u00fcrkiye\u2019de 199. \u00d6zel E\u011fitim S\u0131n\u0131f\u0131 Yenilendi!\" \/>\n<meta property=\"og:description\" content=\"Tohum Otizm Vakf\u0131, otizm spektrum bozuklu\u011fu (OSB) tan\u0131s\u0131 alan \u00e7ocuklar\u0131n e\u011fitime eri\u015fimini desteklemek amac\u0131yla y\u00fcr\u00fctt\u00fc\u011f\u00fc \u201cHer S\u0131n\u0131f Bir Tohum\u201d projesi kapsam\u0131nda \u00f6zel e\u011fitim s\u0131n\u0131flar\u0131na bir yenisini daha ekledi.\" \/>\n<meta property=\"og:url\" content=\"https:\/\/wp1.sedaozcan.net.tr\/en\/her-sinif-bir-tohum-projesi-ile-turkiyede-199-ozel-egitim-sinifi-yenilendi\/\" \/>\n<meta property=\"og:site_name\" content=\"Tohum Otizm Vakf\u0131 | Otizmin Tek \u00c7aresi E\u011fitim\" \/>\n<meta property=\"article:published_time\" content=\"2026-05-11T15:12:21+00:00\" \/>\n<meta property=\"article:modified_time\" content=\"2026-08-06T10:31:59+00:00\" \/>\n<meta property=\"og:image\" content=\"https:\/\/wp1.sedaozcan.net.tr\/wp-content\/uploads\/2026\/05\/WhatsApp-Gorsel-2025-02-07-saat-15.30.10_980346c5.jpg\" \/>\n\t<meta property=\"og:image:width\" content=\"1200\" \/>\n\t<meta property=\"og:image:height\" content=\"1600\" \/>\n\t<meta property=\"og:image:type\" content=\"image\/jpeg\" \/>\n<meta name=\"author\" content=\"Tohum Otizm\" \/>\n<meta name=\"twitter:card\" content=\"summary_large_image\" \/>\n<meta name=\"twitter:label1\" content=\"Written by\" \/>\n\t<meta name=\"twitter:data1\" content=\"Tohum Otizm\" \/>\n\t<meta name=\"twitter:label2\" content=\"Est. reading time\" \/>\n\t<meta name=\"twitter:data2\" content=\"3 minutes\" \/>\n<script type=\"application\/ld+json\" class=\"yoast-schema-graph\">{\"@context\":\"https:\\\/\\\/schema.org\",\"@graph\":[{\"@type\":\"Article\",\"@id\":\"https:\\\/\\\/wp1.sedaozcan.net.tr\\\/her-sinif-bir-tohum-projesi-ile-turkiyede-199-ozel-egitim-sinifi-yenilendi\\\/#article\",\"isPartOf\":{\"@id\":\"https:\\\/\\\/wp1.sedaozcan.net.tr\\\/her-sinif-bir-tohum-projesi-ile-turkiyede-199-ozel-egitim-sinifi-yenilendi\\\/\"},\"author\":{\"name\":\"Tohum Otizm\",\"@id\":\"https:\\\/\\\/wp1.sedaozcan.net.tr\\\/#\\\/schema\\\/person\\\/c2ea4120b58c7afcac902ba998b1091c\"},\"headline\":\"\u201cHer S\u0131n\u0131f Bir Tohum&#8221; Projesi ile T\u00fcrkiye\u2019de 199. \u00d6zel E\u011fitim S\u0131n\u0131f\u0131 Yenilendi!\",\"datePublished\":\"2026-05-11T15:12:21+00:00\",\"dateModified\":\"2026-08-06T10:31:59+00:00\",\"mainEntityOfPage\":{\"@id\":\"https:\\\/\\\/wp1.sedaozcan.net.tr\\\/her-sinif-bir-tohum-projesi-ile-turkiyede-199-ozel-egitim-sinifi-yenilendi\\\/\"},\"wordCount\":568,\"commentCount\":0,\"image\":{\"@id\":\"https:\\\/\\\/wp1.sedaozcan.net.tr\\\/her-sinif-bir-tohum-projesi-ile-turkiyede-199-ozel-egitim-sinifi-yenilendi\\\/#primaryimage\"},\"thumbnailUrl\":\"https:\\\/\\\/wp1.sedaozcan.net.tr\\\/wp-content\\\/uploads\\\/2026\\\/05\\\/WhatsApp-Gorsel-2025-02-07-saat-15.30.10_980346c5.jpg\",\"articleSection\":[\"Bas\u0131n Odas\u0131\"],\"inLanguage\":\"en-US\",\"potentialAction\":[{\"@type\":\"CommentAction\",\"name\":\"Comment\",\"target\":[\"https:\\\/\\\/wp1.sedaozcan.net.tr\\\/her-sinif-bir-tohum-projesi-ile-turkiyede-199-ozel-egitim-sinifi-yenilendi\\\/#respond\"]}]},{\"@type\":\"WebPage\",\"@id\":\"https:\\\/\\\/wp1.sedaozcan.net.tr\\\/her-sinif-bir-tohum-projesi-ile-turkiyede-199-ozel-egitim-sinifi-yenilendi\\\/\",\"url\":\"https:\\\/\\\/wp1.sedaozcan.net.tr\\\/her-sinif-bir-tohum-projesi-ile-turkiyede-199-ozel-egitim-sinifi-yenilendi\\\/\",\"name\":\"\u201cHer S\u0131n\u0131f Bir Tohum\\\" Projesi ile T\u00fcrkiye\u2019de 199. \u00d6zel E\u011fitim S\u0131n\u0131f\u0131 Yenilendi! - Tohum Otizm Vakf\u0131 | Otizmin Tek \u00c7aresi E\u011fitim\",\"isPartOf\":{\"@id\":\"https:\\\/\\\/wp1.sedaozcan.net.tr\\\/#website\"},\"primaryImageOfPage\":{\"@id\":\"https:\\\/\\\/wp1.sedaozcan.net.tr\\\/her-sinif-bir-tohum-projesi-ile-turkiyede-199-ozel-egitim-sinifi-yenilendi\\\/#primaryimage\"},\"image\":{\"@id\":\"https:\\\/\\\/wp1.sedaozcan.net.tr\\\/her-sinif-bir-tohum-projesi-ile-turkiyede-199-ozel-egitim-sinifi-yenilendi\\\/#primaryimage\"},\"thumbnailUrl\":\"https:\\\/\\\/wp1.sedaozcan.net.tr\\\/wp-content\\\/uploads\\\/2026\\\/05\\\/WhatsApp-Gorsel-2025-02-07-saat-15.30.10_980346c5.jpg\",\"datePublished\":\"2026-05-11T15:12:21+00:00\",\"dateModified\":\"2026-08-06T10:31:59+00:00\",\"author\":{\"@id\":\"https:\\\/\\\/wp1.sedaozcan.net.tr\\\/#\\\/schema\\\/person\\\/c2ea4120b58c7afcac902ba998b1091c\"},\"breadcrumb\":{\"@id\":\"https:\\\/\\\/wp1.sedaozcan.net.tr\\\/her-sinif-bir-tohum-projesi-ile-turkiyede-199-ozel-egitim-sinifi-yenilendi\\\/#breadcrumb\"},\"inLanguage\":\"en-US\",\"potentialAction\":[{\"@type\":\"ReadAction\",\"target\":[\"https:\\\/\\\/wp1.sedaozcan.net.tr\\\/her-sinif-bir-tohum-projesi-ile-turkiyede-199-ozel-egitim-sinifi-yenilendi\\\/\"]}]},{\"@type\":\"ImageObject\",\"inLanguage\":\"en-US\",\"@id\":\"https:\\\/\\\/wp1.sedaozcan.net.tr\\\/her-sinif-bir-tohum-projesi-ile-turkiyede-199-ozel-egitim-sinifi-yenilendi\\\/#primaryimage\",\"url\":\"https:\\\/\\\/wp1.sedaozcan.net.tr\\\/wp-content\\\/uploads\\\/2026\\\/05\\\/WhatsApp-Gorsel-2025-02-07-saat-15.30.10_980346c5.jpg\",\"contentUrl\":\"https:\\\/\\\/wp1.sedaozcan.net.tr\\\/wp-content\\\/uploads\\\/2026\\\/05\\\/WhatsApp-Gorsel-2025-02-07-saat-15.30.10_980346c5.jpg\",\"width\":1200,\"height\":1600},{\"@type\":\"BreadcrumbList\",\"@id\":\"https:\\\/\\\/wp1.sedaozcan.net.tr\\\/her-sinif-bir-tohum-projesi-ile-turkiyede-199-ozel-egitim-sinifi-yenilendi\\\/#breadcrumb\",\"itemListElement\":[{\"@type\":\"ListItem\",\"position\":1,\"name\":\"Home\",\"item\":\"https:\\\/\\\/wp1.sedaozcan.net.tr\\\/\"},{\"@type\":\"ListItem\",\"position\":2,\"name\":\"\u201cHer S\u0131n\u0131f Bir Tohum&#8221; Projesi ile T\u00fcrkiye\u2019de 199. \u00d6zel E\u011fitim S\u0131n\u0131f\u0131 Yenilendi!\"}]},{\"@type\":\"WebSite\",\"@id\":\"https:\\\/\\\/wp1.sedaozcan.net.tr\\\/#website\",\"url\":\"https:\\\/\\\/wp1.sedaozcan.net.tr\\\/\",\"name\":\"Tohum Otizm Vakf\u0131 | Otizmin Tek \u00c7aresi E\u011fitim\",\"description\":\"\",\"potentialAction\":[{\"@type\":\"SearchAction\",\"target\":{\"@type\":\"EntryPoint\",\"urlTemplate\":\"https:\\\/\\\/wp1.sedaozcan.net.tr\\\/?s={search_term_string}\"},\"query-input\":{\"@type\":\"PropertyValueSpecification\",\"valueRequired\":true,\"valueName\":\"search_term_string\"}}],\"inLanguage\":\"en-US\"},{\"@type\":\"Person\",\"@id\":\"https:\\\/\\\/wp1.sedaozcan.net.tr\\\/#\\\/schema\\\/person\\\/c2ea4120b58c7afcac902ba998b1091c\",\"name\":\"Tohum Otizm\",\"image\":{\"@type\":\"ImageObject\",\"inLanguage\":\"en-US\",\"@id\":\"https:\\\/\\\/secure.gravatar.com\\\/avatar\\\/99d08cded734486eef59dabce25065a85303e18d81311c4f5f2bbd3fed82f816?s=96&d=mm&r=g\",\"url\":\"https:\\\/\\\/secure.gravatar.com\\\/avatar\\\/99d08cded734486eef59dabce25065a85303e18d81311c4f5f2bbd3fed82f816?s=96&d=mm&r=g\",\"contentUrl\":\"https:\\\/\\\/secure.gravatar.com\\\/avatar\\\/99d08cded734486eef59dabce25065a85303e18d81311c4f5f2bbd3fed82f816?s=96&d=mm&r=g\",\"caption\":\"Tohum Otizm\"},\"sameAs\":[\"https:\\\/\\\/wp1.sedaozcan.net.tr\"],\"url\":\"https:\\\/\\\/wp1.sedaozcan.net.tr\\\/en\\\/author\\\/admin_3ewju0jt\\\/\"},{\"@type\":\"ImageObject\",\"inLanguage\":\"en-US\",\"@id\":\"https:\\\/\\\/wp1.sedaozcan.net.tr\\\/her-sinif-bir-tohum-projesi-ile-turkiyede-199-ozel-egitim-sinifi-yenilendi\\\/#local-main-organization-logo\",\"url\":\"\",\"contentUrl\":\"\",\"caption\":\"Tohum Otizm Vakf\u0131 | Otizmin Tek \u00c7aresi E\u011fitim\"}]}<\/script>\n<!-- \/ Yoast SEO Premium plugin. -->","yoast_head_json":{"title":"\u201cHer S\u0131n\u0131f Bir Tohum\" Projesi ile T\u00fcrkiye\u2019de 199. \u00d6zel E\u011fitim S\u0131n\u0131f\u0131 Yenilendi! - Tohum Otizm Vakf\u0131 | Otizmin Tek \u00c7aresi E\u011fitim","robots":{"index":"index","follow":"follow","max-snippet":"max-snippet:-1","max-image-preview":"max-image-preview:large","max-video-preview":"max-video-preview:-1"},"canonical":"https:\/\/wp1.sedaozcan.net.tr\/en\/her-sinif-bir-tohum-projesi-ile-turkiyede-199-ozel-egitim-sinifi-yenilendi\/","og_locale":"en_US","og_type":"article","og_title":"\u201cHer S\u0131n\u0131f Bir Tohum\" Projesi ile T\u00fcrkiye\u2019de 199. \u00d6zel E\u011fitim S\u0131n\u0131f\u0131 Yenilendi!","og_description":"Tohum Otizm Vakf\u0131, otizm spektrum bozuklu\u011fu (OSB) tan\u0131s\u0131 alan \u00e7ocuklar\u0131n e\u011fitime eri\u015fimini desteklemek amac\u0131yla y\u00fcr\u00fctt\u00fc\u011f\u00fc \u201cHer S\u0131n\u0131f Bir Tohum\u201d projesi kapsam\u0131nda \u00f6zel e\u011fitim s\u0131n\u0131flar\u0131na bir yenisini daha ekledi.","og_url":"https:\/\/wp1.sedaozcan.net.tr\/en\/her-sinif-bir-tohum-projesi-ile-turkiyede-199-ozel-egitim-sinifi-yenilendi\/","og_site_name":"Tohum Otizm Vakf\u0131 | Otizmin Tek \u00c7aresi E\u011fitim","article_published_time":"2026-05-11T15:12:21+00:00","article_modified_time":"2026-08-06T10:31:59+00:00","og_image":[{"width":1200,"height":1600,"url":"https:\/\/wp1.sedaozcan.net.tr\/wp-content\/uploads\/2026\/05\/WhatsApp-Gorsel-2025-02-07-saat-15.30.10_980346c5.jpg","type":"image\/jpeg"}],"author":"Tohum Otizm","twitter_card":"summary_large_image","twitter_misc":{"Written by":"Tohum Otizm","Est. reading time":"3 minutes"},"schema":{"@context":"https:\/\/schema.org","@graph":[{"@type":"Article","@id":"https:\/\/wp1.sedaozcan.net.tr\/her-sinif-bir-tohum-projesi-ile-turkiyede-199-ozel-egitim-sinifi-yenilendi\/#article","isPartOf":{"@id":"https:\/\/wp1.sedaozcan.net.tr\/her-sinif-bir-tohum-projesi-ile-turkiyede-199-ozel-egitim-sinifi-yenilendi\/"},"author":{"name":"Tohum Otizm","@id":"https:\/\/wp1.sedaozcan.net.tr\/#\/schema\/person\/c2ea4120b58c7afcac902ba998b1091c"},"headline":"\u201cHer S\u0131n\u0131f Bir Tohum&#8221; Projesi ile T\u00fcrkiye\u2019de 199. \u00d6zel E\u011fitim S\u0131n\u0131f\u0131 Yenilendi!","datePublished":"2026-05-11T15:12:21+00:00","dateModified":"2026-08-06T10:31:59+00:00","mainEntityOfPage":{"@id":"https:\/\/wp1.sedaozcan.net.tr\/her-sinif-bir-tohum-projesi-ile-turkiyede-199-ozel-egitim-sinifi-yenilendi\/"},"wordCount":568,"commentCount":0,"image":{"@id":"https:\/\/wp1.sedaozcan.net.tr\/her-sinif-bir-tohum-projesi-ile-turkiyede-199-ozel-egitim-sinifi-yenilendi\/#primaryimage"},"thumbnailUrl":"https:\/\/wp1.sedaozcan.net.tr\/wp-content\/uploads\/2026\/05\/WhatsApp-Gorsel-2025-02-07-saat-15.30.10_980346c5.jpg","articleSection":["Bas\u0131n Odas\u0131"],"inLanguage":"en-US","potentialAction":[{"@type":"CommentAction","name":"Comment","target":["https:\/\/wp1.sedaozcan.net.tr\/her-sinif-bir-tohum-projesi-ile-turkiyede-199-ozel-egitim-sinifi-yenilendi\/#respond"]}]},{"@type":"WebPage","@id":"https:\/\/wp1.sedaozcan.net.tr\/her-sinif-bir-tohum-projesi-ile-turkiyede-199-ozel-egitim-sinifi-yenilendi\/","url":"https:\/\/wp1.sedaozcan.net.tr\/her-sinif-bir-tohum-projesi-ile-turkiyede-199-ozel-egitim-sinifi-yenilendi\/","name":"\u201cHer S\u0131n\u0131f Bir Tohum\" Projesi ile T\u00fcrkiye\u2019de 199. \u00d6zel E\u011fitim S\u0131n\u0131f\u0131 Yenilendi! - Tohum Otizm Vakf\u0131 | Otizmin Tek \u00c7aresi E\u011fitim","isPartOf":{"@id":"https:\/\/wp1.sedaozcan.net.tr\/#website"},"primaryImageOfPage":{"@id":"https:\/\/wp1.sedaozcan.net.tr\/her-sinif-bir-tohum-projesi-ile-turkiyede-199-ozel-egitim-sinifi-yenilendi\/#primaryimage"},"image":{"@id":"https:\/\/wp1.sedaozcan.net.tr\/her-sinif-bir-tohum-projesi-ile-turkiyede-199-ozel-egitim-sinifi-yenilendi\/#primaryimage"},"thumbnailUrl":"https:\/\/wp1.sedaozcan.net.tr\/wp-content\/uploads\/2026\/05\/WhatsApp-Gorsel-2025-02-07-saat-15.30.10_980346c5.jpg","datePublished":"2026-05-11T15:12:21+00:00","dateModified":"2026-08-06T10:31:59+00:00","author":{"@id":"https:\/\/wp1.sedaozcan.net.tr\/#\/schema\/person\/c2ea4120b58c7afcac902ba998b1091c"},"breadcrumb":{"@id":"https:\/\/wp1.sedaozcan.net.tr\/her-sinif-bir-tohum-projesi-ile-turkiyede-199-ozel-egitim-sinifi-yenilendi\/#breadcrumb"},"inLanguage":"en-US","potentialAction":[{"@type":"ReadAction","target":["https:\/\/wp1.sedaozcan.net.tr\/her-sinif-bir-tohum-projesi-ile-turkiyede-199-ozel-egitim-sinifi-yenilendi\/"]}]},{"@type":"ImageObject","inLanguage":"en-US","@id":"https:\/\/wp1.sedaozcan.net.tr\/her-sinif-bir-tohum-projesi-ile-turkiyede-199-ozel-egitim-sinifi-yenilendi\/#primaryimage","url":"https:\/\/wp1.sedaozcan.net.tr\/wp-content\/uploads\/2026\/05\/WhatsApp-Gorsel-2025-02-07-saat-15.30.10_980346c5.jpg","contentUrl":"https:\/\/wp1.sedaozcan.net.tr\/wp-content\/uploads\/2026\/05\/WhatsApp-Gorsel-2025-02-07-saat-15.30.10_980346c5.jpg","width":1200,"height":1600},{"@type":"BreadcrumbList","@id":"https:\/\/wp1.sedaozcan.net.tr\/her-sinif-bir-tohum-projesi-ile-turkiyede-199-ozel-egitim-sinifi-yenilendi\/#breadcrumb","itemListElement":[{"@type":"ListItem","position":1,"name":"Home","item":"https:\/\/wp1.sedaozcan.net.tr\/"},{"@type":"ListItem","position":2,"name":"\u201cHer S\u0131n\u0131f Bir Tohum&#8221; Projesi ile T\u00fcrkiye\u2019de 199. \u00d6zel E\u011fitim S\u0131n\u0131f\u0131 Yenilendi!"}]},{"@type":"WebSite","@id":"https:\/\/wp1.sedaozcan.net.tr\/#website","url":"https:\/\/wp1.sedaozcan.net.tr\/","name":"Tohum Autism Foundation | The Only Remedy for Autism is Education","description":"","potentialAction":[{"@type":"SearchAction","target":{"@type":"EntryPoint","urlTemplate":"https:\/\/wp1.sedaozcan.net.tr\/?s={search_term_string}"},"query-input":{"@type":"PropertyValueSpecification","valueRequired":true,"valueName":"search_term_string"}}],"inLanguage":"en-US"},{"@type":"Person","@id":"https:\/\/wp1.sedaozcan.net.tr\/#\/schema\/person\/c2ea4120b58c7afcac902ba998b1091c","name":"Tohum Otizm","image":{"@type":"ImageObject","inLanguage":"en-US","@id":"https:\/\/secure.gravatar.com\/avatar\/99d08cded734486eef59dabce25065a85303e18d81311c4f5f2bbd3fed82f816?s=96&d=mm&r=g","url":"https:\/\/secure.gravatar.com\/avatar\/99d08cded734486eef59dabce25065a85303e18d81311c4f5f2bbd3fed82f816?s=96&d=mm&r=g","contentUrl":"https:\/\/secure.gravatar.com\/avatar\/99d08cded734486eef59dabce25065a85303e18d81311c4f5f2bbd3fed82f816?s=96&d=mm&r=g","caption":"Tohum Otizm"},"sameAs":["https:\/\/wp1.sedaozcan.net.tr"],"url":"https:\/\/wp1.sedaozcan.net.tr\/en\/author\/admin_3ewju0jt\/"},{"@type":"ImageObject","inLanguage":"en-US","@id":"https:\/\/wp1.sedaozcan.net.tr\/her-sinif-bir-tohum-projesi-ile-turkiyede-199-ozel-egitim-sinifi-yenilendi\/#local-main-organization-logo","url":"","contentUrl":"","caption":"Tohum Otizm Vakf\u0131 | Otizmin Tek \u00c7aresi E\u011fitim"}]}},"_links":{"self":[{"href":"https:\/\/wp1.sedaozcan.net.tr\/en\/wp-json\/wp\/v2\/posts\/8521","targetHints":{"allow":["GET"]}}],"collection":[{"href":"https:\/\/wp1.sedaozcan.net.tr\/en\/wp-json\/wp\/v2\/posts"}],"about":[{"href":"https:\/\/wp1.sedaozcan.net.tr\/en\/wp-json\/wp\/v2\/types\/post"}],"author":[{"embeddable":true,"href":"https:\/\/wp1.sedaozcan.net.tr\/en\/wp-json\/wp\/v2\/users\/1"}],"replies":[{"embeddable":true,"href":"https:\/\/wp1.sedaozcan.net.tr\/en\/wp-json\/wp\/v2\/comments?post=8521"}],"version-history":[{"count":2,"href":"https:\/\/wp1.sedaozcan.net.tr\/en\/wp-json\/wp\/v2\/posts\/8521\/revisions"}],"predecessor-version":[{"id":9573,"href":"https:\/\/wp1.sedaozcan.net.tr\/en\/wp-json\/wp\/v2\/posts\/8521\/revisions\/9573"}],"wp:featuredmedia":[{"embeddable":true,"href":"https:\/\/wp1.sedaozcan.net.tr\/en\/wp-json\/wp\/v2\/media\/8522"}],"wp:attachment":[{"href":"https:\/\/wp1.sedaozcan.net.tr\/en\/wp-json\/wp\/v2\/media?parent=8521"}],"wp:term":[{"taxonomy":"category","embeddable":true,"href":"https:\/\/wp1.sedaozcan.net.tr\/en\/wp-json\/wp\/v2\/categories?post=8521"},{"taxonomy":"post_tag","embeddable":true,"href":"https:\/\/wp1.sedaozcan.net.tr\/en\/wp-json\/wp\/v2\/tags?post=8521"}],"curies":[{"name":"wp","href":"https:\/\/api.w.org\/{rel}","templated":true}]}}