{"id":8518,"date":"2026-05-11T17:11:13","date_gmt":"2026-05-11T15:11:13","guid":{"rendered":"https:\/\/wp1.sedaozcan.net.tr\/?p=8518"},"modified":"2026-08-06T12:33:06","modified_gmt":"2026-08-06T10:33:06","slug":"2-nisan-dunya-otizm-farkindalik-gununde-turkiye-otizme-kirmizi-isik-yakti","status":"publish","type":"post","link":"https:\/\/wp1.sedaozcan.net.tr\/en\/2-nisan-dunya-otizm-farkindalik-gununde-turkiye-otizme-kirmizi-isik-yakti\/","title":{"rendered":"2 Nisan D\u00fcnya Otizm Fark\u0131ndal\u0131k G\u00fcn\u00fc\u2019nde T\u00fcrkiye Otizme K\u0131rm\u0131z\u0131 I\u015f\u0131k Yakt\u0131!"},"content":{"rendered":"<p class=\"wp-block-paragraph\">Tohum Otizm Vakf\u0131, otizmli bireylerin ihtiya\u00e7lar\u0131n\u0131n daha iyi anla\u015f\u0131lmas\u0131 ve t\u00fcm farkl\u0131l\u0131klar\u0131yla beraber herkesle e\u015fit haklara sahip olmalar\u0131 ad\u0131na toplumsal fark\u0131ndal\u0131\u011f\u0131 art\u0131rmak i\u00e7in \u2018\u2019Otizme K\u0131rm\u0131z\u0131 I\u015f\u0131k Yak\u2019\u2019 \u00e7a\u011fr\u0131s\u0131n\u0131 bu y\u0131l da yineledi.<\/p>\n\n\n\n<p class=\"wp-block-paragraph\">Otizmli \u00e7ocuklar\u0131n hala nitelikli e\u011fitime eri\u015fmede zorluk ya\u015fad\u0131\u011f\u0131n\u0131, otizmli bireylerin i\u015f yerlerinde kabul g\u00f6rmedi\u011fini, sosyal hayat\u0131n dolay\u0131s\u0131yla ya\u015fam\u0131n bir par\u00e7as\u0131 olmak i\u00e7in m\u00fccadele etmek durumunda kald\u0131klar\u0131n\u0131 vurgulayan Vak\u0131f, 2 Nisan D\u00fcnya Otizm Fark\u0131ndal\u0131k G\u00fcn\u00fc\u2019nde herkesi otizme k\u0131rm\u0131z\u0131 \u0131\u015f\u0131k yakmaya davet etti.<\/p>\n\n\n\n<p class=\"wp-block-paragraph\">\u00dcnl\u00fc isimlerden \u201cOtizme K\u0131rm\u0131z\u0131 I\u015f\u0131k Yak\u201d kampanyas\u0131na destek<\/p>\n\n\n\n<p class=\"wp-block-paragraph\">Otizmli bireylerin t\u00fcm farkl\u0131l\u0131klar\u0131yla toplumda kabul g\u00f6rmelerini sa\u011flamak i\u00e7in oda\u011f\u0131n\u0131 fark\u0131ndal\u0131ktan kapsay\u0131c\u0131l\u0131\u011fa \u00e7eviren Tohum Otizm Vakf\u0131\u2019na aralar\u0131nda Ahu Orak\u00e7\u0131o\u011flu, Ayla Turan, Ay\u015fe Arman, Almila Ada, Alper Sald\u0131ran, Ba\u015fak Dizer Tatl\u0131tu\u011f, Bennu Y\u0131ld\u0131r\u0131mlar, Burak Deniz, Burcu Kara, B\u00fc\u015fra Arslanta\u015f, Ceyhun Y\u0131lmaz, \u00c7a\u011fla \u015e\u0131kel, Didem Bal\u00e7\u0131n Ayd\u0131n, Do\u011fa Rutkay Kamal, Ebru \u015eall\u0131, Ebru Akel, Ece Vahapo\u011flu, Ela Rumeysa Cebeci, G\u00fc\u00e7l\u00fc Mete, H\u00fclya H\u00f6kenek, It\u0131r Esen, \u0130lker Karag\u00f6z, \u0130smail K\u00fc\u00e7\u00fckkaya, Murat G\u00fclo\u011flu, \u00d6zge \u00d6zder, Seda Sayan, Sel\u00e7uk Tepeli, Sema \u015eim\u015fek, \u015e\u00fckran Oval\u0131, Ye\u015fim Salk\u0131m ve Yunus G\u00fcnce\u2019nin de oldu\u011fu pek \u00e7ok \u00fcnl\u00fc isim \u201cOtizme K\u0131rm\u0131z\u0131 I\u015f\u0131k Yak\u201dmesaj\u0131n\u0131 payla\u015farak kampanyaya destek verdi.<\/p>\n\n\n\n<p class=\"wp-block-paragraph\">2 Nisan D\u00fcnya Otizm Fark\u0131ndal\u0131k G\u00fcn\u00fc ak\u015fam\u0131 ba\u015fta \u0130stanbul\u2019daki k\u00f6pr\u00fclerimiz olmak \u00fczere, Tophane Meydan \u00c7e\u015fmesi, Eski\u015fehir Masal \u015eatosu, \u0130zmir Saat Kulesi, Ankara\u2019da TOBB \u0130kiz Kuleleri, Metropol \u0130stanbul AVM, Bomonti Ada, Hilton Bomonti, Tekfen Tower, QNB FinansBank, Avrasya T\u00fcneli, Dokuz Eyl\u00fcl \u00dcniversitesi Rekt\u00f6rl\u00fck, Dolmabah\u00e7e Okullar\u0131, Sabanc\u0131 Holding Binas\u0131, Espark AVM, Wyndham Grand Levent, Sanovel \u0130la\u00e7, River Plaza ve Zorlu AVM\u2019nin de bulundu\u011fu bir\u00e7ok \u00f6zel sekt\u00f6r binas\u0131 ve simgesel yap\u0131 k\u0131rm\u0131z\u0131 \u0131\u015f\u0131kla ayd\u0131nlat\u0131ld\u0131. Ayr\u0131ca Tohum Otizm Vakf\u0131\u2019n\u0131n \u00e7a\u011fr\u0131s\u0131 ile bir\u00e7ok belediye, e\u011fitim kurumu, sivil toplum kurulu\u015fu, kent konseyi ve spor kul\u00fcb\u00fc otizmin fark\u0131ndal\u0131\u011f\u0131n\u0131 art\u0131rmaya y\u00f6nelik etkinlikler d\u00fczenledi ve #otizmek\u0131rm\u0131z\u0131\u0131\u015f\u0131kyak etiketi alt\u0131nda bulu\u015ftu.<\/p>\n\n\n\n<p class=\"wp-block-paragraph\">Otizmlilerin hayat\u0131n her alan\u0131nda farkl\u0131l\u0131klar\u0131 ile kabul g\u00f6rd\u00fckleri ve kendilerini rahatl\u0131kla ifade edebildikleri bir d\u00fcnya i\u00e7in \u00e7al\u0131\u015fmaya devam ediyoruz<\/p>\n\n\n\n<p class=\"wp-block-paragraph\">Tohum Otizm Vakf\u0131 Genel M\u00fcd\u00fcr\u00fc Bur\u00e7ak Karakaya \u201cTohum Otizm Vakf\u0131 olarak \u00e7a\u011fr\u0131m\u0131za kulak veren ve sesimize g\u00fc\u00e7 katan herkese desteklerinden dolay\u0131 \u00e7ok te\u015fekk\u00fcr ediyoruz. Otizmlilerin hayat\u0131n her alan\u0131nda farkl\u0131l\u0131klar\u0131 ile kabul g\u00f6rd\u00fckleri ve kendilerini rahatl\u0131kla ifade edebildikleri bir d\u00fcnya i\u00e7in \u00e7al\u0131\u015fmaya devam ediyoruz.\u201d dedi.<\/p>\n\n\n\n<p class=\"wp-block-paragraph\"><strong>2 Nisan D\u00fcnya Otizm Fark\u0131ndal\u0131k G\u00fcn\u00fc\u2019nde T\u00fcrkiye Otizme K\u0131rm\u0131z\u0131 I\u015f\u0131k Yakt\u0131!<\/strong><\/p>\n\n\n\n<p class=\"wp-block-paragraph\">&nbsp;Tohum Otizm Vakf\u0131, otizmli bireylerin ihtiya\u00e7lar\u0131n\u0131n daha iyi anla\u015f\u0131lmas\u0131 ve t\u00fcm farkl\u0131l\u0131klar\u0131yla beraber herkesle e\u015fit haklara sahip olmalar\u0131 ad\u0131na toplumsal fark\u0131ndal\u0131\u011f\u0131 art\u0131rmak i\u00e7in \u2018\u2019Otizme K\u0131rm\u0131z\u0131 I\u015f\u0131k Yak\u2019\u2019 \u00e7a\u011fr\u0131s\u0131n\u0131 bu y\u0131l da yineledi.<\/p>\n\n\n\n<p class=\"wp-block-paragraph\">Otizmli \u00e7ocuklar\u0131n hala nitelikli e\u011fitime eri\u015fmede zorluk ya\u015fad\u0131\u011f\u0131n\u0131, otizmli bireylerin i\u015f yerlerinde kabul g\u00f6rmedi\u011fini, sosyal hayat\u0131n dolay\u0131s\u0131yla ya\u015fam\u0131n bir par\u00e7as\u0131 olmak i\u00e7in m\u00fccadele etmek durumunda kald\u0131klar\u0131n\u0131 vurgulayan Vak\u0131f, 2 Nisan D\u00fcnya Otizm Fark\u0131ndal\u0131k G\u00fcn\u00fc\u2019nde herkesi otizme k\u0131rm\u0131z\u0131 \u0131\u015f\u0131k yakmaya davet etti.<\/p>\n\n\n\n<p class=\"wp-block-paragraph\">\u00dcnl\u00fc isimlerden \u201cOtizme K\u0131rm\u0131z\u0131 I\u015f\u0131k Yak\u201d kampanyas\u0131na destek<\/p>\n\n\n\n<p class=\"wp-block-paragraph\">Otizmli bireylerin t\u00fcm farkl\u0131l\u0131klar\u0131yla toplumda kabul g\u00f6rmelerini sa\u011flamak i\u00e7in oda\u011f\u0131n\u0131 fark\u0131ndal\u0131ktan kapsay\u0131c\u0131l\u0131\u011fa \u00e7eviren Tohum Otizm Vakf\u0131\u2019na aralar\u0131nda Ahu Orak\u00e7\u0131o\u011flu, Ayla Turan, Ay\u015fe Arman, Almila Ada, Alper Sald\u0131ran, Ba\u015fak Dizer Tatl\u0131tu\u011f, Bennu Y\u0131ld\u0131r\u0131mlar, Burak Deniz, Burcu Kara, B\u00fc\u015fra Arslanta\u015f, Ceyhun Y\u0131lmaz, \u00c7a\u011fla \u015e\u0131kel, Didem Bal\u00e7\u0131n Ayd\u0131n, Do\u011fa Rutkay Kamal, Ebru \u015eall\u0131, Ebru Akel, Ece Vahapo\u011flu, Ela Rumeysa Cebeci, G\u00fc\u00e7l\u00fc Mete, H\u00fclya H\u00f6kenek, It\u0131r Esen, \u0130lker Karag\u00f6z, \u0130smail K\u00fc\u00e7\u00fckkaya, Murat G\u00fclo\u011flu, \u00d6zge \u00d6zder, Seda Sayan, Sel\u00e7uk Tepeli, Sema \u015eim\u015fek, \u015e\u00fckran Oval\u0131, Ye\u015fim Salk\u0131m ve Yunus G\u00fcnce\u2019nin de oldu\u011fu pek \u00e7ok \u00fcnl\u00fc isim \u201cOtizme K\u0131rm\u0131z\u0131 I\u015f\u0131k Yak\u201dmesaj\u0131n\u0131 payla\u015farak kampanyaya destek verdi.<\/p>\n\n\n\n<p class=\"wp-block-paragraph\">2 Nisan D\u00fcnya Otizm Fark\u0131ndal\u0131k G\u00fcn\u00fc ak\u015fam\u0131 ba\u015fta \u0130stanbul\u2019daki k\u00f6pr\u00fclerimiz olmak \u00fczere, Tophane Meydan \u00c7e\u015fmesi, Eski\u015fehir Masal \u015eatosu, \u0130zmir Saat Kulesi, Ankara\u2019da TOBB \u0130kiz Kuleleri, Metropol \u0130stanbul AVM, Bomonti Ada, Hilton Bomonti, Tekfen Tower, QNB FinansBank, Avrasya T\u00fcneli, Dokuz Eyl\u00fcl \u00dcniversitesi Rekt\u00f6rl\u00fck, Dolmabah\u00e7e Okullar\u0131, Sabanc\u0131 Holding Binas\u0131, Espark AVM, Wyndham Grand Levent, Sanovel \u0130la\u00e7, River Plaza ve Zorlu AVM\u2019nin de bulundu\u011fu bir\u00e7ok \u00f6zel sekt\u00f6r binas\u0131 ve simgesel yap\u0131 k\u0131rm\u0131z\u0131 \u0131\u015f\u0131kla ayd\u0131nlat\u0131ld\u0131. Ayr\u0131ca Tohum Otizm Vakf\u0131\u2019n\u0131n \u00e7a\u011fr\u0131s\u0131 ile bir\u00e7ok belediye, e\u011fitim kurumu, sivil toplum kurulu\u015fu, kent konseyi ve spor kul\u00fcb\u00fc otizmin fark\u0131ndal\u0131\u011f\u0131n\u0131 art\u0131rmaya y\u00f6nelik etkinlikler d\u00fczenledi ve #otizmek\u0131rm\u0131z\u0131\u0131\u015f\u0131kyak etiketi alt\u0131nda bulu\u015ftu.<\/p>\n\n\n\n<p class=\"wp-block-paragraph\">Otizmlilerin hayat\u0131n her alan\u0131nda farkl\u0131l\u0131klar\u0131 ile kabul g\u00f6rd\u00fckleri ve kendilerini rahatl\u0131kla ifade edebildikleri bir d\u00fcnya i\u00e7in \u00e7al\u0131\u015fmaya devam ediyoruz<\/p>\n\n\n\n<p class=\"wp-block-paragraph\">Tohum Otizm Vakf\u0131 Genel M\u00fcd\u00fcr\u00fc Bur\u00e7ak Karakaya \u201cTohum Otizm Vakf\u0131 olarak \u00e7a\u011fr\u0131m\u0131za kulak veren ve sesimize g\u00fc\u00e7 katan herkese desteklerinden dolay\u0131 \u00e7ok te\u015fekk\u00fcr ediyoruz. Otizmlilerin hayat\u0131n her alan\u0131nda farkl\u0131l\u0131klar\u0131 ile kabul g\u00f6rd\u00fckleri ve kendilerini rahatl\u0131kla ifade edebildikleri bir d\u00fcnya i\u00e7in \u00e7al\u0131\u015fmaya devam ediyoruz.\u201d dedi.<\/p>","protected":false},"excerpt":{"rendered":"<p>Tohum Otizm Vakf\u0131, otizmli bireylerin ihtiya\u00e7lar\u0131n\u0131n daha iyi anla\u015f\u0131lmas\u0131 ve t\u00fcm farkl\u0131l\u0131klar\u0131yla beraber herkesle e\u015fit haklara sahip olmalar\u0131 ad\u0131na toplumsal fark\u0131ndal\u0131\u011f\u0131 art\u0131rmak i\u00e7in \u2018\u2019Otizme K\u0131rm\u0131z\u0131 I\u015f\u0131k Yak\u2019\u2019 \u00e7a\u011fr\u0131s\u0131n\u0131 bu y\u0131l da yineledi.<\/p>","protected":false},"author":1,"featured_media":8519,"comment_status":"open","ping_status":"open","sticky":false,"template":"","format":"standard","meta":{"footnotes":""},"categories":[1],"tags":[],"class_list":["post-8518","post","type-post","status-publish","format-standard","has-post-thumbnail","hentry","category-basin-odasi"],"yoast_head":"<!-- This site is optimized with the Yoast SEO Premium plugin v28.3 (Yoast SEO v28.3) - https:\/\/yoast.com\/product\/yoast-seo-premium-wordpress\/ -->\n<title>2 Nisan D\u00fcnya Otizm Fark\u0131ndal\u0131k G\u00fcn\u00fc\u2019nde T\u00fcrkiye Otizme K\u0131rm\u0131z\u0131 I\u015f\u0131k Yakt\u0131! - Tohum Otizm Vakf\u0131 | Otizmin Tek \u00c7aresi E\u011fitim<\/title>\n<meta name=\"robots\" content=\"index, follow, max-snippet:-1, max-image-preview:large, max-video-preview:-1\" \/>\n<link rel=\"canonical\" href=\"https:\/\/wp1.sedaozcan.net.tr\/en\/2-nisan-dunya-otizm-farkindalik-gununde-turkiye-otizme-kirmizi-isik-yakti\/\" \/>\n<meta property=\"og:locale\" content=\"en_US\" \/>\n<meta property=\"og:type\" content=\"article\" \/>\n<meta property=\"og:title\" content=\"2 Nisan D\u00fcnya Otizm Fark\u0131ndal\u0131k G\u00fcn\u00fc\u2019nde T\u00fcrkiye Otizme K\u0131rm\u0131z\u0131 I\u015f\u0131k Yakt\u0131!\" \/>\n<meta property=\"og:description\" content=\"Tohum Otizm Vakf\u0131, otizmli bireylerin ihtiya\u00e7lar\u0131n\u0131n daha iyi anla\u015f\u0131lmas\u0131 ve t\u00fcm farkl\u0131l\u0131klar\u0131yla beraber herkesle e\u015fit haklara sahip olmalar\u0131 ad\u0131na toplumsal fark\u0131ndal\u0131\u011f\u0131 art\u0131rmak i\u00e7in \u2018\u2019Otizme K\u0131rm\u0131z\u0131 I\u015f\u0131k Yak\u2019\u2019 \u00e7a\u011fr\u0131s\u0131n\u0131 bu y\u0131l da yineledi.\" \/>\n<meta property=\"og:url\" content=\"https:\/\/wp1.sedaozcan.net.tr\/en\/2-nisan-dunya-otizm-farkindalik-gununde-turkiye-otizme-kirmizi-isik-yakti\/\" \/>\n<meta property=\"og:site_name\" content=\"Tohum Otizm Vakf\u0131 | Otizmin Tek \u00c7aresi E\u011fitim\" \/>\n<meta property=\"article:published_time\" content=\"2026-05-11T15:11:13+00:00\" \/>\n<meta property=\"article:modified_time\" content=\"2026-08-06T10:33:06+00:00\" \/>\n<meta property=\"og:image\" content=\"https:\/\/wp1.sedaozcan.net.tr\/wp-content\/uploads\/2026\/05\/KIRMIZI-ISIK-YAKANLAR.jpg\" \/>\n\t<meta property=\"og:image:width\" content=\"768\" \/>\n\t<meta property=\"og:image:height\" content=\"417\" \/>\n\t<meta property=\"og:image:type\" content=\"image\/jpeg\" \/>\n<meta name=\"author\" content=\"Tohum Otizm\" \/>\n<meta name=\"twitter:card\" content=\"summary_large_image\" \/>\n<meta name=\"twitter:label1\" content=\"Written by\" \/>\n\t<meta name=\"twitter:data1\" content=\"Tohum Otizm\" \/>\n\t<meta name=\"twitter:label2\" content=\"Est. reading time\" \/>\n\t<meta name=\"twitter:data2\" content=\"5 minutes\" \/>\n<script type=\"application\/ld+json\" class=\"yoast-schema-graph\">{\"@context\":\"https:\\\/\\\/schema.org\",\"@graph\":[{\"@type\":\"Article\",\"@id\":\"https:\\\/\\\/wp1.sedaozcan.net.tr\\\/2-nisan-dunya-otizm-farkindalik-gununde-turkiye-otizme-kirmizi-isik-yakti\\\/#article\",\"isPartOf\":{\"@id\":\"https:\\\/\\\/wp1.sedaozcan.net.tr\\\/2-nisan-dunya-otizm-farkindalik-gununde-turkiye-otizme-kirmizi-isik-yakti\\\/\"},\"author\":{\"name\":\"Tohum Otizm\",\"@id\":\"https:\\\/\\\/wp1.sedaozcan.net.tr\\\/#\\\/schema\\\/person\\\/c2ea4120b58c7afcac902ba998b1091c\"},\"headline\":\"2 Nisan D\u00fcnya Otizm Fark\u0131ndal\u0131k G\u00fcn\u00fc\u2019nde T\u00fcrkiye Otizme K\u0131rm\u0131z\u0131 I\u015f\u0131k Yakt\u0131!\",\"datePublished\":\"2026-05-11T15:11:13+00:00\",\"dateModified\":\"2026-08-06T10:33:06+00:00\",\"mainEntityOfPage\":{\"@id\":\"https:\\\/\\\/wp1.sedaozcan.net.tr\\\/2-nisan-dunya-otizm-farkindalik-gununde-turkiye-otizme-kirmizi-isik-yakti\\\/\"},\"wordCount\":1065,\"commentCount\":0,\"image\":{\"@id\":\"https:\\\/\\\/wp1.sedaozcan.net.tr\\\/2-nisan-dunya-otizm-farkindalik-gununde-turkiye-otizme-kirmizi-isik-yakti\\\/#primaryimage\"},\"thumbnailUrl\":\"https:\\\/\\\/wp1.sedaozcan.net.tr\\\/wp-content\\\/uploads\\\/2026\\\/05\\\/KIRMIZI-ISIK-YAKANLAR.jpg\",\"articleSection\":[\"Bas\u0131n Odas\u0131\"],\"inLanguage\":\"en-US\",\"potentialAction\":[{\"@type\":\"CommentAction\",\"name\":\"Comment\",\"target\":[\"https:\\\/\\\/wp1.sedaozcan.net.tr\\\/2-nisan-dunya-otizm-farkindalik-gununde-turkiye-otizme-kirmizi-isik-yakti\\\/#respond\"]}]},{\"@type\":\"WebPage\",\"@id\":\"https:\\\/\\\/wp1.sedaozcan.net.tr\\\/2-nisan-dunya-otizm-farkindalik-gununde-turkiye-otizme-kirmizi-isik-yakti\\\/\",\"url\":\"https:\\\/\\\/wp1.sedaozcan.net.tr\\\/2-nisan-dunya-otizm-farkindalik-gununde-turkiye-otizme-kirmizi-isik-yakti\\\/\",\"name\":\"2 Nisan D\u00fcnya Otizm Fark\u0131ndal\u0131k G\u00fcn\u00fc\u2019nde T\u00fcrkiye Otizme K\u0131rm\u0131z\u0131 I\u015f\u0131k Yakt\u0131! - Tohum Otizm Vakf\u0131 | Otizmin Tek \u00c7aresi E\u011fitim\",\"isPartOf\":{\"@id\":\"https:\\\/\\\/wp1.sedaozcan.net.tr\\\/#website\"},\"primaryImageOfPage\":{\"@id\":\"https:\\\/\\\/wp1.sedaozcan.net.tr\\\/2-nisan-dunya-otizm-farkindalik-gununde-turkiye-otizme-kirmizi-isik-yakti\\\/#primaryimage\"},\"image\":{\"@id\":\"https:\\\/\\\/wp1.sedaozcan.net.tr\\\/2-nisan-dunya-otizm-farkindalik-gununde-turkiye-otizme-kirmizi-isik-yakti\\\/#primaryimage\"},\"thumbnailUrl\":\"https:\\\/\\\/wp1.sedaozcan.net.tr\\\/wp-content\\\/uploads\\\/2026\\\/05\\\/KIRMIZI-ISIK-YAKANLAR.jpg\",\"datePublished\":\"2026-05-11T15:11:13+00:00\",\"dateModified\":\"2026-08-06T10:33:06+00:00\",\"author\":{\"@id\":\"https:\\\/\\\/wp1.sedaozcan.net.tr\\\/#\\\/schema\\\/person\\\/c2ea4120b58c7afcac902ba998b1091c\"},\"breadcrumb\":{\"@id\":\"https:\\\/\\\/wp1.sedaozcan.net.tr\\\/2-nisan-dunya-otizm-farkindalik-gununde-turkiye-otizme-kirmizi-isik-yakti\\\/#breadcrumb\"},\"inLanguage\":\"en-US\",\"potentialAction\":[{\"@type\":\"ReadAction\",\"target\":[\"https:\\\/\\\/wp1.sedaozcan.net.tr\\\/2-nisan-dunya-otizm-farkindalik-gununde-turkiye-otizme-kirmizi-isik-yakti\\\/\"]}]},{\"@type\":\"ImageObject\",\"inLanguage\":\"en-US\",\"@id\":\"https:\\\/\\\/wp1.sedaozcan.net.tr\\\/2-nisan-dunya-otizm-farkindalik-gununde-turkiye-otizme-kirmizi-isik-yakti\\\/#primaryimage\",\"url\":\"https:\\\/\\\/wp1.sedaozcan.net.tr\\\/wp-content\\\/uploads\\\/2026\\\/05\\\/KIRMIZI-ISIK-YAKANLAR.jpg\",\"contentUrl\":\"https:\\\/\\\/wp1.sedaozcan.net.tr\\\/wp-content\\\/uploads\\\/2026\\\/05\\\/KIRMIZI-ISIK-YAKANLAR.jpg\",\"width\":768,\"height\":417},{\"@type\":\"BreadcrumbList\",\"@id\":\"https:\\\/\\\/wp1.sedaozcan.net.tr\\\/2-nisan-dunya-otizm-farkindalik-gununde-turkiye-otizme-kirmizi-isik-yakti\\\/#breadcrumb\",\"itemListElement\":[{\"@type\":\"ListItem\",\"position\":1,\"name\":\"Home\",\"item\":\"https:\\\/\\\/wp1.sedaozcan.net.tr\\\/\"},{\"@type\":\"ListItem\",\"position\":2,\"name\":\"2 Nisan D\u00fcnya Otizm Fark\u0131ndal\u0131k G\u00fcn\u00fc\u2019nde T\u00fcrkiye Otizme K\u0131rm\u0131z\u0131 I\u015f\u0131k Yakt\u0131!\"}]},{\"@type\":\"WebSite\",\"@id\":\"https:\\\/\\\/wp1.sedaozcan.net.tr\\\/#website\",\"url\":\"https:\\\/\\\/wp1.sedaozcan.net.tr\\\/\",\"name\":\"Tohum Otizm Vakf\u0131 | Otizmin Tek \u00c7aresi E\u011fitim\",\"description\":\"\",\"potentialAction\":[{\"@type\":\"SearchAction\",\"target\":{\"@type\":\"EntryPoint\",\"urlTemplate\":\"https:\\\/\\\/wp1.sedaozcan.net.tr\\\/?s={search_term_string}\"},\"query-input\":{\"@type\":\"PropertyValueSpecification\",\"valueRequired\":true,\"valueName\":\"search_term_string\"}}],\"inLanguage\":\"en-US\"},{\"@type\":\"Person\",\"@id\":\"https:\\\/\\\/wp1.sedaozcan.net.tr\\\/#\\\/schema\\\/person\\\/c2ea4120b58c7afcac902ba998b1091c\",\"name\":\"Tohum Otizm\",\"image\":{\"@type\":\"ImageObject\",\"inLanguage\":\"en-US\",\"@id\":\"https:\\\/\\\/secure.gravatar.com\\\/avatar\\\/99d08cded734486eef59dabce25065a85303e18d81311c4f5f2bbd3fed82f816?s=96&d=mm&r=g\",\"url\":\"https:\\\/\\\/secure.gravatar.com\\\/avatar\\\/99d08cded734486eef59dabce25065a85303e18d81311c4f5f2bbd3fed82f816?s=96&d=mm&r=g\",\"contentUrl\":\"https:\\\/\\\/secure.gravatar.com\\\/avatar\\\/99d08cded734486eef59dabce25065a85303e18d81311c4f5f2bbd3fed82f816?s=96&d=mm&r=g\",\"caption\":\"Tohum Otizm\"},\"sameAs\":[\"https:\\\/\\\/wp1.sedaozcan.net.tr\"],\"url\":\"https:\\\/\\\/wp1.sedaozcan.net.tr\\\/en\\\/author\\\/admin_3ewju0jt\\\/\"},{\"@type\":\"ImageObject\",\"inLanguage\":\"en-US\",\"@id\":\"https:\\\/\\\/wp1.sedaozcan.net.tr\\\/2-nisan-dunya-otizm-farkindalik-gununde-turkiye-otizme-kirmizi-isik-yakti\\\/#local-main-organization-logo\",\"url\":\"\",\"contentUrl\":\"\",\"caption\":\"Tohum Otizm Vakf\u0131 | Otizmin Tek \u00c7aresi E\u011fitim\"}]}<\/script>\n<!-- \/ Yoast SEO Premium plugin. -->","yoast_head_json":{"title":"2 Nisan D\u00fcnya Otizm Fark\u0131ndal\u0131k G\u00fcn\u00fc\u2019nde T\u00fcrkiye Otizme K\u0131rm\u0131z\u0131 I\u015f\u0131k Yakt\u0131! - Tohum Otizm Vakf\u0131 | Otizmin Tek \u00c7aresi E\u011fitim","robots":{"index":"index","follow":"follow","max-snippet":"max-snippet:-1","max-image-preview":"max-image-preview:large","max-video-preview":"max-video-preview:-1"},"canonical":"https:\/\/wp1.sedaozcan.net.tr\/en\/2-nisan-dunya-otizm-farkindalik-gununde-turkiye-otizme-kirmizi-isik-yakti\/","og_locale":"en_US","og_type":"article","og_title":"2 Nisan D\u00fcnya Otizm Fark\u0131ndal\u0131k G\u00fcn\u00fc\u2019nde T\u00fcrkiye Otizme K\u0131rm\u0131z\u0131 I\u015f\u0131k Yakt\u0131!","og_description":"Tohum Otizm Vakf\u0131, otizmli bireylerin ihtiya\u00e7lar\u0131n\u0131n daha iyi anla\u015f\u0131lmas\u0131 ve t\u00fcm farkl\u0131l\u0131klar\u0131yla beraber herkesle e\u015fit haklara sahip olmalar\u0131 ad\u0131na toplumsal fark\u0131ndal\u0131\u011f\u0131 art\u0131rmak i\u00e7in \u2018\u2019Otizme K\u0131rm\u0131z\u0131 I\u015f\u0131k Yak\u2019\u2019 \u00e7a\u011fr\u0131s\u0131n\u0131 bu y\u0131l da yineledi.","og_url":"https:\/\/wp1.sedaozcan.net.tr\/en\/2-nisan-dunya-otizm-farkindalik-gununde-turkiye-otizme-kirmizi-isik-yakti\/","og_site_name":"Tohum Otizm Vakf\u0131 | Otizmin Tek \u00c7aresi E\u011fitim","article_published_time":"2026-05-11T15:11:13+00:00","article_modified_time":"2026-08-06T10:33:06+00:00","og_image":[{"width":768,"height":417,"url":"https:\/\/wp1.sedaozcan.net.tr\/wp-content\/uploads\/2026\/05\/KIRMIZI-ISIK-YAKANLAR.jpg","type":"image\/jpeg"}],"author":"Tohum Otizm","twitter_card":"summary_large_image","twitter_misc":{"Written by":"Tohum Otizm","Est. reading time":"5 minutes"},"schema":{"@context":"https:\/\/schema.org","@graph":[{"@type":"Article","@id":"https:\/\/wp1.sedaozcan.net.tr\/2-nisan-dunya-otizm-farkindalik-gununde-turkiye-otizme-kirmizi-isik-yakti\/#article","isPartOf":{"@id":"https:\/\/wp1.sedaozcan.net.tr\/2-nisan-dunya-otizm-farkindalik-gununde-turkiye-otizme-kirmizi-isik-yakti\/"},"author":{"name":"Tohum Otizm","@id":"https:\/\/wp1.sedaozcan.net.tr\/#\/schema\/person\/c2ea4120b58c7afcac902ba998b1091c"},"headline":"2 Nisan D\u00fcnya Otizm Fark\u0131ndal\u0131k G\u00fcn\u00fc\u2019nde T\u00fcrkiye Otizme K\u0131rm\u0131z\u0131 I\u015f\u0131k Yakt\u0131!","datePublished":"2026-05-11T15:11:13+00:00","dateModified":"2026-08-06T10:33:06+00:00","mainEntityOfPage":{"@id":"https:\/\/wp1.sedaozcan.net.tr\/2-nisan-dunya-otizm-farkindalik-gununde-turkiye-otizme-kirmizi-isik-yakti\/"},"wordCount":1065,"commentCount":0,"image":{"@id":"https:\/\/wp1.sedaozcan.net.tr\/2-nisan-dunya-otizm-farkindalik-gununde-turkiye-otizme-kirmizi-isik-yakti\/#primaryimage"},"thumbnailUrl":"https:\/\/wp1.sedaozcan.net.tr\/wp-content\/uploads\/2026\/05\/KIRMIZI-ISIK-YAKANLAR.jpg","articleSection":["Bas\u0131n Odas\u0131"],"inLanguage":"en-US","potentialAction":[{"@type":"CommentAction","name":"Comment","target":["https:\/\/wp1.sedaozcan.net.tr\/2-nisan-dunya-otizm-farkindalik-gununde-turkiye-otizme-kirmizi-isik-yakti\/#respond"]}]},{"@type":"WebPage","@id":"https:\/\/wp1.sedaozcan.net.tr\/2-nisan-dunya-otizm-farkindalik-gununde-turkiye-otizme-kirmizi-isik-yakti\/","url":"https:\/\/wp1.sedaozcan.net.tr\/2-nisan-dunya-otizm-farkindalik-gununde-turkiye-otizme-kirmizi-isik-yakti\/","name":"2 Nisan D\u00fcnya Otizm Fark\u0131ndal\u0131k G\u00fcn\u00fc\u2019nde T\u00fcrkiye Otizme K\u0131rm\u0131z\u0131 I\u015f\u0131k Yakt\u0131! - Tohum Otizm Vakf\u0131 | Otizmin Tek \u00c7aresi E\u011fitim","isPartOf":{"@id":"https:\/\/wp1.sedaozcan.net.tr\/#website"},"primaryImageOfPage":{"@id":"https:\/\/wp1.sedaozcan.net.tr\/2-nisan-dunya-otizm-farkindalik-gununde-turkiye-otizme-kirmizi-isik-yakti\/#primaryimage"},"image":{"@id":"https:\/\/wp1.sedaozcan.net.tr\/2-nisan-dunya-otizm-farkindalik-gununde-turkiye-otizme-kirmizi-isik-yakti\/#primaryimage"},"thumbnailUrl":"https:\/\/wp1.sedaozcan.net.tr\/wp-content\/uploads\/2026\/05\/KIRMIZI-ISIK-YAKANLAR.jpg","datePublished":"2026-05-11T15:11:13+00:00","dateModified":"2026-08-06T10:33:06+00:00","author":{"@id":"https:\/\/wp1.sedaozcan.net.tr\/#\/schema\/person\/c2ea4120b58c7afcac902ba998b1091c"},"breadcrumb":{"@id":"https:\/\/wp1.sedaozcan.net.tr\/2-nisan-dunya-otizm-farkindalik-gununde-turkiye-otizme-kirmizi-isik-yakti\/#breadcrumb"},"inLanguage":"en-US","potentialAction":[{"@type":"ReadAction","target":["https:\/\/wp1.sedaozcan.net.tr\/2-nisan-dunya-otizm-farkindalik-gununde-turkiye-otizme-kirmizi-isik-yakti\/"]}]},{"@type":"ImageObject","inLanguage":"en-US","@id":"https:\/\/wp1.sedaozcan.net.tr\/2-nisan-dunya-otizm-farkindalik-gununde-turkiye-otizme-kirmizi-isik-yakti\/#primaryimage","url":"https:\/\/wp1.sedaozcan.net.tr\/wp-content\/uploads\/2026\/05\/KIRMIZI-ISIK-YAKANLAR.jpg","contentUrl":"https:\/\/wp1.sedaozcan.net.tr\/wp-content\/uploads\/2026\/05\/KIRMIZI-ISIK-YAKANLAR.jpg","width":768,"height":417},{"@type":"BreadcrumbList","@id":"https:\/\/wp1.sedaozcan.net.tr\/2-nisan-dunya-otizm-farkindalik-gununde-turkiye-otizme-kirmizi-isik-yakti\/#breadcrumb","itemListElement":[{"@type":"ListItem","position":1,"name":"Home","item":"https:\/\/wp1.sedaozcan.net.tr\/"},{"@type":"ListItem","position":2,"name":"2 Nisan D\u00fcnya Otizm Fark\u0131ndal\u0131k G\u00fcn\u00fc\u2019nde T\u00fcrkiye Otizme K\u0131rm\u0131z\u0131 I\u015f\u0131k Yakt\u0131!"}]},{"@type":"WebSite","@id":"https:\/\/wp1.sedaozcan.net.tr\/#website","url":"https:\/\/wp1.sedaozcan.net.tr\/","name":"Tohum Autism Foundation | The Only Remedy for Autism is Education","description":"","potentialAction":[{"@type":"SearchAction","target":{"@type":"EntryPoint","urlTemplate":"https:\/\/wp1.sedaozcan.net.tr\/?s={search_term_string}"},"query-input":{"@type":"PropertyValueSpecification","valueRequired":true,"valueName":"search_term_string"}}],"inLanguage":"en-US"},{"@type":"Person","@id":"https:\/\/wp1.sedaozcan.net.tr\/#\/schema\/person\/c2ea4120b58c7afcac902ba998b1091c","name":"Tohum Otizm","image":{"@type":"ImageObject","inLanguage":"en-US","@id":"https:\/\/secure.gravatar.com\/avatar\/99d08cded734486eef59dabce25065a85303e18d81311c4f5f2bbd3fed82f816?s=96&d=mm&r=g","url":"https:\/\/secure.gravatar.com\/avatar\/99d08cded734486eef59dabce25065a85303e18d81311c4f5f2bbd3fed82f816?s=96&d=mm&r=g","contentUrl":"https:\/\/secure.gravatar.com\/avatar\/99d08cded734486eef59dabce25065a85303e18d81311c4f5f2bbd3fed82f816?s=96&d=mm&r=g","caption":"Tohum Otizm"},"sameAs":["https:\/\/wp1.sedaozcan.net.tr"],"url":"https:\/\/wp1.sedaozcan.net.tr\/en\/author\/admin_3ewju0jt\/"},{"@type":"ImageObject","inLanguage":"en-US","@id":"https:\/\/wp1.sedaozcan.net.tr\/2-nisan-dunya-otizm-farkindalik-gununde-turkiye-otizme-kirmizi-isik-yakti\/#local-main-organization-logo","url":"","contentUrl":"","caption":"Tohum Otizm Vakf\u0131 | Otizmin Tek \u00c7aresi E\u011fitim"}]}},"_links":{"self":[{"href":"https:\/\/wp1.sedaozcan.net.tr\/en\/wp-json\/wp\/v2\/posts\/8518","targetHints":{"allow":["GET"]}}],"collection":[{"href":"https:\/\/wp1.sedaozcan.net.tr\/en\/wp-json\/wp\/v2\/posts"}],"about":[{"href":"https:\/\/wp1.sedaozcan.net.tr\/en\/wp-json\/wp\/v2\/types\/post"}],"author":[{"embeddable":true,"href":"https:\/\/wp1.sedaozcan.net.tr\/en\/wp-json\/wp\/v2\/users\/1"}],"replies":[{"embeddable":true,"href":"https:\/\/wp1.sedaozcan.net.tr\/en\/wp-json\/wp\/v2\/comments?post=8518"}],"version-history":[{"count":2,"href":"https:\/\/wp1.sedaozcan.net.tr\/en\/wp-json\/wp\/v2\/posts\/8518\/revisions"}],"predecessor-version":[{"id":9574,"href":"https:\/\/wp1.sedaozcan.net.tr\/en\/wp-json\/wp\/v2\/posts\/8518\/revisions\/9574"}],"wp:featuredmedia":[{"embeddable":true,"href":"https:\/\/wp1.sedaozcan.net.tr\/en\/wp-json\/wp\/v2\/media\/8519"}],"wp:attachment":[{"href":"https:\/\/wp1.sedaozcan.net.tr\/en\/wp-json\/wp\/v2\/media?parent=8518"}],"wp:term":[{"taxonomy":"category","embeddable":true,"href":"https:\/\/wp1.sedaozcan.net.tr\/en\/wp-json\/wp\/v2\/categories?post=8518"},{"taxonomy":"post_tag","embeddable":true,"href":"https:\/\/wp1.sedaozcan.net.tr\/en\/wp-json\/wp\/v2\/tags?post=8518"}],"curies":[{"name":"wp","href":"https:\/\/api.w.org\/{rel}","templated":true}]}}