{"id":8515,"date":"2026-05-11T17:09:44","date_gmt":"2026-05-11T15:09:44","guid":{"rendered":"https:\/\/wp1.sedaozcan.net.tr\/?p=8515"},"modified":"2026-08-06T12:34:14","modified_gmt":"2026-08-06T10:34:14","slug":"2-nisan-dunya-otizm-farkindalik-gununde-farkindaliktan-kapsayiciliga-kirmizi-isik-yakiyoruz","status":"publish","type":"post","link":"https:\/\/wp1.sedaozcan.net.tr\/en\/2-nisan-dunya-otizm-farkindalik-gununde-farkindaliktan-kapsayiciliga-kirmizi-isik-yakiyoruz\/","title":{"rendered":"2 Nisan D\u00fcnya Otizm Fark\u0131ndal\u0131k G\u00fcn\u00fc\u2019nde Fark\u0131ndal\u0131ktan Kapsay\u0131c\u0131l\u0131\u011fa K\u0131rm\u0131z\u0131 I\u015f\u0131k Yak\u0131yoruz!"},"content":{"rendered":"<p class=\"wp-block-paragraph\"><strong>2 Nisan D\u00fcnya Otizm Fark\u0131ndal\u0131k G\u00fcn\u00fc\u2019nde Fark\u0131ndal\u0131ktan Kapsay\u0131c\u0131l\u0131\u011fa K\u0131rm\u0131z\u0131 I\u015f\u0131k Yak\u0131yoruz!<\/strong><\/p>\n\n\n\n<p class=\"wp-block-paragraph\">Do\u011fu\u015ftan gelen ve genellikle ya\u015fam\u0131n ilk y\u0131llar\u0131nda fark edilen, karma\u015f\u0131k bir n\u00f6ro-geli\u015fimsel farkl\u0131l\u0131k olarak tan\u0131mlanan otizm 1985 y\u0131l\u0131nda her 2.500 \u00e7ocuktan 1\u2019inde g\u00f6r\u00fcl\u00fcrken, son ara\u015ft\u0131rmalara g\u00f6re bug\u00fcn her 36 \u00e7ocuktan 1\u2019inde g\u00f6r\u00fcl\u00fcyor.<\/p>\n\n\n\n<p class=\"wp-block-paragraph\">Tohum Otizm Vakf\u0131 otizmin varl\u0131\u011f\u0131na dikkat \u00e7ekmek i\u00e7in Birle\u015fmi\u015f Milletler taraf\u0131ndan ilan edilen 2 Nisan \u201cD\u00fcnya Otizm Fark\u0131ndal\u0131k G\u00fcn\u00fc\u201dnde otizmli bireylerin ihtiya\u00e7lar\u0131n\u0131n daha iyi anla\u015f\u0131lmas\u0131 ve herkesle e\u015fit derecede toplumsal kabul\u00fcn\u00fcn sa\u011flanmas\u0131 amac\u0131yla \u00f6zel bir kampanya y\u00fcr\u00fct\u00fcyor.<\/p>\n\n\n\n<p class=\"wp-block-paragraph\">Kamuoyunun dikkatini otizme \u00e7ekmeyi ama\u00e7layan kampanya i\u00e7in binalar k\u0131rm\u0131z\u0131 \u0131\u015f\u0131kla ayd\u0131nlan\u0131yor, bir\u00e7ok kurulu\u015fla otizmi bilmeye ve anlamaya dayal\u0131 etkinlikler d\u00fczenleniyor ve kampanya destek\u00e7ileri #otizmek\u0131rm\u0131z\u0131\u0131\u015f\u0131kyak etiketi alt\u0131nda bulu\u015fuyor.<\/p>\n\n\n\n<p class=\"wp-block-paragraph\">Oda\u011f\u0131m\u0131z\u0131 Fark\u0131ndal\u0131ktan Kapsay\u0131c\u0131l\u0131\u011fa \u00c7eviriyoruz<\/p>\n\n\n\n<p class=\"wp-block-paragraph\">Son y\u0131llarda d\u00fcnyada otizmin bilinmesine ve fark\u0131ndal\u0131k yarat\u0131lmas\u0131na dair \u00f6nemli ilerlemeler kaydedilmi\u015f olsa da, otizmli bireyler temel hak ve \u00f6zg\u00fcrl\u00fcklerine eri\u015fimlerinde sosyal ve \u00e7evresel engellerle kar\u015f\u0131 kar\u015f\u0131ya kalmaya devam ediyorlar.<\/p>\n\n\n\n<p class=\"wp-block-paragraph\">20 y\u0131l\u0131 a\u015fk\u0131nd\u0131r otizmli \u00e7ocuklar\u0131 \u00f6zel e\u011fitimle topluma kazand\u0131rabilmenin T\u00fcrkiye\u2019deki savunuculu\u011funu yapan Tohum Otizm Vakf\u0131, bu k\u00fcresel geli\u015fmelerin \u0131\u015f\u0131\u011f\u0131nda 2022 y\u0131l\u0131nda ba\u015flatt\u0131\u011f\u0131 \u201cOtizme K\u0131rm\u0131z\u0131 I\u015f\u0131k Yak\u201d kampanyas\u0131 ile otizmli bireylerin daha iyi anla\u015f\u0131lmalar\u0131 ve toplumda kabul g\u00f6rmelerini sa\u011flamak i\u00e7in oda\u011f\u0131n\u0131 fark\u0131ndal\u0131ktan kapsay\u0131c\u0131l\u0131\u011fa \u00e7evirdi.<\/p>\n\n\n\n<p class=\"wp-block-paragraph\">Otizmli \u00e7ocuklar\u0131n hala nitelikli e\u011fitime eri\u015fmede zorluk ya\u015fad\u0131\u011f\u0131n\u0131, bireylerin i\u015f yerlerinde kabul g\u00f6rmedi\u011fini, sosyal hayat\u0131n dolay\u0131s\u0131yla ya\u015fam\u0131n bir par\u00e7as\u0131 olmas\u0131 i\u00e7in m\u00fccadele etmek durumunda kald\u0131klar\u0131n\u0131 vurgulayan Tohum Otizm Vakf\u0131, otizmli bireylerin t\u00fcm farkl\u0131l\u0131klar\u0131yla beraber herkesle e\u015fit haklara sahip olmalar\u0131n\u0131n savunuculu\u011funu yap\u0131yor.<\/p>\n\n\n\n<p class=\"wp-block-paragraph\">Otizmli Bireylerle Birlikte Kapsay\u0131c\u0131 ve Eri\u015filebilir bir D\u00fcnya \u0130n\u015fa Ediyoruz<\/p>\n\n\n\n<p class=\"wp-block-paragraph\">&nbsp;Tohum Otizm Vakf\u0131 bu sene de \u201cOtizme K\u0131rm\u0131z\u0131 I\u015f\u0131k Yak\u201d kampanyas\u0131 ile otizmli bireylerin toplumsal kabul\u00fcn\u00fc sa\u011flama amac\u0131n\u0131 geni\u015f kitlelere ula\u015ft\u0131rmay\u0131 hedefliyor. Tohum Otizm Vakf\u0131\u2019n\u0131n \u00e7a\u011fr\u0131s\u0131 ile otizmin rengi bu y\u0131l da k\u0131rm\u0131z\u0131 oluyor. Ge\u00e7ti\u011fimiz y\u0131llarda oldu\u011fu gibi bu y\u0131l da Tohum Otizm Vakf\u0131\u2019na destek vermek i\u00e7in \u0130stanbul ve T\u00fcrkiye\u2019nin farkl\u0131 illerindeki tarihi ve ikonik yap\u0131lar k\u0131rm\u0131z\u0131 \u0131\u015f\u0131kla ayd\u0131nlanacak. \u00d6zel sekt\u00f6r binalar\u0131 da k\u0131rm\u0131z\u0131 \u0131\u015f\u0131k ile ayd\u0131nlanarak otizmlileri desteklemek i\u00e7in onlar\u0131n yan\u0131nday\u0131z diyecek.<\/p>\n\n\n\n<p class=\"wp-block-paragraph\">Herkesi \u201cOtizme K\u0131rm\u0131z\u0131 I\u015f\u0131k Yak\u201d kampanyas\u0131na destek vermeye davet eden Tohum Otizm Vakf\u0131 Genel M\u00fcd\u00fcr\u00fc Bur\u00e7ak Karakaya, \u201cBug\u00fcn ve her g\u00fcn, otizmlilerin evde, okulda, i\u015f yerinde k\u0131sacas\u0131 hayat\u0131n her alan\u0131nda farkl\u0131l\u0131klar\u0131n\u0131n kabul edildi\u011fi kapsay\u0131c\u0131 ve eri\u015filebilir bir d\u00fcnya in\u015fa etmek i\u00e7in otizmli bireylerle birlikte hareket ediyoruz. Otizmli dostlar\u0131m\u0131z\u0131n daha kapsay\u0131c\u0131 e\u011fitim olanaklar\u0131na, e\u015fit i\u015f f\u0131rsatlar\u0131na eri\u015febilmeleri, kendilerini rahatl\u0131kla ifade edebildi\u011fi ve herkesle e\u015fit derecede sayg\u0131 g\u00f6rd\u00fc\u011f\u00fc ortamlar\u0131n yarat\u0131lmas\u0131 i\u00e7in daha fazla \u00e7al\u0131\u015fmam\u0131z gerekiyor.\u201d dedi.<\/p>","protected":false},"excerpt":{"rendered":"<p>Do\u011fu\u015ftan gelen ve genellikle ya\u015fam\u0131n ilk y\u0131llar\u0131nda fark edilen, karma\u015f\u0131k bir n\u00f6ro-geli\u015fimsel farkl\u0131l\u0131k olarak tan\u0131mlanan otizm 1985 y\u0131l\u0131nda her 2.500 \u00e7ocuktan 1\u2019inde g\u00f6r\u00fcl\u00fcrken, son ara\u015ft\u0131rmalara g\u00f6re bug\u00fcn her 36 \u00e7ocuktan 1\u2019inde g\u00f6r\u00fcl\u00fcyor.<\/p>","protected":false},"author":1,"featured_media":8516,"comment_status":"open","ping_status":"open","sticky":false,"template":"","format":"standard","meta":{"footnotes":""},"categories":[1],"tags":[],"class_list":["post-8515","post","type-post","status-publish","format-standard","has-post-thumbnail","hentry","category-basin-odasi"],"yoast_head":"<!-- This site is optimized with the Yoast SEO Premium plugin v28.3 (Yoast SEO v28.3) - https:\/\/yoast.com\/product\/yoast-seo-premium-wordpress\/ -->\n<title>2 Nisan D\u00fcnya Otizm Fark\u0131ndal\u0131k G\u00fcn\u00fc\u2019nde Fark\u0131ndal\u0131ktan Kapsay\u0131c\u0131l\u0131\u011fa K\u0131rm\u0131z\u0131 I\u015f\u0131k Yak\u0131yoruz! - Tohum Otizm Vakf\u0131 | Otizmin Tek \u00c7aresi E\u011fitim<\/title>\n<meta name=\"robots\" content=\"index, follow, max-snippet:-1, max-image-preview:large, max-video-preview:-1\" \/>\n<link rel=\"canonical\" href=\"https:\/\/wp1.sedaozcan.net.tr\/en\/2-nisan-dunya-otizm-farkindalik-gununde-farkindaliktan-kapsayiciliga-kirmizi-isik-yakiyoruz\/\" \/>\n<meta property=\"og:locale\" content=\"en_US\" \/>\n<meta property=\"og:type\" content=\"article\" \/>\n<meta property=\"og:title\" content=\"2 Nisan D\u00fcnya Otizm Fark\u0131ndal\u0131k G\u00fcn\u00fc\u2019nde Fark\u0131ndal\u0131ktan Kapsay\u0131c\u0131l\u0131\u011fa K\u0131rm\u0131z\u0131 I\u015f\u0131k Yak\u0131yoruz!\" \/>\n<meta property=\"og:description\" content=\"Do\u011fu\u015ftan gelen ve genellikle ya\u015fam\u0131n ilk y\u0131llar\u0131nda fark edilen, karma\u015f\u0131k bir n\u00f6ro-geli\u015fimsel farkl\u0131l\u0131k olarak tan\u0131mlanan otizm 1985 y\u0131l\u0131nda her 2.500 \u00e7ocuktan 1\u2019inde g\u00f6r\u00fcl\u00fcrken, son ara\u015ft\u0131rmalara g\u00f6re bug\u00fcn her 36 \u00e7ocuktan 1\u2019inde g\u00f6r\u00fcl\u00fcyor.\" \/>\n<meta property=\"og:url\" content=\"https:\/\/wp1.sedaozcan.net.tr\/en\/2-nisan-dunya-otizm-farkindalik-gununde-farkindaliktan-kapsayiciliga-kirmizi-isik-yakiyoruz\/\" \/>\n<meta property=\"og:site_name\" content=\"Tohum Otizm Vakf\u0131 | Otizmin Tek \u00c7aresi E\u011fitim\" \/>\n<meta property=\"article:published_time\" content=\"2026-05-11T15:09:44+00:00\" \/>\n<meta property=\"article:modified_time\" content=\"2026-08-06T10:34:14+00:00\" \/>\n<meta property=\"og:image\" content=\"https:\/\/wp1.sedaozcan.net.tr\/wp-content\/uploads\/2026\/05\/2nisan-1.jpg\" \/>\n\t<meta property=\"og:image:width\" content=\"449\" \/>\n\t<meta property=\"og:image:height\" content=\"283\" \/>\n\t<meta property=\"og:image:type\" content=\"image\/jpeg\" \/>\n<meta name=\"author\" content=\"Tohum Otizm\" \/>\n<meta name=\"twitter:card\" content=\"summary_large_image\" \/>\n<meta name=\"twitter:label1\" content=\"Written by\" \/>\n\t<meta name=\"twitter:data1\" content=\"Tohum Otizm\" \/>\n\t<meta name=\"twitter:label2\" content=\"Est. reading time\" \/>\n\t<meta name=\"twitter:data2\" content=\"3 minutes\" \/>\n<script type=\"application\/ld+json\" class=\"yoast-schema-graph\">{\"@context\":\"https:\\\/\\\/schema.org\",\"@graph\":[{\"@type\":\"Article\",\"@id\":\"https:\\\/\\\/wp1.sedaozcan.net.tr\\\/2-nisan-dunya-otizm-farkindalik-gununde-farkindaliktan-kapsayiciliga-kirmizi-isik-yakiyoruz\\\/#article\",\"isPartOf\":{\"@id\":\"https:\\\/\\\/wp1.sedaozcan.net.tr\\\/2-nisan-dunya-otizm-farkindalik-gununde-farkindaliktan-kapsayiciliga-kirmizi-isik-yakiyoruz\\\/\"},\"author\":{\"name\":\"Tohum Otizm\",\"@id\":\"https:\\\/\\\/wp1.sedaozcan.net.tr\\\/#\\\/schema\\\/person\\\/c2ea4120b58c7afcac902ba998b1091c\"},\"headline\":\"2 Nisan D\u00fcnya Otizm Fark\u0131ndal\u0131k G\u00fcn\u00fc\u2019nde Fark\u0131ndal\u0131ktan Kapsay\u0131c\u0131l\u0131\u011fa K\u0131rm\u0131z\u0131 I\u015f\u0131k Yak\u0131yoruz!\",\"datePublished\":\"2026-05-11T15:09:44+00:00\",\"dateModified\":\"2026-08-06T10:34:14+00:00\",\"mainEntityOfPage\":{\"@id\":\"https:\\\/\\\/wp1.sedaozcan.net.tr\\\/2-nisan-dunya-otizm-farkindalik-gununde-farkindaliktan-kapsayiciliga-kirmizi-isik-yakiyoruz\\\/\"},\"wordCount\":625,\"commentCount\":0,\"image\":{\"@id\":\"https:\\\/\\\/wp1.sedaozcan.net.tr\\\/2-nisan-dunya-otizm-farkindalik-gununde-farkindaliktan-kapsayiciliga-kirmizi-isik-yakiyoruz\\\/#primaryimage\"},\"thumbnailUrl\":\"https:\\\/\\\/wp1.sedaozcan.net.tr\\\/wp-content\\\/uploads\\\/2026\\\/05\\\/2nisan-1.jpg\",\"articleSection\":[\"Bas\u0131n Odas\u0131\"],\"inLanguage\":\"en-US\",\"potentialAction\":[{\"@type\":\"CommentAction\",\"name\":\"Comment\",\"target\":[\"https:\\\/\\\/wp1.sedaozcan.net.tr\\\/2-nisan-dunya-otizm-farkindalik-gununde-farkindaliktan-kapsayiciliga-kirmizi-isik-yakiyoruz\\\/#respond\"]}]},{\"@type\":\"WebPage\",\"@id\":\"https:\\\/\\\/wp1.sedaozcan.net.tr\\\/2-nisan-dunya-otizm-farkindalik-gununde-farkindaliktan-kapsayiciliga-kirmizi-isik-yakiyoruz\\\/\",\"url\":\"https:\\\/\\\/wp1.sedaozcan.net.tr\\\/2-nisan-dunya-otizm-farkindalik-gununde-farkindaliktan-kapsayiciliga-kirmizi-isik-yakiyoruz\\\/\",\"name\":\"2 Nisan D\u00fcnya Otizm Fark\u0131ndal\u0131k G\u00fcn\u00fc\u2019nde Fark\u0131ndal\u0131ktan Kapsay\u0131c\u0131l\u0131\u011fa K\u0131rm\u0131z\u0131 I\u015f\u0131k Yak\u0131yoruz! - Tohum Otizm Vakf\u0131 | Otizmin Tek \u00c7aresi E\u011fitim\",\"isPartOf\":{\"@id\":\"https:\\\/\\\/wp1.sedaozcan.net.tr\\\/#website\"},\"primaryImageOfPage\":{\"@id\":\"https:\\\/\\\/wp1.sedaozcan.net.tr\\\/2-nisan-dunya-otizm-farkindalik-gununde-farkindaliktan-kapsayiciliga-kirmizi-isik-yakiyoruz\\\/#primaryimage\"},\"image\":{\"@id\":\"https:\\\/\\\/wp1.sedaozcan.net.tr\\\/2-nisan-dunya-otizm-farkindalik-gununde-farkindaliktan-kapsayiciliga-kirmizi-isik-yakiyoruz\\\/#primaryimage\"},\"thumbnailUrl\":\"https:\\\/\\\/wp1.sedaozcan.net.tr\\\/wp-content\\\/uploads\\\/2026\\\/05\\\/2nisan-1.jpg\",\"datePublished\":\"2026-05-11T15:09:44+00:00\",\"dateModified\":\"2026-08-06T10:34:14+00:00\",\"author\":{\"@id\":\"https:\\\/\\\/wp1.sedaozcan.net.tr\\\/#\\\/schema\\\/person\\\/c2ea4120b58c7afcac902ba998b1091c\"},\"breadcrumb\":{\"@id\":\"https:\\\/\\\/wp1.sedaozcan.net.tr\\\/2-nisan-dunya-otizm-farkindalik-gununde-farkindaliktan-kapsayiciliga-kirmizi-isik-yakiyoruz\\\/#breadcrumb\"},\"inLanguage\":\"en-US\",\"potentialAction\":[{\"@type\":\"ReadAction\",\"target\":[\"https:\\\/\\\/wp1.sedaozcan.net.tr\\\/2-nisan-dunya-otizm-farkindalik-gununde-farkindaliktan-kapsayiciliga-kirmizi-isik-yakiyoruz\\\/\"]}]},{\"@type\":\"ImageObject\",\"inLanguage\":\"en-US\",\"@id\":\"https:\\\/\\\/wp1.sedaozcan.net.tr\\\/2-nisan-dunya-otizm-farkindalik-gununde-farkindaliktan-kapsayiciliga-kirmizi-isik-yakiyoruz\\\/#primaryimage\",\"url\":\"https:\\\/\\\/wp1.sedaozcan.net.tr\\\/wp-content\\\/uploads\\\/2026\\\/05\\\/2nisan-1.jpg\",\"contentUrl\":\"https:\\\/\\\/wp1.sedaozcan.net.tr\\\/wp-content\\\/uploads\\\/2026\\\/05\\\/2nisan-1.jpg\",\"width\":449,\"height\":283},{\"@type\":\"BreadcrumbList\",\"@id\":\"https:\\\/\\\/wp1.sedaozcan.net.tr\\\/2-nisan-dunya-otizm-farkindalik-gununde-farkindaliktan-kapsayiciliga-kirmizi-isik-yakiyoruz\\\/#breadcrumb\",\"itemListElement\":[{\"@type\":\"ListItem\",\"position\":1,\"name\":\"Home\",\"item\":\"https:\\\/\\\/wp1.sedaozcan.net.tr\\\/\"},{\"@type\":\"ListItem\",\"position\":2,\"name\":\"2 Nisan D\u00fcnya Otizm Fark\u0131ndal\u0131k G\u00fcn\u00fc\u2019nde Fark\u0131ndal\u0131ktan Kapsay\u0131c\u0131l\u0131\u011fa K\u0131rm\u0131z\u0131 I\u015f\u0131k Yak\u0131yoruz!\"}]},{\"@type\":\"WebSite\",\"@id\":\"https:\\\/\\\/wp1.sedaozcan.net.tr\\\/#website\",\"url\":\"https:\\\/\\\/wp1.sedaozcan.net.tr\\\/\",\"name\":\"Tohum Otizm Vakf\u0131 | Otizmin Tek \u00c7aresi E\u011fitim\",\"description\":\"\",\"potentialAction\":[{\"@type\":\"SearchAction\",\"target\":{\"@type\":\"EntryPoint\",\"urlTemplate\":\"https:\\\/\\\/wp1.sedaozcan.net.tr\\\/?s={search_term_string}\"},\"query-input\":{\"@type\":\"PropertyValueSpecification\",\"valueRequired\":true,\"valueName\":\"search_term_string\"}}],\"inLanguage\":\"en-US\"},{\"@type\":\"Person\",\"@id\":\"https:\\\/\\\/wp1.sedaozcan.net.tr\\\/#\\\/schema\\\/person\\\/c2ea4120b58c7afcac902ba998b1091c\",\"name\":\"Tohum Otizm\",\"image\":{\"@type\":\"ImageObject\",\"inLanguage\":\"en-US\",\"@id\":\"https:\\\/\\\/secure.gravatar.com\\\/avatar\\\/99d08cded734486eef59dabce25065a85303e18d81311c4f5f2bbd3fed82f816?s=96&d=mm&r=g\",\"url\":\"https:\\\/\\\/secure.gravatar.com\\\/avatar\\\/99d08cded734486eef59dabce25065a85303e18d81311c4f5f2bbd3fed82f816?s=96&d=mm&r=g\",\"contentUrl\":\"https:\\\/\\\/secure.gravatar.com\\\/avatar\\\/99d08cded734486eef59dabce25065a85303e18d81311c4f5f2bbd3fed82f816?s=96&d=mm&r=g\",\"caption\":\"Tohum Otizm\"},\"sameAs\":[\"https:\\\/\\\/wp1.sedaozcan.net.tr\"],\"url\":\"https:\\\/\\\/wp1.sedaozcan.net.tr\\\/en\\\/author\\\/admin_3ewju0jt\\\/\"},{\"@type\":\"ImageObject\",\"inLanguage\":\"en-US\",\"@id\":\"https:\\\/\\\/wp1.sedaozcan.net.tr\\\/2-nisan-dunya-otizm-farkindalik-gununde-farkindaliktan-kapsayiciliga-kirmizi-isik-yakiyoruz\\\/#local-main-organization-logo\",\"url\":\"\",\"contentUrl\":\"\",\"caption\":\"Tohum Otizm Vakf\u0131 | Otizmin Tek \u00c7aresi E\u011fitim\"}]}<\/script>\n<!-- \/ Yoast SEO Premium plugin. -->","yoast_head_json":{"title":"2 Nisan D\u00fcnya Otizm Fark\u0131ndal\u0131k G\u00fcn\u00fc\u2019nde Fark\u0131ndal\u0131ktan Kapsay\u0131c\u0131l\u0131\u011fa K\u0131rm\u0131z\u0131 I\u015f\u0131k Yak\u0131yoruz! - Tohum Otizm Vakf\u0131 | Otizmin Tek \u00c7aresi E\u011fitim","robots":{"index":"index","follow":"follow","max-snippet":"max-snippet:-1","max-image-preview":"max-image-preview:large","max-video-preview":"max-video-preview:-1"},"canonical":"https:\/\/wp1.sedaozcan.net.tr\/en\/2-nisan-dunya-otizm-farkindalik-gununde-farkindaliktan-kapsayiciliga-kirmizi-isik-yakiyoruz\/","og_locale":"en_US","og_type":"article","og_title":"2 Nisan D\u00fcnya Otizm Fark\u0131ndal\u0131k G\u00fcn\u00fc\u2019nde Fark\u0131ndal\u0131ktan Kapsay\u0131c\u0131l\u0131\u011fa K\u0131rm\u0131z\u0131 I\u015f\u0131k Yak\u0131yoruz!","og_description":"Do\u011fu\u015ftan gelen ve genellikle ya\u015fam\u0131n ilk y\u0131llar\u0131nda fark edilen, karma\u015f\u0131k bir n\u00f6ro-geli\u015fimsel farkl\u0131l\u0131k olarak tan\u0131mlanan otizm 1985 y\u0131l\u0131nda her 2.500 \u00e7ocuktan 1\u2019inde g\u00f6r\u00fcl\u00fcrken, son ara\u015ft\u0131rmalara g\u00f6re bug\u00fcn her 36 \u00e7ocuktan 1\u2019inde g\u00f6r\u00fcl\u00fcyor.","og_url":"https:\/\/wp1.sedaozcan.net.tr\/en\/2-nisan-dunya-otizm-farkindalik-gununde-farkindaliktan-kapsayiciliga-kirmizi-isik-yakiyoruz\/","og_site_name":"Tohum Otizm Vakf\u0131 | Otizmin Tek \u00c7aresi E\u011fitim","article_published_time":"2026-05-11T15:09:44+00:00","article_modified_time":"2026-08-06T10:34:14+00:00","og_image":[{"width":449,"height":283,"url":"https:\/\/wp1.sedaozcan.net.tr\/wp-content\/uploads\/2026\/05\/2nisan-1.jpg","type":"image\/jpeg"}],"author":"Tohum Otizm","twitter_card":"summary_large_image","twitter_misc":{"Written by":"Tohum Otizm","Est. reading time":"3 minutes"},"schema":{"@context":"https:\/\/schema.org","@graph":[{"@type":"Article","@id":"https:\/\/wp1.sedaozcan.net.tr\/2-nisan-dunya-otizm-farkindalik-gununde-farkindaliktan-kapsayiciliga-kirmizi-isik-yakiyoruz\/#article","isPartOf":{"@id":"https:\/\/wp1.sedaozcan.net.tr\/2-nisan-dunya-otizm-farkindalik-gununde-farkindaliktan-kapsayiciliga-kirmizi-isik-yakiyoruz\/"},"author":{"name":"Tohum Otizm","@id":"https:\/\/wp1.sedaozcan.net.tr\/#\/schema\/person\/c2ea4120b58c7afcac902ba998b1091c"},"headline":"2 Nisan D\u00fcnya Otizm Fark\u0131ndal\u0131k G\u00fcn\u00fc\u2019nde Fark\u0131ndal\u0131ktan Kapsay\u0131c\u0131l\u0131\u011fa K\u0131rm\u0131z\u0131 I\u015f\u0131k Yak\u0131yoruz!","datePublished":"2026-05-11T15:09:44+00:00","dateModified":"2026-08-06T10:34:14+00:00","mainEntityOfPage":{"@id":"https:\/\/wp1.sedaozcan.net.tr\/2-nisan-dunya-otizm-farkindalik-gununde-farkindaliktan-kapsayiciliga-kirmizi-isik-yakiyoruz\/"},"wordCount":625,"commentCount":0,"image":{"@id":"https:\/\/wp1.sedaozcan.net.tr\/2-nisan-dunya-otizm-farkindalik-gununde-farkindaliktan-kapsayiciliga-kirmizi-isik-yakiyoruz\/#primaryimage"},"thumbnailUrl":"https:\/\/wp1.sedaozcan.net.tr\/wp-content\/uploads\/2026\/05\/2nisan-1.jpg","articleSection":["Bas\u0131n Odas\u0131"],"inLanguage":"en-US","potentialAction":[{"@type":"CommentAction","name":"Comment","target":["https:\/\/wp1.sedaozcan.net.tr\/2-nisan-dunya-otizm-farkindalik-gununde-farkindaliktan-kapsayiciliga-kirmizi-isik-yakiyoruz\/#respond"]}]},{"@type":"WebPage","@id":"https:\/\/wp1.sedaozcan.net.tr\/2-nisan-dunya-otizm-farkindalik-gununde-farkindaliktan-kapsayiciliga-kirmizi-isik-yakiyoruz\/","url":"https:\/\/wp1.sedaozcan.net.tr\/2-nisan-dunya-otizm-farkindalik-gununde-farkindaliktan-kapsayiciliga-kirmizi-isik-yakiyoruz\/","name":"2 Nisan D\u00fcnya Otizm Fark\u0131ndal\u0131k G\u00fcn\u00fc\u2019nde Fark\u0131ndal\u0131ktan Kapsay\u0131c\u0131l\u0131\u011fa K\u0131rm\u0131z\u0131 I\u015f\u0131k Yak\u0131yoruz! - Tohum Otizm Vakf\u0131 | Otizmin Tek \u00c7aresi E\u011fitim","isPartOf":{"@id":"https:\/\/wp1.sedaozcan.net.tr\/#website"},"primaryImageOfPage":{"@id":"https:\/\/wp1.sedaozcan.net.tr\/2-nisan-dunya-otizm-farkindalik-gununde-farkindaliktan-kapsayiciliga-kirmizi-isik-yakiyoruz\/#primaryimage"},"image":{"@id":"https:\/\/wp1.sedaozcan.net.tr\/2-nisan-dunya-otizm-farkindalik-gununde-farkindaliktan-kapsayiciliga-kirmizi-isik-yakiyoruz\/#primaryimage"},"thumbnailUrl":"https:\/\/wp1.sedaozcan.net.tr\/wp-content\/uploads\/2026\/05\/2nisan-1.jpg","datePublished":"2026-05-11T15:09:44+00:00","dateModified":"2026-08-06T10:34:14+00:00","author":{"@id":"https:\/\/wp1.sedaozcan.net.tr\/#\/schema\/person\/c2ea4120b58c7afcac902ba998b1091c"},"breadcrumb":{"@id":"https:\/\/wp1.sedaozcan.net.tr\/2-nisan-dunya-otizm-farkindalik-gununde-farkindaliktan-kapsayiciliga-kirmizi-isik-yakiyoruz\/#breadcrumb"},"inLanguage":"en-US","potentialAction":[{"@type":"ReadAction","target":["https:\/\/wp1.sedaozcan.net.tr\/2-nisan-dunya-otizm-farkindalik-gununde-farkindaliktan-kapsayiciliga-kirmizi-isik-yakiyoruz\/"]}]},{"@type":"ImageObject","inLanguage":"en-US","@id":"https:\/\/wp1.sedaozcan.net.tr\/2-nisan-dunya-otizm-farkindalik-gununde-farkindaliktan-kapsayiciliga-kirmizi-isik-yakiyoruz\/#primaryimage","url":"https:\/\/wp1.sedaozcan.net.tr\/wp-content\/uploads\/2026\/05\/2nisan-1.jpg","contentUrl":"https:\/\/wp1.sedaozcan.net.tr\/wp-content\/uploads\/2026\/05\/2nisan-1.jpg","width":449,"height":283},{"@type":"BreadcrumbList","@id":"https:\/\/wp1.sedaozcan.net.tr\/2-nisan-dunya-otizm-farkindalik-gununde-farkindaliktan-kapsayiciliga-kirmizi-isik-yakiyoruz\/#breadcrumb","itemListElement":[{"@type":"ListItem","position":1,"name":"Home","item":"https:\/\/wp1.sedaozcan.net.tr\/"},{"@type":"ListItem","position":2,"name":"2 Nisan D\u00fcnya Otizm Fark\u0131ndal\u0131k G\u00fcn\u00fc\u2019nde Fark\u0131ndal\u0131ktan Kapsay\u0131c\u0131l\u0131\u011fa K\u0131rm\u0131z\u0131 I\u015f\u0131k Yak\u0131yoruz!"}]},{"@type":"WebSite","@id":"https:\/\/wp1.sedaozcan.net.tr\/#website","url":"https:\/\/wp1.sedaozcan.net.tr\/","name":"Tohum Autism Foundation | The Only Remedy for Autism is Education","description":"","potentialAction":[{"@type":"SearchAction","target":{"@type":"EntryPoint","urlTemplate":"https:\/\/wp1.sedaozcan.net.tr\/?s={search_term_string}"},"query-input":{"@type":"PropertyValueSpecification","valueRequired":true,"valueName":"search_term_string"}}],"inLanguage":"en-US"},{"@type":"Person","@id":"https:\/\/wp1.sedaozcan.net.tr\/#\/schema\/person\/c2ea4120b58c7afcac902ba998b1091c","name":"Tohum Otizm","image":{"@type":"ImageObject","inLanguage":"en-US","@id":"https:\/\/secure.gravatar.com\/avatar\/99d08cded734486eef59dabce25065a85303e18d81311c4f5f2bbd3fed82f816?s=96&d=mm&r=g","url":"https:\/\/secure.gravatar.com\/avatar\/99d08cded734486eef59dabce25065a85303e18d81311c4f5f2bbd3fed82f816?s=96&d=mm&r=g","contentUrl":"https:\/\/secure.gravatar.com\/avatar\/99d08cded734486eef59dabce25065a85303e18d81311c4f5f2bbd3fed82f816?s=96&d=mm&r=g","caption":"Tohum Otizm"},"sameAs":["https:\/\/wp1.sedaozcan.net.tr"],"url":"https:\/\/wp1.sedaozcan.net.tr\/en\/author\/admin_3ewju0jt\/"},{"@type":"ImageObject","inLanguage":"en-US","@id":"https:\/\/wp1.sedaozcan.net.tr\/2-nisan-dunya-otizm-farkindalik-gununde-farkindaliktan-kapsayiciliga-kirmizi-isik-yakiyoruz\/#local-main-organization-logo","url":"","contentUrl":"","caption":"Tohum Otizm Vakf\u0131 | Otizmin Tek \u00c7aresi E\u011fitim"}]}},"_links":{"self":[{"href":"https:\/\/wp1.sedaozcan.net.tr\/en\/wp-json\/wp\/v2\/posts\/8515","targetHints":{"allow":["GET"]}}],"collection":[{"href":"https:\/\/wp1.sedaozcan.net.tr\/en\/wp-json\/wp\/v2\/posts"}],"about":[{"href":"https:\/\/wp1.sedaozcan.net.tr\/en\/wp-json\/wp\/v2\/types\/post"}],"author":[{"embeddable":true,"href":"https:\/\/wp1.sedaozcan.net.tr\/en\/wp-json\/wp\/v2\/users\/1"}],"replies":[{"embeddable":true,"href":"https:\/\/wp1.sedaozcan.net.tr\/en\/wp-json\/wp\/v2\/comments?post=8515"}],"version-history":[{"count":2,"href":"https:\/\/wp1.sedaozcan.net.tr\/en\/wp-json\/wp\/v2\/posts\/8515\/revisions"}],"predecessor-version":[{"id":9575,"href":"https:\/\/wp1.sedaozcan.net.tr\/en\/wp-json\/wp\/v2\/posts\/8515\/revisions\/9575"}],"wp:featuredmedia":[{"embeddable":true,"href":"https:\/\/wp1.sedaozcan.net.tr\/en\/wp-json\/wp\/v2\/media\/8516"}],"wp:attachment":[{"href":"https:\/\/wp1.sedaozcan.net.tr\/en\/wp-json\/wp\/v2\/media?parent=8515"}],"wp:term":[{"taxonomy":"category","embeddable":true,"href":"https:\/\/wp1.sedaozcan.net.tr\/en\/wp-json\/wp\/v2\/categories?post=8515"},{"taxonomy":"post_tag","embeddable":true,"href":"https:\/\/wp1.sedaozcan.net.tr\/en\/wp-json\/wp\/v2\/tags?post=8515"}],"curies":[{"name":"wp","href":"https:\/\/api.w.org\/{rel}","templated":true}]}}