{"id":8512,"date":"2026-05-11T17:08:58","date_gmt":"2026-05-11T15:08:58","guid":{"rendered":"https:\/\/wp1.sedaozcan.net.tr\/?p=8512"},"modified":"2026-08-06T12:37:32","modified_gmt":"2026-08-06T10:37:32","slug":"tohum-otizm-vakfi-ogrencileri-tuiderin-destegiyle-anitkabiri-ziyaret-etti","status":"publish","type":"post","link":"https:\/\/wp1.sedaozcan.net.tr\/en\/tohum-otizm-vakfi-ogrencileri-tuiderin-destegiyle-anitkabiri-ziyaret-etti\/","title":{"rendered":"Tohum Otizm Vakf\u0131 \u00d6\u011frencileri TU\u0130DER\u2019in Deste\u011fiyle An\u0131tkabir\u2019i Ziyaret Etti"},"content":{"rendered":"<p class=\"wp-block-paragraph\"><strong>BASIN B\u00dcLTEN\u0130 &nbsp; &nbsp; &nbsp; &nbsp; &nbsp; &nbsp; &nbsp; &nbsp; &nbsp; &nbsp; &nbsp; &nbsp; &nbsp; 17 Kas\u0131m 2025<\/strong><\/p>\n\n\n\n<p class=\"wp-block-paragraph\"><strong>Tohum Otizm Vakf\u0131 \u00d6\u011frencileri TU\u0130DER\u2019in Deste\u011fiyle An\u0131tkabir\u2019i Ziyaret Etti<\/strong><\/p>\n\n\n\n<p class=\"wp-block-paragraph\">Turizm Ula\u015ft\u0131rma \u0130\u015fletmecileri Derne\u011fi (TU\u0130DER), kurulu\u015funun 1. y\u0131l\u0131 dolay\u0131s\u0131yla anlaml\u0131 bir sosyal sorumluluk faaliyetine imza att\u0131.<\/p>\n\n\n\n<p class=\"wp-block-paragraph\">Dernek, Tohum Otizm Vakf\u0131 E\u011fitim Kurumlar\u0131nda e\u011fitim g\u00f6ren otizmli \u00e7ocuklar\u0131 ve ailelerini, \u201c10-16 Kas\u0131m Atat\u00fcrk Haftas\u0131\u201d kapsam\u0131nda Ankara\u2019da T\u00fcrkiye B\u00fcy\u00fck Millet Meclisi ve An\u0131tkabir ziyaretine g\u00f6t\u00fcrd\u00fc. Ata\u2019m\u0131z\u0131n ebediyete intikalinin 87. y\u0131l\u0131na denk gelen bu \u00f6zel g\u00fcnde, otizmli \u00e7ocuklar Cumhuriyetimizin kurucusu Gazi Mustafa Kemal Atat\u00fcrk\u2019e sevgi ve sayg\u0131lar\u0131n\u0131 sundular.<\/p>\n\n\n\n<p class=\"wp-block-paragraph\"><strong>Toplumsal fark\u0131ndal\u0131\u011fa katk\u0131 sa\u011flayan duyarl\u0131 bir giri\u015fim<\/strong><\/p>\n\n\n\n<p class=\"wp-block-paragraph\">TU\u0130DER Y\u00f6netim Kurulu Ba\u015fkan\u0131 M\u00fcmtaz Er, geziyle ilgili \u015funlar\u0131 s\u00f6yledi: \u201cKurulu\u015fumuzun birinci y\u0131l\u0131nda \u00e7ocuklar\u0131m\u0131z i\u00e7in anlaml\u0131 bir etkinlik d\u00fczenlemek istedik. Tohum Otizm Vakf\u0131 \u00f6\u011frencilerinin An\u0131tkabir\u2019i ziyaret etmesine vesile olmak bizim i\u00e7in b\u00fcy\u00fck bir mutluluk oldu. \u00c7ocuklar\u0131m\u0131z\u0131n y\u00fczlerindeki sevin\u00e7, toplumda fark\u0131ndal\u0131k olu\u015fturman\u0131n ne kadar \u00f6nemli oldu\u011funu bir kez daha hat\u0131rlatt\u0131. Bu t\u00fcr etkinliklerle otizmli \u00e7ocuklar\u0131m\u0131z\u0131n sosyal hayata kat\u0131l\u0131m\u0131n\u0131 desteklemeye devam edece\u011fiz.\u201d<\/p>","protected":false},"excerpt":{"rendered":"<p>Turizm Ula\u015ft\u0131rma \u0130\u015fletmecileri Derne\u011fi (TU\u0130DER), kurulu\u015funun 1. y\u0131l\u0131 dolay\u0131s\u0131yla anlaml\u0131 bir sosyal sorumluluk faaliyetine imza att\u0131. Dernek, Tohum Otizm Vakf\u0131 E\u011fitim Kurumlar\u0131nda e\u011fitim g\u00f6ren otizmli \u00e7ocuklar\u0131 ve ailelerini, \u201c10-16 Kas\u0131m Atat\u00fcrk Haftas\u0131\u201d kapsam\u0131nda Ankara\u2019da T\u00fcrkiye B\u00fcy\u00fck Millet Meclisi ve An\u0131tkabir ziyaretine g\u00f6t\u00fcrd\u00fc.<\/p>","protected":false},"author":1,"featured_media":8513,"comment_status":"open","ping_status":"open","sticky":false,"template":"","format":"standard","meta":{"footnotes":""},"categories":[1],"tags":[],"class_list":["post-8512","post","type-post","status-publish","format-standard","has-post-thumbnail","hentry","category-basin-odasi"],"yoast_head":"<!-- This site is optimized with the Yoast SEO Premium plugin v28.3 (Yoast SEO v28.3) - https:\/\/yoast.com\/product\/yoast-seo-premium-wordpress\/ -->\n<title>Tohum Otizm Vakf\u0131 \u00d6\u011frencileri TU\u0130DER\u2019in Deste\u011fiyle An\u0131tkabir\u2019i Ziyaret Etti - Tohum Otizm Vakf\u0131 | Otizmin Tek \u00c7aresi E\u011fitim<\/title>\n<meta name=\"robots\" content=\"index, follow, max-snippet:-1, max-image-preview:large, max-video-preview:-1\" \/>\n<link rel=\"canonical\" href=\"https:\/\/wp1.sedaozcan.net.tr\/en\/tohum-otizm-vakfi-ogrencileri-tuiderin-destegiyle-anitkabiri-ziyaret-etti\/\" \/>\n<meta property=\"og:locale\" content=\"en_US\" \/>\n<meta property=\"og:type\" content=\"article\" \/>\n<meta property=\"og:title\" content=\"Tohum Otizm Vakf\u0131 \u00d6\u011frencileri TU\u0130DER\u2019in Deste\u011fiyle An\u0131tkabir\u2019i Ziyaret Etti\" \/>\n<meta property=\"og:description\" content=\"Turizm Ula\u015ft\u0131rma \u0130\u015fletmecileri Derne\u011fi (TU\u0130DER), kurulu\u015funun 1. y\u0131l\u0131 dolay\u0131s\u0131yla anlaml\u0131 bir sosyal sorumluluk faaliyetine imza att\u0131. Dernek, Tohum Otizm Vakf\u0131 E\u011fitim Kurumlar\u0131nda e\u011fitim g\u00f6ren otizmli \u00e7ocuklar\u0131 ve ailelerini, \u201c10-16 Kas\u0131m Atat\u00fcrk Haftas\u0131\u201d kapsam\u0131nda Ankara\u2019da T\u00fcrkiye B\u00fcy\u00fck Millet Meclisi ve An\u0131tkabir ziyaretine g\u00f6t\u00fcrd\u00fc.\" \/>\n<meta property=\"og:url\" content=\"https:\/\/wp1.sedaozcan.net.tr\/en\/tohum-otizm-vakfi-ogrencileri-tuiderin-destegiyle-anitkabiri-ziyaret-etti\/\" \/>\n<meta property=\"og:site_name\" content=\"Tohum Otizm Vakf\u0131 | Otizmin Tek \u00c7aresi E\u011fitim\" \/>\n<meta property=\"article:published_time\" content=\"2026-05-11T15:08:58+00:00\" \/>\n<meta property=\"article:modified_time\" content=\"2026-08-06T10:37:32+00:00\" \/>\n<meta property=\"og:image\" content=\"https:\/\/wp1.sedaozcan.net.tr\/wp-content\/uploads\/2026\/05\/anitkabir-ziyareti.webp\" \/>\n\t<meta property=\"og:image:width\" content=\"1280\" \/>\n\t<meta property=\"og:image:height\" content=\"720\" \/>\n\t<meta property=\"og:image:type\" content=\"image\/webp\" \/>\n<meta name=\"author\" content=\"Tohum Otizm\" \/>\n<meta name=\"twitter:card\" content=\"summary_large_image\" \/>\n<meta name=\"twitter:label1\" content=\"Written by\" \/>\n\t<meta name=\"twitter:data1\" content=\"Tohum Otizm\" \/>\n\t<meta name=\"twitter:label2\" content=\"Est. reading time\" \/>\n\t<meta name=\"twitter:data2\" content=\"1 minute\" \/>\n<script type=\"application\/ld+json\" class=\"yoast-schema-graph\">{\"@context\":\"https:\\\/\\\/schema.org\",\"@graph\":[{\"@type\":\"Article\",\"@id\":\"https:\\\/\\\/wp1.sedaozcan.net.tr\\\/tohum-otizm-vakfi-ogrencileri-tuiderin-destegiyle-anitkabiri-ziyaret-etti\\\/#article\",\"isPartOf\":{\"@id\":\"https:\\\/\\\/wp1.sedaozcan.net.tr\\\/tohum-otizm-vakfi-ogrencileri-tuiderin-destegiyle-anitkabiri-ziyaret-etti\\\/\"},\"author\":{\"name\":\"Tohum Otizm\",\"@id\":\"https:\\\/\\\/wp1.sedaozcan.net.tr\\\/#\\\/schema\\\/person\\\/c2ea4120b58c7afcac902ba998b1091c\"},\"headline\":\"Tohum Otizm Vakf\u0131 \u00d6\u011frencileri TU\u0130DER\u2019in Deste\u011fiyle An\u0131tkabir\u2019i Ziyaret Etti\",\"datePublished\":\"2026-05-11T15:08:58+00:00\",\"dateModified\":\"2026-08-06T10:37:32+00:00\",\"mainEntityOfPage\":{\"@id\":\"https:\\\/\\\/wp1.sedaozcan.net.tr\\\/tohum-otizm-vakfi-ogrencileri-tuiderin-destegiyle-anitkabiri-ziyaret-etti\\\/\"},\"wordCount\":246,\"commentCount\":0,\"image\":{\"@id\":\"https:\\\/\\\/wp1.sedaozcan.net.tr\\\/tohum-otizm-vakfi-ogrencileri-tuiderin-destegiyle-anitkabiri-ziyaret-etti\\\/#primaryimage\"},\"thumbnailUrl\":\"https:\\\/\\\/wp1.sedaozcan.net.tr\\\/wp-content\\\/uploads\\\/2026\\\/05\\\/anitkabir-ziyareti.webp\",\"articleSection\":[\"Bas\u0131n Odas\u0131\"],\"inLanguage\":\"en-US\",\"potentialAction\":[{\"@type\":\"CommentAction\",\"name\":\"Comment\",\"target\":[\"https:\\\/\\\/wp1.sedaozcan.net.tr\\\/tohum-otizm-vakfi-ogrencileri-tuiderin-destegiyle-anitkabiri-ziyaret-etti\\\/#respond\"]}]},{\"@type\":\"WebPage\",\"@id\":\"https:\\\/\\\/wp1.sedaozcan.net.tr\\\/tohum-otizm-vakfi-ogrencileri-tuiderin-destegiyle-anitkabiri-ziyaret-etti\\\/\",\"url\":\"https:\\\/\\\/wp1.sedaozcan.net.tr\\\/tohum-otizm-vakfi-ogrencileri-tuiderin-destegiyle-anitkabiri-ziyaret-etti\\\/\",\"name\":\"Tohum Otizm Vakf\u0131 \u00d6\u011frencileri TU\u0130DER\u2019in Deste\u011fiyle An\u0131tkabir\u2019i Ziyaret Etti - Tohum Otizm Vakf\u0131 | Otizmin Tek \u00c7aresi E\u011fitim\",\"isPartOf\":{\"@id\":\"https:\\\/\\\/wp1.sedaozcan.net.tr\\\/#website\"},\"primaryImageOfPage\":{\"@id\":\"https:\\\/\\\/wp1.sedaozcan.net.tr\\\/tohum-otizm-vakfi-ogrencileri-tuiderin-destegiyle-anitkabiri-ziyaret-etti\\\/#primaryimage\"},\"image\":{\"@id\":\"https:\\\/\\\/wp1.sedaozcan.net.tr\\\/tohum-otizm-vakfi-ogrencileri-tuiderin-destegiyle-anitkabiri-ziyaret-etti\\\/#primaryimage\"},\"thumbnailUrl\":\"https:\\\/\\\/wp1.sedaozcan.net.tr\\\/wp-content\\\/uploads\\\/2026\\\/05\\\/anitkabir-ziyareti.webp\",\"datePublished\":\"2026-05-11T15:08:58+00:00\",\"dateModified\":\"2026-08-06T10:37:32+00:00\",\"author\":{\"@id\":\"https:\\\/\\\/wp1.sedaozcan.net.tr\\\/#\\\/schema\\\/person\\\/c2ea4120b58c7afcac902ba998b1091c\"},\"breadcrumb\":{\"@id\":\"https:\\\/\\\/wp1.sedaozcan.net.tr\\\/tohum-otizm-vakfi-ogrencileri-tuiderin-destegiyle-anitkabiri-ziyaret-etti\\\/#breadcrumb\"},\"inLanguage\":\"en-US\",\"potentialAction\":[{\"@type\":\"ReadAction\",\"target\":[\"https:\\\/\\\/wp1.sedaozcan.net.tr\\\/tohum-otizm-vakfi-ogrencileri-tuiderin-destegiyle-anitkabiri-ziyaret-etti\\\/\"]}]},{\"@type\":\"ImageObject\",\"inLanguage\":\"en-US\",\"@id\":\"https:\\\/\\\/wp1.sedaozcan.net.tr\\\/tohum-otizm-vakfi-ogrencileri-tuiderin-destegiyle-anitkabiri-ziyaret-etti\\\/#primaryimage\",\"url\":\"https:\\\/\\\/wp1.sedaozcan.net.tr\\\/wp-content\\\/uploads\\\/2026\\\/05\\\/anitkabir-ziyareti.webp\",\"contentUrl\":\"https:\\\/\\\/wp1.sedaozcan.net.tr\\\/wp-content\\\/uploads\\\/2026\\\/05\\\/anitkabir-ziyareti.webp\",\"width\":1280,\"height\":720},{\"@type\":\"BreadcrumbList\",\"@id\":\"https:\\\/\\\/wp1.sedaozcan.net.tr\\\/tohum-otizm-vakfi-ogrencileri-tuiderin-destegiyle-anitkabiri-ziyaret-etti\\\/#breadcrumb\",\"itemListElement\":[{\"@type\":\"ListItem\",\"position\":1,\"name\":\"Home\",\"item\":\"https:\\\/\\\/wp1.sedaozcan.net.tr\\\/\"},{\"@type\":\"ListItem\",\"position\":2,\"name\":\"Tohum Otizm Vakf\u0131 \u00d6\u011frencileri TU\u0130DER\u2019in Deste\u011fiyle An\u0131tkabir\u2019i Ziyaret Etti\"}]},{\"@type\":\"WebSite\",\"@id\":\"https:\\\/\\\/wp1.sedaozcan.net.tr\\\/#website\",\"url\":\"https:\\\/\\\/wp1.sedaozcan.net.tr\\\/\",\"name\":\"Tohum Otizm Vakf\u0131 | Otizmin Tek \u00c7aresi E\u011fitim\",\"description\":\"\",\"potentialAction\":[{\"@type\":\"SearchAction\",\"target\":{\"@type\":\"EntryPoint\",\"urlTemplate\":\"https:\\\/\\\/wp1.sedaozcan.net.tr\\\/?s={search_term_string}\"},\"query-input\":{\"@type\":\"PropertyValueSpecification\",\"valueRequired\":true,\"valueName\":\"search_term_string\"}}],\"inLanguage\":\"en-US\"},{\"@type\":\"Person\",\"@id\":\"https:\\\/\\\/wp1.sedaozcan.net.tr\\\/#\\\/schema\\\/person\\\/c2ea4120b58c7afcac902ba998b1091c\",\"name\":\"Tohum Otizm\",\"image\":{\"@type\":\"ImageObject\",\"inLanguage\":\"en-US\",\"@id\":\"https:\\\/\\\/secure.gravatar.com\\\/avatar\\\/99d08cded734486eef59dabce25065a85303e18d81311c4f5f2bbd3fed82f816?s=96&d=mm&r=g\",\"url\":\"https:\\\/\\\/secure.gravatar.com\\\/avatar\\\/99d08cded734486eef59dabce25065a85303e18d81311c4f5f2bbd3fed82f816?s=96&d=mm&r=g\",\"contentUrl\":\"https:\\\/\\\/secure.gravatar.com\\\/avatar\\\/99d08cded734486eef59dabce25065a85303e18d81311c4f5f2bbd3fed82f816?s=96&d=mm&r=g\",\"caption\":\"Tohum Otizm\"},\"sameAs\":[\"https:\\\/\\\/wp1.sedaozcan.net.tr\"],\"url\":\"https:\\\/\\\/wp1.sedaozcan.net.tr\\\/en\\\/author\\\/admin_3ewju0jt\\\/\"},{\"@type\":\"ImageObject\",\"inLanguage\":\"en-US\",\"@id\":\"https:\\\/\\\/wp1.sedaozcan.net.tr\\\/tohum-otizm-vakfi-ogrencileri-tuiderin-destegiyle-anitkabiri-ziyaret-etti\\\/#local-main-organization-logo\",\"url\":\"\",\"contentUrl\":\"\",\"caption\":\"Tohum Otizm Vakf\u0131 | Otizmin Tek \u00c7aresi E\u011fitim\"}]}<\/script>\n<!-- \/ Yoast SEO Premium plugin. -->","yoast_head_json":{"title":"Tohum Otizm Vakf\u0131 \u00d6\u011frencileri TU\u0130DER\u2019in Deste\u011fiyle An\u0131tkabir\u2019i Ziyaret Etti - Tohum Otizm Vakf\u0131 | Otizmin Tek \u00c7aresi E\u011fitim","robots":{"index":"index","follow":"follow","max-snippet":"max-snippet:-1","max-image-preview":"max-image-preview:large","max-video-preview":"max-video-preview:-1"},"canonical":"https:\/\/wp1.sedaozcan.net.tr\/en\/tohum-otizm-vakfi-ogrencileri-tuiderin-destegiyle-anitkabiri-ziyaret-etti\/","og_locale":"en_US","og_type":"article","og_title":"Tohum Otizm Vakf\u0131 \u00d6\u011frencileri TU\u0130DER\u2019in Deste\u011fiyle An\u0131tkabir\u2019i Ziyaret Etti","og_description":"Turizm Ula\u015ft\u0131rma \u0130\u015fletmecileri Derne\u011fi (TU\u0130DER), kurulu\u015funun 1. y\u0131l\u0131 dolay\u0131s\u0131yla anlaml\u0131 bir sosyal sorumluluk faaliyetine imza att\u0131. Dernek, Tohum Otizm Vakf\u0131 E\u011fitim Kurumlar\u0131nda e\u011fitim g\u00f6ren otizmli \u00e7ocuklar\u0131 ve ailelerini, \u201c10-16 Kas\u0131m Atat\u00fcrk Haftas\u0131\u201d kapsam\u0131nda Ankara\u2019da T\u00fcrkiye B\u00fcy\u00fck Millet Meclisi ve An\u0131tkabir ziyaretine g\u00f6t\u00fcrd\u00fc.","og_url":"https:\/\/wp1.sedaozcan.net.tr\/en\/tohum-otizm-vakfi-ogrencileri-tuiderin-destegiyle-anitkabiri-ziyaret-etti\/","og_site_name":"Tohum Otizm Vakf\u0131 | Otizmin Tek \u00c7aresi E\u011fitim","article_published_time":"2026-05-11T15:08:58+00:00","article_modified_time":"2026-08-06T10:37:32+00:00","og_image":[{"width":1280,"height":720,"url":"https:\/\/wp1.sedaozcan.net.tr\/wp-content\/uploads\/2026\/05\/anitkabir-ziyareti.webp","type":"image\/webp"}],"author":"Tohum Otizm","twitter_card":"summary_large_image","twitter_misc":{"Written by":"Tohum Otizm","Est. reading time":"1 minute"},"schema":{"@context":"https:\/\/schema.org","@graph":[{"@type":"Article","@id":"https:\/\/wp1.sedaozcan.net.tr\/tohum-otizm-vakfi-ogrencileri-tuiderin-destegiyle-anitkabiri-ziyaret-etti\/#article","isPartOf":{"@id":"https:\/\/wp1.sedaozcan.net.tr\/tohum-otizm-vakfi-ogrencileri-tuiderin-destegiyle-anitkabiri-ziyaret-etti\/"},"author":{"name":"Tohum Otizm","@id":"https:\/\/wp1.sedaozcan.net.tr\/#\/schema\/person\/c2ea4120b58c7afcac902ba998b1091c"},"headline":"Tohum Otizm Vakf\u0131 \u00d6\u011frencileri TU\u0130DER\u2019in Deste\u011fiyle An\u0131tkabir\u2019i Ziyaret Etti","datePublished":"2026-05-11T15:08:58+00:00","dateModified":"2026-08-06T10:37:32+00:00","mainEntityOfPage":{"@id":"https:\/\/wp1.sedaozcan.net.tr\/tohum-otizm-vakfi-ogrencileri-tuiderin-destegiyle-anitkabiri-ziyaret-etti\/"},"wordCount":246,"commentCount":0,"image":{"@id":"https:\/\/wp1.sedaozcan.net.tr\/tohum-otizm-vakfi-ogrencileri-tuiderin-destegiyle-anitkabiri-ziyaret-etti\/#primaryimage"},"thumbnailUrl":"https:\/\/wp1.sedaozcan.net.tr\/wp-content\/uploads\/2026\/05\/anitkabir-ziyareti.webp","articleSection":["Bas\u0131n Odas\u0131"],"inLanguage":"en-US","potentialAction":[{"@type":"CommentAction","name":"Comment","target":["https:\/\/wp1.sedaozcan.net.tr\/tohum-otizm-vakfi-ogrencileri-tuiderin-destegiyle-anitkabiri-ziyaret-etti\/#respond"]}]},{"@type":"WebPage","@id":"https:\/\/wp1.sedaozcan.net.tr\/tohum-otizm-vakfi-ogrencileri-tuiderin-destegiyle-anitkabiri-ziyaret-etti\/","url":"https:\/\/wp1.sedaozcan.net.tr\/tohum-otizm-vakfi-ogrencileri-tuiderin-destegiyle-anitkabiri-ziyaret-etti\/","name":"Tohum Otizm Vakf\u0131 \u00d6\u011frencileri TU\u0130DER\u2019in Deste\u011fiyle An\u0131tkabir\u2019i Ziyaret Etti - Tohum Otizm Vakf\u0131 | Otizmin Tek \u00c7aresi E\u011fitim","isPartOf":{"@id":"https:\/\/wp1.sedaozcan.net.tr\/#website"},"primaryImageOfPage":{"@id":"https:\/\/wp1.sedaozcan.net.tr\/tohum-otizm-vakfi-ogrencileri-tuiderin-destegiyle-anitkabiri-ziyaret-etti\/#primaryimage"},"image":{"@id":"https:\/\/wp1.sedaozcan.net.tr\/tohum-otizm-vakfi-ogrencileri-tuiderin-destegiyle-anitkabiri-ziyaret-etti\/#primaryimage"},"thumbnailUrl":"https:\/\/wp1.sedaozcan.net.tr\/wp-content\/uploads\/2026\/05\/anitkabir-ziyareti.webp","datePublished":"2026-05-11T15:08:58+00:00","dateModified":"2026-08-06T10:37:32+00:00","author":{"@id":"https:\/\/wp1.sedaozcan.net.tr\/#\/schema\/person\/c2ea4120b58c7afcac902ba998b1091c"},"breadcrumb":{"@id":"https:\/\/wp1.sedaozcan.net.tr\/tohum-otizm-vakfi-ogrencileri-tuiderin-destegiyle-anitkabiri-ziyaret-etti\/#breadcrumb"},"inLanguage":"en-US","potentialAction":[{"@type":"ReadAction","target":["https:\/\/wp1.sedaozcan.net.tr\/tohum-otizm-vakfi-ogrencileri-tuiderin-destegiyle-anitkabiri-ziyaret-etti\/"]}]},{"@type":"ImageObject","inLanguage":"en-US","@id":"https:\/\/wp1.sedaozcan.net.tr\/tohum-otizm-vakfi-ogrencileri-tuiderin-destegiyle-anitkabiri-ziyaret-etti\/#primaryimage","url":"https:\/\/wp1.sedaozcan.net.tr\/wp-content\/uploads\/2026\/05\/anitkabir-ziyareti.webp","contentUrl":"https:\/\/wp1.sedaozcan.net.tr\/wp-content\/uploads\/2026\/05\/anitkabir-ziyareti.webp","width":1280,"height":720},{"@type":"BreadcrumbList","@id":"https:\/\/wp1.sedaozcan.net.tr\/tohum-otizm-vakfi-ogrencileri-tuiderin-destegiyle-anitkabiri-ziyaret-etti\/#breadcrumb","itemListElement":[{"@type":"ListItem","position":1,"name":"Home","item":"https:\/\/wp1.sedaozcan.net.tr\/"},{"@type":"ListItem","position":2,"name":"Tohum Otizm Vakf\u0131 \u00d6\u011frencileri TU\u0130DER\u2019in Deste\u011fiyle An\u0131tkabir\u2019i Ziyaret Etti"}]},{"@type":"WebSite","@id":"https:\/\/wp1.sedaozcan.net.tr\/#website","url":"https:\/\/wp1.sedaozcan.net.tr\/","name":"Tohum Autism Foundation | The Only Remedy for Autism is Education","description":"","potentialAction":[{"@type":"SearchAction","target":{"@type":"EntryPoint","urlTemplate":"https:\/\/wp1.sedaozcan.net.tr\/?s={search_term_string}"},"query-input":{"@type":"PropertyValueSpecification","valueRequired":true,"valueName":"search_term_string"}}],"inLanguage":"en-US"},{"@type":"Person","@id":"https:\/\/wp1.sedaozcan.net.tr\/#\/schema\/person\/c2ea4120b58c7afcac902ba998b1091c","name":"Tohum Otizm","image":{"@type":"ImageObject","inLanguage":"en-US","@id":"https:\/\/secure.gravatar.com\/avatar\/99d08cded734486eef59dabce25065a85303e18d81311c4f5f2bbd3fed82f816?s=96&d=mm&r=g","url":"https:\/\/secure.gravatar.com\/avatar\/99d08cded734486eef59dabce25065a85303e18d81311c4f5f2bbd3fed82f816?s=96&d=mm&r=g","contentUrl":"https:\/\/secure.gravatar.com\/avatar\/99d08cded734486eef59dabce25065a85303e18d81311c4f5f2bbd3fed82f816?s=96&d=mm&r=g","caption":"Tohum Otizm"},"sameAs":["https:\/\/wp1.sedaozcan.net.tr"],"url":"https:\/\/wp1.sedaozcan.net.tr\/en\/author\/admin_3ewju0jt\/"},{"@type":"ImageObject","inLanguage":"en-US","@id":"https:\/\/wp1.sedaozcan.net.tr\/tohum-otizm-vakfi-ogrencileri-tuiderin-destegiyle-anitkabiri-ziyaret-etti\/#local-main-organization-logo","url":"","contentUrl":"","caption":"Tohum Otizm Vakf\u0131 | Otizmin Tek \u00c7aresi E\u011fitim"}]}},"_links":{"self":[{"href":"https:\/\/wp1.sedaozcan.net.tr\/en\/wp-json\/wp\/v2\/posts\/8512","targetHints":{"allow":["GET"]}}],"collection":[{"href":"https:\/\/wp1.sedaozcan.net.tr\/en\/wp-json\/wp\/v2\/posts"}],"about":[{"href":"https:\/\/wp1.sedaozcan.net.tr\/en\/wp-json\/wp\/v2\/types\/post"}],"author":[{"embeddable":true,"href":"https:\/\/wp1.sedaozcan.net.tr\/en\/wp-json\/wp\/v2\/users\/1"}],"replies":[{"embeddable":true,"href":"https:\/\/wp1.sedaozcan.net.tr\/en\/wp-json\/wp\/v2\/comments?post=8512"}],"version-history":[{"count":2,"href":"https:\/\/wp1.sedaozcan.net.tr\/en\/wp-json\/wp\/v2\/posts\/8512\/revisions"}],"predecessor-version":[{"id":9576,"href":"https:\/\/wp1.sedaozcan.net.tr\/en\/wp-json\/wp\/v2\/posts\/8512\/revisions\/9576"}],"wp:featuredmedia":[{"embeddable":true,"href":"https:\/\/wp1.sedaozcan.net.tr\/en\/wp-json\/wp\/v2\/media\/8513"}],"wp:attachment":[{"href":"https:\/\/wp1.sedaozcan.net.tr\/en\/wp-json\/wp\/v2\/media?parent=8512"}],"wp:term":[{"taxonomy":"category","embeddable":true,"href":"https:\/\/wp1.sedaozcan.net.tr\/en\/wp-json\/wp\/v2\/categories?post=8512"},{"taxonomy":"post_tag","embeddable":true,"href":"https:\/\/wp1.sedaozcan.net.tr\/en\/wp-json\/wp\/v2\/tags?post=8512"}],"curies":[{"name":"wp","href":"https:\/\/api.w.org\/{rel}","templated":true}]}}