{"id":8506,"date":"2026-05-11T17:07:21","date_gmt":"2026-05-11T15:07:21","guid":{"rendered":"https:\/\/wp1.sedaozcan.net.tr\/?p=8506"},"modified":"2026-08-06T12:44:46","modified_gmt":"2026-08-06T10:44:46","slug":"tohum-otizm-vakfi-otizmli-cocuklar-icin-iyiligi-festivale-donusturuyor","status":"publish","type":"post","link":"https:\/\/wp1.sedaozcan.net.tr\/en\/tohum-otizm-vakfi-otizmli-cocuklar-icin-iyiligi-festivale-donusturuyor\/","title":{"rendered":"Tohum Otizm Vakf\u0131, Otizmli \u00c7ocuklar \u0130\u00e7in \u0130yili\u011fi Festivale D\u00f6n\u00fc\u015ft\u00fcr\u00fcyor\u2026"},"content":{"rendered":"<p class=\"wp-block-paragraph\"><strong>BASIN B\u00dcLTEN\u0130 &nbsp; &nbsp; &nbsp; &nbsp; &nbsp; &nbsp; &nbsp; &nbsp; &nbsp; &nbsp; &nbsp; &nbsp; &nbsp; 13 Kas\u0131m 2025<\/strong><\/p>\n\n\n\n<p class=\"wp-block-paragraph\"><strong>Tohum Otizm Vakf\u0131, Otizmli \u00c7ocuklar \u0130\u00e7in \u0130yili\u011fi Festivale D\u00f6n\u00fc\u015ft\u00fcr\u00fcyor\u2026<\/strong><\/p>\n\n\n\n<p class=\"wp-block-paragraph\"><strong>Tohum Otizm Vakf\u0131\u2019n\u0131n geleneksel Y\u0131lba\u015f\u0131 Al\u0131\u015fveri\u015f Festivali bu y\u0131l 16-17 Aral\u0131k\u2019ta The Grand Tarabya\u2019da ger\u00e7ekle\u015fecek.<\/strong><\/p>\n\n\n\n<p class=\"wp-block-paragraph\">Tohum Otizm Vakf\u0131\u2019n\u0131n geleneksel hale gelen Y\u0131lba\u015f\u0131 Al\u0131\u015fveri\u015f Festivali, bu y\u0131l da <strong>\u201c\u0130yilikten Festival Do\u011far\u201d<\/strong> temas\u0131yla <strong>16-17 Aral\u0131k 2025<\/strong> tarihlerinde The Grand Tarabya\u2019da ger\u00e7ekle\u015fecek. Otizmli bireylerin e\u011fitimine katk\u0131da bulunmak ve toplumsal fark\u0131ndal\u0131k yaratmak amac\u0131yla d\u00fczenlenen festival, iki g\u00fcn boyunca ziyaret\u00e7ilerini birbirinden \u00f6zel markalar ve s\u00fcrprizlerle bulu\u015fturacak.<\/p>\n\n\n\n<p class=\"wp-block-paragraph\">Tohum Otizm Vakf\u0131, otizmli bireylerin erken tan\u0131 ve e\u011fitimle topluma kazand\u0131r\u0131lmas\u0131 y\u00f6n\u00fcnde y\u00fcr\u00fctt\u00fc\u011f\u00fc \u00e7al\u0131\u015fmalar\u0131 desteklemek amac\u0131yla hayata ge\u00e7irdi\u011fi Y\u0131lba\u015f\u0131 Al\u0131\u015fveri\u015f Festivali\u2019nde, bu y\u0131l da iki bine yak\u0131n ziyaret\u00e7iyi <strong>\u201ciyili\u011fin bir par\u00e7as\u0131 olmaya\u201d <\/strong>davet ediyor. Ziyaret\u00e7iler, yeni y\u0131l \u00f6ncesinde sevdikleri i\u00e7in hediye al\u0131rken ayn\u0131 zamanda otizmli \u00e7ocuklar\u0131n e\u011fitimine katk\u0131da bulunma f\u0131rsat\u0131 bulacak.<\/p>\n\n\n\n<p class=\"wp-block-paragraph\"><strong>Birbirinden \u00f6zel markalar, s\u00fcrpriz \u00e7ekili\u015fler ve hediye sepetleri\u2026<\/strong><\/p>\n\n\n\n<p class=\"wp-block-paragraph\">Tak\u0131dan giyime, ev tekstilinden dekorasyona, m\u00fccevherden kozmeti\u011fe kadar bir\u00e7ok farkl\u0131 sekt\u00f6r ve kategoride markan\u0131n yer alaca\u011f\u0131 festival, 16-17 Aral\u0131k\u2019ta The Grand Tarabya\u2019da 11.00 &#8211; 21.00 saatleri aras\u0131nda ziyarete a\u00e7\u0131k olacak. Ziyaret\u00e7ileri, i\u015f d\u00fcnyas\u0131n\u0131n de\u011ferli temsilcilerinin, kurumlar\u0131n, \u00e7a\u011fda\u015f sanat\u00e7\u0131lar\u0131n ve se\u00e7kin markalar\u0131n ba\u011f\u0131\u015flad\u0131\u011f\u0131 \u00f6zel hediyelerle dolu \u00e7ekili\u015fler ve s\u00fcrpriz etkinlikler bekliyor.&nbsp;<\/p>\n\n\n\n<p class=\"wp-block-paragraph\">Ayr\u0131ca, Tohum Otizm Vakf\u0131 kurucular\u0131n\u0131n ve i\u015f d\u00fcnyas\u0131n\u0131n \u00f6nemli isimlerinin haz\u0131rlad\u0131\u011f\u0131 \u00f6zel tasar\u0131m y\u0131lba\u015f\u0131 hediye sepetleri, otizmli \u00e7ocuklar yarar\u0131na ba\u011f\u0131\u015fa d\u00f6n\u00fc\u015ferek festivale anlam katacak.&nbsp;<\/p>\n\n\n\n<p class=\"wp-block-paragraph\"><strong>Yaratt\u0131\u011f\u0131 faydaya ortak olun!<\/strong><\/p>\n\n\n\n<p class=\"wp-block-paragraph\">Ge\u00e7ti\u011fimiz y\u0131l 1 g\u00fcnde 1000\u2019i a\u015fk\u0131n ziyaret\u00e7iyi a\u011f\u0131rlayan ve 100\u2019e yak\u0131n markay\u0131 bir araya getiren festivalin, bu y\u0131l da geni\u015f kat\u0131l\u0131mla ger\u00e7ekle\u015fmesi hedefleniyor. 2003 y\u0131l\u0131ndan bug\u00fcne kadar yurt genelinde y\u00fcr\u00fctt\u00fc\u011f\u00fc projelerle 2.8 milyon otizmli \u00e7ocuk, aile, \u00f6\u011fretmen ve sa\u011fl\u0131k \u00e7al\u0131\u015fan\u0131na ula\u015fan Tohum Otizm Vakf\u0131, herkesi 16-17 Aral\u0131k tarihlerinde The Grand Tarabya\u2019da d\u00fczenlenecek Y\u0131lba\u015f\u0131 Al\u0131\u015fveri\u015f Festivali\u2019ne kat\u0131lmaya ve otizmli \u00e7ocuklar\u0131n e\u011fitimine destek&nbsp;&nbsp;vermeye davet ediyor.<\/p>","protected":false},"excerpt":{"rendered":"<p>Tohum Otizm Vakf\u0131\u2019n\u0131n geleneksel Y\u0131lba\u015f\u0131 Al\u0131\u015fveri\u015f Festivali bu y\u0131l 16-17 Aral\u0131k\u2019ta The Grand Tarabya\u2019da ger\u00e7ekle\u015fecek. Tohum Otizm Vakf\u0131\u2019n\u0131n geleneksel hale gelen Y\u0131lba\u015f\u0131 Al\u0131\u015fveri\u015f Festivali, bu y\u0131l da \u201c\u0130yilikten Festival Do\u011far\u201d temas\u0131yla 16-17 Aral\u0131k 2025 tarihlerinde The Grand Tarabya\u2019da ger\u00e7ekle\u015fecek.<\/p>","protected":false},"author":1,"featured_media":8507,"comment_status":"open","ping_status":"open","sticky":false,"template":"","format":"standard","meta":{"footnotes":""},"categories":[1],"tags":[],"class_list":["post-8506","post","type-post","status-publish","format-standard","has-post-thumbnail","hentry","category-basin-odasi"],"yoast_head":"<!-- This site is optimized with the Yoast SEO Premium plugin v28.3 (Yoast SEO v28.3) - https:\/\/yoast.com\/product\/yoast-seo-premium-wordpress\/ -->\n<title>Tohum Otizm Vakf\u0131, Otizmli \u00c7ocuklar \u0130\u00e7in \u0130yili\u011fi Festivale D\u00f6n\u00fc\u015ft\u00fcr\u00fcyor\u2026 - Tohum Otizm Vakf\u0131 | Otizmin Tek \u00c7aresi E\u011fitim<\/title>\n<meta name=\"robots\" content=\"index, follow, max-snippet:-1, max-image-preview:large, max-video-preview:-1\" \/>\n<link rel=\"canonical\" href=\"https:\/\/wp1.sedaozcan.net.tr\/en\/tohum-otizm-vakfi-otizmli-cocuklar-icin-iyiligi-festivale-donusturuyor\/\" \/>\n<meta property=\"og:locale\" content=\"en_US\" \/>\n<meta property=\"og:type\" content=\"article\" \/>\n<meta property=\"og:title\" content=\"Tohum Otizm Vakf\u0131, Otizmli \u00c7ocuklar \u0130\u00e7in \u0130yili\u011fi Festivale D\u00f6n\u00fc\u015ft\u00fcr\u00fcyor\u2026\" \/>\n<meta property=\"og:description\" content=\"Tohum Otizm Vakf\u0131\u2019n\u0131n geleneksel Y\u0131lba\u015f\u0131 Al\u0131\u015fveri\u015f Festivali bu y\u0131l 16-17 Aral\u0131k\u2019ta The Grand Tarabya\u2019da ger\u00e7ekle\u015fecek. Tohum Otizm Vakf\u0131\u2019n\u0131n geleneksel hale gelen Y\u0131lba\u015f\u0131 Al\u0131\u015fveri\u015f Festivali, bu y\u0131l da \u201c\u0130yilikten Festival Do\u011far\u201d temas\u0131yla 16-17 Aral\u0131k 2025 tarihlerinde The Grand Tarabya\u2019da ger\u00e7ekle\u015fecek.\" \/>\n<meta property=\"og:url\" content=\"https:\/\/wp1.sedaozcan.net.tr\/en\/tohum-otizm-vakfi-otizmli-cocuklar-icin-iyiligi-festivale-donusturuyor\/\" \/>\n<meta property=\"og:site_name\" content=\"Tohum Otizm Vakf\u0131 | Otizmin Tek \u00c7aresi E\u011fitim\" \/>\n<meta property=\"article:published_time\" content=\"2026-05-11T15:07:21+00:00\" \/>\n<meta property=\"article:modified_time\" content=\"2026-08-06T10:44:46+00:00\" \/>\n<meta property=\"og:image\" content=\"https:\/\/wp1.sedaozcan.net.tr\/wp-content\/uploads\/2026\/05\/TOV-Alisveris-Festivali-.jpeg\" \/>\n\t<meta property=\"og:image:width\" content=\"1080\" \/>\n\t<meta property=\"og:image:height\" content=\"1350\" \/>\n\t<meta property=\"og:image:type\" content=\"image\/jpeg\" \/>\n<meta name=\"author\" content=\"Tohum Otizm\" \/>\n<meta name=\"twitter:card\" content=\"summary_large_image\" \/>\n<meta name=\"twitter:label1\" content=\"Written by\" \/>\n\t<meta name=\"twitter:data1\" content=\"Tohum Otizm\" \/>\n\t<meta name=\"twitter:label2\" content=\"Est. reading time\" \/>\n\t<meta name=\"twitter:data2\" content=\"2 minutes\" \/>\n<script type=\"application\/ld+json\" class=\"yoast-schema-graph\">{\"@context\":\"https:\\\/\\\/schema.org\",\"@graph\":[{\"@type\":\"Article\",\"@id\":\"https:\\\/\\\/wp1.sedaozcan.net.tr\\\/tohum-otizm-vakfi-otizmli-cocuklar-icin-iyiligi-festivale-donusturuyor\\\/#article\",\"isPartOf\":{\"@id\":\"https:\\\/\\\/wp1.sedaozcan.net.tr\\\/tohum-otizm-vakfi-otizmli-cocuklar-icin-iyiligi-festivale-donusturuyor\\\/\"},\"author\":{\"name\":\"Tohum Otizm\",\"@id\":\"https:\\\/\\\/wp1.sedaozcan.net.tr\\\/#\\\/schema\\\/person\\\/c2ea4120b58c7afcac902ba998b1091c\"},\"headline\":\"Tohum Otizm Vakf\u0131, Otizmli \u00c7ocuklar \u0130\u00e7in \u0130yili\u011fi Festivale D\u00f6n\u00fc\u015ft\u00fcr\u00fcyor\u2026\",\"datePublished\":\"2026-05-11T15:07:21+00:00\",\"dateModified\":\"2026-08-06T10:44:46+00:00\",\"mainEntityOfPage\":{\"@id\":\"https:\\\/\\\/wp1.sedaozcan.net.tr\\\/tohum-otizm-vakfi-otizmli-cocuklar-icin-iyiligi-festivale-donusturuyor\\\/\"},\"wordCount\":437,\"commentCount\":0,\"image\":{\"@id\":\"https:\\\/\\\/wp1.sedaozcan.net.tr\\\/tohum-otizm-vakfi-otizmli-cocuklar-icin-iyiligi-festivale-donusturuyor\\\/#primaryimage\"},\"thumbnailUrl\":\"https:\\\/\\\/wp1.sedaozcan.net.tr\\\/wp-content\\\/uploads\\\/2026\\\/05\\\/TOV-Alisveris-Festivali-.jpeg\",\"articleSection\":[\"Bas\u0131n Odas\u0131\"],\"inLanguage\":\"en-US\",\"potentialAction\":[{\"@type\":\"CommentAction\",\"name\":\"Comment\",\"target\":[\"https:\\\/\\\/wp1.sedaozcan.net.tr\\\/tohum-otizm-vakfi-otizmli-cocuklar-icin-iyiligi-festivale-donusturuyor\\\/#respond\"]}]},{\"@type\":\"WebPage\",\"@id\":\"https:\\\/\\\/wp1.sedaozcan.net.tr\\\/tohum-otizm-vakfi-otizmli-cocuklar-icin-iyiligi-festivale-donusturuyor\\\/\",\"url\":\"https:\\\/\\\/wp1.sedaozcan.net.tr\\\/tohum-otizm-vakfi-otizmli-cocuklar-icin-iyiligi-festivale-donusturuyor\\\/\",\"name\":\"Tohum Otizm Vakf\u0131, Otizmli \u00c7ocuklar \u0130\u00e7in \u0130yili\u011fi Festivale D\u00f6n\u00fc\u015ft\u00fcr\u00fcyor\u2026 - Tohum Otizm Vakf\u0131 | Otizmin Tek \u00c7aresi E\u011fitim\",\"isPartOf\":{\"@id\":\"https:\\\/\\\/wp1.sedaozcan.net.tr\\\/#website\"},\"primaryImageOfPage\":{\"@id\":\"https:\\\/\\\/wp1.sedaozcan.net.tr\\\/tohum-otizm-vakfi-otizmli-cocuklar-icin-iyiligi-festivale-donusturuyor\\\/#primaryimage\"},\"image\":{\"@id\":\"https:\\\/\\\/wp1.sedaozcan.net.tr\\\/tohum-otizm-vakfi-otizmli-cocuklar-icin-iyiligi-festivale-donusturuyor\\\/#primaryimage\"},\"thumbnailUrl\":\"https:\\\/\\\/wp1.sedaozcan.net.tr\\\/wp-content\\\/uploads\\\/2026\\\/05\\\/TOV-Alisveris-Festivali-.jpeg\",\"datePublished\":\"2026-05-11T15:07:21+00:00\",\"dateModified\":\"2026-08-06T10:44:46+00:00\",\"author\":{\"@id\":\"https:\\\/\\\/wp1.sedaozcan.net.tr\\\/#\\\/schema\\\/person\\\/c2ea4120b58c7afcac902ba998b1091c\"},\"breadcrumb\":{\"@id\":\"https:\\\/\\\/wp1.sedaozcan.net.tr\\\/tohum-otizm-vakfi-otizmli-cocuklar-icin-iyiligi-festivale-donusturuyor\\\/#breadcrumb\"},\"inLanguage\":\"en-US\",\"potentialAction\":[{\"@type\":\"ReadAction\",\"target\":[\"https:\\\/\\\/wp1.sedaozcan.net.tr\\\/tohum-otizm-vakfi-otizmli-cocuklar-icin-iyiligi-festivale-donusturuyor\\\/\"]}]},{\"@type\":\"ImageObject\",\"inLanguage\":\"en-US\",\"@id\":\"https:\\\/\\\/wp1.sedaozcan.net.tr\\\/tohum-otizm-vakfi-otizmli-cocuklar-icin-iyiligi-festivale-donusturuyor\\\/#primaryimage\",\"url\":\"https:\\\/\\\/wp1.sedaozcan.net.tr\\\/wp-content\\\/uploads\\\/2026\\\/05\\\/TOV-Alisveris-Festivali-.jpeg\",\"contentUrl\":\"https:\\\/\\\/wp1.sedaozcan.net.tr\\\/wp-content\\\/uploads\\\/2026\\\/05\\\/TOV-Alisveris-Festivali-.jpeg\",\"width\":1080,\"height\":1350},{\"@type\":\"BreadcrumbList\",\"@id\":\"https:\\\/\\\/wp1.sedaozcan.net.tr\\\/tohum-otizm-vakfi-otizmli-cocuklar-icin-iyiligi-festivale-donusturuyor\\\/#breadcrumb\",\"itemListElement\":[{\"@type\":\"ListItem\",\"position\":1,\"name\":\"Home\",\"item\":\"https:\\\/\\\/wp1.sedaozcan.net.tr\\\/\"},{\"@type\":\"ListItem\",\"position\":2,\"name\":\"Tohum Otizm Vakf\u0131, Otizmli \u00c7ocuklar \u0130\u00e7in \u0130yili\u011fi Festivale D\u00f6n\u00fc\u015ft\u00fcr\u00fcyor\u2026\"}]},{\"@type\":\"WebSite\",\"@id\":\"https:\\\/\\\/wp1.sedaozcan.net.tr\\\/#website\",\"url\":\"https:\\\/\\\/wp1.sedaozcan.net.tr\\\/\",\"name\":\"Tohum Otizm Vakf\u0131 | Otizmin Tek \u00c7aresi E\u011fitim\",\"description\":\"\",\"potentialAction\":[{\"@type\":\"SearchAction\",\"target\":{\"@type\":\"EntryPoint\",\"urlTemplate\":\"https:\\\/\\\/wp1.sedaozcan.net.tr\\\/?s={search_term_string}\"},\"query-input\":{\"@type\":\"PropertyValueSpecification\",\"valueRequired\":true,\"valueName\":\"search_term_string\"}}],\"inLanguage\":\"en-US\"},{\"@type\":\"Person\",\"@id\":\"https:\\\/\\\/wp1.sedaozcan.net.tr\\\/#\\\/schema\\\/person\\\/c2ea4120b58c7afcac902ba998b1091c\",\"name\":\"Tohum Otizm\",\"image\":{\"@type\":\"ImageObject\",\"inLanguage\":\"en-US\",\"@id\":\"https:\\\/\\\/secure.gravatar.com\\\/avatar\\\/99d08cded734486eef59dabce25065a85303e18d81311c4f5f2bbd3fed82f816?s=96&d=mm&r=g\",\"url\":\"https:\\\/\\\/secure.gravatar.com\\\/avatar\\\/99d08cded734486eef59dabce25065a85303e18d81311c4f5f2bbd3fed82f816?s=96&d=mm&r=g\",\"contentUrl\":\"https:\\\/\\\/secure.gravatar.com\\\/avatar\\\/99d08cded734486eef59dabce25065a85303e18d81311c4f5f2bbd3fed82f816?s=96&d=mm&r=g\",\"caption\":\"Tohum Otizm\"},\"sameAs\":[\"https:\\\/\\\/wp1.sedaozcan.net.tr\"],\"url\":\"https:\\\/\\\/wp1.sedaozcan.net.tr\\\/en\\\/author\\\/admin_3ewju0jt\\\/\"},{\"@type\":\"ImageObject\",\"inLanguage\":\"en-US\",\"@id\":\"https:\\\/\\\/wp1.sedaozcan.net.tr\\\/tohum-otizm-vakfi-otizmli-cocuklar-icin-iyiligi-festivale-donusturuyor\\\/#local-main-organization-logo\",\"url\":\"\",\"contentUrl\":\"\",\"caption\":\"Tohum Otizm Vakf\u0131 | Otizmin Tek \u00c7aresi E\u011fitim\"}]}<\/script>\n<!-- \/ Yoast SEO Premium plugin. -->","yoast_head_json":{"title":"Tohum Otizm Vakf\u0131, Otizmli \u00c7ocuklar \u0130\u00e7in \u0130yili\u011fi Festivale D\u00f6n\u00fc\u015ft\u00fcr\u00fcyor\u2026 - Tohum Otizm Vakf\u0131 | Otizmin Tek \u00c7aresi E\u011fitim","robots":{"index":"index","follow":"follow","max-snippet":"max-snippet:-1","max-image-preview":"max-image-preview:large","max-video-preview":"max-video-preview:-1"},"canonical":"https:\/\/wp1.sedaozcan.net.tr\/en\/tohum-otizm-vakfi-otizmli-cocuklar-icin-iyiligi-festivale-donusturuyor\/","og_locale":"en_US","og_type":"article","og_title":"Tohum Otizm Vakf\u0131, Otizmli \u00c7ocuklar \u0130\u00e7in \u0130yili\u011fi Festivale D\u00f6n\u00fc\u015ft\u00fcr\u00fcyor\u2026","og_description":"Tohum Otizm Vakf\u0131\u2019n\u0131n geleneksel Y\u0131lba\u015f\u0131 Al\u0131\u015fveri\u015f Festivali bu y\u0131l 16-17 Aral\u0131k\u2019ta The Grand Tarabya\u2019da ger\u00e7ekle\u015fecek. Tohum Otizm Vakf\u0131\u2019n\u0131n geleneksel hale gelen Y\u0131lba\u015f\u0131 Al\u0131\u015fveri\u015f Festivali, bu y\u0131l da \u201c\u0130yilikten Festival Do\u011far\u201d temas\u0131yla 16-17 Aral\u0131k 2025 tarihlerinde The Grand Tarabya\u2019da ger\u00e7ekle\u015fecek.","og_url":"https:\/\/wp1.sedaozcan.net.tr\/en\/tohum-otizm-vakfi-otizmli-cocuklar-icin-iyiligi-festivale-donusturuyor\/","og_site_name":"Tohum Otizm Vakf\u0131 | Otizmin Tek \u00c7aresi E\u011fitim","article_published_time":"2026-05-11T15:07:21+00:00","article_modified_time":"2026-08-06T10:44:46+00:00","og_image":[{"width":1080,"height":1350,"url":"https:\/\/wp1.sedaozcan.net.tr\/wp-content\/uploads\/2026\/05\/TOV-Alisveris-Festivali-.jpeg","type":"image\/jpeg"}],"author":"Tohum Otizm","twitter_card":"summary_large_image","twitter_misc":{"Written by":"Tohum Otizm","Est. reading time":"2 minutes"},"schema":{"@context":"https:\/\/schema.org","@graph":[{"@type":"Article","@id":"https:\/\/wp1.sedaozcan.net.tr\/tohum-otizm-vakfi-otizmli-cocuklar-icin-iyiligi-festivale-donusturuyor\/#article","isPartOf":{"@id":"https:\/\/wp1.sedaozcan.net.tr\/tohum-otizm-vakfi-otizmli-cocuklar-icin-iyiligi-festivale-donusturuyor\/"},"author":{"name":"Tohum Otizm","@id":"https:\/\/wp1.sedaozcan.net.tr\/#\/schema\/person\/c2ea4120b58c7afcac902ba998b1091c"},"headline":"Tohum Otizm Vakf\u0131, Otizmli \u00c7ocuklar \u0130\u00e7in \u0130yili\u011fi Festivale D\u00f6n\u00fc\u015ft\u00fcr\u00fcyor\u2026","datePublished":"2026-05-11T15:07:21+00:00","dateModified":"2026-08-06T10:44:46+00:00","mainEntityOfPage":{"@id":"https:\/\/wp1.sedaozcan.net.tr\/tohum-otizm-vakfi-otizmli-cocuklar-icin-iyiligi-festivale-donusturuyor\/"},"wordCount":437,"commentCount":0,"image":{"@id":"https:\/\/wp1.sedaozcan.net.tr\/tohum-otizm-vakfi-otizmli-cocuklar-icin-iyiligi-festivale-donusturuyor\/#primaryimage"},"thumbnailUrl":"https:\/\/wp1.sedaozcan.net.tr\/wp-content\/uploads\/2026\/05\/TOV-Alisveris-Festivali-.jpeg","articleSection":["Bas\u0131n Odas\u0131"],"inLanguage":"en-US","potentialAction":[{"@type":"CommentAction","name":"Comment","target":["https:\/\/wp1.sedaozcan.net.tr\/tohum-otizm-vakfi-otizmli-cocuklar-icin-iyiligi-festivale-donusturuyor\/#respond"]}]},{"@type":"WebPage","@id":"https:\/\/wp1.sedaozcan.net.tr\/tohum-otizm-vakfi-otizmli-cocuklar-icin-iyiligi-festivale-donusturuyor\/","url":"https:\/\/wp1.sedaozcan.net.tr\/tohum-otizm-vakfi-otizmli-cocuklar-icin-iyiligi-festivale-donusturuyor\/","name":"Tohum Otizm Vakf\u0131, Otizmli \u00c7ocuklar \u0130\u00e7in \u0130yili\u011fi Festivale D\u00f6n\u00fc\u015ft\u00fcr\u00fcyor\u2026 - Tohum Otizm Vakf\u0131 | Otizmin Tek \u00c7aresi E\u011fitim","isPartOf":{"@id":"https:\/\/wp1.sedaozcan.net.tr\/#website"},"primaryImageOfPage":{"@id":"https:\/\/wp1.sedaozcan.net.tr\/tohum-otizm-vakfi-otizmli-cocuklar-icin-iyiligi-festivale-donusturuyor\/#primaryimage"},"image":{"@id":"https:\/\/wp1.sedaozcan.net.tr\/tohum-otizm-vakfi-otizmli-cocuklar-icin-iyiligi-festivale-donusturuyor\/#primaryimage"},"thumbnailUrl":"https:\/\/wp1.sedaozcan.net.tr\/wp-content\/uploads\/2026\/05\/TOV-Alisveris-Festivali-.jpeg","datePublished":"2026-05-11T15:07:21+00:00","dateModified":"2026-08-06T10:44:46+00:00","author":{"@id":"https:\/\/wp1.sedaozcan.net.tr\/#\/schema\/person\/c2ea4120b58c7afcac902ba998b1091c"},"breadcrumb":{"@id":"https:\/\/wp1.sedaozcan.net.tr\/tohum-otizm-vakfi-otizmli-cocuklar-icin-iyiligi-festivale-donusturuyor\/#breadcrumb"},"inLanguage":"en-US","potentialAction":[{"@type":"ReadAction","target":["https:\/\/wp1.sedaozcan.net.tr\/tohum-otizm-vakfi-otizmli-cocuklar-icin-iyiligi-festivale-donusturuyor\/"]}]},{"@type":"ImageObject","inLanguage":"en-US","@id":"https:\/\/wp1.sedaozcan.net.tr\/tohum-otizm-vakfi-otizmli-cocuklar-icin-iyiligi-festivale-donusturuyor\/#primaryimage","url":"https:\/\/wp1.sedaozcan.net.tr\/wp-content\/uploads\/2026\/05\/TOV-Alisveris-Festivali-.jpeg","contentUrl":"https:\/\/wp1.sedaozcan.net.tr\/wp-content\/uploads\/2026\/05\/TOV-Alisveris-Festivali-.jpeg","width":1080,"height":1350},{"@type":"BreadcrumbList","@id":"https:\/\/wp1.sedaozcan.net.tr\/tohum-otizm-vakfi-otizmli-cocuklar-icin-iyiligi-festivale-donusturuyor\/#breadcrumb","itemListElement":[{"@type":"ListItem","position":1,"name":"Home","item":"https:\/\/wp1.sedaozcan.net.tr\/"},{"@type":"ListItem","position":2,"name":"Tohum Otizm Vakf\u0131, Otizmli \u00c7ocuklar \u0130\u00e7in \u0130yili\u011fi Festivale D\u00f6n\u00fc\u015ft\u00fcr\u00fcyor\u2026"}]},{"@type":"WebSite","@id":"https:\/\/wp1.sedaozcan.net.tr\/#website","url":"https:\/\/wp1.sedaozcan.net.tr\/","name":"Tohum Autism Foundation | The Only Remedy for Autism is Education","description":"","potentialAction":[{"@type":"SearchAction","target":{"@type":"EntryPoint","urlTemplate":"https:\/\/wp1.sedaozcan.net.tr\/?s={search_term_string}"},"query-input":{"@type":"PropertyValueSpecification","valueRequired":true,"valueName":"search_term_string"}}],"inLanguage":"en-US"},{"@type":"Person","@id":"https:\/\/wp1.sedaozcan.net.tr\/#\/schema\/person\/c2ea4120b58c7afcac902ba998b1091c","name":"Tohum Otizm","image":{"@type":"ImageObject","inLanguage":"en-US","@id":"https:\/\/secure.gravatar.com\/avatar\/99d08cded734486eef59dabce25065a85303e18d81311c4f5f2bbd3fed82f816?s=96&d=mm&r=g","url":"https:\/\/secure.gravatar.com\/avatar\/99d08cded734486eef59dabce25065a85303e18d81311c4f5f2bbd3fed82f816?s=96&d=mm&r=g","contentUrl":"https:\/\/secure.gravatar.com\/avatar\/99d08cded734486eef59dabce25065a85303e18d81311c4f5f2bbd3fed82f816?s=96&d=mm&r=g","caption":"Tohum Otizm"},"sameAs":["https:\/\/wp1.sedaozcan.net.tr"],"url":"https:\/\/wp1.sedaozcan.net.tr\/en\/author\/admin_3ewju0jt\/"},{"@type":"ImageObject","inLanguage":"en-US","@id":"https:\/\/wp1.sedaozcan.net.tr\/tohum-otizm-vakfi-otizmli-cocuklar-icin-iyiligi-festivale-donusturuyor\/#local-main-organization-logo","url":"","contentUrl":"","caption":"Tohum Otizm Vakf\u0131 | Otizmin Tek \u00c7aresi E\u011fitim"}]}},"_links":{"self":[{"href":"https:\/\/wp1.sedaozcan.net.tr\/en\/wp-json\/wp\/v2\/posts\/8506","targetHints":{"allow":["GET"]}}],"collection":[{"href":"https:\/\/wp1.sedaozcan.net.tr\/en\/wp-json\/wp\/v2\/posts"}],"about":[{"href":"https:\/\/wp1.sedaozcan.net.tr\/en\/wp-json\/wp\/v2\/types\/post"}],"author":[{"embeddable":true,"href":"https:\/\/wp1.sedaozcan.net.tr\/en\/wp-json\/wp\/v2\/users\/1"}],"replies":[{"embeddable":true,"href":"https:\/\/wp1.sedaozcan.net.tr\/en\/wp-json\/wp\/v2\/comments?post=8506"}],"version-history":[{"count":2,"href":"https:\/\/wp1.sedaozcan.net.tr\/en\/wp-json\/wp\/v2\/posts\/8506\/revisions"}],"predecessor-version":[{"id":9578,"href":"https:\/\/wp1.sedaozcan.net.tr\/en\/wp-json\/wp\/v2\/posts\/8506\/revisions\/9578"}],"wp:featuredmedia":[{"embeddable":true,"href":"https:\/\/wp1.sedaozcan.net.tr\/en\/wp-json\/wp\/v2\/media\/8507"}],"wp:attachment":[{"href":"https:\/\/wp1.sedaozcan.net.tr\/en\/wp-json\/wp\/v2\/media?parent=8506"}],"wp:term":[{"taxonomy":"category","embeddable":true,"href":"https:\/\/wp1.sedaozcan.net.tr\/en\/wp-json\/wp\/v2\/categories?post=8506"},{"taxonomy":"post_tag","embeddable":true,"href":"https:\/\/wp1.sedaozcan.net.tr\/en\/wp-json\/wp\/v2\/tags?post=8506"}],"curies":[{"name":"wp","href":"https:\/\/api.w.org\/{rel}","templated":true}]}}