{"id":8503,"date":"2026-05-11T17:06:33","date_gmt":"2026-05-11T15:06:33","guid":{"rendered":"https:\/\/wp1.sedaozcan.net.tr\/?p=8503"},"modified":"2026-08-06T12:52:40","modified_gmt":"2026-08-06T10:52:40","slug":"47-istanbul-maratonunda-tohum-otizm-vakfi-adina-kosan-tohum-gunesleri-adimlarini-otizmli-cocuklarin-egitimi-icin-atti","status":"publish","type":"post","link":"https:\/\/wp1.sedaozcan.net.tr\/en\/47-istanbul-maratonunda-tohum-otizm-vakfi-adina-kosan-tohum-gunesleri-adimlarini-otizmli-cocuklarin-egitimi-icin-atti\/","title":{"rendered":"47. \u0130stanbul Maratonu\u2019nda Tohum Otizm Vakf\u0131 Ad\u0131na Ko\u015fan Tohum G\u00fcne\u015fleri Ad\u0131mlar\u0131n\u0131\u00a0 Otizmli \u00c7ocuklar\u0131n E\u011fitimi \u0130\u00e7in Att\u0131\u00a0"},"content":{"rendered":"<p class=\"wp-block-paragraph\"><strong>BASIN B\u00dcLTEN\u0130 &nbsp; &nbsp; &nbsp; &nbsp; &nbsp; &nbsp; &nbsp; &nbsp; &nbsp; &nbsp; &nbsp; &nbsp; &nbsp; 05 Kas\u0131m 2025<\/strong><\/p>\n\n\n\n<p class=\"wp-block-paragraph\"><strong>47. \u0130stanbul Maratonu\u2019nda Tohum Otizm Vakf\u0131 Ad\u0131na Ko\u015fan Tohum G\u00fcne\u015fleri Ad\u0131mlar\u0131n\u0131&nbsp; Otizmli \u00c7ocuklar\u0131n E\u011fitimi \u0130\u00e7in Att\u0131&nbsp;<\/strong><\/p>\n\n\n\n<p class=\"wp-block-paragraph\">T\u00fcrkiye\u2019nin en geni\u015f kat\u0131l\u0131ml\u0131 spor etkinliklerinden biri olan T\u00fcrkiye \u0130\u015f Bankas\u0131 47. \u0130stanbul Maratonu, binlerce sporcuyu ve sivil toplum kurulu\u015funu ayn\u0131 hedefte bulu\u015fturdu. Tohum Otizm Vakf\u0131 ad\u0131na ko\u015fan Tohum G\u00fcne\u015fleri, bu y\u0131l da ad\u0131mlar\u0131n\u0131 otizmli \u00e7ocuklar\u0131n e\u011fitimi i\u00e7in att\u0131.<\/p>\n\n\n\n<p class=\"wp-block-paragraph\">T\u00fcrkiye\u2019de her 31 \u00e7ocuktan 1\u2019ine otizm tan\u0131s\u0131 konuluyor. Otizmin bilinen tek \u00e7aresi ise erken tan\u0131 ve \u00f6zel e\u011fitim. Bu nedenle Tohum Otizm Vakf\u0131, y\u00fcr\u00fctt\u00fc\u011f\u00fc projelerle hem otizmli \u00e7ocuklar\u0131n nitelikli e\u011fitime eri\u015fimini destekliyor hem de toplum genelinde fark\u0131ndal\u0131k yaratmay\u0131 s\u00fcrd\u00fcr\u00fcyor.<\/p>\n\n\n\n<p class=\"wp-block-paragraph\">Bu y\u0131lki maratonda, aralar\u0131nda Boyner Holding Y\u00f6netim Kurulu \u00dcyesi ve Tohum Otizm Vakf\u0131 M\u00fctevelli Heyeti \u00dcyesi \u00dcmit Boyner ile Shell &amp; Turcas CEO&#8217;su Emre Turanl\u0131\u2019n\u0131n da yer ald\u0131\u011f\u0131 819 g\u00f6n\u00fcll\u00fc, 33 kurumun deste\u011fiyle Tohum Otizm Vakf\u0131 i\u00e7in otizme dikkat \u00e7ekti hem de otizmli \u00e7ocuklar\u0131n nitelikli e\u011fitime ula\u015fabilmesi i\u00e7in ba\u011f\u0131\u015f toplad\u0131.<\/p>\n\n\n\n<p class=\"wp-block-paragraph\">Tohum Otizm Vakf\u0131 E\u011fitim Kurumlar\u0131 \u00f6\u011frencilerinden Selin ve Cem de otizmli arkada\u015flar\u0131 i\u00e7in parkura \u00e7\u0131kt\u0131. Selin ve Cem\u2019in ba\u011f\u0131\u015f kampanyalar\u0131 halen devam ediyor ve dileyen herkes 17 Kas\u0131m\u2019a kadar kampanyalar\u0131na katk\u0131 sa\u011flayabilecek.&nbsp;<\/p>\n\n\n\n<p class=\"wp-block-paragraph\"><em>Selin \u00d6nal\u2019\u0131n kampanyas\u0131na ba\u011f\u0131\u015f yapmak i\u00e7in&nbsp;<\/em><a href=\"https:\/\/ipk.adimadim.org\/kampanya\/CC124019\"><em>t\u0131klay\u0131n\u0131z<\/em><\/a><em>.&nbsp;<\/em><\/p>\n\n\n\n<p class=\"wp-block-paragraph\"><em>Cem Sezgin\u2019in kampanyas\u0131na ba\u011f\u0131\u015f yapmak i\u00e7in&nbsp;<\/em><a href=\"https:\/\/ipk.adimadim.org\/kampanya\/CC124017\"><em>t\u0131klay\u0131n\u0131z<\/em><\/a><em>.<\/em><\/p>\n\n\n\n<p class=\"wp-block-paragraph\">Tohum Otizm Vakf\u0131 Genel M\u00fcd\u00fcr\u00fc Bur\u00e7ak Karakaya, maratonun ard\u0131ndan yapt\u0131\u011f\u0131 de\u011ferlendirmede \u015funlar\u0131 s\u00f6yledi:<\/p>\n\n\n\n<p class=\"wp-block-paragraph\">\u201cMaratonda ad\u0131mlar\u0131n\u0131 otizmli \u00e7ocuklar\u0131m\u0131z\u0131n e\u011fitimi i\u00e7in atan t\u00fcm ko\u015fucular\u0131m\u0131za ve kurumlar\u0131m\u0131za te\u015fekk\u00fcr ediyoruz. Bu destekler, \u00e7ocuklar\u0131m\u0131z\u0131n e\u011fitimine, ba\u011f\u0131ms\u0131z ya\u015fam becerilerini kazanmas\u0131na ve topluma daha g\u00fc\u00e7l\u00fc \u015fekilde kat\u0131lmas\u0131na b\u00fcy\u00fck katk\u0131 sa\u011fl\u0131yor.\u201d<\/p>\n\n\n\n<p class=\"wp-block-paragraph\">Bu y\u0131lki maratonda Tohum Otizm Vakf\u0131, otizmli \u00e7ocuklar\u0131n e\u011fitimi i\u00e7in 6 milyon TL ba\u011f\u0131\u015f hedefi belirledi.<br>Toplanacak her ba\u011f\u0131\u015f, otizmli \u00e7ocuklar\u0131n nitelikli e\u011fitime eri\u015fimine do\u011frudan katk\u0131 sa\u011flayacak. Ba\u011f\u0131\u015f kampanyalar\u0131 17 Kas\u0131m\u2019a kadar devam edecek .<\/p>\n\n\n\n<p class=\"wp-block-paragraph\">Etkinlikte Tohum Otizm Vakf\u0131 ad\u0131na ko\u015fan bir\u00e7ok ulusal ve uluslararas\u0131 marka otizmli \u00e7ocuklar\u0131n nitelikli e\u011fitime eri\u015fimi i\u00e7in bir araya geldi.<\/p>\n\n\n\n<p class=\"wp-block-paragraph\"><strong>Tohum Otizm Vakf\u0131 Yarar\u0131na Ko\u015fan Kurumlar<\/strong><\/p>\n\n\n\n<p class=\"wp-block-paragraph\">3D Lojistik, Abdi \u0130brahim \u0130la\u00e7, Accor Hotels, Ak\u00e7al\u0131 Boya \u2013 Permolit Boya, Anadolu Sigorta, Aon T\u00fcrkiye, APLUS Enerji, Beckers Group, Cengiz Holding, Commencis Teknoloji, Fl\u00e4ktGroup, GTech, G\u00f6zen Holding, Kariyer.net, Netlog Lojistik, Occlutech, Otoko\u00e7 Otomotiv, \u00d6zdilekPark, PBS Bili\u015fim, Prisync, \u015ei\u015fli Meslek Y\u00fcksekokulu, Sisal Hub T\u00fcrkiye, smartPulse, SmartWare, Teksan Jenerat\u00f6r, TSKB (T\u00fcrkiye S\u0131nai Kalk\u0131nma Bankas\u0131), T\u00fcrk Nippon Sigorta, T\u00fcrkiye Finans Kat\u0131l\u0131m Bankas\u0131, Vefa \u0130la\u00e7, Videojet, Volvo Group, Wunder, Zoetis T\u00fcrkiye.<\/p>\n\n\n\n<p class=\"wp-block-paragraph\">Tohum Otizm Vakf\u0131, her y\u0131l maraton arac\u0131l\u0131\u011f\u0131yla otizmli \u00e7ocuklar\u0131n e\u011fitimine kaynak sa\u011flarken, toplumda fark\u0131ndal\u0131k olu\u015fturmay\u0131 da hedefliyor.<\/p>","protected":false},"excerpt":{"rendered":"<p>T\u00fcrkiye\u2019nin en geni\u015f kat\u0131l\u0131ml\u0131 spor etkinliklerinden biri olan T\u00fcrkiye \u0130\u015f Bankas\u0131 47. \u0130stanbul Maratonu, binlerce sporcuyu ve sivil toplum kurulu\u015funu ayn\u0131 hedefte bulu\u015fturdu. Tohum Otizm Vakf\u0131 ad\u0131na ko\u015fan Tohum G\u00fcne\u015fleri, bu y\u0131l da ad\u0131mlar\u0131n\u0131 otizmli \u00e7ocuklar\u0131n e\u011fitimi i\u00e7in att\u0131.<\/p>","protected":false},"author":1,"featured_media":8504,"comment_status":"open","ping_status":"open","sticky":false,"template":"","format":"standard","meta":{"footnotes":""},"categories":[1],"tags":[],"class_list":["post-8503","post","type-post","status-publish","format-standard","has-post-thumbnail","hentry","category-basin-odasi"],"yoast_head":"<!-- This site is optimized with the Yoast SEO Premium plugin v28.3 (Yoast SEO v28.3) - https:\/\/yoast.com\/product\/yoast-seo-premium-wordpress\/ -->\n<title>47. \u0130stanbul Maratonu\u2019nda Tohum Otizm Vakf\u0131 Ad\u0131na Ko\u015fan Tohum G\u00fcne\u015fleri Ad\u0131mlar\u0131n\u0131\u00a0 Otizmli \u00c7ocuklar\u0131n E\u011fitimi \u0130\u00e7in Att\u0131\u00a0 - Tohum Otizm Vakf\u0131 | Otizmin Tek \u00c7aresi E\u011fitim<\/title>\n<meta name=\"robots\" content=\"index, follow, max-snippet:-1, max-image-preview:large, max-video-preview:-1\" \/>\n<link rel=\"canonical\" href=\"https:\/\/wp1.sedaozcan.net.tr\/en\/47-istanbul-maratonunda-tohum-otizm-vakfi-adina-kosan-tohum-gunesleri-adimlarini-otizmli-cocuklarin-egitimi-icin-atti\/\" \/>\n<meta property=\"og:locale\" content=\"en_US\" \/>\n<meta property=\"og:type\" content=\"article\" \/>\n<meta property=\"og:title\" content=\"47. \u0130stanbul Maratonu\u2019nda Tohum Otizm Vakf\u0131 Ad\u0131na Ko\u015fan Tohum G\u00fcne\u015fleri Ad\u0131mlar\u0131n\u0131\u00a0 Otizmli \u00c7ocuklar\u0131n E\u011fitimi \u0130\u00e7in Att\u0131\u00a0\" \/>\n<meta property=\"og:description\" content=\"T\u00fcrkiye\u2019nin en geni\u015f kat\u0131l\u0131ml\u0131 spor etkinliklerinden biri olan T\u00fcrkiye \u0130\u015f Bankas\u0131 47. \u0130stanbul Maratonu, binlerce sporcuyu ve sivil toplum kurulu\u015funu ayn\u0131 hedefte bulu\u015fturdu. Tohum Otizm Vakf\u0131 ad\u0131na ko\u015fan Tohum G\u00fcne\u015fleri, bu y\u0131l da ad\u0131mlar\u0131n\u0131 otizmli \u00e7ocuklar\u0131n e\u011fitimi i\u00e7in att\u0131.\" \/>\n<meta property=\"og:url\" content=\"https:\/\/wp1.sedaozcan.net.tr\/en\/47-istanbul-maratonunda-tohum-otizm-vakfi-adina-kosan-tohum-gunesleri-adimlarini-otizmli-cocuklarin-egitimi-icin-atti\/\" \/>\n<meta property=\"og:site_name\" content=\"Tohum Otizm Vakf\u0131 | Otizmin Tek \u00c7aresi E\u011fitim\" \/>\n<meta property=\"article:published_time\" content=\"2026-05-11T15:06:33+00:00\" \/>\n<meta property=\"article:modified_time\" content=\"2026-08-06T10:52:40+00:00\" \/>\n<meta property=\"og:image\" content=\"https:\/\/wp1.sedaozcan.net.tr\/wp-content\/uploads\/2026\/05\/47.-Istanbul-Maratonu-Tohum-Otizm-Vakfi--scaled.jpg\" \/>\n\t<meta property=\"og:image:width\" content=\"2560\" \/>\n\t<meta property=\"og:image:height\" content=\"1440\" \/>\n\t<meta property=\"og:image:type\" content=\"image\/jpeg\" \/>\n<meta name=\"author\" content=\"Tohum Otizm\" \/>\n<meta name=\"twitter:card\" content=\"summary_large_image\" \/>\n<meta name=\"twitter:label1\" content=\"Written by\" \/>\n\t<meta name=\"twitter:data1\" content=\"Tohum Otizm\" \/>\n\t<meta name=\"twitter:label2\" content=\"Est. reading time\" \/>\n\t<meta name=\"twitter:data2\" content=\"3 minutes\" \/>\n<script type=\"application\/ld+json\" class=\"yoast-schema-graph\">{\"@context\":\"https:\\\/\\\/schema.org\",\"@graph\":[{\"@type\":\"Article\",\"@id\":\"https:\\\/\\\/wp1.sedaozcan.net.tr\\\/47-istanbul-maratonunda-tohum-otizm-vakfi-adina-kosan-tohum-gunesleri-adimlarini-otizmli-cocuklarin-egitimi-icin-atti\\\/#article\",\"isPartOf\":{\"@id\":\"https:\\\/\\\/wp1.sedaozcan.net.tr\\\/47-istanbul-maratonunda-tohum-otizm-vakfi-adina-kosan-tohum-gunesleri-adimlarini-otizmli-cocuklarin-egitimi-icin-atti\\\/\"},\"author\":{\"name\":\"Tohum Otizm\",\"@id\":\"https:\\\/\\\/wp1.sedaozcan.net.tr\\\/#\\\/schema\\\/person\\\/c2ea4120b58c7afcac902ba998b1091c\"},\"headline\":\"47. \u0130stanbul Maratonu\u2019nda Tohum Otizm Vakf\u0131 Ad\u0131na Ko\u015fan Tohum G\u00fcne\u015fleri Ad\u0131mlar\u0131n\u0131\u00a0 Otizmli \u00c7ocuklar\u0131n E\u011fitimi \u0130\u00e7in Att\u0131\u00a0\",\"datePublished\":\"2026-05-11T15:06:33+00:00\",\"dateModified\":\"2026-08-06T10:52:40+00:00\",\"mainEntityOfPage\":{\"@id\":\"https:\\\/\\\/wp1.sedaozcan.net.tr\\\/47-istanbul-maratonunda-tohum-otizm-vakfi-adina-kosan-tohum-gunesleri-adimlarini-otizmli-cocuklarin-egitimi-icin-atti\\\/\"},\"wordCount\":574,\"commentCount\":0,\"image\":{\"@id\":\"https:\\\/\\\/wp1.sedaozcan.net.tr\\\/47-istanbul-maratonunda-tohum-otizm-vakfi-adina-kosan-tohum-gunesleri-adimlarini-otizmli-cocuklarin-egitimi-icin-atti\\\/#primaryimage\"},\"thumbnailUrl\":\"https:\\\/\\\/wp1.sedaozcan.net.tr\\\/wp-content\\\/uploads\\\/2026\\\/05\\\/47.-Istanbul-Maratonu-Tohum-Otizm-Vakfi--scaled.jpg\",\"articleSection\":[\"Bas\u0131n Odas\u0131\"],\"inLanguage\":\"en-US\",\"potentialAction\":[{\"@type\":\"CommentAction\",\"name\":\"Comment\",\"target\":[\"https:\\\/\\\/wp1.sedaozcan.net.tr\\\/47-istanbul-maratonunda-tohum-otizm-vakfi-adina-kosan-tohum-gunesleri-adimlarini-otizmli-cocuklarin-egitimi-icin-atti\\\/#respond\"]}]},{\"@type\":\"WebPage\",\"@id\":\"https:\\\/\\\/wp1.sedaozcan.net.tr\\\/47-istanbul-maratonunda-tohum-otizm-vakfi-adina-kosan-tohum-gunesleri-adimlarini-otizmli-cocuklarin-egitimi-icin-atti\\\/\",\"url\":\"https:\\\/\\\/wp1.sedaozcan.net.tr\\\/47-istanbul-maratonunda-tohum-otizm-vakfi-adina-kosan-tohum-gunesleri-adimlarini-otizmli-cocuklarin-egitimi-icin-atti\\\/\",\"name\":\"47. \u0130stanbul Maratonu\u2019nda Tohum Otizm Vakf\u0131 Ad\u0131na Ko\u015fan Tohum G\u00fcne\u015fleri Ad\u0131mlar\u0131n\u0131\u00a0 Otizmli \u00c7ocuklar\u0131n E\u011fitimi \u0130\u00e7in Att\u0131\u00a0 - Tohum Otizm Vakf\u0131 | Otizmin Tek \u00c7aresi E\u011fitim\",\"isPartOf\":{\"@id\":\"https:\\\/\\\/wp1.sedaozcan.net.tr\\\/#website\"},\"primaryImageOfPage\":{\"@id\":\"https:\\\/\\\/wp1.sedaozcan.net.tr\\\/47-istanbul-maratonunda-tohum-otizm-vakfi-adina-kosan-tohum-gunesleri-adimlarini-otizmli-cocuklarin-egitimi-icin-atti\\\/#primaryimage\"},\"image\":{\"@id\":\"https:\\\/\\\/wp1.sedaozcan.net.tr\\\/47-istanbul-maratonunda-tohum-otizm-vakfi-adina-kosan-tohum-gunesleri-adimlarini-otizmli-cocuklarin-egitimi-icin-atti\\\/#primaryimage\"},\"thumbnailUrl\":\"https:\\\/\\\/wp1.sedaozcan.net.tr\\\/wp-content\\\/uploads\\\/2026\\\/05\\\/47.-Istanbul-Maratonu-Tohum-Otizm-Vakfi--scaled.jpg\",\"datePublished\":\"2026-05-11T15:06:33+00:00\",\"dateModified\":\"2026-08-06T10:52:40+00:00\",\"author\":{\"@id\":\"https:\\\/\\\/wp1.sedaozcan.net.tr\\\/#\\\/schema\\\/person\\\/c2ea4120b58c7afcac902ba998b1091c\"},\"breadcrumb\":{\"@id\":\"https:\\\/\\\/wp1.sedaozcan.net.tr\\\/47-istanbul-maratonunda-tohum-otizm-vakfi-adina-kosan-tohum-gunesleri-adimlarini-otizmli-cocuklarin-egitimi-icin-atti\\\/#breadcrumb\"},\"inLanguage\":\"en-US\",\"potentialAction\":[{\"@type\":\"ReadAction\",\"target\":[\"https:\\\/\\\/wp1.sedaozcan.net.tr\\\/47-istanbul-maratonunda-tohum-otizm-vakfi-adina-kosan-tohum-gunesleri-adimlarini-otizmli-cocuklarin-egitimi-icin-atti\\\/\"]}]},{\"@type\":\"ImageObject\",\"inLanguage\":\"en-US\",\"@id\":\"https:\\\/\\\/wp1.sedaozcan.net.tr\\\/47-istanbul-maratonunda-tohum-otizm-vakfi-adina-kosan-tohum-gunesleri-adimlarini-otizmli-cocuklarin-egitimi-icin-atti\\\/#primaryimage\",\"url\":\"https:\\\/\\\/wp1.sedaozcan.net.tr\\\/wp-content\\\/uploads\\\/2026\\\/05\\\/47.-Istanbul-Maratonu-Tohum-Otizm-Vakfi--scaled.jpg\",\"contentUrl\":\"https:\\\/\\\/wp1.sedaozcan.net.tr\\\/wp-content\\\/uploads\\\/2026\\\/05\\\/47.-Istanbul-Maratonu-Tohum-Otizm-Vakfi--scaled.jpg\",\"width\":2560,\"height\":1440,\"caption\":\"default\"},{\"@type\":\"BreadcrumbList\",\"@id\":\"https:\\\/\\\/wp1.sedaozcan.net.tr\\\/47-istanbul-maratonunda-tohum-otizm-vakfi-adina-kosan-tohum-gunesleri-adimlarini-otizmli-cocuklarin-egitimi-icin-atti\\\/#breadcrumb\",\"itemListElement\":[{\"@type\":\"ListItem\",\"position\":1,\"name\":\"Home\",\"item\":\"https:\\\/\\\/wp1.sedaozcan.net.tr\\\/\"},{\"@type\":\"ListItem\",\"position\":2,\"name\":\"47. \u0130stanbul Maratonu\u2019nda Tohum Otizm Vakf\u0131 Ad\u0131na Ko\u015fan Tohum G\u00fcne\u015fleri Ad\u0131mlar\u0131n\u0131\u00a0 Otizmli \u00c7ocuklar\u0131n E\u011fitimi \u0130\u00e7in Att\u0131\u00a0\"}]},{\"@type\":\"WebSite\",\"@id\":\"https:\\\/\\\/wp1.sedaozcan.net.tr\\\/#website\",\"url\":\"https:\\\/\\\/wp1.sedaozcan.net.tr\\\/\",\"name\":\"Tohum Otizm Vakf\u0131 | Otizmin Tek \u00c7aresi E\u011fitim\",\"description\":\"\",\"potentialAction\":[{\"@type\":\"SearchAction\",\"target\":{\"@type\":\"EntryPoint\",\"urlTemplate\":\"https:\\\/\\\/wp1.sedaozcan.net.tr\\\/?s={search_term_string}\"},\"query-input\":{\"@type\":\"PropertyValueSpecification\",\"valueRequired\":true,\"valueName\":\"search_term_string\"}}],\"inLanguage\":\"en-US\"},{\"@type\":\"Person\",\"@id\":\"https:\\\/\\\/wp1.sedaozcan.net.tr\\\/#\\\/schema\\\/person\\\/c2ea4120b58c7afcac902ba998b1091c\",\"name\":\"Tohum Otizm\",\"image\":{\"@type\":\"ImageObject\",\"inLanguage\":\"en-US\",\"@id\":\"https:\\\/\\\/secure.gravatar.com\\\/avatar\\\/99d08cded734486eef59dabce25065a85303e18d81311c4f5f2bbd3fed82f816?s=96&d=mm&r=g\",\"url\":\"https:\\\/\\\/secure.gravatar.com\\\/avatar\\\/99d08cded734486eef59dabce25065a85303e18d81311c4f5f2bbd3fed82f816?s=96&d=mm&r=g\",\"contentUrl\":\"https:\\\/\\\/secure.gravatar.com\\\/avatar\\\/99d08cded734486eef59dabce25065a85303e18d81311c4f5f2bbd3fed82f816?s=96&d=mm&r=g\",\"caption\":\"Tohum Otizm\"},\"sameAs\":[\"https:\\\/\\\/wp1.sedaozcan.net.tr\"],\"url\":\"https:\\\/\\\/wp1.sedaozcan.net.tr\\\/en\\\/author\\\/admin_3ewju0jt\\\/\"},{\"@type\":\"ImageObject\",\"inLanguage\":\"en-US\",\"@id\":\"https:\\\/\\\/wp1.sedaozcan.net.tr\\\/47-istanbul-maratonunda-tohum-otizm-vakfi-adina-kosan-tohum-gunesleri-adimlarini-otizmli-cocuklarin-egitimi-icin-atti\\\/#local-main-organization-logo\",\"url\":\"\",\"contentUrl\":\"\",\"caption\":\"Tohum Otizm Vakf\u0131 | Otizmin Tek \u00c7aresi E\u011fitim\"}]}<\/script>\n<!-- \/ Yoast SEO Premium plugin. -->","yoast_head_json":{"title":"47. \u0130stanbul Maratonu\u2019nda Tohum Otizm Vakf\u0131 Ad\u0131na Ko\u015fan Tohum G\u00fcne\u015fleri Ad\u0131mlar\u0131n\u0131\u00a0 Otizmli \u00c7ocuklar\u0131n E\u011fitimi \u0130\u00e7in Att\u0131\u00a0 - Tohum Otizm Vakf\u0131 | Otizmin Tek \u00c7aresi E\u011fitim","robots":{"index":"index","follow":"follow","max-snippet":"max-snippet:-1","max-image-preview":"max-image-preview:large","max-video-preview":"max-video-preview:-1"},"canonical":"https:\/\/wp1.sedaozcan.net.tr\/en\/47-istanbul-maratonunda-tohum-otizm-vakfi-adina-kosan-tohum-gunesleri-adimlarini-otizmli-cocuklarin-egitimi-icin-atti\/","og_locale":"en_US","og_type":"article","og_title":"47. \u0130stanbul Maratonu\u2019nda Tohum Otizm Vakf\u0131 Ad\u0131na Ko\u015fan Tohum G\u00fcne\u015fleri Ad\u0131mlar\u0131n\u0131\u00a0 Otizmli \u00c7ocuklar\u0131n E\u011fitimi \u0130\u00e7in Att\u0131\u00a0","og_description":"T\u00fcrkiye\u2019nin en geni\u015f kat\u0131l\u0131ml\u0131 spor etkinliklerinden biri olan T\u00fcrkiye \u0130\u015f Bankas\u0131 47. \u0130stanbul Maratonu, binlerce sporcuyu ve sivil toplum kurulu\u015funu ayn\u0131 hedefte bulu\u015fturdu. Tohum Otizm Vakf\u0131 ad\u0131na ko\u015fan Tohum G\u00fcne\u015fleri, bu y\u0131l da ad\u0131mlar\u0131n\u0131 otizmli \u00e7ocuklar\u0131n e\u011fitimi i\u00e7in att\u0131.","og_url":"https:\/\/wp1.sedaozcan.net.tr\/en\/47-istanbul-maratonunda-tohum-otizm-vakfi-adina-kosan-tohum-gunesleri-adimlarini-otizmli-cocuklarin-egitimi-icin-atti\/","og_site_name":"Tohum Otizm Vakf\u0131 | Otizmin Tek \u00c7aresi E\u011fitim","article_published_time":"2026-05-11T15:06:33+00:00","article_modified_time":"2026-08-06T10:52:40+00:00","og_image":[{"width":2560,"height":1440,"url":"https:\/\/wp1.sedaozcan.net.tr\/wp-content\/uploads\/2026\/05\/47.-Istanbul-Maratonu-Tohum-Otizm-Vakfi--scaled.jpg","type":"image\/jpeg"}],"author":"Tohum Otizm","twitter_card":"summary_large_image","twitter_misc":{"Written by":"Tohum Otizm","Est. reading time":"3 minutes"},"schema":{"@context":"https:\/\/schema.org","@graph":[{"@type":"Article","@id":"https:\/\/wp1.sedaozcan.net.tr\/47-istanbul-maratonunda-tohum-otizm-vakfi-adina-kosan-tohum-gunesleri-adimlarini-otizmli-cocuklarin-egitimi-icin-atti\/#article","isPartOf":{"@id":"https:\/\/wp1.sedaozcan.net.tr\/47-istanbul-maratonunda-tohum-otizm-vakfi-adina-kosan-tohum-gunesleri-adimlarini-otizmli-cocuklarin-egitimi-icin-atti\/"},"author":{"name":"Tohum Otizm","@id":"https:\/\/wp1.sedaozcan.net.tr\/#\/schema\/person\/c2ea4120b58c7afcac902ba998b1091c"},"headline":"47. \u0130stanbul Maratonu\u2019nda Tohum Otizm Vakf\u0131 Ad\u0131na Ko\u015fan Tohum G\u00fcne\u015fleri Ad\u0131mlar\u0131n\u0131\u00a0 Otizmli \u00c7ocuklar\u0131n E\u011fitimi \u0130\u00e7in Att\u0131\u00a0","datePublished":"2026-05-11T15:06:33+00:00","dateModified":"2026-08-06T10:52:40+00:00","mainEntityOfPage":{"@id":"https:\/\/wp1.sedaozcan.net.tr\/47-istanbul-maratonunda-tohum-otizm-vakfi-adina-kosan-tohum-gunesleri-adimlarini-otizmli-cocuklarin-egitimi-icin-atti\/"},"wordCount":574,"commentCount":0,"image":{"@id":"https:\/\/wp1.sedaozcan.net.tr\/47-istanbul-maratonunda-tohum-otizm-vakfi-adina-kosan-tohum-gunesleri-adimlarini-otizmli-cocuklarin-egitimi-icin-atti\/#primaryimage"},"thumbnailUrl":"https:\/\/wp1.sedaozcan.net.tr\/wp-content\/uploads\/2026\/05\/47.-Istanbul-Maratonu-Tohum-Otizm-Vakfi--scaled.jpg","articleSection":["Bas\u0131n Odas\u0131"],"inLanguage":"en-US","potentialAction":[{"@type":"CommentAction","name":"Comment","target":["https:\/\/wp1.sedaozcan.net.tr\/47-istanbul-maratonunda-tohum-otizm-vakfi-adina-kosan-tohum-gunesleri-adimlarini-otizmli-cocuklarin-egitimi-icin-atti\/#respond"]}]},{"@type":"WebPage","@id":"https:\/\/wp1.sedaozcan.net.tr\/47-istanbul-maratonunda-tohum-otizm-vakfi-adina-kosan-tohum-gunesleri-adimlarini-otizmli-cocuklarin-egitimi-icin-atti\/","url":"https:\/\/wp1.sedaozcan.net.tr\/47-istanbul-maratonunda-tohum-otizm-vakfi-adina-kosan-tohum-gunesleri-adimlarini-otizmli-cocuklarin-egitimi-icin-atti\/","name":"47. \u0130stanbul Maratonu\u2019nda Tohum Otizm Vakf\u0131 Ad\u0131na Ko\u015fan Tohum G\u00fcne\u015fleri Ad\u0131mlar\u0131n\u0131\u00a0 Otizmli \u00c7ocuklar\u0131n E\u011fitimi \u0130\u00e7in Att\u0131\u00a0 - Tohum Otizm Vakf\u0131 | Otizmin Tek \u00c7aresi E\u011fitim","isPartOf":{"@id":"https:\/\/wp1.sedaozcan.net.tr\/#website"},"primaryImageOfPage":{"@id":"https:\/\/wp1.sedaozcan.net.tr\/47-istanbul-maratonunda-tohum-otizm-vakfi-adina-kosan-tohum-gunesleri-adimlarini-otizmli-cocuklarin-egitimi-icin-atti\/#primaryimage"},"image":{"@id":"https:\/\/wp1.sedaozcan.net.tr\/47-istanbul-maratonunda-tohum-otizm-vakfi-adina-kosan-tohum-gunesleri-adimlarini-otizmli-cocuklarin-egitimi-icin-atti\/#primaryimage"},"thumbnailUrl":"https:\/\/wp1.sedaozcan.net.tr\/wp-content\/uploads\/2026\/05\/47.-Istanbul-Maratonu-Tohum-Otizm-Vakfi--scaled.jpg","datePublished":"2026-05-11T15:06:33+00:00","dateModified":"2026-08-06T10:52:40+00:00","author":{"@id":"https:\/\/wp1.sedaozcan.net.tr\/#\/schema\/person\/c2ea4120b58c7afcac902ba998b1091c"},"breadcrumb":{"@id":"https:\/\/wp1.sedaozcan.net.tr\/47-istanbul-maratonunda-tohum-otizm-vakfi-adina-kosan-tohum-gunesleri-adimlarini-otizmli-cocuklarin-egitimi-icin-atti\/#breadcrumb"},"inLanguage":"en-US","potentialAction":[{"@type":"ReadAction","target":["https:\/\/wp1.sedaozcan.net.tr\/47-istanbul-maratonunda-tohum-otizm-vakfi-adina-kosan-tohum-gunesleri-adimlarini-otizmli-cocuklarin-egitimi-icin-atti\/"]}]},{"@type":"ImageObject","inLanguage":"en-US","@id":"https:\/\/wp1.sedaozcan.net.tr\/47-istanbul-maratonunda-tohum-otizm-vakfi-adina-kosan-tohum-gunesleri-adimlarini-otizmli-cocuklarin-egitimi-icin-atti\/#primaryimage","url":"https:\/\/wp1.sedaozcan.net.tr\/wp-content\/uploads\/2026\/05\/47.-Istanbul-Maratonu-Tohum-Otizm-Vakfi--scaled.jpg","contentUrl":"https:\/\/wp1.sedaozcan.net.tr\/wp-content\/uploads\/2026\/05\/47.-Istanbul-Maratonu-Tohum-Otizm-Vakfi--scaled.jpg","width":2560,"height":1440,"caption":"default"},{"@type":"BreadcrumbList","@id":"https:\/\/wp1.sedaozcan.net.tr\/47-istanbul-maratonunda-tohum-otizm-vakfi-adina-kosan-tohum-gunesleri-adimlarini-otizmli-cocuklarin-egitimi-icin-atti\/#breadcrumb","itemListElement":[{"@type":"ListItem","position":1,"name":"Home","item":"https:\/\/wp1.sedaozcan.net.tr\/"},{"@type":"ListItem","position":2,"name":"47. \u0130stanbul Maratonu\u2019nda Tohum Otizm Vakf\u0131 Ad\u0131na Ko\u015fan Tohum G\u00fcne\u015fleri Ad\u0131mlar\u0131n\u0131\u00a0 Otizmli \u00c7ocuklar\u0131n E\u011fitimi \u0130\u00e7in Att\u0131\u00a0"}]},{"@type":"WebSite","@id":"https:\/\/wp1.sedaozcan.net.tr\/#website","url":"https:\/\/wp1.sedaozcan.net.tr\/","name":"Tohum Autism Foundation | The Only Remedy for Autism is Education","description":"","potentialAction":[{"@type":"SearchAction","target":{"@type":"EntryPoint","urlTemplate":"https:\/\/wp1.sedaozcan.net.tr\/?s={search_term_string}"},"query-input":{"@type":"PropertyValueSpecification","valueRequired":true,"valueName":"search_term_string"}}],"inLanguage":"en-US"},{"@type":"Person","@id":"https:\/\/wp1.sedaozcan.net.tr\/#\/schema\/person\/c2ea4120b58c7afcac902ba998b1091c","name":"Tohum Otizm","image":{"@type":"ImageObject","inLanguage":"en-US","@id":"https:\/\/secure.gravatar.com\/avatar\/99d08cded734486eef59dabce25065a85303e18d81311c4f5f2bbd3fed82f816?s=96&d=mm&r=g","url":"https:\/\/secure.gravatar.com\/avatar\/99d08cded734486eef59dabce25065a85303e18d81311c4f5f2bbd3fed82f816?s=96&d=mm&r=g","contentUrl":"https:\/\/secure.gravatar.com\/avatar\/99d08cded734486eef59dabce25065a85303e18d81311c4f5f2bbd3fed82f816?s=96&d=mm&r=g","caption":"Tohum Otizm"},"sameAs":["https:\/\/wp1.sedaozcan.net.tr"],"url":"https:\/\/wp1.sedaozcan.net.tr\/en\/author\/admin_3ewju0jt\/"},{"@type":"ImageObject","inLanguage":"en-US","@id":"https:\/\/wp1.sedaozcan.net.tr\/47-istanbul-maratonunda-tohum-otizm-vakfi-adina-kosan-tohum-gunesleri-adimlarini-otizmli-cocuklarin-egitimi-icin-atti\/#local-main-organization-logo","url":"","contentUrl":"","caption":"Tohum Otizm Vakf\u0131 | Otizmin Tek \u00c7aresi E\u011fitim"}]}},"_links":{"self":[{"href":"https:\/\/wp1.sedaozcan.net.tr\/en\/wp-json\/wp\/v2\/posts\/8503","targetHints":{"allow":["GET"]}}],"collection":[{"href":"https:\/\/wp1.sedaozcan.net.tr\/en\/wp-json\/wp\/v2\/posts"}],"about":[{"href":"https:\/\/wp1.sedaozcan.net.tr\/en\/wp-json\/wp\/v2\/types\/post"}],"author":[{"embeddable":true,"href":"https:\/\/wp1.sedaozcan.net.tr\/en\/wp-json\/wp\/v2\/users\/1"}],"replies":[{"embeddable":true,"href":"https:\/\/wp1.sedaozcan.net.tr\/en\/wp-json\/wp\/v2\/comments?post=8503"}],"version-history":[{"count":2,"href":"https:\/\/wp1.sedaozcan.net.tr\/en\/wp-json\/wp\/v2\/posts\/8503\/revisions"}],"predecessor-version":[{"id":9579,"href":"https:\/\/wp1.sedaozcan.net.tr\/en\/wp-json\/wp\/v2\/posts\/8503\/revisions\/9579"}],"wp:featuredmedia":[{"embeddable":true,"href":"https:\/\/wp1.sedaozcan.net.tr\/en\/wp-json\/wp\/v2\/media\/8504"}],"wp:attachment":[{"href":"https:\/\/wp1.sedaozcan.net.tr\/en\/wp-json\/wp\/v2\/media?parent=8503"}],"wp:term":[{"taxonomy":"category","embeddable":true,"href":"https:\/\/wp1.sedaozcan.net.tr\/en\/wp-json\/wp\/v2\/categories?post=8503"},{"taxonomy":"post_tag","embeddable":true,"href":"https:\/\/wp1.sedaozcan.net.tr\/en\/wp-json\/wp\/v2\/tags?post=8503"}],"curies":[{"name":"wp","href":"https:\/\/api.w.org\/{rel}","templated":true}]}}