{"id":8500,"date":"2026-05-11T17:05:24","date_gmt":"2026-05-11T15:05:24","guid":{"rendered":"https:\/\/wp1.sedaozcan.net.tr\/?p=8500"},"modified":"2026-08-06T12:53:59","modified_gmt":"2026-08-06T10:53:59","slug":"tohum-otizm-vakfi-egitim-kurumlarindan-duygu-dolu-yil-sonu-gosterisi","status":"publish","type":"post","link":"https:\/\/wp1.sedaozcan.net.tr\/en\/tohum-otizm-vakfi-egitim-kurumlarindan-duygu-dolu-yil-sonu-gosterisi\/","title":{"rendered":"Tohum Otizm Vakf\u0131 E\u011fitim Kurumlar\u0131\u2019ndan Duygu Dolu Y\u0131l Sonu G\u00f6sterisi"},"content":{"rendered":"<p class=\"wp-block-paragraph\"><strong>BASIN B\u00dcLTEN\u0130 &nbsp; &nbsp; &nbsp; &nbsp; &nbsp; &nbsp; &nbsp; &nbsp; &nbsp; &nbsp; &nbsp; 17 Haziran 2025<\/strong><\/p>\n\n\n\n<p class=\"wp-block-paragraph\"><strong>Tohum Otizm Vakf\u0131 E\u011fitim Kurumlar\u0131\u2019ndan Duygu Dolu Y\u0131l Sonu G\u00f6sterisi<\/strong><\/p>\n\n\n\n<p class=\"wp-block-paragraph\"><strong>B\u00fcy\u00fck emekle haz\u0131rlanan \u00f6\u011frenciler t\u00fcm izleyenleri gururland\u0131rd\u0131<\/strong><\/p>\n\n\n\n<p class=\"wp-block-paragraph\">Tohum Otizm Vakf\u0131 E\u011fitim Kurumlar\u0131, 13 Haziran 2025 Cuma g\u00fcn\u00fc geleneksel hale gelen Y\u0131l Sonu G\u00f6sterisi ile bir d\u00f6nemi daha co\u015fku i\u00e7inde tamamlad\u0131.<\/p>\n\n\n\n<p class=\"wp-block-paragraph\">2003 y\u0131l\u0131ndan bu yana faaliyet g\u00f6steren, otizmli \u00e7ocuklar\u0131n erken ya\u015flarda tan\u0131 almalar\u0131 ve onlar i\u00e7in bireysel olarak haz\u0131rlanan e\u011fitim programlar\u0131ndan yararlanabilmeleri amac\u0131yla \u00e7al\u0131\u015fmalar\u0131n\u0131 s\u00fcrd\u00fcren Tohum Otizm Vakf\u0131 taraf\u0131ndan kurulan Tohum Otizm Vakf\u0131 E\u011fitim Kurumlar\u0131\u2019n\u0131n \u015ei\u015fli\u2019deki okul yerle\u015fkesinde ger\u00e7ekle\u015fen bu \u00f6zel etkinlik, \u00f6\u011frenciler, veliler, mezunlar, \u00f6\u011fretmenler, vak\u0131f \u00e7al\u0131\u015fanlar\u0131 ile \u00f6zel e\u011fitime g\u00f6n\u00fcl vermi\u015f t\u00fcm payda\u015flar\u0131 bir araya getirerek unutulmaz anlara sahne oldu.<\/p>\n\n\n\n<p class=\"wp-block-paragraph\">Bir \u00f6\u011frencinin de ortaokula ge\u00e7i\u015f t\u00f6reninin yer ald\u0131\u011f\u0131, b\u00fcy\u00fck emekle hayata ge\u00e7irilen etkinlikte, destek e\u011fitim birimi ve okul \u00f6\u011frencilerinden olu\u015fan gruplar; dans, ritim, piyano, \u015fiir ve \u015fark\u0131 performanslar\u0131yla sahnede izleyicilerle bulu\u015ftu.&nbsp;<\/p>\n\n\n\n<p class=\"wp-block-paragraph\">Bu anlaml\u0131 etkinlikte bulu\u015fman\u0131n gururunu ya\u015fad\u0131klar\u0131n\u0131 belirten Tohum Otizm Vakf\u0131 Genel M\u00fcd\u00fcr\u00fc Bur\u00e7ak Karakaya \u015funlar\u0131 s\u00f6yledi: \u201cY\u0131l boyunca yo\u011fun bir e\u011fitim s\u00fcrecinden ge\u00e7en \u00f6\u011frencilerimizin geli\u015fimini g\u00f6rmek, onlar\u0131n sahnede g\u00f6sterdikleri ba\u015far\u0131ya tan\u0131kl\u0131k etmek bizler i\u00e7in b\u00fcy\u00fck bir gurur kayna\u011f\u0131. Bu g\u00f6steri, yaln\u0131zca bir y\u0131l sonu etkinli\u011fi de\u011fil; ayn\u0131 zamanda her bireyin potansiyeline inand\u0131\u011f\u0131m\u0131z\u0131n, umutla \u00e7al\u0131\u015fmaya devam etti\u011fimizin bir kan\u0131t\u0131, sahneye \u00e7\u0131kan t\u00fcm \u00f6\u011frencilerimiz, bu inanc\u0131n ve eme\u011fin somut birer \u00f6rne\u011fidir.\u201d<\/p>\n\n\n\n<p class=\"wp-block-paragraph\">\u0130stanbul \u0130l Milli E\u011fitim M\u00fcd\u00fcr\u00fc Murat M\u00fccahit Yent\u00fcr, \u0130l Milli E\u011fitim M\u00fcd\u00fcr Yard\u0131mc\u0131s\u0131 G\u00fcl\u015fen \u00d6zer, \u015ei\u015fli \u0130l\u00e7e Milli E\u011fitim M\u00fcd\u00fcr\u00fc Sevgi Y\u00fccel, \u015ei\u015fli \u0130l\u00e7e Milli E\u011fitim \u00d6zel E\u011fitim \u015eube M\u00fcd\u00fcr\u00fc Mehmet Y\u0131ld\u0131z ve Tohum Otizm Vakf\u0131 Ba\u015fkan\u0131 Aylin Sezgin\u2019in de kat\u0131l\u0131m g\u00f6sterdi\u011fi etkinlikte; \u0130stanbul \u0130l ve \u0130l\u00e7e Milli E\u011fitim M\u00fcd\u00fcrl\u00fcklerinden yetkililer, vakf\u0131n kurumsal destek\u00e7ileri de yer ald\u0131. Etkinlik, t\u00fcm \u00f6\u011frencilerin ve e\u011fitimcilerin sahnede bir araya geldi\u011fi co\u015fkulu anlarla sona erdi.<\/p>","protected":false},"excerpt":{"rendered":"<p>2003 y\u0131l\u0131ndan bu yana faaliyet g\u00f6steren, otizmli \u00e7ocuklar\u0131n erken ya\u015flarda tan\u0131 almalar\u0131 ve onlar i\u00e7in bireysel olarak haz\u0131rlanan e\u011fitim programlar\u0131ndan yararlanabilmeleri amac\u0131yla \u00e7al\u0131\u015fmalar\u0131n\u0131 s\u00fcrd\u00fcren Tohum Otizm Vakf\u0131 taraf\u0131ndan kurulan Tohum Otizm Vakf\u0131 E\u011fitim Kurumlar\u0131\u2019n\u0131n \u015ei\u015fli\u2019deki okul yerle\u015fkesinde ger\u00e7ekle\u015fen bu \u00f6zel etkinlik, \u00f6\u011frenciler, veliler, mezunlar, \u00f6\u011fretmenler, vak\u0131f \u00e7al\u0131\u015fanlar\u0131 ile \u00f6zel e\u011fitime g\u00f6n\u00fcl vermi\u015f t\u00fcm payda\u015flar\u0131 bir araya getirerek unutulmaz anlara sahne oldu.<\/p>","protected":false},"author":1,"featured_media":8501,"comment_status":"open","ping_status":"open","sticky":false,"template":"","format":"standard","meta":{"footnotes":""},"categories":[1],"tags":[],"class_list":["post-8500","post","type-post","status-publish","format-standard","has-post-thumbnail","hentry","category-basin-odasi"],"yoast_head":"<!-- This site is optimized with the Yoast SEO Premium plugin v28.3 (Yoast SEO v28.3) - https:\/\/yoast.com\/product\/yoast-seo-premium-wordpress\/ -->\n<title>Tohum Otizm Vakf\u0131 E\u011fitim Kurumlar\u0131\u2019ndan Duygu Dolu Y\u0131l Sonu G\u00f6sterisi - Tohum Otizm Vakf\u0131 | Otizmin Tek \u00c7aresi E\u011fitim<\/title>\n<meta name=\"robots\" content=\"index, follow, max-snippet:-1, max-image-preview:large, max-video-preview:-1\" \/>\n<link rel=\"canonical\" href=\"https:\/\/wp1.sedaozcan.net.tr\/en\/tohum-otizm-vakfi-egitim-kurumlarindan-duygu-dolu-yil-sonu-gosterisi\/\" \/>\n<meta property=\"og:locale\" content=\"en_US\" \/>\n<meta property=\"og:type\" content=\"article\" \/>\n<meta property=\"og:title\" content=\"Tohum Otizm Vakf\u0131 E\u011fitim Kurumlar\u0131\u2019ndan Duygu Dolu Y\u0131l Sonu G\u00f6sterisi\" \/>\n<meta property=\"og:description\" content=\"2003 y\u0131l\u0131ndan bu yana faaliyet g\u00f6steren, otizmli \u00e7ocuklar\u0131n erken ya\u015flarda tan\u0131 almalar\u0131 ve onlar i\u00e7in bireysel olarak haz\u0131rlanan e\u011fitim programlar\u0131ndan yararlanabilmeleri amac\u0131yla \u00e7al\u0131\u015fmalar\u0131n\u0131 s\u00fcrd\u00fcren Tohum Otizm Vakf\u0131 taraf\u0131ndan kurulan Tohum Otizm Vakf\u0131 E\u011fitim Kurumlar\u0131\u2019n\u0131n \u015ei\u015fli\u2019deki okul yerle\u015fkesinde ger\u00e7ekle\u015fen bu \u00f6zel etkinlik, \u00f6\u011frenciler, veliler, mezunlar, \u00f6\u011fretmenler, vak\u0131f \u00e7al\u0131\u015fanlar\u0131 ile \u00f6zel e\u011fitime g\u00f6n\u00fcl vermi\u015f t\u00fcm payda\u015flar\u0131 bir araya getirerek unutulmaz anlara sahne oldu.\" \/>\n<meta property=\"og:url\" content=\"https:\/\/wp1.sedaozcan.net.tr\/en\/tohum-otizm-vakfi-egitim-kurumlarindan-duygu-dolu-yil-sonu-gosterisi\/\" \/>\n<meta property=\"og:site_name\" content=\"Tohum Otizm Vakf\u0131 | Otizmin Tek \u00c7aresi E\u011fitim\" \/>\n<meta property=\"article:published_time\" content=\"2026-05-11T15:05:24+00:00\" \/>\n<meta property=\"article:modified_time\" content=\"2026-08-06T10:53:59+00:00\" \/>\n<meta property=\"og:image\" content=\"https:\/\/wp1.sedaozcan.net.tr\/wp-content\/uploads\/2026\/05\/Gorsel_1-1-scaled.jpg\" \/>\n\t<meta property=\"og:image:width\" content=\"2560\" \/>\n\t<meta property=\"og:image:height\" content=\"1592\" \/>\n\t<meta property=\"og:image:type\" content=\"image\/jpeg\" \/>\n<meta name=\"author\" content=\"Tohum Otizm\" \/>\n<meta name=\"twitter:card\" content=\"summary_large_image\" \/>\n<meta name=\"twitter:label1\" content=\"Written by\" \/>\n\t<meta name=\"twitter:data1\" content=\"Tohum Otizm\" \/>\n\t<meta name=\"twitter:label2\" content=\"Est. reading time\" \/>\n\t<meta name=\"twitter:data2\" content=\"2 minutes\" \/>\n<script type=\"application\/ld+json\" class=\"yoast-schema-graph\">{\"@context\":\"https:\\\/\\\/schema.org\",\"@graph\":[{\"@type\":\"Article\",\"@id\":\"https:\\\/\\\/wp1.sedaozcan.net.tr\\\/tohum-otizm-vakfi-egitim-kurumlarindan-duygu-dolu-yil-sonu-gosterisi\\\/#article\",\"isPartOf\":{\"@id\":\"https:\\\/\\\/wp1.sedaozcan.net.tr\\\/tohum-otizm-vakfi-egitim-kurumlarindan-duygu-dolu-yil-sonu-gosterisi\\\/\"},\"author\":{\"name\":\"Tohum Otizm\",\"@id\":\"https:\\\/\\\/wp1.sedaozcan.net.tr\\\/#\\\/schema\\\/person\\\/c2ea4120b58c7afcac902ba998b1091c\"},\"headline\":\"Tohum Otizm Vakf\u0131 E\u011fitim Kurumlar\u0131\u2019ndan Duygu Dolu Y\u0131l Sonu G\u00f6sterisi\",\"datePublished\":\"2026-05-11T15:05:24+00:00\",\"dateModified\":\"2026-08-06T10:53:59+00:00\",\"mainEntityOfPage\":{\"@id\":\"https:\\\/\\\/wp1.sedaozcan.net.tr\\\/tohum-otizm-vakfi-egitim-kurumlarindan-duygu-dolu-yil-sonu-gosterisi\\\/\"},\"wordCount\":436,\"commentCount\":0,\"image\":{\"@id\":\"https:\\\/\\\/wp1.sedaozcan.net.tr\\\/tohum-otizm-vakfi-egitim-kurumlarindan-duygu-dolu-yil-sonu-gosterisi\\\/#primaryimage\"},\"thumbnailUrl\":\"https:\\\/\\\/wp1.sedaozcan.net.tr\\\/wp-content\\\/uploads\\\/2026\\\/05\\\/Gorsel_1-1-scaled.jpg\",\"articleSection\":[\"Bas\u0131n Odas\u0131\"],\"inLanguage\":\"en-US\",\"potentialAction\":[{\"@type\":\"CommentAction\",\"name\":\"Comment\",\"target\":[\"https:\\\/\\\/wp1.sedaozcan.net.tr\\\/tohum-otizm-vakfi-egitim-kurumlarindan-duygu-dolu-yil-sonu-gosterisi\\\/#respond\"]}]},{\"@type\":\"WebPage\",\"@id\":\"https:\\\/\\\/wp1.sedaozcan.net.tr\\\/tohum-otizm-vakfi-egitim-kurumlarindan-duygu-dolu-yil-sonu-gosterisi\\\/\",\"url\":\"https:\\\/\\\/wp1.sedaozcan.net.tr\\\/tohum-otizm-vakfi-egitim-kurumlarindan-duygu-dolu-yil-sonu-gosterisi\\\/\",\"name\":\"Tohum Otizm Vakf\u0131 E\u011fitim Kurumlar\u0131\u2019ndan Duygu Dolu Y\u0131l Sonu G\u00f6sterisi - Tohum Otizm Vakf\u0131 | Otizmin Tek \u00c7aresi E\u011fitim\",\"isPartOf\":{\"@id\":\"https:\\\/\\\/wp1.sedaozcan.net.tr\\\/#website\"},\"primaryImageOfPage\":{\"@id\":\"https:\\\/\\\/wp1.sedaozcan.net.tr\\\/tohum-otizm-vakfi-egitim-kurumlarindan-duygu-dolu-yil-sonu-gosterisi\\\/#primaryimage\"},\"image\":{\"@id\":\"https:\\\/\\\/wp1.sedaozcan.net.tr\\\/tohum-otizm-vakfi-egitim-kurumlarindan-duygu-dolu-yil-sonu-gosterisi\\\/#primaryimage\"},\"thumbnailUrl\":\"https:\\\/\\\/wp1.sedaozcan.net.tr\\\/wp-content\\\/uploads\\\/2026\\\/05\\\/Gorsel_1-1-scaled.jpg\",\"datePublished\":\"2026-05-11T15:05:24+00:00\",\"dateModified\":\"2026-08-06T10:53:59+00:00\",\"author\":{\"@id\":\"https:\\\/\\\/wp1.sedaozcan.net.tr\\\/#\\\/schema\\\/person\\\/c2ea4120b58c7afcac902ba998b1091c\"},\"breadcrumb\":{\"@id\":\"https:\\\/\\\/wp1.sedaozcan.net.tr\\\/tohum-otizm-vakfi-egitim-kurumlarindan-duygu-dolu-yil-sonu-gosterisi\\\/#breadcrumb\"},\"inLanguage\":\"en-US\",\"potentialAction\":[{\"@type\":\"ReadAction\",\"target\":[\"https:\\\/\\\/wp1.sedaozcan.net.tr\\\/tohum-otizm-vakfi-egitim-kurumlarindan-duygu-dolu-yil-sonu-gosterisi\\\/\"]}]},{\"@type\":\"ImageObject\",\"inLanguage\":\"en-US\",\"@id\":\"https:\\\/\\\/wp1.sedaozcan.net.tr\\\/tohum-otizm-vakfi-egitim-kurumlarindan-duygu-dolu-yil-sonu-gosterisi\\\/#primaryimage\",\"url\":\"https:\\\/\\\/wp1.sedaozcan.net.tr\\\/wp-content\\\/uploads\\\/2026\\\/05\\\/Gorsel_1-1-scaled.jpg\",\"contentUrl\":\"https:\\\/\\\/wp1.sedaozcan.net.tr\\\/wp-content\\\/uploads\\\/2026\\\/05\\\/Gorsel_1-1-scaled.jpg\",\"width\":2560,\"height\":1592},{\"@type\":\"BreadcrumbList\",\"@id\":\"https:\\\/\\\/wp1.sedaozcan.net.tr\\\/tohum-otizm-vakfi-egitim-kurumlarindan-duygu-dolu-yil-sonu-gosterisi\\\/#breadcrumb\",\"itemListElement\":[{\"@type\":\"ListItem\",\"position\":1,\"name\":\"Home\",\"item\":\"https:\\\/\\\/wp1.sedaozcan.net.tr\\\/\"},{\"@type\":\"ListItem\",\"position\":2,\"name\":\"Tohum Otizm Vakf\u0131 E\u011fitim Kurumlar\u0131\u2019ndan Duygu Dolu Y\u0131l Sonu G\u00f6sterisi\"}]},{\"@type\":\"WebSite\",\"@id\":\"https:\\\/\\\/wp1.sedaozcan.net.tr\\\/#website\",\"url\":\"https:\\\/\\\/wp1.sedaozcan.net.tr\\\/\",\"name\":\"Tohum Otizm Vakf\u0131 | Otizmin Tek \u00c7aresi E\u011fitim\",\"description\":\"\",\"potentialAction\":[{\"@type\":\"SearchAction\",\"target\":{\"@type\":\"EntryPoint\",\"urlTemplate\":\"https:\\\/\\\/wp1.sedaozcan.net.tr\\\/?s={search_term_string}\"},\"query-input\":{\"@type\":\"PropertyValueSpecification\",\"valueRequired\":true,\"valueName\":\"search_term_string\"}}],\"inLanguage\":\"en-US\"},{\"@type\":\"Person\",\"@id\":\"https:\\\/\\\/wp1.sedaozcan.net.tr\\\/#\\\/schema\\\/person\\\/c2ea4120b58c7afcac902ba998b1091c\",\"name\":\"Tohum Otizm\",\"image\":{\"@type\":\"ImageObject\",\"inLanguage\":\"en-US\",\"@id\":\"https:\\\/\\\/secure.gravatar.com\\\/avatar\\\/99d08cded734486eef59dabce25065a85303e18d81311c4f5f2bbd3fed82f816?s=96&d=mm&r=g\",\"url\":\"https:\\\/\\\/secure.gravatar.com\\\/avatar\\\/99d08cded734486eef59dabce25065a85303e18d81311c4f5f2bbd3fed82f816?s=96&d=mm&r=g\",\"contentUrl\":\"https:\\\/\\\/secure.gravatar.com\\\/avatar\\\/99d08cded734486eef59dabce25065a85303e18d81311c4f5f2bbd3fed82f816?s=96&d=mm&r=g\",\"caption\":\"Tohum Otizm\"},\"sameAs\":[\"https:\\\/\\\/wp1.sedaozcan.net.tr\"],\"url\":\"https:\\\/\\\/wp1.sedaozcan.net.tr\\\/en\\\/author\\\/admin_3ewju0jt\\\/\"},{\"@type\":\"ImageObject\",\"inLanguage\":\"en-US\",\"@id\":\"https:\\\/\\\/wp1.sedaozcan.net.tr\\\/tohum-otizm-vakfi-egitim-kurumlarindan-duygu-dolu-yil-sonu-gosterisi\\\/#local-main-organization-logo\",\"url\":\"\",\"contentUrl\":\"\",\"caption\":\"Tohum Otizm Vakf\u0131 | Otizmin Tek \u00c7aresi E\u011fitim\"}]}<\/script>\n<!-- \/ Yoast SEO Premium plugin. -->","yoast_head_json":{"title":"Tohum Otizm Vakf\u0131 E\u011fitim Kurumlar\u0131\u2019ndan Duygu Dolu Y\u0131l Sonu G\u00f6sterisi - Tohum Otizm Vakf\u0131 | Otizmin Tek \u00c7aresi E\u011fitim","robots":{"index":"index","follow":"follow","max-snippet":"max-snippet:-1","max-image-preview":"max-image-preview:large","max-video-preview":"max-video-preview:-1"},"canonical":"https:\/\/wp1.sedaozcan.net.tr\/en\/tohum-otizm-vakfi-egitim-kurumlarindan-duygu-dolu-yil-sonu-gosterisi\/","og_locale":"en_US","og_type":"article","og_title":"Tohum Otizm Vakf\u0131 E\u011fitim Kurumlar\u0131\u2019ndan Duygu Dolu Y\u0131l Sonu G\u00f6sterisi","og_description":"2003 y\u0131l\u0131ndan bu yana faaliyet g\u00f6steren, otizmli \u00e7ocuklar\u0131n erken ya\u015flarda tan\u0131 almalar\u0131 ve onlar i\u00e7in bireysel olarak haz\u0131rlanan e\u011fitim programlar\u0131ndan yararlanabilmeleri amac\u0131yla \u00e7al\u0131\u015fmalar\u0131n\u0131 s\u00fcrd\u00fcren Tohum Otizm Vakf\u0131 taraf\u0131ndan kurulan Tohum Otizm Vakf\u0131 E\u011fitim Kurumlar\u0131\u2019n\u0131n \u015ei\u015fli\u2019deki okul yerle\u015fkesinde ger\u00e7ekle\u015fen bu \u00f6zel etkinlik, \u00f6\u011frenciler, veliler, mezunlar, \u00f6\u011fretmenler, vak\u0131f \u00e7al\u0131\u015fanlar\u0131 ile \u00f6zel e\u011fitime g\u00f6n\u00fcl vermi\u015f t\u00fcm payda\u015flar\u0131 bir araya getirerek unutulmaz anlara sahne oldu.","og_url":"https:\/\/wp1.sedaozcan.net.tr\/en\/tohum-otizm-vakfi-egitim-kurumlarindan-duygu-dolu-yil-sonu-gosterisi\/","og_site_name":"Tohum Otizm Vakf\u0131 | Otizmin Tek \u00c7aresi E\u011fitim","article_published_time":"2026-05-11T15:05:24+00:00","article_modified_time":"2026-08-06T10:53:59+00:00","og_image":[{"width":2560,"height":1592,"url":"https:\/\/wp1.sedaozcan.net.tr\/wp-content\/uploads\/2026\/05\/Gorsel_1-1-scaled.jpg","type":"image\/jpeg"}],"author":"Tohum Otizm","twitter_card":"summary_large_image","twitter_misc":{"Written by":"Tohum Otizm","Est. reading time":"2 minutes"},"schema":{"@context":"https:\/\/schema.org","@graph":[{"@type":"Article","@id":"https:\/\/wp1.sedaozcan.net.tr\/tohum-otizm-vakfi-egitim-kurumlarindan-duygu-dolu-yil-sonu-gosterisi\/#article","isPartOf":{"@id":"https:\/\/wp1.sedaozcan.net.tr\/tohum-otizm-vakfi-egitim-kurumlarindan-duygu-dolu-yil-sonu-gosterisi\/"},"author":{"name":"Tohum Otizm","@id":"https:\/\/wp1.sedaozcan.net.tr\/#\/schema\/person\/c2ea4120b58c7afcac902ba998b1091c"},"headline":"Tohum Otizm Vakf\u0131 E\u011fitim Kurumlar\u0131\u2019ndan Duygu Dolu Y\u0131l Sonu G\u00f6sterisi","datePublished":"2026-05-11T15:05:24+00:00","dateModified":"2026-08-06T10:53:59+00:00","mainEntityOfPage":{"@id":"https:\/\/wp1.sedaozcan.net.tr\/tohum-otizm-vakfi-egitim-kurumlarindan-duygu-dolu-yil-sonu-gosterisi\/"},"wordCount":436,"commentCount":0,"image":{"@id":"https:\/\/wp1.sedaozcan.net.tr\/tohum-otizm-vakfi-egitim-kurumlarindan-duygu-dolu-yil-sonu-gosterisi\/#primaryimage"},"thumbnailUrl":"https:\/\/wp1.sedaozcan.net.tr\/wp-content\/uploads\/2026\/05\/Gorsel_1-1-scaled.jpg","articleSection":["Bas\u0131n Odas\u0131"],"inLanguage":"en-US","potentialAction":[{"@type":"CommentAction","name":"Comment","target":["https:\/\/wp1.sedaozcan.net.tr\/tohum-otizm-vakfi-egitim-kurumlarindan-duygu-dolu-yil-sonu-gosterisi\/#respond"]}]},{"@type":"WebPage","@id":"https:\/\/wp1.sedaozcan.net.tr\/tohum-otizm-vakfi-egitim-kurumlarindan-duygu-dolu-yil-sonu-gosterisi\/","url":"https:\/\/wp1.sedaozcan.net.tr\/tohum-otizm-vakfi-egitim-kurumlarindan-duygu-dolu-yil-sonu-gosterisi\/","name":"Tohum Otizm Vakf\u0131 E\u011fitim Kurumlar\u0131\u2019ndan Duygu Dolu Y\u0131l Sonu G\u00f6sterisi - Tohum Otizm Vakf\u0131 | Otizmin Tek \u00c7aresi E\u011fitim","isPartOf":{"@id":"https:\/\/wp1.sedaozcan.net.tr\/#website"},"primaryImageOfPage":{"@id":"https:\/\/wp1.sedaozcan.net.tr\/tohum-otizm-vakfi-egitim-kurumlarindan-duygu-dolu-yil-sonu-gosterisi\/#primaryimage"},"image":{"@id":"https:\/\/wp1.sedaozcan.net.tr\/tohum-otizm-vakfi-egitim-kurumlarindan-duygu-dolu-yil-sonu-gosterisi\/#primaryimage"},"thumbnailUrl":"https:\/\/wp1.sedaozcan.net.tr\/wp-content\/uploads\/2026\/05\/Gorsel_1-1-scaled.jpg","datePublished":"2026-05-11T15:05:24+00:00","dateModified":"2026-08-06T10:53:59+00:00","author":{"@id":"https:\/\/wp1.sedaozcan.net.tr\/#\/schema\/person\/c2ea4120b58c7afcac902ba998b1091c"},"breadcrumb":{"@id":"https:\/\/wp1.sedaozcan.net.tr\/tohum-otizm-vakfi-egitim-kurumlarindan-duygu-dolu-yil-sonu-gosterisi\/#breadcrumb"},"inLanguage":"en-US","potentialAction":[{"@type":"ReadAction","target":["https:\/\/wp1.sedaozcan.net.tr\/tohum-otizm-vakfi-egitim-kurumlarindan-duygu-dolu-yil-sonu-gosterisi\/"]}]},{"@type":"ImageObject","inLanguage":"en-US","@id":"https:\/\/wp1.sedaozcan.net.tr\/tohum-otizm-vakfi-egitim-kurumlarindan-duygu-dolu-yil-sonu-gosterisi\/#primaryimage","url":"https:\/\/wp1.sedaozcan.net.tr\/wp-content\/uploads\/2026\/05\/Gorsel_1-1-scaled.jpg","contentUrl":"https:\/\/wp1.sedaozcan.net.tr\/wp-content\/uploads\/2026\/05\/Gorsel_1-1-scaled.jpg","width":2560,"height":1592},{"@type":"BreadcrumbList","@id":"https:\/\/wp1.sedaozcan.net.tr\/tohum-otizm-vakfi-egitim-kurumlarindan-duygu-dolu-yil-sonu-gosterisi\/#breadcrumb","itemListElement":[{"@type":"ListItem","position":1,"name":"Home","item":"https:\/\/wp1.sedaozcan.net.tr\/"},{"@type":"ListItem","position":2,"name":"Tohum Otizm Vakf\u0131 E\u011fitim Kurumlar\u0131\u2019ndan Duygu Dolu Y\u0131l Sonu G\u00f6sterisi"}]},{"@type":"WebSite","@id":"https:\/\/wp1.sedaozcan.net.tr\/#website","url":"https:\/\/wp1.sedaozcan.net.tr\/","name":"Tohum Autism Foundation | The Only Remedy for Autism is Education","description":"","potentialAction":[{"@type":"SearchAction","target":{"@type":"EntryPoint","urlTemplate":"https:\/\/wp1.sedaozcan.net.tr\/?s={search_term_string}"},"query-input":{"@type":"PropertyValueSpecification","valueRequired":true,"valueName":"search_term_string"}}],"inLanguage":"en-US"},{"@type":"Person","@id":"https:\/\/wp1.sedaozcan.net.tr\/#\/schema\/person\/c2ea4120b58c7afcac902ba998b1091c","name":"Tohum Otizm","image":{"@type":"ImageObject","inLanguage":"en-US","@id":"https:\/\/secure.gravatar.com\/avatar\/99d08cded734486eef59dabce25065a85303e18d81311c4f5f2bbd3fed82f816?s=96&d=mm&r=g","url":"https:\/\/secure.gravatar.com\/avatar\/99d08cded734486eef59dabce25065a85303e18d81311c4f5f2bbd3fed82f816?s=96&d=mm&r=g","contentUrl":"https:\/\/secure.gravatar.com\/avatar\/99d08cded734486eef59dabce25065a85303e18d81311c4f5f2bbd3fed82f816?s=96&d=mm&r=g","caption":"Tohum Otizm"},"sameAs":["https:\/\/wp1.sedaozcan.net.tr"],"url":"https:\/\/wp1.sedaozcan.net.tr\/en\/author\/admin_3ewju0jt\/"},{"@type":"ImageObject","inLanguage":"en-US","@id":"https:\/\/wp1.sedaozcan.net.tr\/tohum-otizm-vakfi-egitim-kurumlarindan-duygu-dolu-yil-sonu-gosterisi\/#local-main-organization-logo","url":"","contentUrl":"","caption":"Tohum Otizm Vakf\u0131 | Otizmin Tek \u00c7aresi E\u011fitim"}]}},"_links":{"self":[{"href":"https:\/\/wp1.sedaozcan.net.tr\/en\/wp-json\/wp\/v2\/posts\/8500","targetHints":{"allow":["GET"]}}],"collection":[{"href":"https:\/\/wp1.sedaozcan.net.tr\/en\/wp-json\/wp\/v2\/posts"}],"about":[{"href":"https:\/\/wp1.sedaozcan.net.tr\/en\/wp-json\/wp\/v2\/types\/post"}],"author":[{"embeddable":true,"href":"https:\/\/wp1.sedaozcan.net.tr\/en\/wp-json\/wp\/v2\/users\/1"}],"replies":[{"embeddable":true,"href":"https:\/\/wp1.sedaozcan.net.tr\/en\/wp-json\/wp\/v2\/comments?post=8500"}],"version-history":[{"count":3,"href":"https:\/\/wp1.sedaozcan.net.tr\/en\/wp-json\/wp\/v2\/posts\/8500\/revisions"}],"predecessor-version":[{"id":9581,"href":"https:\/\/wp1.sedaozcan.net.tr\/en\/wp-json\/wp\/v2\/posts\/8500\/revisions\/9581"}],"wp:featuredmedia":[{"embeddable":true,"href":"https:\/\/wp1.sedaozcan.net.tr\/en\/wp-json\/wp\/v2\/media\/8501"}],"wp:attachment":[{"href":"https:\/\/wp1.sedaozcan.net.tr\/en\/wp-json\/wp\/v2\/media?parent=8500"}],"wp:term":[{"taxonomy":"category","embeddable":true,"href":"https:\/\/wp1.sedaozcan.net.tr\/en\/wp-json\/wp\/v2\/categories?post=8500"},{"taxonomy":"post_tag","embeddable":true,"href":"https:\/\/wp1.sedaozcan.net.tr\/en\/wp-json\/wp\/v2\/tags?post=8500"}],"curies":[{"name":"wp","href":"https:\/\/api.w.org\/{rel}","templated":true}]}}