{"id":8497,"date":"2026-05-11T17:03:56","date_gmt":"2026-05-11T15:03:56","guid":{"rendered":"https:\/\/wp1.sedaozcan.net.tr\/?p=8497"},"modified":"2026-08-06T12:54:25","modified_gmt":"2026-08-06T10:54:25","slug":"kurban-bayraminda-bagislarinizla-otizmli-cocuklarin-egitimine-katkida-bulunun","status":"publish","type":"post","link":"https:\/\/wp1.sedaozcan.net.tr\/en\/kurban-bayraminda-bagislarinizla-otizmli-cocuklarin-egitimine-katkida-bulunun\/","title":{"rendered":"Kurban Bayram\u0131\u2019nda Ba\u011f\u0131\u015flar\u0131n\u0131zla Otizmli \u00c7ocuklar\u0131n E\u011fitimine Katk\u0131da Bulunun"},"content":{"rendered":"<p class=\"wp-block-paragraph\"><strong>&nbsp;BASIN B\u00dcLTEN\u0130 &nbsp; &nbsp; &nbsp; &nbsp; &nbsp; &nbsp; &nbsp; &nbsp; &nbsp; &nbsp; &nbsp; &nbsp; &nbsp; 27 May\u0131s 2025<\/strong><\/p>\n\n\n\n<p class=\"wp-block-paragraph\"><strong>Kurban Bayram\u0131\u2019nda Ba\u011f\u0131\u015flar\u0131n\u0131zla Otizmli \u00c7ocuklar\u0131n E\u011fitimine Katk\u0131da Bulunun<\/strong><\/p>\n\n\n\n<p class=\"wp-block-paragraph\"><strong>Payla\u015fman\u0131n ve dayan\u0131\u015fman\u0131n y\u00fcrekten ya\u015fand\u0131\u011f\u0131 Kurban Bayram\u0131\u2019nda, Tohum Otizm Vakf\u0131 otizmli \u00e7ocuklara e\u011fitim f\u0131rsat\u0131 sunmak i\u00e7in ba\u011f\u0131\u015f kampanyas\u0131 ba\u015flatt\u0131. Yap\u0131lacak her ba\u011f\u0131\u015f, bir otizmli \u00e7ocu\u011fun nitelikli e\u011fitim alarak hayata kat\u0131lmas\u0131na ve ba\u011f\u0131ms\u0131z bir gelece\u011fe ad\u0131m atmas\u0131na katk\u0131 sa\u011flayacak.<\/strong><\/p>\n\n\n\n<p class=\"wp-block-paragraph\">2003 y\u0131l\u0131ndan bu yana faaliyet g\u00f6steren Tohum Otizm Vakf\u0131, otizmli \u00e7ocuklar\u0131n erken ya\u015flarda tan\u0131 almalar\u0131 ve onlar i\u00e7in bireysel olarak haz\u0131rlanan e\u011fitim programlar\u0131ndan yararlanabilmeleri amac\u0131yla \u00e7al\u0131\u015fmalar\u0131n\u0131 s\u00fcrd\u00fcr\u00fcyor. Bu Kurban Bayram\u0131\u2019nda da yap\u0131lacak her ba\u011f\u0131\u015f, daha fazla \u00e7ocu\u011fun e\u011fitim almas\u0131na imk\u00e2n tan\u0131yacak.<\/p>\n\n\n\n<p class=\"wp-block-paragraph\">Otizm spektrum bozuklu\u011fu, genellikle ya\u015fam\u0131n ilk y\u0131llar\u0131nda ortaya \u00e7\u0131kan n\u00f6rogeli\u015fimsel bir farkl\u0131l\u0131k. ABD Hastal\u0131k Kontrol ve \u00d6nleme Merkezi\u2019nin (CDC) 2025 y\u0131l\u0131nda payla\u015ft\u0131\u011f\u0131 en g\u00fcncel verilere g\u00f6re, 8 ya\u015f\u0131ndaki her 31 \u00e7ocuktan 1\u2019i otizm tan\u0131s\u0131 al\u0131yor. Bu oran, 2023&#8217;te a\u00e7\u0131klanan \u201c36\u2019da 1\u201d oran\u0131na k\u0131yasla dikkat \u00e7ekici bir art\u0131\u015f\u0131 ortaya koyuyor. Otizmli bireylerin say\u0131s\u0131ndaki art\u0131\u015f, tan\u0131 kriterlerindeki geli\u015fmelerin yan\u0131 s\u0131ra fark\u0131ndal\u0131\u011f\u0131n, erken tan\u0131 taramalar\u0131n\u0131n ve hizmetlere eri\u015fimin artmas\u0131yla da ili\u015fkili.<br>Otizmin bilinen en etkili \u00e7\u00f6z\u00fcm\u00fc ise erken tan\u0131 ve nitelikli \u00f6zel e\u011fitim. Bu nedenle Tohum Otizm Vakf\u0131, her \u00e7ocu\u011fa e\u015fit e\u011fitim f\u0131rsat\u0131 sunma hedefiyle, payla\u015fman\u0131n ve dayan\u0131\u015fman\u0131n y\u00fcrekten ya\u015fand\u0131\u011f\u0131&nbsp; Kurban Bayram\u0131\u2019nda ba\u011f\u0131\u015f kampanyas\u0131na destek&nbsp; i\u00e7in \u00e7a\u011fr\u0131da bulunuyor.&nbsp;<\/p>\n\n\n\n<p class=\"wp-block-paragraph\"><strong>Kurban Bayram\u0131\u2019nda Ba\u011f\u0131\u015f\u0131n\u0131zla E\u011fitim F\u0131rsat\u0131 Sunun<\/strong><\/p>\n\n\n\n<p class=\"wp-block-paragraph\">Otizmli \u00e7ocuklar\u0131n e\u011fitim olanaklar\u0131na ula\u015fmalar\u0131 i\u00e7in, Tohum Otizm Vakf\u0131 internet sitesi <a href=\"http:\/\/www.tohumotizm.org.tr\">www.tohumotizm.org.tr<\/a> adresindeki &nbsp;\u201cBa\u011f\u0131\u015f\u201d b\u00f6l\u00fcm\u00fcnde \u201cBayram Ba\u011f\u0131\u015flar\u0131\u201d ba\u015fl\u0131\u011f\u0131ndan ba\u011f\u0131\u015f deste\u011finizi iletebilir, \u201cSertifika Ba\u011f\u0131\u015flar\u0131\u201d b\u00f6l\u00fcm\u00fcnden ise \u201cBayram Tebri\u011fi Sertifikas\u0131\u201d alarak sevdiklerinizin bayram\u0131n\u0131 kutlayabilirsiniz.<\/p>\n\n\n\n<p class=\"wp-block-paragraph\">Tohum Otizm Vakf\u0131, vek\u00e2leten kurban kesimi yapmamakla birlikte ba\u011f\u0131\u015f\u00e7\u0131lar\u0131n Kurban Bayram\u0131 dolay\u0131s\u0131yla yapacaklar\u0131 ba\u011f\u0131\u015flar\u0131 kesimsiz kurban ba\u011f\u0131\u015f\u0131 olarak kabul ediyor.&nbsp;<\/p>\n\n\n\n<p class=\"wp-block-paragraph\">Bu bayramda da iyili\u011fi \u00e7o\u011faltarak yapaca\u011f\u0131n\u0131z her ba\u011f\u0131\u015f bir \u00e7ocu\u011fun daha e\u011fitim f\u0131rsat\u0131 ile ya\u015fam\u0131na kal\u0131c\u0131 bir dokunu\u015f yapma olana\u011f\u0131 sunacak.&nbsp;<\/p>","protected":false},"excerpt":{"rendered":"<p>Payla\u015fman\u0131n ve dayan\u0131\u015fman\u0131n y\u00fcrekten ya\u015fand\u0131\u011f\u0131 Kurban Bayram\u0131\u2019nda, Tohum Otizm Vakf\u0131 otizmli \u00e7ocuklara e\u011fitim f\u0131rsat\u0131 sunmak i\u00e7in ba\u011f\u0131\u015f kampanyas\u0131 ba\u015flatt\u0131. Yap\u0131lacak her ba\u011f\u0131\u015f, bir otizmli \u00e7ocu\u011fun nitelikli e\u011fitim alarak hayata kat\u0131lmas\u0131na ve ba\u011f\u0131ms\u0131z bir gelece\u011fe ad\u0131m atmas\u0131na katk\u0131 sa\u011flayacak.<\/p>","protected":false},"author":1,"featured_media":8498,"comment_status":"open","ping_status":"open","sticky":false,"template":"","format":"standard","meta":{"footnotes":""},"categories":[1],"tags":[],"class_list":["post-8497","post","type-post","status-publish","format-standard","has-post-thumbnail","hentry","category-basin-odasi"],"yoast_head":"<!-- This site is optimized with the Yoast SEO Premium plugin v28.3 (Yoast SEO v28.3) - https:\/\/yoast.com\/product\/yoast-seo-premium-wordpress\/ -->\n<title>Kurban Bayram\u0131\u2019nda Ba\u011f\u0131\u015flar\u0131n\u0131zla Otizmli \u00c7ocuklar\u0131n E\u011fitimine Katk\u0131da Bulunun - Tohum Otizm Vakf\u0131 | Otizmin Tek \u00c7aresi E\u011fitim<\/title>\n<meta name=\"robots\" content=\"index, follow, max-snippet:-1, max-image-preview:large, max-video-preview:-1\" \/>\n<link rel=\"canonical\" href=\"https:\/\/wp1.sedaozcan.net.tr\/en\/kurban-bayraminda-bagislarinizla-otizmli-cocuklarin-egitimine-katkida-bulunun\/\" \/>\n<meta property=\"og:locale\" content=\"en_US\" \/>\n<meta property=\"og:type\" content=\"article\" \/>\n<meta property=\"og:title\" content=\"Kurban Bayram\u0131\u2019nda Ba\u011f\u0131\u015flar\u0131n\u0131zla Otizmli \u00c7ocuklar\u0131n E\u011fitimine Katk\u0131da Bulunun\" \/>\n<meta property=\"og:description\" content=\"Payla\u015fman\u0131n ve dayan\u0131\u015fman\u0131n y\u00fcrekten ya\u015fand\u0131\u011f\u0131 Kurban Bayram\u0131\u2019nda, Tohum Otizm Vakf\u0131 otizmli \u00e7ocuklara e\u011fitim f\u0131rsat\u0131 sunmak i\u00e7in ba\u011f\u0131\u015f kampanyas\u0131 ba\u015flatt\u0131. Yap\u0131lacak her ba\u011f\u0131\u015f, bir otizmli \u00e7ocu\u011fun nitelikli e\u011fitim alarak hayata kat\u0131lmas\u0131na ve ba\u011f\u0131ms\u0131z bir gelece\u011fe ad\u0131m atmas\u0131na katk\u0131 sa\u011flayacak.\" \/>\n<meta property=\"og:url\" content=\"https:\/\/wp1.sedaozcan.net.tr\/en\/kurban-bayraminda-bagislarinizla-otizmli-cocuklarin-egitimine-katkida-bulunun\/\" \/>\n<meta property=\"og:site_name\" content=\"Tohum Otizm Vakf\u0131 | Otizmin Tek \u00c7aresi E\u011fitim\" \/>\n<meta property=\"article:published_time\" content=\"2026-05-11T15:03:56+00:00\" \/>\n<meta property=\"article:modified_time\" content=\"2026-08-06T10:54:25+00:00\" \/>\n<meta property=\"og:image\" content=\"https:\/\/wp1.sedaozcan.net.tr\/wp-content\/uploads\/2026\/05\/Gorsel_1-scaled.jpg\" \/>\n\t<meta property=\"og:image:width\" content=\"2560\" \/>\n\t<meta property=\"og:image:height\" content=\"1440\" \/>\n\t<meta property=\"og:image:type\" content=\"image\/jpeg\" \/>\n<meta name=\"author\" content=\"Tohum Otizm\" \/>\n<meta name=\"twitter:card\" content=\"summary_large_image\" \/>\n<meta name=\"twitter:label1\" content=\"Written by\" \/>\n\t<meta name=\"twitter:data1\" content=\"Tohum Otizm\" \/>\n\t<meta name=\"twitter:label2\" content=\"Est. reading time\" \/>\n\t<meta name=\"twitter:data2\" content=\"2 minutes\" \/>\n<script type=\"application\/ld+json\" class=\"yoast-schema-graph\">{\"@context\":\"https:\\\/\\\/schema.org\",\"@graph\":[{\"@type\":\"Article\",\"@id\":\"https:\\\/\\\/wp1.sedaozcan.net.tr\\\/kurban-bayraminda-bagislarinizla-otizmli-cocuklarin-egitimine-katkida-bulunun\\\/#article\",\"isPartOf\":{\"@id\":\"https:\\\/\\\/wp1.sedaozcan.net.tr\\\/kurban-bayraminda-bagislarinizla-otizmli-cocuklarin-egitimine-katkida-bulunun\\\/\"},\"author\":{\"name\":\"Tohum Otizm\",\"@id\":\"https:\\\/\\\/wp1.sedaozcan.net.tr\\\/#\\\/schema\\\/person\\\/c2ea4120b58c7afcac902ba998b1091c\"},\"headline\":\"Kurban Bayram\u0131\u2019nda Ba\u011f\u0131\u015flar\u0131n\u0131zla Otizmli \u00c7ocuklar\u0131n E\u011fitimine Katk\u0131da Bulunun\",\"datePublished\":\"2026-05-11T15:03:56+00:00\",\"dateModified\":\"2026-08-06T10:54:25+00:00\",\"mainEntityOfPage\":{\"@id\":\"https:\\\/\\\/wp1.sedaozcan.net.tr\\\/kurban-bayraminda-bagislarinizla-otizmli-cocuklarin-egitimine-katkida-bulunun\\\/\"},\"wordCount\":449,\"commentCount\":0,\"image\":{\"@id\":\"https:\\\/\\\/wp1.sedaozcan.net.tr\\\/kurban-bayraminda-bagislarinizla-otizmli-cocuklarin-egitimine-katkida-bulunun\\\/#primaryimage\"},\"thumbnailUrl\":\"https:\\\/\\\/wp1.sedaozcan.net.tr\\\/wp-content\\\/uploads\\\/2026\\\/05\\\/Gorsel_1-scaled.jpg\",\"articleSection\":[\"Bas\u0131n Odas\u0131\"],\"inLanguage\":\"en-US\",\"potentialAction\":[{\"@type\":\"CommentAction\",\"name\":\"Comment\",\"target\":[\"https:\\\/\\\/wp1.sedaozcan.net.tr\\\/kurban-bayraminda-bagislarinizla-otizmli-cocuklarin-egitimine-katkida-bulunun\\\/#respond\"]}]},{\"@type\":\"WebPage\",\"@id\":\"https:\\\/\\\/wp1.sedaozcan.net.tr\\\/kurban-bayraminda-bagislarinizla-otizmli-cocuklarin-egitimine-katkida-bulunun\\\/\",\"url\":\"https:\\\/\\\/wp1.sedaozcan.net.tr\\\/kurban-bayraminda-bagislarinizla-otizmli-cocuklarin-egitimine-katkida-bulunun\\\/\",\"name\":\"Kurban Bayram\u0131\u2019nda Ba\u011f\u0131\u015flar\u0131n\u0131zla Otizmli \u00c7ocuklar\u0131n E\u011fitimine Katk\u0131da Bulunun - Tohum Otizm Vakf\u0131 | Otizmin Tek \u00c7aresi E\u011fitim\",\"isPartOf\":{\"@id\":\"https:\\\/\\\/wp1.sedaozcan.net.tr\\\/#website\"},\"primaryImageOfPage\":{\"@id\":\"https:\\\/\\\/wp1.sedaozcan.net.tr\\\/kurban-bayraminda-bagislarinizla-otizmli-cocuklarin-egitimine-katkida-bulunun\\\/#primaryimage\"},\"image\":{\"@id\":\"https:\\\/\\\/wp1.sedaozcan.net.tr\\\/kurban-bayraminda-bagislarinizla-otizmli-cocuklarin-egitimine-katkida-bulunun\\\/#primaryimage\"},\"thumbnailUrl\":\"https:\\\/\\\/wp1.sedaozcan.net.tr\\\/wp-content\\\/uploads\\\/2026\\\/05\\\/Gorsel_1-scaled.jpg\",\"datePublished\":\"2026-05-11T15:03:56+00:00\",\"dateModified\":\"2026-08-06T10:54:25+00:00\",\"author\":{\"@id\":\"https:\\\/\\\/wp1.sedaozcan.net.tr\\\/#\\\/schema\\\/person\\\/c2ea4120b58c7afcac902ba998b1091c\"},\"breadcrumb\":{\"@id\":\"https:\\\/\\\/wp1.sedaozcan.net.tr\\\/kurban-bayraminda-bagislarinizla-otizmli-cocuklarin-egitimine-katkida-bulunun\\\/#breadcrumb\"},\"inLanguage\":\"en-US\",\"potentialAction\":[{\"@type\":\"ReadAction\",\"target\":[\"https:\\\/\\\/wp1.sedaozcan.net.tr\\\/kurban-bayraminda-bagislarinizla-otizmli-cocuklarin-egitimine-katkida-bulunun\\\/\"]}]},{\"@type\":\"ImageObject\",\"inLanguage\":\"en-US\",\"@id\":\"https:\\\/\\\/wp1.sedaozcan.net.tr\\\/kurban-bayraminda-bagislarinizla-otizmli-cocuklarin-egitimine-katkida-bulunun\\\/#primaryimage\",\"url\":\"https:\\\/\\\/wp1.sedaozcan.net.tr\\\/wp-content\\\/uploads\\\/2026\\\/05\\\/Gorsel_1-scaled.jpg\",\"contentUrl\":\"https:\\\/\\\/wp1.sedaozcan.net.tr\\\/wp-content\\\/uploads\\\/2026\\\/05\\\/Gorsel_1-scaled.jpg\",\"width\":2560,\"height\":1440},{\"@type\":\"BreadcrumbList\",\"@id\":\"https:\\\/\\\/wp1.sedaozcan.net.tr\\\/kurban-bayraminda-bagislarinizla-otizmli-cocuklarin-egitimine-katkida-bulunun\\\/#breadcrumb\",\"itemListElement\":[{\"@type\":\"ListItem\",\"position\":1,\"name\":\"Home\",\"item\":\"https:\\\/\\\/wp1.sedaozcan.net.tr\\\/\"},{\"@type\":\"ListItem\",\"position\":2,\"name\":\"Kurban Bayram\u0131\u2019nda Ba\u011f\u0131\u015flar\u0131n\u0131zla Otizmli \u00c7ocuklar\u0131n E\u011fitimine Katk\u0131da Bulunun\"}]},{\"@type\":\"WebSite\",\"@id\":\"https:\\\/\\\/wp1.sedaozcan.net.tr\\\/#website\",\"url\":\"https:\\\/\\\/wp1.sedaozcan.net.tr\\\/\",\"name\":\"Tohum Otizm Vakf\u0131 | Otizmin Tek \u00c7aresi E\u011fitim\",\"description\":\"\",\"potentialAction\":[{\"@type\":\"SearchAction\",\"target\":{\"@type\":\"EntryPoint\",\"urlTemplate\":\"https:\\\/\\\/wp1.sedaozcan.net.tr\\\/?s={search_term_string}\"},\"query-input\":{\"@type\":\"PropertyValueSpecification\",\"valueRequired\":true,\"valueName\":\"search_term_string\"}}],\"inLanguage\":\"en-US\"},{\"@type\":\"Person\",\"@id\":\"https:\\\/\\\/wp1.sedaozcan.net.tr\\\/#\\\/schema\\\/person\\\/c2ea4120b58c7afcac902ba998b1091c\",\"name\":\"Tohum Otizm\",\"image\":{\"@type\":\"ImageObject\",\"inLanguage\":\"en-US\",\"@id\":\"https:\\\/\\\/secure.gravatar.com\\\/avatar\\\/99d08cded734486eef59dabce25065a85303e18d81311c4f5f2bbd3fed82f816?s=96&d=mm&r=g\",\"url\":\"https:\\\/\\\/secure.gravatar.com\\\/avatar\\\/99d08cded734486eef59dabce25065a85303e18d81311c4f5f2bbd3fed82f816?s=96&d=mm&r=g\",\"contentUrl\":\"https:\\\/\\\/secure.gravatar.com\\\/avatar\\\/99d08cded734486eef59dabce25065a85303e18d81311c4f5f2bbd3fed82f816?s=96&d=mm&r=g\",\"caption\":\"Tohum Otizm\"},\"sameAs\":[\"https:\\\/\\\/wp1.sedaozcan.net.tr\"],\"url\":\"https:\\\/\\\/wp1.sedaozcan.net.tr\\\/en\\\/author\\\/admin_3ewju0jt\\\/\"},{\"@type\":\"ImageObject\",\"inLanguage\":\"en-US\",\"@id\":\"https:\\\/\\\/wp1.sedaozcan.net.tr\\\/kurban-bayraminda-bagislarinizla-otizmli-cocuklarin-egitimine-katkida-bulunun\\\/#local-main-organization-logo\",\"url\":\"\",\"contentUrl\":\"\",\"caption\":\"Tohum Otizm Vakf\u0131 | Otizmin Tek \u00c7aresi E\u011fitim\"}]}<\/script>\n<!-- \/ Yoast SEO Premium plugin. -->","yoast_head_json":{"title":"Kurban Bayram\u0131\u2019nda Ba\u011f\u0131\u015flar\u0131n\u0131zla Otizmli \u00c7ocuklar\u0131n E\u011fitimine Katk\u0131da Bulunun - Tohum Otizm Vakf\u0131 | Otizmin Tek \u00c7aresi E\u011fitim","robots":{"index":"index","follow":"follow","max-snippet":"max-snippet:-1","max-image-preview":"max-image-preview:large","max-video-preview":"max-video-preview:-1"},"canonical":"https:\/\/wp1.sedaozcan.net.tr\/en\/kurban-bayraminda-bagislarinizla-otizmli-cocuklarin-egitimine-katkida-bulunun\/","og_locale":"en_US","og_type":"article","og_title":"Kurban Bayram\u0131\u2019nda Ba\u011f\u0131\u015flar\u0131n\u0131zla Otizmli \u00c7ocuklar\u0131n E\u011fitimine Katk\u0131da Bulunun","og_description":"Payla\u015fman\u0131n ve dayan\u0131\u015fman\u0131n y\u00fcrekten ya\u015fand\u0131\u011f\u0131 Kurban Bayram\u0131\u2019nda, Tohum Otizm Vakf\u0131 otizmli \u00e7ocuklara e\u011fitim f\u0131rsat\u0131 sunmak i\u00e7in ba\u011f\u0131\u015f kampanyas\u0131 ba\u015flatt\u0131. Yap\u0131lacak her ba\u011f\u0131\u015f, bir otizmli \u00e7ocu\u011fun nitelikli e\u011fitim alarak hayata kat\u0131lmas\u0131na ve ba\u011f\u0131ms\u0131z bir gelece\u011fe ad\u0131m atmas\u0131na katk\u0131 sa\u011flayacak.","og_url":"https:\/\/wp1.sedaozcan.net.tr\/en\/kurban-bayraminda-bagislarinizla-otizmli-cocuklarin-egitimine-katkida-bulunun\/","og_site_name":"Tohum Otizm Vakf\u0131 | Otizmin Tek \u00c7aresi E\u011fitim","article_published_time":"2026-05-11T15:03:56+00:00","article_modified_time":"2026-08-06T10:54:25+00:00","og_image":[{"width":2560,"height":1440,"url":"https:\/\/wp1.sedaozcan.net.tr\/wp-content\/uploads\/2026\/05\/Gorsel_1-scaled.jpg","type":"image\/jpeg"}],"author":"Tohum Otizm","twitter_card":"summary_large_image","twitter_misc":{"Written by":"Tohum Otizm","Est. reading time":"2 minutes"},"schema":{"@context":"https:\/\/schema.org","@graph":[{"@type":"Article","@id":"https:\/\/wp1.sedaozcan.net.tr\/kurban-bayraminda-bagislarinizla-otizmli-cocuklarin-egitimine-katkida-bulunun\/#article","isPartOf":{"@id":"https:\/\/wp1.sedaozcan.net.tr\/kurban-bayraminda-bagislarinizla-otizmli-cocuklarin-egitimine-katkida-bulunun\/"},"author":{"name":"Tohum Otizm","@id":"https:\/\/wp1.sedaozcan.net.tr\/#\/schema\/person\/c2ea4120b58c7afcac902ba998b1091c"},"headline":"Kurban Bayram\u0131\u2019nda Ba\u011f\u0131\u015flar\u0131n\u0131zla Otizmli \u00c7ocuklar\u0131n E\u011fitimine Katk\u0131da Bulunun","datePublished":"2026-05-11T15:03:56+00:00","dateModified":"2026-08-06T10:54:25+00:00","mainEntityOfPage":{"@id":"https:\/\/wp1.sedaozcan.net.tr\/kurban-bayraminda-bagislarinizla-otizmli-cocuklarin-egitimine-katkida-bulunun\/"},"wordCount":449,"commentCount":0,"image":{"@id":"https:\/\/wp1.sedaozcan.net.tr\/kurban-bayraminda-bagislarinizla-otizmli-cocuklarin-egitimine-katkida-bulunun\/#primaryimage"},"thumbnailUrl":"https:\/\/wp1.sedaozcan.net.tr\/wp-content\/uploads\/2026\/05\/Gorsel_1-scaled.jpg","articleSection":["Bas\u0131n Odas\u0131"],"inLanguage":"en-US","potentialAction":[{"@type":"CommentAction","name":"Comment","target":["https:\/\/wp1.sedaozcan.net.tr\/kurban-bayraminda-bagislarinizla-otizmli-cocuklarin-egitimine-katkida-bulunun\/#respond"]}]},{"@type":"WebPage","@id":"https:\/\/wp1.sedaozcan.net.tr\/kurban-bayraminda-bagislarinizla-otizmli-cocuklarin-egitimine-katkida-bulunun\/","url":"https:\/\/wp1.sedaozcan.net.tr\/kurban-bayraminda-bagislarinizla-otizmli-cocuklarin-egitimine-katkida-bulunun\/","name":"Kurban Bayram\u0131\u2019nda Ba\u011f\u0131\u015flar\u0131n\u0131zla Otizmli \u00c7ocuklar\u0131n E\u011fitimine Katk\u0131da Bulunun - Tohum Otizm Vakf\u0131 | Otizmin Tek \u00c7aresi E\u011fitim","isPartOf":{"@id":"https:\/\/wp1.sedaozcan.net.tr\/#website"},"primaryImageOfPage":{"@id":"https:\/\/wp1.sedaozcan.net.tr\/kurban-bayraminda-bagislarinizla-otizmli-cocuklarin-egitimine-katkida-bulunun\/#primaryimage"},"image":{"@id":"https:\/\/wp1.sedaozcan.net.tr\/kurban-bayraminda-bagislarinizla-otizmli-cocuklarin-egitimine-katkida-bulunun\/#primaryimage"},"thumbnailUrl":"https:\/\/wp1.sedaozcan.net.tr\/wp-content\/uploads\/2026\/05\/Gorsel_1-scaled.jpg","datePublished":"2026-05-11T15:03:56+00:00","dateModified":"2026-08-06T10:54:25+00:00","author":{"@id":"https:\/\/wp1.sedaozcan.net.tr\/#\/schema\/person\/c2ea4120b58c7afcac902ba998b1091c"},"breadcrumb":{"@id":"https:\/\/wp1.sedaozcan.net.tr\/kurban-bayraminda-bagislarinizla-otizmli-cocuklarin-egitimine-katkida-bulunun\/#breadcrumb"},"inLanguage":"en-US","potentialAction":[{"@type":"ReadAction","target":["https:\/\/wp1.sedaozcan.net.tr\/kurban-bayraminda-bagislarinizla-otizmli-cocuklarin-egitimine-katkida-bulunun\/"]}]},{"@type":"ImageObject","inLanguage":"en-US","@id":"https:\/\/wp1.sedaozcan.net.tr\/kurban-bayraminda-bagislarinizla-otizmli-cocuklarin-egitimine-katkida-bulunun\/#primaryimage","url":"https:\/\/wp1.sedaozcan.net.tr\/wp-content\/uploads\/2026\/05\/Gorsel_1-scaled.jpg","contentUrl":"https:\/\/wp1.sedaozcan.net.tr\/wp-content\/uploads\/2026\/05\/Gorsel_1-scaled.jpg","width":2560,"height":1440},{"@type":"BreadcrumbList","@id":"https:\/\/wp1.sedaozcan.net.tr\/kurban-bayraminda-bagislarinizla-otizmli-cocuklarin-egitimine-katkida-bulunun\/#breadcrumb","itemListElement":[{"@type":"ListItem","position":1,"name":"Home","item":"https:\/\/wp1.sedaozcan.net.tr\/"},{"@type":"ListItem","position":2,"name":"Kurban Bayram\u0131\u2019nda Ba\u011f\u0131\u015flar\u0131n\u0131zla Otizmli \u00c7ocuklar\u0131n E\u011fitimine Katk\u0131da Bulunun"}]},{"@type":"WebSite","@id":"https:\/\/wp1.sedaozcan.net.tr\/#website","url":"https:\/\/wp1.sedaozcan.net.tr\/","name":"Tohum Autism Foundation | The Only Remedy for Autism is Education","description":"","potentialAction":[{"@type":"SearchAction","target":{"@type":"EntryPoint","urlTemplate":"https:\/\/wp1.sedaozcan.net.tr\/?s={search_term_string}"},"query-input":{"@type":"PropertyValueSpecification","valueRequired":true,"valueName":"search_term_string"}}],"inLanguage":"en-US"},{"@type":"Person","@id":"https:\/\/wp1.sedaozcan.net.tr\/#\/schema\/person\/c2ea4120b58c7afcac902ba998b1091c","name":"Tohum Otizm","image":{"@type":"ImageObject","inLanguage":"en-US","@id":"https:\/\/secure.gravatar.com\/avatar\/99d08cded734486eef59dabce25065a85303e18d81311c4f5f2bbd3fed82f816?s=96&d=mm&r=g","url":"https:\/\/secure.gravatar.com\/avatar\/99d08cded734486eef59dabce25065a85303e18d81311c4f5f2bbd3fed82f816?s=96&d=mm&r=g","contentUrl":"https:\/\/secure.gravatar.com\/avatar\/99d08cded734486eef59dabce25065a85303e18d81311c4f5f2bbd3fed82f816?s=96&d=mm&r=g","caption":"Tohum Otizm"},"sameAs":["https:\/\/wp1.sedaozcan.net.tr"],"url":"https:\/\/wp1.sedaozcan.net.tr\/en\/author\/admin_3ewju0jt\/"},{"@type":"ImageObject","inLanguage":"en-US","@id":"https:\/\/wp1.sedaozcan.net.tr\/kurban-bayraminda-bagislarinizla-otizmli-cocuklarin-egitimine-katkida-bulunun\/#local-main-organization-logo","url":"","contentUrl":"","caption":"Tohum Otizm Vakf\u0131 | Otizmin Tek \u00c7aresi E\u011fitim"}]}},"_links":{"self":[{"href":"https:\/\/wp1.sedaozcan.net.tr\/en\/wp-json\/wp\/v2\/posts\/8497","targetHints":{"allow":["GET"]}}],"collection":[{"href":"https:\/\/wp1.sedaozcan.net.tr\/en\/wp-json\/wp\/v2\/posts"}],"about":[{"href":"https:\/\/wp1.sedaozcan.net.tr\/en\/wp-json\/wp\/v2\/types\/post"}],"author":[{"embeddable":true,"href":"https:\/\/wp1.sedaozcan.net.tr\/en\/wp-json\/wp\/v2\/users\/1"}],"replies":[{"embeddable":true,"href":"https:\/\/wp1.sedaozcan.net.tr\/en\/wp-json\/wp\/v2\/comments?post=8497"}],"version-history":[{"count":2,"href":"https:\/\/wp1.sedaozcan.net.tr\/en\/wp-json\/wp\/v2\/posts\/8497\/revisions"}],"predecessor-version":[{"id":9582,"href":"https:\/\/wp1.sedaozcan.net.tr\/en\/wp-json\/wp\/v2\/posts\/8497\/revisions\/9582"}],"wp:featuredmedia":[{"embeddable":true,"href":"https:\/\/wp1.sedaozcan.net.tr\/en\/wp-json\/wp\/v2\/media\/8498"}],"wp:attachment":[{"href":"https:\/\/wp1.sedaozcan.net.tr\/en\/wp-json\/wp\/v2\/media?parent=8497"}],"wp:term":[{"taxonomy":"category","embeddable":true,"href":"https:\/\/wp1.sedaozcan.net.tr\/en\/wp-json\/wp\/v2\/categories?post=8497"},{"taxonomy":"post_tag","embeddable":true,"href":"https:\/\/wp1.sedaozcan.net.tr\/en\/wp-json\/wp\/v2\/tags?post=8497"}],"curies":[{"name":"wp","href":"https:\/\/api.w.org\/{rel}","templated":true}]}}