{"id":8494,"date":"2026-05-11T17:03:02","date_gmt":"2026-05-11T15:03:02","guid":{"rendered":"https:\/\/wp1.sedaozcan.net.tr\/?p=8494"},"modified":"2026-08-06T12:55:00","modified_gmt":"2026-08-06T10:55:00","slug":"tohum-otizm-vakfi-ve-iskurdan-sirketlere-cagri-otizmli-birey-istihdaminda-hibe-destegi-basvurulari-basliyor","status":"publish","type":"post","link":"https:\/\/wp1.sedaozcan.net.tr\/en\/tohum-otizm-vakfi-ve-iskurdan-sirketlere-cagri-otizmli-birey-istihdaminda-hibe-destegi-basvurulari-basliyor\/","title":{"rendered":"Tohum Otizm Vakf\u0131 ve \u0130\u015eKUR\u2019dan \u015firketlere \u00e7a\u011fr\u0131: Otizmli Birey \u0130stihdam\u0131nda Hibe Deste\u011fi Ba\u015fvurular\u0131 Ba\u015fl\u0131yor!"},"content":{"rendered":"<p class=\"wp-block-paragraph\"><strong>BASIN B\u00dcLTEN\u0130<\/strong><\/p>\n\n\n\n<p class=\"wp-block-paragraph\"><strong>Tohum Otizm Vakf\u0131 ve \u0130\u015eKUR\u2019dan \u015firketlere \u00e7a\u011fr\u0131: Otizmli Birey \u0130stihdam\u0131nda Hibe Deste\u011fi Ba\u015fvurular\u0131 Ba\u015fl\u0131yor!<\/strong><\/p>\n\n\n\n<p class=\"wp-block-paragraph\"><strong>Tohum Otizm Vakf\u0131,<\/strong> otizmli bireylerin \u00e7al\u0131\u015fma hayat\u0131nda e\u015fit ve s\u00fcrd\u00fcr\u00fclebilir bir \u015fekilde yer alabilmesi amac\u0131yla hayata ge\u00e7irdi\u011fi <strong>\u201cDestekli \u0130stihdam Modeli\u201d<\/strong>ni b\u00fcy\u00fctmeye devam ediyor. Bu do\u011frultuda, <strong>\u0130\u015eKUR\u2019un Engelli ve Eski H\u00fck\u00fcml\u00fc Hibe Destek Program\u0131<\/strong> kapsam\u0131nda verilen hibeyle \u015firketlerin otizmli birey istihdam etmesini kolayla\u015ft\u0131racak \u00f6nemli bir f\u0131rsat sunuluyor. 2025 y\u0131l\u0131, \u0130\u015eKUR Engelli ve Eski H\u00fck\u00fcml\u00fcHibeDestekProgram\u0131kapsam\u0131nda<strong>\u201cOtizm Y\u0131l\u0131\u201d<\/strong>olarakilanedilmi\u015ftir. Bu \u00f6zely\u0131lda, otizmlibireylerin\u00e7al\u0131\u015fmahayat\u0131nakat\u0131l\u0131m\u0131n\u0131destekleyecekprojeler\u00f6ncelikliolarakdesteklenecektir. Bu kapsamdaDestekli\u0130stihdamhibeprojesiba\u015fl\u0131\u011f\u0131nda; \u015firketlerei\u015fko\u00e7u\u00fccreti, otizmli \u00e7al\u0131\u015fan maa\u015f\u0131 ve i\u015f yeri d\u00fczenleme giderleri gibi kalemlerde \u00f6nemli bir hibe deste\u011fi sa\u011flan\u0131yor. Otizmli bireylerin \u00e7al\u0131\u015fma hayat\u0131na dahil olmas\u0131 i\u00e7in haz\u0131rlanan projelerde, Tohum Otizm Vakf\u0131&#8217;n\u0131n uzmanl\u0131\u011f\u0131yla ve y\u00f6nlendirmesiyle i\u015f d\u00fcnyas\u0131n\u0131 hem sosyal faydayla hem de finansal avantajla bulu\u015fturuyor. Bu \u00f6nemli destek modeli, \u00f6zelsekt\u00f6rde daha fazla otizmli bireyin kal\u0131c\u0131 olarak istihdam edilmesinin de \u00f6n\u00fcn\u00fc a\u00e7\u0131yor.<\/p>\n\n\n\n<p class=\"wp-block-paragraph\">\u0130\u015f d\u00fcnyas\u0131 ve ilgili t\u00fcm payda\u015flar, 10 Haziran 2025 tarihinde saat 16.00\u2019da d\u00fczenlenecek\u00e7evrim i\u00e7i bilgilendirme toplant\u0131s\u0131na kat\u0131larak projenin kapsam\u0131 hakk\u0131nda ayr\u0131nt\u0131l\u0131 bilgi alabilecek.<\/p>\n\n\n\n<p class=\"wp-block-paragraph\"><strong>Otizmli Bireyler \u0130\u015f D\u00fcnyas\u0131nda De\u011fi\u015fimi M\u00fcmk\u00fcn K\u0131l\u0131yor..<\/strong><\/p>\n\n\n\n<p class=\"wp-block-paragraph\">D\u00fcnyada bir\u00e7ok \u015firket, otizmli bireylerin sistematik d\u00fc\u015f\u00fcnme becerileri, detaylara g\u00f6sterdikleri\u00f6zen ve rutinlere ba\u011fl\u0131l\u0131k \u00f6zelliklerinden faydalanarak, i\u015f s\u00fcre\u00e7lerinde verimlilik ve kaliteyi art\u0131r\u0131yor. <strong>Tohum Otizm Vakf\u0131<\/strong>\u2019da bug\u00fcne kadar Eker, GSK, Netlog, Boyner ve Arvato gibi firmalarla yapt\u0131\u011f\u0131 i\u015f birlikleri sayesinde 35 otizmli bireyin istihdam\u0131n\u0131 sa\u011flam\u0131\u015f buna ek olarak \u0130\u015eKUR hibe deste\u011fiyle bu modeli daha geni\u015f kitlelere ula\u015ft\u0131rmay\u0131 ama\u00e7l\u0131yor.<\/p>\n\n\n\n<p class=\"wp-block-paragraph\"><strong>Toplant\u0131 Daveti \u2013 Otizmli Bireylerin \u0130\u015f G\u00fcc\u00fcne Kat\u0131l\u0131m\u0131 \u0130\u00e7in Harekete Ge\u00e7in<\/strong><\/p>\n\n\n\n<p class=\"wp-block-paragraph\">\ud83d\udcc5 Tarih: 10 Haziran 2025<\/p>\n\n\n\n<p class=\"wp-block-paragraph\">\ud83d\udd53 Saat: 16:00<\/p>\n\n\n\n<p class=\"wp-block-paragraph\">\ud83d\udd17Zoom Ba\u011flant\u0131s\u0131: <a href=\"https:\/\/us06web.zoom.us\/j\/85947203709?pwd=qQjXbS1BsaDftR0SgbBszg730EQaGI.1\">Toplant\u0131ya Kat\u0131lmak \u0130\u00e7in T\u0131klay\u0131n<\/a><\/p>\n\n\n\n<p class=\"wp-block-paragraph\">\ud83d\udd22 Toplant\u0131 Kimli\u011fi: 859 4720 3709<\/p>\n\n\n\n<p class=\"wp-block-paragraph\">\ud83d\udd12Parola: 131213<\/p>\n\n\n\n<p class=\"wp-block-paragraph\"><strong>What is Autism?<\/strong><\/p>\n\n\n\n<p class=\"wp-block-paragraph\">Otizm, do\u011fu\u015ftan gelen ve genellikle ya\u015fam\u0131n ilk \u00fc\u00e7 y\u0131l\u0131nda fark edilen karma\u015f\u0131k bir geli\u015fimsel farkl\u0131l\u0131kt\u0131r. Otizmli bireylerde sosyal ileti\u015fimde zorluklar, s\u0131n\u0131rl\u0131 ilgi alanlar\u0131 ve tekrarlayan davran\u0131\u015flar g\u00f6r\u00fclebilir. Erken tan\u0131 ve yo\u011fun \u00f6zel e\u011fitim, otizmli bireylerin ya\u015famlar\u0131nda d\u00f6n\u00fc\u015ft\u00fcr\u00fcc\u00fcbir etkiye sahiptir.<\/p>\n\n\n\n<p class=\"wp-block-paragraph\"><strong>Otizmin G\u00f6r\u00fclme S\u0131kl\u0131\u011f\u0131 Art\u0131yor\u2026<\/strong><\/p>\n\n\n\n<p class=\"wp-block-paragraph\">Otizm tan\u0131s\u0131, 1985\u2019te her 2.500 \u00e7ocuktan birine konurken, 2025 y\u0131l\u0131 itibar\u0131yla her 31 \u00e7ocuktan biri otizm tan\u0131s\u0131 almaktad\u0131r. \u00dclkemizde otizmli birey say\u0131s\u0131n\u0131n 2 milyonu, bu bireylerin aile \u00e7evresinden etkilenen ki\u015fi say\u0131s\u0131n\u0131n ise 8 milyonu a\u015ft\u0131\u011f\u0131 tahmin edilmektedir. Bu \u00e7arp\u0131c\u0131 veriler, toplumsal fark\u0131ndal\u0131\u011f\u0131n artmas\u0131 ve\u00e7\u00f6z\u00fcm odakl\u0131 politikalar\u0131n h\u0131zla uygulanmas\u0131 gerekti\u011fini g\u00f6stermektedir.<\/p>\n\n\n\n<p class=\"wp-block-paragraph\"><strong>\u0130stihdam Neden \u00d6nemlidir?<\/strong><\/p>\n\n\n\n<p class=\"wp-block-paragraph\">Otizmli bireyler i\u00e7in istihdam; ekonomik ba\u011f\u0131ms\u0131zl\u0131\u011f\u0131n \u00f6tesinde, \u00f6zg\u00fcven, sosyal kat\u0131l\u0131m ve ya\u015fam kalitesi anlam\u0131na gelir. Detaylara odaklanma, tekrarlayan g\u00f6revlerde istikrar ve sadakat gibi g\u00fc\u00e7l\u00fc y\u00f6nleri sayesinde otizmli bireyler i\u015f d\u00fcnyas\u0131nda fark yaratabilir.<\/p>\n\n\n\n<p class=\"wp-block-paragraph\">Ancak, ba\u015far\u0131l\u0131 bir istihdam i\u00e7in i\u015f yerinin bireyin ihtiya\u00e7lar\u0131na g\u00f6re d\u00fczenlenmesi, uygun pozisyon belirlenmesi ve i\u015f ko\u00e7u deste\u011figibi yap\u0131sal destekler gereklidir. \u0130\u015fverenler i\u00e7in bu s\u00fcre\u00e7, kapsay\u0131c\u0131l\u0131k k\u00fclt\u00fcr\u00fcn\u00fc geli\u015ftirirken, ayn\u0131 zamanda \u00e7al\u0131\u015fan memnuniyetini ve \u00fcretkenli\u011fi de art\u0131r\u0131r.<\/p>\n\n\n\n<p class=\"wp-block-paragraph\"><strong>Tohum Otizm Vakf\u0131\u2019n\u0131n \u0130stihdam \u00c7al\u0131\u015fmalar\u0131\u2026<\/strong><\/p>\n\n\n\n<p class=\"wp-block-paragraph\">Tohum Otizm Vakf\u0131, 2010\u2019da \u0130stanbul Kalk\u0131nma Ajans\u0131 hibesiyle T\u00fcrkiye\u2019nin ilk ve tek model i\u015f okulunu kurdu. 2013\u2019te \u201c\u0130\u015f ve Ya\u015fam M\u00fcfredat\u0131\u201d geli\u015ftirildi, 2014\u2019te staj programlar\u0131 ba\u015flat\u0131ld\u0131.<\/p>\n\n\n\n<p class=\"wp-block-paragraph\">2018\u2019den bu yana tam zamanl\u0131 istihdam projeleri y\u00fcr\u00fctenVak\u0131f, 2024\u2019te otizmli bireylerin istihdam\u0131na \u00f6zelolarak kurgulanan Kariyer Merkezi\u2019ni hayata ge\u00e7irdi. Bu merkezde geli\u015ftirilen programlar ve i\u015f birlikleriyle otizmli bireylerin i\u015f g\u00fcc\u00fcne kat\u0131l\u0131m\u0131 kal\u0131c\u0131 hale getiriliyor.<\/p>\n\n\n\n<p class=\"wp-block-paragraph\"><strong>Destekli \u0130stihdam Nedir?<\/strong><\/p>\n\n\n\n<p class=\"wp-block-paragraph\">Destekli istihdam, otizmli bireylerin i\u015f hayat\u0131na kat\u0131l\u0131m\u0131n\u0131 art\u0131rmak ve i\u015f yerinde s\u00fcrd\u00fcr\u00fclebilir ba\u015far\u0131lar\u0131n\u0131 sa\u011flamak amac\u0131yla geli\u015ftirilmi\u015f bir yakla\u015f\u0131md\u0131r. Bu model sayesinde, bireylere uygun i\u015f alanlar\u0131 belirlenir, i\u015f ko\u00e7lar\u0131 e\u015fli\u011finde destek verilir ve i\u015fverenlerin kapsay\u0131c\u0131 \u00e7al\u0131\u015fma ortam\u0131 sa\u011flamas\u0131 te\u015fvik edilir. Destekli istihdam, bireylerin ba\u011f\u0131ms\u0131z ya\u015fama becerilerini geli\u015ftirirken, i\u015fverenler i\u00e7in de sosyal sorumlulu\u011fun \u00f6tesinde verimli ve sad\u0131k bir i\u015f g\u00fcc\u00fc kayna\u011f\u0131 sunar.<\/p>","protected":false},"excerpt":{"rendered":"<p>Tohum Otizm Vakf\u0131, otizmli bireylerin \u00e7al\u0131\u015fma hayat\u0131nda e\u015fit ve s\u00fcrd\u00fcr\u00fclebilir bir \u015fekilde yer alabilmesi amac\u0131yla hayata ge\u00e7irdi\u011fi \u201cDestekli \u0130stihdam Modeli\u201dni b\u00fcy\u00fctmeye devam ediyor. Bu do\u011frultuda, \u0130\u015eKUR\u2019un Engelli ve Eski H\u00fck\u00fcml\u00fc Hibe Destek Program\u0131 kapsam\u0131nda verilen hibeyle \u015firketlerin otizmli birey istihdam etmesini kolayla\u015ft\u0131racak \u00f6nemli bir f\u0131rsat sunuluyor.<\/p>","protected":false},"author":1,"featured_media":8495,"comment_status":"open","ping_status":"open","sticky":false,"template":"","format":"standard","meta":{"footnotes":""},"categories":[1],"tags":[],"class_list":["post-8494","post","type-post","status-publish","format-standard","has-post-thumbnail","hentry","category-basin-odasi"],"yoast_head":"<!-- This site is optimized with the Yoast SEO Premium plugin v28.3 (Yoast SEO v28.3) - https:\/\/yoast.com\/product\/yoast-seo-premium-wordpress\/ -->\n<title>Tohum Otizm Vakf\u0131 ve \u0130\u015eKUR\u2019dan \u015firketlere \u00e7a\u011fr\u0131: Otizmli Birey \u0130stihdam\u0131nda Hibe Deste\u011fi Ba\u015fvurular\u0131 Ba\u015fl\u0131yor! - Tohum Otizm Vakf\u0131 | Otizmin Tek \u00c7aresi E\u011fitim<\/title>\n<meta name=\"robots\" content=\"index, follow, max-snippet:-1, max-image-preview:large, max-video-preview:-1\" \/>\n<link rel=\"canonical\" href=\"https:\/\/wp1.sedaozcan.net.tr\/en\/tohum-otizm-vakfi-ve-iskurdan-sirketlere-cagri-otizmli-birey-istihdaminda-hibe-destegi-basvurulari-basliyor\/\" \/>\n<meta property=\"og:locale\" content=\"en_US\" \/>\n<meta property=\"og:type\" content=\"article\" \/>\n<meta property=\"og:title\" content=\"Tohum Otizm Vakf\u0131 ve \u0130\u015eKUR\u2019dan \u015firketlere \u00e7a\u011fr\u0131: Otizmli Birey \u0130stihdam\u0131nda Hibe Deste\u011fi Ba\u015fvurular\u0131 Ba\u015fl\u0131yor!\" \/>\n<meta property=\"og:description\" content=\"Tohum Otizm Vakf\u0131, otizmli bireylerin \u00e7al\u0131\u015fma hayat\u0131nda e\u015fit ve s\u00fcrd\u00fcr\u00fclebilir bir \u015fekilde yer alabilmesi amac\u0131yla hayata ge\u00e7irdi\u011fi \u201cDestekli \u0130stihdam Modeli\u201dni b\u00fcy\u00fctmeye devam ediyor. Bu do\u011frultuda, \u0130\u015eKUR\u2019un Engelli ve Eski H\u00fck\u00fcml\u00fc Hibe Destek Program\u0131 kapsam\u0131nda verilen hibeyle \u015firketlerin otizmli birey istihdam etmesini kolayla\u015ft\u0131racak \u00f6nemli bir f\u0131rsat sunuluyor.\" \/>\n<meta property=\"og:url\" content=\"https:\/\/wp1.sedaozcan.net.tr\/en\/tohum-otizm-vakfi-ve-iskurdan-sirketlere-cagri-otizmli-birey-istihdaminda-hibe-destegi-basvurulari-basliyor\/\" \/>\n<meta property=\"og:site_name\" content=\"Tohum Otizm Vakf\u0131 | Otizmin Tek \u00c7aresi E\u011fitim\" \/>\n<meta property=\"article:published_time\" content=\"2026-05-11T15:03:02+00:00\" \/>\n<meta property=\"article:modified_time\" content=\"2026-08-06T10:55:00+00:00\" \/>\n<meta property=\"og:image\" content=\"https:\/\/wp1.sedaozcan.net.tr\/wp-content\/uploads\/2026\/05\/Iskur-BB-Gorsel_1-scaled.jpg\" \/>\n\t<meta property=\"og:image:width\" content=\"2560\" \/>\n\t<meta property=\"og:image:height\" content=\"1440\" \/>\n\t<meta property=\"og:image:type\" content=\"image\/jpeg\" \/>\n<meta name=\"author\" content=\"Tohum Otizm\" \/>\n<meta name=\"twitter:card\" content=\"summary_large_image\" \/>\n<meta name=\"twitter:label1\" content=\"Written by\" \/>\n\t<meta name=\"twitter:data1\" content=\"Tohum Otizm\" \/>\n\t<meta name=\"twitter:label2\" content=\"Est. reading time\" \/>\n\t<meta name=\"twitter:data2\" content=\"4 minutes\" \/>\n<script type=\"application\/ld+json\" class=\"yoast-schema-graph\">{\"@context\":\"https:\\\/\\\/schema.org\",\"@graph\":[{\"@type\":\"Article\",\"@id\":\"https:\\\/\\\/wp1.sedaozcan.net.tr\\\/tohum-otizm-vakfi-ve-iskurdan-sirketlere-cagri-otizmli-birey-istihdaminda-hibe-destegi-basvurulari-basliyor\\\/#article\",\"isPartOf\":{\"@id\":\"https:\\\/\\\/wp1.sedaozcan.net.tr\\\/tohum-otizm-vakfi-ve-iskurdan-sirketlere-cagri-otizmli-birey-istihdaminda-hibe-destegi-basvurulari-basliyor\\\/\"},\"author\":{\"name\":\"Tohum Otizm\",\"@id\":\"https:\\\/\\\/wp1.sedaozcan.net.tr\\\/#\\\/schema\\\/person\\\/c2ea4120b58c7afcac902ba998b1091c\"},\"headline\":\"Tohum Otizm Vakf\u0131 ve \u0130\u015eKUR\u2019dan \u015firketlere \u00e7a\u011fr\u0131: Otizmli Birey \u0130stihdam\u0131nda Hibe Deste\u011fi Ba\u015fvurular\u0131 Ba\u015fl\u0131yor!\",\"datePublished\":\"2026-05-11T15:03:02+00:00\",\"dateModified\":\"2026-08-06T10:55:00+00:00\",\"mainEntityOfPage\":{\"@id\":\"https:\\\/\\\/wp1.sedaozcan.net.tr\\\/tohum-otizm-vakfi-ve-iskurdan-sirketlere-cagri-otizmli-birey-istihdaminda-hibe-destegi-basvurulari-basliyor\\\/\"},\"wordCount\":811,\"commentCount\":0,\"image\":{\"@id\":\"https:\\\/\\\/wp1.sedaozcan.net.tr\\\/tohum-otizm-vakfi-ve-iskurdan-sirketlere-cagri-otizmli-birey-istihdaminda-hibe-destegi-basvurulari-basliyor\\\/#primaryimage\"},\"thumbnailUrl\":\"https:\\\/\\\/wp1.sedaozcan.net.tr\\\/wp-content\\\/uploads\\\/2026\\\/05\\\/Iskur-BB-Gorsel_1-scaled.jpg\",\"articleSection\":[\"Bas\u0131n Odas\u0131\"],\"inLanguage\":\"en-US\",\"potentialAction\":[{\"@type\":\"CommentAction\",\"name\":\"Comment\",\"target\":[\"https:\\\/\\\/wp1.sedaozcan.net.tr\\\/tohum-otizm-vakfi-ve-iskurdan-sirketlere-cagri-otizmli-birey-istihdaminda-hibe-destegi-basvurulari-basliyor\\\/#respond\"]}]},{\"@type\":\"WebPage\",\"@id\":\"https:\\\/\\\/wp1.sedaozcan.net.tr\\\/tohum-otizm-vakfi-ve-iskurdan-sirketlere-cagri-otizmli-birey-istihdaminda-hibe-destegi-basvurulari-basliyor\\\/\",\"url\":\"https:\\\/\\\/wp1.sedaozcan.net.tr\\\/tohum-otizm-vakfi-ve-iskurdan-sirketlere-cagri-otizmli-birey-istihdaminda-hibe-destegi-basvurulari-basliyor\\\/\",\"name\":\"Tohum Otizm Vakf\u0131 ve \u0130\u015eKUR\u2019dan \u015firketlere \u00e7a\u011fr\u0131: Otizmli Birey \u0130stihdam\u0131nda Hibe Deste\u011fi Ba\u015fvurular\u0131 Ba\u015fl\u0131yor! - Tohum Otizm Vakf\u0131 | Otizmin Tek \u00c7aresi E\u011fitim\",\"isPartOf\":{\"@id\":\"https:\\\/\\\/wp1.sedaozcan.net.tr\\\/#website\"},\"primaryImageOfPage\":{\"@id\":\"https:\\\/\\\/wp1.sedaozcan.net.tr\\\/tohum-otizm-vakfi-ve-iskurdan-sirketlere-cagri-otizmli-birey-istihdaminda-hibe-destegi-basvurulari-basliyor\\\/#primaryimage\"},\"image\":{\"@id\":\"https:\\\/\\\/wp1.sedaozcan.net.tr\\\/tohum-otizm-vakfi-ve-iskurdan-sirketlere-cagri-otizmli-birey-istihdaminda-hibe-destegi-basvurulari-basliyor\\\/#primaryimage\"},\"thumbnailUrl\":\"https:\\\/\\\/wp1.sedaozcan.net.tr\\\/wp-content\\\/uploads\\\/2026\\\/05\\\/Iskur-BB-Gorsel_1-scaled.jpg\",\"datePublished\":\"2026-05-11T15:03:02+00:00\",\"dateModified\":\"2026-08-06T10:55:00+00:00\",\"author\":{\"@id\":\"https:\\\/\\\/wp1.sedaozcan.net.tr\\\/#\\\/schema\\\/person\\\/c2ea4120b58c7afcac902ba998b1091c\"},\"breadcrumb\":{\"@id\":\"https:\\\/\\\/wp1.sedaozcan.net.tr\\\/tohum-otizm-vakfi-ve-iskurdan-sirketlere-cagri-otizmli-birey-istihdaminda-hibe-destegi-basvurulari-basliyor\\\/#breadcrumb\"},\"inLanguage\":\"en-US\",\"potentialAction\":[{\"@type\":\"ReadAction\",\"target\":[\"https:\\\/\\\/wp1.sedaozcan.net.tr\\\/tohum-otizm-vakfi-ve-iskurdan-sirketlere-cagri-otizmli-birey-istihdaminda-hibe-destegi-basvurulari-basliyor\\\/\"]}]},{\"@type\":\"ImageObject\",\"inLanguage\":\"en-US\",\"@id\":\"https:\\\/\\\/wp1.sedaozcan.net.tr\\\/tohum-otizm-vakfi-ve-iskurdan-sirketlere-cagri-otizmli-birey-istihdaminda-hibe-destegi-basvurulari-basliyor\\\/#primaryimage\",\"url\":\"https:\\\/\\\/wp1.sedaozcan.net.tr\\\/wp-content\\\/uploads\\\/2026\\\/05\\\/Iskur-BB-Gorsel_1-scaled.jpg\",\"contentUrl\":\"https:\\\/\\\/wp1.sedaozcan.net.tr\\\/wp-content\\\/uploads\\\/2026\\\/05\\\/Iskur-BB-Gorsel_1-scaled.jpg\",\"width\":2560,\"height\":1440},{\"@type\":\"BreadcrumbList\",\"@id\":\"https:\\\/\\\/wp1.sedaozcan.net.tr\\\/tohum-otizm-vakfi-ve-iskurdan-sirketlere-cagri-otizmli-birey-istihdaminda-hibe-destegi-basvurulari-basliyor\\\/#breadcrumb\",\"itemListElement\":[{\"@type\":\"ListItem\",\"position\":1,\"name\":\"Home\",\"item\":\"https:\\\/\\\/wp1.sedaozcan.net.tr\\\/\"},{\"@type\":\"ListItem\",\"position\":2,\"name\":\"Tohum Otizm Vakf\u0131 ve \u0130\u015eKUR\u2019dan \u015firketlere \u00e7a\u011fr\u0131: Otizmli Birey \u0130stihdam\u0131nda Hibe Deste\u011fi Ba\u015fvurular\u0131 Ba\u015fl\u0131yor!\"}]},{\"@type\":\"WebSite\",\"@id\":\"https:\\\/\\\/wp1.sedaozcan.net.tr\\\/#website\",\"url\":\"https:\\\/\\\/wp1.sedaozcan.net.tr\\\/\",\"name\":\"Tohum Otizm Vakf\u0131 | Otizmin Tek \u00c7aresi E\u011fitim\",\"description\":\"\",\"potentialAction\":[{\"@type\":\"SearchAction\",\"target\":{\"@type\":\"EntryPoint\",\"urlTemplate\":\"https:\\\/\\\/wp1.sedaozcan.net.tr\\\/?s={search_term_string}\"},\"query-input\":{\"@type\":\"PropertyValueSpecification\",\"valueRequired\":true,\"valueName\":\"search_term_string\"}}],\"inLanguage\":\"en-US\"},{\"@type\":\"Person\",\"@id\":\"https:\\\/\\\/wp1.sedaozcan.net.tr\\\/#\\\/schema\\\/person\\\/c2ea4120b58c7afcac902ba998b1091c\",\"name\":\"Tohum Otizm\",\"image\":{\"@type\":\"ImageObject\",\"inLanguage\":\"en-US\",\"@id\":\"https:\\\/\\\/secure.gravatar.com\\\/avatar\\\/99d08cded734486eef59dabce25065a85303e18d81311c4f5f2bbd3fed82f816?s=96&d=mm&r=g\",\"url\":\"https:\\\/\\\/secure.gravatar.com\\\/avatar\\\/99d08cded734486eef59dabce25065a85303e18d81311c4f5f2bbd3fed82f816?s=96&d=mm&r=g\",\"contentUrl\":\"https:\\\/\\\/secure.gravatar.com\\\/avatar\\\/99d08cded734486eef59dabce25065a85303e18d81311c4f5f2bbd3fed82f816?s=96&d=mm&r=g\",\"caption\":\"Tohum Otizm\"},\"sameAs\":[\"https:\\\/\\\/wp1.sedaozcan.net.tr\"],\"url\":\"https:\\\/\\\/wp1.sedaozcan.net.tr\\\/en\\\/author\\\/admin_3ewju0jt\\\/\"},{\"@type\":\"ImageObject\",\"inLanguage\":\"en-US\",\"@id\":\"https:\\\/\\\/wp1.sedaozcan.net.tr\\\/tohum-otizm-vakfi-ve-iskurdan-sirketlere-cagri-otizmli-birey-istihdaminda-hibe-destegi-basvurulari-basliyor\\\/#local-main-organization-logo\",\"url\":\"\",\"contentUrl\":\"\",\"caption\":\"Tohum Otizm Vakf\u0131 | Otizmin Tek \u00c7aresi E\u011fitim\"}]}<\/script>\n<!-- \/ Yoast SEO Premium plugin. -->","yoast_head_json":{"title":"Tohum Otizm Vakf\u0131 ve \u0130\u015eKUR\u2019dan \u015firketlere \u00e7a\u011fr\u0131: Otizmli Birey \u0130stihdam\u0131nda Hibe Deste\u011fi Ba\u015fvurular\u0131 Ba\u015fl\u0131yor! - Tohum Otizm Vakf\u0131 | Otizmin Tek \u00c7aresi E\u011fitim","robots":{"index":"index","follow":"follow","max-snippet":"max-snippet:-1","max-image-preview":"max-image-preview:large","max-video-preview":"max-video-preview:-1"},"canonical":"https:\/\/wp1.sedaozcan.net.tr\/en\/tohum-otizm-vakfi-ve-iskurdan-sirketlere-cagri-otizmli-birey-istihdaminda-hibe-destegi-basvurulari-basliyor\/","og_locale":"en_US","og_type":"article","og_title":"Tohum Otizm Vakf\u0131 ve \u0130\u015eKUR\u2019dan \u015firketlere \u00e7a\u011fr\u0131: Otizmli Birey \u0130stihdam\u0131nda Hibe Deste\u011fi Ba\u015fvurular\u0131 Ba\u015fl\u0131yor!","og_description":"Tohum Otizm Vakf\u0131, otizmli bireylerin \u00e7al\u0131\u015fma hayat\u0131nda e\u015fit ve s\u00fcrd\u00fcr\u00fclebilir bir \u015fekilde yer alabilmesi amac\u0131yla hayata ge\u00e7irdi\u011fi \u201cDestekli \u0130stihdam Modeli\u201dni b\u00fcy\u00fctmeye devam ediyor. Bu do\u011frultuda, \u0130\u015eKUR\u2019un Engelli ve Eski H\u00fck\u00fcml\u00fc Hibe Destek Program\u0131 kapsam\u0131nda verilen hibeyle \u015firketlerin otizmli birey istihdam etmesini kolayla\u015ft\u0131racak \u00f6nemli bir f\u0131rsat sunuluyor.","og_url":"https:\/\/wp1.sedaozcan.net.tr\/en\/tohum-otizm-vakfi-ve-iskurdan-sirketlere-cagri-otizmli-birey-istihdaminda-hibe-destegi-basvurulari-basliyor\/","og_site_name":"Tohum Otizm Vakf\u0131 | Otizmin Tek \u00c7aresi E\u011fitim","article_published_time":"2026-05-11T15:03:02+00:00","article_modified_time":"2026-08-06T10:55:00+00:00","og_image":[{"width":2560,"height":1440,"url":"https:\/\/wp1.sedaozcan.net.tr\/wp-content\/uploads\/2026\/05\/Iskur-BB-Gorsel_1-scaled.jpg","type":"image\/jpeg"}],"author":"Tohum Otizm","twitter_card":"summary_large_image","twitter_misc":{"Written by":"Tohum Otizm","Est. reading time":"4 minutes"},"schema":{"@context":"https:\/\/schema.org","@graph":[{"@type":"Article","@id":"https:\/\/wp1.sedaozcan.net.tr\/tohum-otizm-vakfi-ve-iskurdan-sirketlere-cagri-otizmli-birey-istihdaminda-hibe-destegi-basvurulari-basliyor\/#article","isPartOf":{"@id":"https:\/\/wp1.sedaozcan.net.tr\/tohum-otizm-vakfi-ve-iskurdan-sirketlere-cagri-otizmli-birey-istihdaminda-hibe-destegi-basvurulari-basliyor\/"},"author":{"name":"Tohum Otizm","@id":"https:\/\/wp1.sedaozcan.net.tr\/#\/schema\/person\/c2ea4120b58c7afcac902ba998b1091c"},"headline":"Tohum Otizm Vakf\u0131 ve \u0130\u015eKUR\u2019dan \u015firketlere \u00e7a\u011fr\u0131: Otizmli Birey \u0130stihdam\u0131nda Hibe Deste\u011fi Ba\u015fvurular\u0131 Ba\u015fl\u0131yor!","datePublished":"2026-05-11T15:03:02+00:00","dateModified":"2026-08-06T10:55:00+00:00","mainEntityOfPage":{"@id":"https:\/\/wp1.sedaozcan.net.tr\/tohum-otizm-vakfi-ve-iskurdan-sirketlere-cagri-otizmli-birey-istihdaminda-hibe-destegi-basvurulari-basliyor\/"},"wordCount":811,"commentCount":0,"image":{"@id":"https:\/\/wp1.sedaozcan.net.tr\/tohum-otizm-vakfi-ve-iskurdan-sirketlere-cagri-otizmli-birey-istihdaminda-hibe-destegi-basvurulari-basliyor\/#primaryimage"},"thumbnailUrl":"https:\/\/wp1.sedaozcan.net.tr\/wp-content\/uploads\/2026\/05\/Iskur-BB-Gorsel_1-scaled.jpg","articleSection":["Bas\u0131n Odas\u0131"],"inLanguage":"en-US","potentialAction":[{"@type":"CommentAction","name":"Comment","target":["https:\/\/wp1.sedaozcan.net.tr\/tohum-otizm-vakfi-ve-iskurdan-sirketlere-cagri-otizmli-birey-istihdaminda-hibe-destegi-basvurulari-basliyor\/#respond"]}]},{"@type":"WebPage","@id":"https:\/\/wp1.sedaozcan.net.tr\/tohum-otizm-vakfi-ve-iskurdan-sirketlere-cagri-otizmli-birey-istihdaminda-hibe-destegi-basvurulari-basliyor\/","url":"https:\/\/wp1.sedaozcan.net.tr\/tohum-otizm-vakfi-ve-iskurdan-sirketlere-cagri-otizmli-birey-istihdaminda-hibe-destegi-basvurulari-basliyor\/","name":"Tohum Otizm Vakf\u0131 ve \u0130\u015eKUR\u2019dan \u015firketlere \u00e7a\u011fr\u0131: Otizmli Birey \u0130stihdam\u0131nda Hibe Deste\u011fi Ba\u015fvurular\u0131 Ba\u015fl\u0131yor! - Tohum Otizm Vakf\u0131 | Otizmin Tek \u00c7aresi E\u011fitim","isPartOf":{"@id":"https:\/\/wp1.sedaozcan.net.tr\/#website"},"primaryImageOfPage":{"@id":"https:\/\/wp1.sedaozcan.net.tr\/tohum-otizm-vakfi-ve-iskurdan-sirketlere-cagri-otizmli-birey-istihdaminda-hibe-destegi-basvurulari-basliyor\/#primaryimage"},"image":{"@id":"https:\/\/wp1.sedaozcan.net.tr\/tohum-otizm-vakfi-ve-iskurdan-sirketlere-cagri-otizmli-birey-istihdaminda-hibe-destegi-basvurulari-basliyor\/#primaryimage"},"thumbnailUrl":"https:\/\/wp1.sedaozcan.net.tr\/wp-content\/uploads\/2026\/05\/Iskur-BB-Gorsel_1-scaled.jpg","datePublished":"2026-05-11T15:03:02+00:00","dateModified":"2026-08-06T10:55:00+00:00","author":{"@id":"https:\/\/wp1.sedaozcan.net.tr\/#\/schema\/person\/c2ea4120b58c7afcac902ba998b1091c"},"breadcrumb":{"@id":"https:\/\/wp1.sedaozcan.net.tr\/tohum-otizm-vakfi-ve-iskurdan-sirketlere-cagri-otizmli-birey-istihdaminda-hibe-destegi-basvurulari-basliyor\/#breadcrumb"},"inLanguage":"en-US","potentialAction":[{"@type":"ReadAction","target":["https:\/\/wp1.sedaozcan.net.tr\/tohum-otizm-vakfi-ve-iskurdan-sirketlere-cagri-otizmli-birey-istihdaminda-hibe-destegi-basvurulari-basliyor\/"]}]},{"@type":"ImageObject","inLanguage":"en-US","@id":"https:\/\/wp1.sedaozcan.net.tr\/tohum-otizm-vakfi-ve-iskurdan-sirketlere-cagri-otizmli-birey-istihdaminda-hibe-destegi-basvurulari-basliyor\/#primaryimage","url":"https:\/\/wp1.sedaozcan.net.tr\/wp-content\/uploads\/2026\/05\/Iskur-BB-Gorsel_1-scaled.jpg","contentUrl":"https:\/\/wp1.sedaozcan.net.tr\/wp-content\/uploads\/2026\/05\/Iskur-BB-Gorsel_1-scaled.jpg","width":2560,"height":1440},{"@type":"BreadcrumbList","@id":"https:\/\/wp1.sedaozcan.net.tr\/tohum-otizm-vakfi-ve-iskurdan-sirketlere-cagri-otizmli-birey-istihdaminda-hibe-destegi-basvurulari-basliyor\/#breadcrumb","itemListElement":[{"@type":"ListItem","position":1,"name":"Home","item":"https:\/\/wp1.sedaozcan.net.tr\/"},{"@type":"ListItem","position":2,"name":"Tohum Otizm Vakf\u0131 ve \u0130\u015eKUR\u2019dan \u015firketlere \u00e7a\u011fr\u0131: Otizmli Birey \u0130stihdam\u0131nda Hibe Deste\u011fi Ba\u015fvurular\u0131 Ba\u015fl\u0131yor!"}]},{"@type":"WebSite","@id":"https:\/\/wp1.sedaozcan.net.tr\/#website","url":"https:\/\/wp1.sedaozcan.net.tr\/","name":"Tohum Autism Foundation | The Only Remedy for Autism is Education","description":"","potentialAction":[{"@type":"SearchAction","target":{"@type":"EntryPoint","urlTemplate":"https:\/\/wp1.sedaozcan.net.tr\/?s={search_term_string}"},"query-input":{"@type":"PropertyValueSpecification","valueRequired":true,"valueName":"search_term_string"}}],"inLanguage":"en-US"},{"@type":"Person","@id":"https:\/\/wp1.sedaozcan.net.tr\/#\/schema\/person\/c2ea4120b58c7afcac902ba998b1091c","name":"Tohum Otizm","image":{"@type":"ImageObject","inLanguage":"en-US","@id":"https:\/\/secure.gravatar.com\/avatar\/99d08cded734486eef59dabce25065a85303e18d81311c4f5f2bbd3fed82f816?s=96&d=mm&r=g","url":"https:\/\/secure.gravatar.com\/avatar\/99d08cded734486eef59dabce25065a85303e18d81311c4f5f2bbd3fed82f816?s=96&d=mm&r=g","contentUrl":"https:\/\/secure.gravatar.com\/avatar\/99d08cded734486eef59dabce25065a85303e18d81311c4f5f2bbd3fed82f816?s=96&d=mm&r=g","caption":"Tohum Otizm"},"sameAs":["https:\/\/wp1.sedaozcan.net.tr"],"url":"https:\/\/wp1.sedaozcan.net.tr\/en\/author\/admin_3ewju0jt\/"},{"@type":"ImageObject","inLanguage":"en-US","@id":"https:\/\/wp1.sedaozcan.net.tr\/tohum-otizm-vakfi-ve-iskurdan-sirketlere-cagri-otizmli-birey-istihdaminda-hibe-destegi-basvurulari-basliyor\/#local-main-organization-logo","url":"","contentUrl":"","caption":"Tohum Otizm Vakf\u0131 | Otizmin Tek \u00c7aresi E\u011fitim"}]}},"_links":{"self":[{"href":"https:\/\/wp1.sedaozcan.net.tr\/en\/wp-json\/wp\/v2\/posts\/8494","targetHints":{"allow":["GET"]}}],"collection":[{"href":"https:\/\/wp1.sedaozcan.net.tr\/en\/wp-json\/wp\/v2\/posts"}],"about":[{"href":"https:\/\/wp1.sedaozcan.net.tr\/en\/wp-json\/wp\/v2\/types\/post"}],"author":[{"embeddable":true,"href":"https:\/\/wp1.sedaozcan.net.tr\/en\/wp-json\/wp\/v2\/users\/1"}],"replies":[{"embeddable":true,"href":"https:\/\/wp1.sedaozcan.net.tr\/en\/wp-json\/wp\/v2\/comments?post=8494"}],"version-history":[{"count":2,"href":"https:\/\/wp1.sedaozcan.net.tr\/en\/wp-json\/wp\/v2\/posts\/8494\/revisions"}],"predecessor-version":[{"id":9583,"href":"https:\/\/wp1.sedaozcan.net.tr\/en\/wp-json\/wp\/v2\/posts\/8494\/revisions\/9583"}],"wp:featuredmedia":[{"embeddable":true,"href":"https:\/\/wp1.sedaozcan.net.tr\/en\/wp-json\/wp\/v2\/media\/8495"}],"wp:attachment":[{"href":"https:\/\/wp1.sedaozcan.net.tr\/en\/wp-json\/wp\/v2\/media?parent=8494"}],"wp:term":[{"taxonomy":"category","embeddable":true,"href":"https:\/\/wp1.sedaozcan.net.tr\/en\/wp-json\/wp\/v2\/categories?post=8494"},{"taxonomy":"post_tag","embeddable":true,"href":"https:\/\/wp1.sedaozcan.net.tr\/en\/wp-json\/wp\/v2\/tags?post=8494"}],"curies":[{"name":"wp","href":"https:\/\/api.w.org\/{rel}","templated":true}]}}