{"id":8491,"date":"2026-05-11T17:01:48","date_gmt":"2026-05-11T15:01:48","guid":{"rendered":"https:\/\/wp1.sedaozcan.net.tr\/?p=8491"},"modified":"2026-08-06T12:56:59","modified_gmt":"2026-08-06T10:56:59","slug":"sinifta-her-cocugun-yeri-varotizmli-cocuklar-icin-ders-zili-caliyor","status":"publish","type":"post","link":"https:\/\/wp1.sedaozcan.net.tr\/en\/sinifta-her-cocugun-yeri-varotizmli-cocuklar-icin-ders-zili-caliyor\/","title":{"rendered":"\u00a0S\u0131n\u0131fta Her \u00c7ocu\u011fun Yeri Var:Otizmli \u00c7ocuklar \u0130\u00e7in Ders Zili \u00c7al\u0131yor!"},"content":{"rendered":"<p class=\"wp-block-paragraph\"><strong>BASIN B\u00dcLTEN\u0130 &nbsp; &nbsp; &nbsp; &nbsp; &nbsp; &nbsp; &nbsp; &nbsp; &nbsp; &nbsp; &nbsp; &nbsp; 01 Eyl\u00fcl 2025<\/strong><\/p>\n\n\n\n<p class=\"wp-block-paragraph\"><strong>&nbsp;S\u0131n\u0131fta Her \u00c7ocu\u011fun Yeri Var:<\/strong><\/p>\n\n\n\n<p class=\"wp-block-paragraph\"><strong>Otizmli \u00c7ocuklar \u0130\u00e7in Ders Zili \u00c7al\u0131yor!<\/strong><\/p>\n\n\n\n<p class=\"wp-block-paragraph\"><strong>\u00dclkemizde, e\u011fitim \u00e7a\u011f\u0131nda 700 bin otizmli \u00e7ocuktan yaln\u0131zca 44 bini nitelikli e\u011fitime eri\u015febiliyor.<\/strong><\/p>\n\n\n\n<p class=\"wp-block-paragraph\">Yeni e\u011fitim-\u00f6\u011fretim y\u0131l\u0131 ba\u015fl\u0131yor. Milyonlarca \u00f6\u011frenci ders ba\u015f\u0131 yapmaya haz\u0131rlan\u0131rken, otizmli \u00e7ocuklar\u0131n b\u00fcy\u00fck bir k\u0131sm\u0131 hala s\u0131n\u0131flarda yerini alam\u0131yor. T\u00fcrkiye\u2019de e\u011fitim \u00e7a\u011f\u0131nda yakla\u015f\u0131k 700 bin otizmli \u00e7ocuk bulunmas\u0131na ra\u011fmen, yaln\u0131zca 44 bini nitelikli e\u011fitime eri\u015febiliyor. Tohum Otizm Vakf\u0131, bu y\u0131l da \u201cOkula D\u00f6n\u00fc\u015f\u201d kampanyas\u0131 ile daha fazla otizmli \u00e7ocu\u011fun nitelikli e\u011fitimle bulu\u015fmas\u0131na dikkat \u00e7ekerek toplumu deste\u011fe davet ediyor.<\/p>\n\n\n\n<p class=\"wp-block-paragraph\"><strong>Otizmin bilinen tek \u00e7aresi: Erken tan\u0131 ile ba\u015flayan yo\u011fun ve s\u00fcrekli \u00f6zel e\u011fitim<\/strong><\/p>\n\n\n\n<p class=\"wp-block-paragraph\">Do\u011fu\u015ftan gelen ve ya\u015fam\u0131n ilk y\u0131llar\u0131nda fark edilen n\u00f6ro-geli\u015fimsel bir farkl\u0131l\u0131k olan otizm, g\u00fcn\u00fcm\u00fczde her 31 \u00e7ocuktan 1\u2019inde g\u00f6r\u00fcl\u00fcyor. Gittik\u00e7e artan g\u00f6r\u00fclme s\u0131kl\u0131\u011f\u0131na ra\u011fmen otizmin bilinen tek \u00e7aresi erken tan\u0131 ile ba\u015flayan yo\u011fun ve s\u00fcrekli \u00f6zel e\u011fitim.<\/p>\n\n\n\n<p class=\"wp-block-paragraph\">Otizm, genellikle 0\u20133 ya\u015f aral\u0131\u011f\u0131nda baz\u0131 davran\u0131\u015f farkl\u0131l\u0131klar\u0131 ile kendini g\u00f6sterebilir. Bu ya\u015flarda g\u00f6r\u00fclebilecek ba\u015fl\u0131ca belirtiler aras\u0131nda; ba\u015fkalar\u0131 ile g\u00f6z temas\u0131 kurmamak, ismi s\u00f6ylendi\u011finde bakmamak, konu\u015fmada gecikme, parma\u011f\u0131 ile istedi\u011fini g\u00f6sterememek, akranlar\u0131n\u0131n oynad\u0131\u011f\u0131 oyunlara ilgi g\u00f6stermemek, sallanmak, \u00e7\u0131rp\u0131nmak, parmak ucunda y\u00fcr\u00fcmek, d\u00f6nen nesnelere kar\u015f\u0131 a\u015f\u0131r\u0131 ilgi ve tekrarlay\u0131c\u0131 davran\u0131\u015flar yer al\u0131yor.<\/p>\n\n\n\n<p class=\"wp-block-paragraph\">Aileler, \u00e7ocuklar\u0131nda bu belirtilerden bir ya da birka\u00e7\u0131n\u0131 g\u00f6zlemlediklerinde vakit kaybetmeden otizm konusunda uzman bir \u00e7ocuk ve ergen psikiyatristine ba\u015fvurmal\u0131.<\/p>\n\n\n\n<p class=\"wp-block-paragraph\"><strong>Tohum Otizm Vakf\u0131\u2019ndan e\u015fit e\u011fitim \u00e7a\u011fr\u0131s\u0131<\/strong><\/p>\n\n\n\n<p class=\"wp-block-paragraph\">22 y\u0131ld\u0131r otizmli \u00e7ocuklar\u0131 \u00f6zel e\u011fitimle topluma kazand\u0131rabilmenin T\u00fcrkiye\u2019deki savunuculu\u011funu yapan Tohum Otizm Vakf\u0131,<strong> \u201cOkula D\u00f6n\u00fc\u015f\u201d <\/strong>kampanyas\u0131 ile daha \u00e7ok otizmli \u00e7ocu\u011fun nitelikli e\u011fitimden yararlanmas\u0131n\u0131 hedefliyor.<\/p>\n\n\n\n<p class=\"wp-block-paragraph\"><strong>Tohum Otizm Vakf\u0131 Genel M\u00fcd\u00fcr\u00fc Bur\u00e7ak Karakaya,<\/strong> kampanya kapsam\u0131nda yapt\u0131\u011f\u0131 a\u00e7\u0131klamada \u015funlar\u0131 s\u00f6yledi:<em>\u201c<\/em>Otizmli \u00e7ocuklar\u0131n e\u011fitim ortamlar\u0131na ayr\u0131\u015ft\u0131r\u0131lmadan dahil edilmesi b\u00fcy\u00fck \u00f6nem<\/p>\n\n\n\n<p class=\"wp-block-paragraph\">ta\u015f\u0131yor. Ancak nitelikli e\u011fitim hizmetlerine eri\u015febilen otizmli \u00e7ocuklar, beceriler kazanarak yeti\u015fkinlik<\/p>\n\n\n\n<p class=\"wp-block-paragraph\">d\u00f6nemlerinde \u00e7al\u0131\u015fma hayat\u0131na kat\u0131labiliyor ve daha ba\u011f\u0131ms\u0131z ya\u015fayabiliyor. Tohum Otizm Vakf\u0131 olarak&nbsp;<\/p>\n\n\n\n<p class=\"wp-block-paragraph\">daha \u00e7ok otizmli \u00e7ocu\u011fun nitelikli e\u011fitime eri\u015febilmesi i\u00e7in burs imk\u00e2nlar\u0131n\u0131 art\u0131rmaya \u00e7al\u0131\u015f\u0131yoruz. &nbsp;<\/p>\n\n\n\n<p class=\"wp-block-paragraph\">E\u011fitimcileri desteklemeye y\u00f6nelik \u00e7al\u0131\u015fmalar\u0131m\u0131z\u0131&nbsp; geli\u015ftirerek s\u00fcrd\u00fcr\u00fcyoruz.\u201d<\/p>","protected":false},"excerpt":{"rendered":"<p>\u00dclkemizde, e\u011fitim \u00e7a\u011f\u0131nda 700 bin otizmli \u00e7ocuktan yaln\u0131zca 44 bini nitelikli e\u011fitime eri\u015febiliyor. Yeni e\u011fitim-\u00f6\u011fretim y\u0131l\u0131 ba\u015fl\u0131yor. Milyonlarca \u00f6\u011frenci ders ba\u015f\u0131 yapmaya haz\u0131rlan\u0131rken, otizmli \u00e7ocuklar\u0131n b\u00fcy\u00fck bir k\u0131sm\u0131 hala s\u0131n\u0131flarda yerini alam\u0131yor.<\/p>","protected":false},"author":1,"featured_media":8492,"comment_status":"open","ping_status":"open","sticky":false,"template":"","format":"standard","meta":{"footnotes":""},"categories":[1],"tags":[],"class_list":["post-8491","post","type-post","status-publish","format-standard","has-post-thumbnail","hentry","category-basin-odasi"],"yoast_head":"<!-- This site is optimized with the Yoast SEO Premium plugin v28.3 (Yoast SEO v28.3) - https:\/\/yoast.com\/product\/yoast-seo-premium-wordpress\/ -->\n<title>\u00a0S\u0131n\u0131fta Her \u00c7ocu\u011fun Yeri Var:Otizmli \u00c7ocuklar \u0130\u00e7in Ders Zili \u00c7al\u0131yor! - Tohum Otizm Vakf\u0131 | Otizmin Tek \u00c7aresi E\u011fitim<\/title>\n<meta name=\"robots\" content=\"index, follow, max-snippet:-1, max-image-preview:large, max-video-preview:-1\" \/>\n<link rel=\"canonical\" href=\"https:\/\/wp1.sedaozcan.net.tr\/en\/sinifta-her-cocugun-yeri-varotizmli-cocuklar-icin-ders-zili-caliyor\/\" \/>\n<meta property=\"og:locale\" content=\"en_US\" \/>\n<meta property=\"og:type\" content=\"article\" \/>\n<meta property=\"og:title\" content=\"\u00a0S\u0131n\u0131fta Her \u00c7ocu\u011fun Yeri Var:Otizmli \u00c7ocuklar \u0130\u00e7in Ders Zili \u00c7al\u0131yor!\" \/>\n<meta property=\"og:description\" content=\"\u00dclkemizde, e\u011fitim \u00e7a\u011f\u0131nda 700 bin otizmli \u00e7ocuktan yaln\u0131zca 44 bini nitelikli e\u011fitime eri\u015febiliyor. Yeni e\u011fitim-\u00f6\u011fretim y\u0131l\u0131 ba\u015fl\u0131yor. Milyonlarca \u00f6\u011frenci ders ba\u015f\u0131 yapmaya haz\u0131rlan\u0131rken, otizmli \u00e7ocuklar\u0131n b\u00fcy\u00fck bir k\u0131sm\u0131 hala s\u0131n\u0131flarda yerini alam\u0131yor.\" \/>\n<meta property=\"og:url\" content=\"https:\/\/wp1.sedaozcan.net.tr\/en\/sinifta-her-cocugun-yeri-varotizmli-cocuklar-icin-ders-zili-caliyor\/\" \/>\n<meta property=\"og:site_name\" content=\"Tohum Otizm Vakf\u0131 | Otizmin Tek \u00c7aresi E\u011fitim\" \/>\n<meta property=\"article:published_time\" content=\"2026-05-11T15:01:48+00:00\" \/>\n<meta property=\"article:modified_time\" content=\"2026-08-06T10:56:59+00:00\" \/>\n<meta property=\"og:image\" content=\"https:\/\/wp1.sedaozcan.net.tr\/wp-content\/uploads\/2026\/05\/TOV_Egiti-768x432-1.png\" \/>\n\t<meta property=\"og:image:width\" content=\"768\" \/>\n\t<meta property=\"og:image:height\" content=\"432\" \/>\n\t<meta property=\"og:image:type\" content=\"image\/png\" \/>\n<meta name=\"author\" content=\"Tohum Otizm\" \/>\n<meta name=\"twitter:card\" content=\"summary_large_image\" \/>\n<meta name=\"twitter:label1\" content=\"Written by\" \/>\n\t<meta name=\"twitter:data1\" content=\"Tohum Otizm\" \/>\n\t<meta name=\"twitter:label2\" content=\"Est. reading time\" \/>\n\t<meta name=\"twitter:data2\" content=\"2 minutes\" \/>\n<script type=\"application\/ld+json\" class=\"yoast-schema-graph\">{\"@context\":\"https:\\\/\\\/schema.org\",\"@graph\":[{\"@type\":\"Article\",\"@id\":\"https:\\\/\\\/wp1.sedaozcan.net.tr\\\/sinifta-her-cocugun-yeri-varotizmli-cocuklar-icin-ders-zili-caliyor\\\/#article\",\"isPartOf\":{\"@id\":\"https:\\\/\\\/wp1.sedaozcan.net.tr\\\/sinifta-her-cocugun-yeri-varotizmli-cocuklar-icin-ders-zili-caliyor\\\/\"},\"author\":{\"name\":\"Tohum Otizm\",\"@id\":\"https:\\\/\\\/wp1.sedaozcan.net.tr\\\/#\\\/schema\\\/person\\\/c2ea4120b58c7afcac902ba998b1091c\"},\"headline\":\"\u00a0S\u0131n\u0131fta Her \u00c7ocu\u011fun Yeri Var:Otizmli \u00c7ocuklar \u0130\u00e7in Ders Zili \u00c7al\u0131yor!\",\"datePublished\":\"2026-05-11T15:01:48+00:00\",\"dateModified\":\"2026-08-06T10:56:59+00:00\",\"mainEntityOfPage\":{\"@id\":\"https:\\\/\\\/wp1.sedaozcan.net.tr\\\/sinifta-her-cocugun-yeri-varotizmli-cocuklar-icin-ders-zili-caliyor\\\/\"},\"wordCount\":487,\"commentCount\":0,\"image\":{\"@id\":\"https:\\\/\\\/wp1.sedaozcan.net.tr\\\/sinifta-her-cocugun-yeri-varotizmli-cocuklar-icin-ders-zili-caliyor\\\/#primaryimage\"},\"thumbnailUrl\":\"https:\\\/\\\/wp1.sedaozcan.net.tr\\\/wp-content\\\/uploads\\\/2026\\\/05\\\/TOV_Egiti-768x432-1.png\",\"articleSection\":[\"Bas\u0131n Odas\u0131\"],\"inLanguage\":\"en-US\",\"potentialAction\":[{\"@type\":\"CommentAction\",\"name\":\"Comment\",\"target\":[\"https:\\\/\\\/wp1.sedaozcan.net.tr\\\/sinifta-her-cocugun-yeri-varotizmli-cocuklar-icin-ders-zili-caliyor\\\/#respond\"]}]},{\"@type\":\"WebPage\",\"@id\":\"https:\\\/\\\/wp1.sedaozcan.net.tr\\\/sinifta-her-cocugun-yeri-varotizmli-cocuklar-icin-ders-zili-caliyor\\\/\",\"url\":\"https:\\\/\\\/wp1.sedaozcan.net.tr\\\/sinifta-her-cocugun-yeri-varotizmli-cocuklar-icin-ders-zili-caliyor\\\/\",\"name\":\"\u00a0S\u0131n\u0131fta Her \u00c7ocu\u011fun Yeri Var:Otizmli \u00c7ocuklar \u0130\u00e7in Ders Zili \u00c7al\u0131yor! - Tohum Otizm Vakf\u0131 | Otizmin Tek \u00c7aresi E\u011fitim\",\"isPartOf\":{\"@id\":\"https:\\\/\\\/wp1.sedaozcan.net.tr\\\/#website\"},\"primaryImageOfPage\":{\"@id\":\"https:\\\/\\\/wp1.sedaozcan.net.tr\\\/sinifta-her-cocugun-yeri-varotizmli-cocuklar-icin-ders-zili-caliyor\\\/#primaryimage\"},\"image\":{\"@id\":\"https:\\\/\\\/wp1.sedaozcan.net.tr\\\/sinifta-her-cocugun-yeri-varotizmli-cocuklar-icin-ders-zili-caliyor\\\/#primaryimage\"},\"thumbnailUrl\":\"https:\\\/\\\/wp1.sedaozcan.net.tr\\\/wp-content\\\/uploads\\\/2026\\\/05\\\/TOV_Egiti-768x432-1.png\",\"datePublished\":\"2026-05-11T15:01:48+00:00\",\"dateModified\":\"2026-08-06T10:56:59+00:00\",\"author\":{\"@id\":\"https:\\\/\\\/wp1.sedaozcan.net.tr\\\/#\\\/schema\\\/person\\\/c2ea4120b58c7afcac902ba998b1091c\"},\"breadcrumb\":{\"@id\":\"https:\\\/\\\/wp1.sedaozcan.net.tr\\\/sinifta-her-cocugun-yeri-varotizmli-cocuklar-icin-ders-zili-caliyor\\\/#breadcrumb\"},\"inLanguage\":\"en-US\",\"potentialAction\":[{\"@type\":\"ReadAction\",\"target\":[\"https:\\\/\\\/wp1.sedaozcan.net.tr\\\/sinifta-her-cocugun-yeri-varotizmli-cocuklar-icin-ders-zili-caliyor\\\/\"]}]},{\"@type\":\"ImageObject\",\"inLanguage\":\"en-US\",\"@id\":\"https:\\\/\\\/wp1.sedaozcan.net.tr\\\/sinifta-her-cocugun-yeri-varotizmli-cocuklar-icin-ders-zili-caliyor\\\/#primaryimage\",\"url\":\"https:\\\/\\\/wp1.sedaozcan.net.tr\\\/wp-content\\\/uploads\\\/2026\\\/05\\\/TOV_Egiti-768x432-1.png\",\"contentUrl\":\"https:\\\/\\\/wp1.sedaozcan.net.tr\\\/wp-content\\\/uploads\\\/2026\\\/05\\\/TOV_Egiti-768x432-1.png\",\"width\":768,\"height\":432},{\"@type\":\"BreadcrumbList\",\"@id\":\"https:\\\/\\\/wp1.sedaozcan.net.tr\\\/sinifta-her-cocugun-yeri-varotizmli-cocuklar-icin-ders-zili-caliyor\\\/#breadcrumb\",\"itemListElement\":[{\"@type\":\"ListItem\",\"position\":1,\"name\":\"Home\",\"item\":\"https:\\\/\\\/wp1.sedaozcan.net.tr\\\/\"},{\"@type\":\"ListItem\",\"position\":2,\"name\":\"\u00a0S\u0131n\u0131fta Her \u00c7ocu\u011fun Yeri Var:Otizmli \u00c7ocuklar \u0130\u00e7in Ders Zili \u00c7al\u0131yor!\"}]},{\"@type\":\"WebSite\",\"@id\":\"https:\\\/\\\/wp1.sedaozcan.net.tr\\\/#website\",\"url\":\"https:\\\/\\\/wp1.sedaozcan.net.tr\\\/\",\"name\":\"Tohum Otizm Vakf\u0131 | Otizmin Tek \u00c7aresi E\u011fitim\",\"description\":\"\",\"potentialAction\":[{\"@type\":\"SearchAction\",\"target\":{\"@type\":\"EntryPoint\",\"urlTemplate\":\"https:\\\/\\\/wp1.sedaozcan.net.tr\\\/?s={search_term_string}\"},\"query-input\":{\"@type\":\"PropertyValueSpecification\",\"valueRequired\":true,\"valueName\":\"search_term_string\"}}],\"inLanguage\":\"en-US\"},{\"@type\":\"Person\",\"@id\":\"https:\\\/\\\/wp1.sedaozcan.net.tr\\\/#\\\/schema\\\/person\\\/c2ea4120b58c7afcac902ba998b1091c\",\"name\":\"Tohum Otizm\",\"image\":{\"@type\":\"ImageObject\",\"inLanguage\":\"en-US\",\"@id\":\"https:\\\/\\\/secure.gravatar.com\\\/avatar\\\/99d08cded734486eef59dabce25065a85303e18d81311c4f5f2bbd3fed82f816?s=96&d=mm&r=g\",\"url\":\"https:\\\/\\\/secure.gravatar.com\\\/avatar\\\/99d08cded734486eef59dabce25065a85303e18d81311c4f5f2bbd3fed82f816?s=96&d=mm&r=g\",\"contentUrl\":\"https:\\\/\\\/secure.gravatar.com\\\/avatar\\\/99d08cded734486eef59dabce25065a85303e18d81311c4f5f2bbd3fed82f816?s=96&d=mm&r=g\",\"caption\":\"Tohum Otizm\"},\"sameAs\":[\"https:\\\/\\\/wp1.sedaozcan.net.tr\"],\"url\":\"https:\\\/\\\/wp1.sedaozcan.net.tr\\\/en\\\/author\\\/admin_3ewju0jt\\\/\"},{\"@type\":\"ImageObject\",\"inLanguage\":\"en-US\",\"@id\":\"https:\\\/\\\/wp1.sedaozcan.net.tr\\\/sinifta-her-cocugun-yeri-varotizmli-cocuklar-icin-ders-zili-caliyor\\\/#local-main-organization-logo\",\"url\":\"\",\"contentUrl\":\"\",\"caption\":\"Tohum Otizm Vakf\u0131 | Otizmin Tek \u00c7aresi E\u011fitim\"}]}<\/script>\n<!-- \/ Yoast SEO Premium plugin. -->","yoast_head_json":{"title":"\u00a0S\u0131n\u0131fta Her \u00c7ocu\u011fun Yeri Var:Otizmli \u00c7ocuklar \u0130\u00e7in Ders Zili \u00c7al\u0131yor! - Tohum Otizm Vakf\u0131 | Otizmin Tek \u00c7aresi E\u011fitim","robots":{"index":"index","follow":"follow","max-snippet":"max-snippet:-1","max-image-preview":"max-image-preview:large","max-video-preview":"max-video-preview:-1"},"canonical":"https:\/\/wp1.sedaozcan.net.tr\/en\/sinifta-her-cocugun-yeri-varotizmli-cocuklar-icin-ders-zili-caliyor\/","og_locale":"en_US","og_type":"article","og_title":"\u00a0S\u0131n\u0131fta Her \u00c7ocu\u011fun Yeri Var:Otizmli \u00c7ocuklar \u0130\u00e7in Ders Zili \u00c7al\u0131yor!","og_description":"\u00dclkemizde, e\u011fitim \u00e7a\u011f\u0131nda 700 bin otizmli \u00e7ocuktan yaln\u0131zca 44 bini nitelikli e\u011fitime eri\u015febiliyor. Yeni e\u011fitim-\u00f6\u011fretim y\u0131l\u0131 ba\u015fl\u0131yor. Milyonlarca \u00f6\u011frenci ders ba\u015f\u0131 yapmaya haz\u0131rlan\u0131rken, otizmli \u00e7ocuklar\u0131n b\u00fcy\u00fck bir k\u0131sm\u0131 hala s\u0131n\u0131flarda yerini alam\u0131yor.","og_url":"https:\/\/wp1.sedaozcan.net.tr\/en\/sinifta-her-cocugun-yeri-varotizmli-cocuklar-icin-ders-zili-caliyor\/","og_site_name":"Tohum Otizm Vakf\u0131 | Otizmin Tek \u00c7aresi E\u011fitim","article_published_time":"2026-05-11T15:01:48+00:00","article_modified_time":"2026-08-06T10:56:59+00:00","og_image":[{"width":768,"height":432,"url":"https:\/\/wp1.sedaozcan.net.tr\/wp-content\/uploads\/2026\/05\/TOV_Egiti-768x432-1.png","type":"image\/png"}],"author":"Tohum Otizm","twitter_card":"summary_large_image","twitter_misc":{"Written by":"Tohum Otizm","Est. reading time":"2 minutes"},"schema":{"@context":"https:\/\/schema.org","@graph":[{"@type":"Article","@id":"https:\/\/wp1.sedaozcan.net.tr\/sinifta-her-cocugun-yeri-varotizmli-cocuklar-icin-ders-zili-caliyor\/#article","isPartOf":{"@id":"https:\/\/wp1.sedaozcan.net.tr\/sinifta-her-cocugun-yeri-varotizmli-cocuklar-icin-ders-zili-caliyor\/"},"author":{"name":"Tohum Otizm","@id":"https:\/\/wp1.sedaozcan.net.tr\/#\/schema\/person\/c2ea4120b58c7afcac902ba998b1091c"},"headline":"\u00a0S\u0131n\u0131fta Her \u00c7ocu\u011fun Yeri Var:Otizmli \u00c7ocuklar \u0130\u00e7in Ders Zili \u00c7al\u0131yor!","datePublished":"2026-05-11T15:01:48+00:00","dateModified":"2026-08-06T10:56:59+00:00","mainEntityOfPage":{"@id":"https:\/\/wp1.sedaozcan.net.tr\/sinifta-her-cocugun-yeri-varotizmli-cocuklar-icin-ders-zili-caliyor\/"},"wordCount":487,"commentCount":0,"image":{"@id":"https:\/\/wp1.sedaozcan.net.tr\/sinifta-her-cocugun-yeri-varotizmli-cocuklar-icin-ders-zili-caliyor\/#primaryimage"},"thumbnailUrl":"https:\/\/wp1.sedaozcan.net.tr\/wp-content\/uploads\/2026\/05\/TOV_Egiti-768x432-1.png","articleSection":["Bas\u0131n Odas\u0131"],"inLanguage":"en-US","potentialAction":[{"@type":"CommentAction","name":"Comment","target":["https:\/\/wp1.sedaozcan.net.tr\/sinifta-her-cocugun-yeri-varotizmli-cocuklar-icin-ders-zili-caliyor\/#respond"]}]},{"@type":"WebPage","@id":"https:\/\/wp1.sedaozcan.net.tr\/sinifta-her-cocugun-yeri-varotizmli-cocuklar-icin-ders-zili-caliyor\/","url":"https:\/\/wp1.sedaozcan.net.tr\/sinifta-her-cocugun-yeri-varotizmli-cocuklar-icin-ders-zili-caliyor\/","name":"\u00a0S\u0131n\u0131fta Her \u00c7ocu\u011fun Yeri Var:Otizmli \u00c7ocuklar \u0130\u00e7in Ders Zili \u00c7al\u0131yor! - Tohum Otizm Vakf\u0131 | Otizmin Tek \u00c7aresi E\u011fitim","isPartOf":{"@id":"https:\/\/wp1.sedaozcan.net.tr\/#website"},"primaryImageOfPage":{"@id":"https:\/\/wp1.sedaozcan.net.tr\/sinifta-her-cocugun-yeri-varotizmli-cocuklar-icin-ders-zili-caliyor\/#primaryimage"},"image":{"@id":"https:\/\/wp1.sedaozcan.net.tr\/sinifta-her-cocugun-yeri-varotizmli-cocuklar-icin-ders-zili-caliyor\/#primaryimage"},"thumbnailUrl":"https:\/\/wp1.sedaozcan.net.tr\/wp-content\/uploads\/2026\/05\/TOV_Egiti-768x432-1.png","datePublished":"2026-05-11T15:01:48+00:00","dateModified":"2026-08-06T10:56:59+00:00","author":{"@id":"https:\/\/wp1.sedaozcan.net.tr\/#\/schema\/person\/c2ea4120b58c7afcac902ba998b1091c"},"breadcrumb":{"@id":"https:\/\/wp1.sedaozcan.net.tr\/sinifta-her-cocugun-yeri-varotizmli-cocuklar-icin-ders-zili-caliyor\/#breadcrumb"},"inLanguage":"en-US","potentialAction":[{"@type":"ReadAction","target":["https:\/\/wp1.sedaozcan.net.tr\/sinifta-her-cocugun-yeri-varotizmli-cocuklar-icin-ders-zili-caliyor\/"]}]},{"@type":"ImageObject","inLanguage":"en-US","@id":"https:\/\/wp1.sedaozcan.net.tr\/sinifta-her-cocugun-yeri-varotizmli-cocuklar-icin-ders-zili-caliyor\/#primaryimage","url":"https:\/\/wp1.sedaozcan.net.tr\/wp-content\/uploads\/2026\/05\/TOV_Egiti-768x432-1.png","contentUrl":"https:\/\/wp1.sedaozcan.net.tr\/wp-content\/uploads\/2026\/05\/TOV_Egiti-768x432-1.png","width":768,"height":432},{"@type":"BreadcrumbList","@id":"https:\/\/wp1.sedaozcan.net.tr\/sinifta-her-cocugun-yeri-varotizmli-cocuklar-icin-ders-zili-caliyor\/#breadcrumb","itemListElement":[{"@type":"ListItem","position":1,"name":"Home","item":"https:\/\/wp1.sedaozcan.net.tr\/"},{"@type":"ListItem","position":2,"name":"\u00a0S\u0131n\u0131fta Her \u00c7ocu\u011fun Yeri Var:Otizmli \u00c7ocuklar \u0130\u00e7in Ders Zili \u00c7al\u0131yor!"}]},{"@type":"WebSite","@id":"https:\/\/wp1.sedaozcan.net.tr\/#website","url":"https:\/\/wp1.sedaozcan.net.tr\/","name":"Tohum Autism Foundation | The Only Remedy for Autism is Education","description":"","potentialAction":[{"@type":"SearchAction","target":{"@type":"EntryPoint","urlTemplate":"https:\/\/wp1.sedaozcan.net.tr\/?s={search_term_string}"},"query-input":{"@type":"PropertyValueSpecification","valueRequired":true,"valueName":"search_term_string"}}],"inLanguage":"en-US"},{"@type":"Person","@id":"https:\/\/wp1.sedaozcan.net.tr\/#\/schema\/person\/c2ea4120b58c7afcac902ba998b1091c","name":"Tohum Otizm","image":{"@type":"ImageObject","inLanguage":"en-US","@id":"https:\/\/secure.gravatar.com\/avatar\/99d08cded734486eef59dabce25065a85303e18d81311c4f5f2bbd3fed82f816?s=96&d=mm&r=g","url":"https:\/\/secure.gravatar.com\/avatar\/99d08cded734486eef59dabce25065a85303e18d81311c4f5f2bbd3fed82f816?s=96&d=mm&r=g","contentUrl":"https:\/\/secure.gravatar.com\/avatar\/99d08cded734486eef59dabce25065a85303e18d81311c4f5f2bbd3fed82f816?s=96&d=mm&r=g","caption":"Tohum Otizm"},"sameAs":["https:\/\/wp1.sedaozcan.net.tr"],"url":"https:\/\/wp1.sedaozcan.net.tr\/en\/author\/admin_3ewju0jt\/"},{"@type":"ImageObject","inLanguage":"en-US","@id":"https:\/\/wp1.sedaozcan.net.tr\/sinifta-her-cocugun-yeri-varotizmli-cocuklar-icin-ders-zili-caliyor\/#local-main-organization-logo","url":"","contentUrl":"","caption":"Tohum Otizm Vakf\u0131 | Otizmin Tek \u00c7aresi E\u011fitim"}]}},"_links":{"self":[{"href":"https:\/\/wp1.sedaozcan.net.tr\/en\/wp-json\/wp\/v2\/posts\/8491","targetHints":{"allow":["GET"]}}],"collection":[{"href":"https:\/\/wp1.sedaozcan.net.tr\/en\/wp-json\/wp\/v2\/posts"}],"about":[{"href":"https:\/\/wp1.sedaozcan.net.tr\/en\/wp-json\/wp\/v2\/types\/post"}],"author":[{"embeddable":true,"href":"https:\/\/wp1.sedaozcan.net.tr\/en\/wp-json\/wp\/v2\/users\/1"}],"replies":[{"embeddable":true,"href":"https:\/\/wp1.sedaozcan.net.tr\/en\/wp-json\/wp\/v2\/comments?post=8491"}],"version-history":[{"count":2,"href":"https:\/\/wp1.sedaozcan.net.tr\/en\/wp-json\/wp\/v2\/posts\/8491\/revisions"}],"predecessor-version":[{"id":9584,"href":"https:\/\/wp1.sedaozcan.net.tr\/en\/wp-json\/wp\/v2\/posts\/8491\/revisions\/9584"}],"wp:featuredmedia":[{"embeddable":true,"href":"https:\/\/wp1.sedaozcan.net.tr\/en\/wp-json\/wp\/v2\/media\/8492"}],"wp:attachment":[{"href":"https:\/\/wp1.sedaozcan.net.tr\/en\/wp-json\/wp\/v2\/media?parent=8491"}],"wp:term":[{"taxonomy":"category","embeddable":true,"href":"https:\/\/wp1.sedaozcan.net.tr\/en\/wp-json\/wp\/v2\/categories?post=8491"},{"taxonomy":"post_tag","embeddable":true,"href":"https:\/\/wp1.sedaozcan.net.tr\/en\/wp-json\/wp\/v2\/tags?post=8491"}],"curies":[{"name":"wp","href":"https:\/\/api.w.org\/{rel}","templated":true}]}}