{"id":8488,"date":"2026-05-11T17:00:36","date_gmt":"2026-05-11T15:00:36","guid":{"rendered":"https:\/\/wp1.sedaozcan.net.tr\/?p=8488"},"modified":"2026-08-06T12:57:44","modified_gmt":"2026-08-06T10:57:44","slug":"tohum-otizm-vakfi-ve-turkiye-sigorta-is-birliginde-elazigda-iki-ozel-egitim-sinifi-acildi","status":"publish","type":"post","link":"https:\/\/wp1.sedaozcan.net.tr\/en\/tohum-otizm-vakfi-ve-turkiye-sigorta-is-birliginde-elazigda-iki-ozel-egitim-sinifi-acildi\/","title":{"rendered":"Tohum Otizm Vakf\u0131 ve T\u00fcrkiye Sigorta \u0130\u015f Birli\u011finde Elaz\u0131\u011f\u2019da \u0130ki \u00d6zel E\u011fitim S\u0131n\u0131f\u0131 A\u00e7\u0131ld\u0131"},"content":{"rendered":"<p class=\"wp-block-paragraph\"><strong>BASIN B\u00dcLTEN\u0130 &nbsp; &nbsp; &nbsp; &nbsp; &nbsp; &nbsp; &nbsp; &nbsp; &nbsp; &nbsp; &nbsp; &nbsp; 14 Ekim 2025<\/strong><\/p>\n\n\n\n<p class=\"wp-block-paragraph\"><strong>Tohum Otizm Vakf\u0131 ve T\u00fcrkiye Sigorta \u0130\u015f Birli\u011finde Elaz\u0131\u011f\u2019da \u0130ki \u00d6zel E\u011fitim S\u0131n\u0131f\u0131 A\u00e7\u0131ld\u0131<\/strong><\/p>\n\n\n\n<p class=\"wp-block-paragraph\">Tohum Otizm Vakf\u0131\u2019n\u0131n 2009\u2019dan beri s\u00fcrd\u00fcrd\u00fc\u011f\u00fc \u201cHer S\u0131n\u0131f Bir Tohum\u201d projesi kapsam\u0131nda, T\u00fcrkiye Sigorta\u2019n\u0131n katk\u0131lar\u0131yla Elaz\u0131\u011f Merkez \u0130smet Pa\u015fa \u0130lkokulu\u2019nda iki \u00f6zel \u00f6\u011fretim s\u0131n\u0131f\u0131 hizmete a\u00e7\u0131ld\u0131. Otizm spektrum bozuklu\u011fu (OSB) tan\u0131s\u0131 alan \u00f6\u011frencilerin e\u011fitim ortamlar\u0131n\u0131 iyile\u015ftirmeyi ama\u00e7layan proje kapsam\u0131nda yenilenen s\u0131n\u0131flar, \u00e7ocuklar\u0131n bireysel ihtiya\u00e7lar\u0131na uygun \u00f6\u011frenme materyalleri ve teknolojik donan\u0131mlarla desteklendi.<\/p>\n\n\n\n<p class=\"wp-block-paragraph\">Elaz\u0131\u011f\u2019daki a\u00e7\u0131l\u0131\u015f t\u00f6renine Elaz\u0131\u011f Valisi Numan Hatipo\u011flu, T\u00fcrkiye Sigorta Genel M\u00fcd\u00fcr\u00fc Taha \u00c7akmak, T\u00fcrkiye Sigorta Teknik Genel M\u00fcd\u00fcr Yard\u0131mc\u0131s\u0131 \u00c7a\u011fr\u0131 Ak\u0131nar, Tohum Otizm Vakf\u0131 Genel M\u00fcd\u00fcr\u00fc Bur\u00e7ak Karakaya, Elaz\u0131\u011f \u0130l Milli E\u011fitim M\u00fcd\u00fcr\u00fc Berat \u015eahin, STK temsilcileri, okul idarecileri, \u00f6\u011fretmenler, \u00f6\u011frenciler ve veliler kat\u0131ld\u0131. T\u00f6ren kapsam\u0131nda, kat\u0131l\u0131mc\u0131lar s\u0131n\u0131flar\u0131 gezerek bu \u00f6zel donan\u0131ml\u0131 e\u011fitim alanlar\u0131 hakk\u0131nda bilgi ald\u0131.<\/p>\n\n\n\n<p class=\"wp-block-paragraph\"><strong>&nbsp;\u201cHer S\u0131n\u0131f Bir Tohum\u201d projesiyle \u00f6zel e\u011fitim altyap\u0131s\u0131 g\u00fc\u00e7leniyor<\/strong><\/p>\n\n\n\n<p class=\"wp-block-paragraph\">Tohum Otizm Vakf\u0131 Genel M\u00fcd\u00fcr\u00fc Bur\u00e7ak Karakaya, a\u00e7\u0131l\u0131\u015f t\u00f6reninde yapt\u0131\u011f\u0131 konu\u015fmada \u015funlar\u0131 s\u00f6yledi: \u201cOtizmli \u00e7ocuklar\u0131n e\u011fitim ortamlar\u0131nda ayr\u0131\u015ft\u0131r\u0131lmadan yer almalar\u0131 ve bireysel potansiyellerini ortaya \u00e7\u0131karabilecekleri ko\u015fullara ula\u015fmalar\u0131 \u00e7ok \u00f6nemli. \u2018Her S\u0131n\u0131f Bir Tohum\u2019 projesiyle \u00fclkemizin farkl\u0131 illerinde yenilenen \u00f6zel e\u011fitim s\u0131n\u0131flar\u0131 sayesinde binlerce \u00e7ocu\u011fumuzun ya\u015fam\u0131na dokunuyoruz. T\u00fcrkiye Sigorta\u2019n\u0131n bu de\u011ferli katk\u0131s\u0131 ile Elaz\u0131\u011f\u2019da daha fazla \u00e7ocu\u011fumuzun nitelikli e\u011fitime ula\u015fmas\u0131na katk\u0131 sa\u011flamaktan mutluluk duyuyoruz.\u201d<\/p>\n\n\n\n<p class=\"wp-block-paragraph\"><strong>T\u00fcrkiye Sigorta\u2019dan toplumsal sorumluluk bilinci<\/strong><\/p>\n\n\n\n<p class=\"wp-block-paragraph\"><br>T\u00fcrkiye Sigorta, yaln\u0131zca sigorta hizmetleriyle de\u011fil, toplumsal sorumluluk anlay\u0131\u015f\u0131yla da \u00fclkemizin gelece\u011fine katk\u0131 sunmay\u0131 \u00f6nemsiyor. E\u011fitimde f\u0131rsat e\u015fitli\u011fini desteklemek amac\u0131yla e\u011fitime, \u00f6zellikle de \u00f6zel gereksinimli \u00e7ocuklar\u0131n e\u011fitimine yap\u0131lan her yat\u0131r\u0131m\u0131n destek\u00e7isi olarak \u00e7ocuklar\u0131m\u0131z\u0131n ve dolay\u0131s\u0131yla \u00fclkemizin yar\u0131nlar\u0131n\u0131 g\u00fc\u00e7lendirece\u011fi bilinciyle \u00e7al\u0131\u015fmalar\u0131na devam ediyor. Bu yakla\u015f\u0131m do\u011frultusunda Tohum Otizm Vakf\u0131 i\u015f birli\u011fiyle Elaz\u0131\u011f merkezdeki \u0130smet Pa\u015fa \u0130lkokulu\u2019nda &#8220;Her S\u0131n\u0131f Bir Tohum&#8221; projesi ile modern ve tam donan\u0131ml\u0131 \u00f6zel iki e\u011fitim s\u0131n\u0131f\u0131n\u0131n a\u00e7\u0131l\u0131\u015f\u0131 yap\u0131ld\u0131.&nbsp;<\/p>\n\n\n\n<p class=\"wp-block-paragraph\"><strong>Proje kapsam\u0131nda bug\u00fcne kadar 216 \u00f6zel e\u011fitim s\u0131n\u0131f\u0131 yenilendi&nbsp;<\/strong><\/p>\n\n\n\n<p class=\"wp-block-paragraph\">\u201cHer S\u0131n\u0131f Bir Tohum\u201d projesi kapsam\u0131nda bug\u00fcne dek 43 ilde 216 \u00f6zel e\u011fitim s\u0131n\u0131f\u0131 yenilendi. Projeyle \u00f6\u011frencilerin \u00f6\u011frenme ortamlar\u0131 iyile\u015ftirilirken \u00f6\u011fretmen ve ailelere de fark\u0131ndal\u0131k e\u011fitimleri veriliyor. Ayr\u0131ca olu\u015fturulan \u201c\u00f6\u011fretmen a\u011f\u0131\u201d sayesinde e\u011fitimciler aras\u0131nda bilgi payla\u015f\u0131m\u0131 ve s\u00fcrekli ileti\u015fim sa\u011flan\u0131yor. Depremden etkilenen iller dahil olmak \u00fczere proje sayesinde \u00f6zel e\u011fitim altyap\u0131s\u0131n\u0131n geli\u015ftirilmesi ve otizmli \u00e7ocuklar\u0131n e\u011fitim hayat\u0131na daha g\u00fc\u00e7l\u00fc kat\u0131l\u0131m\u0131 hedefleniyor.<\/p>\n\n\n\n<p class=\"wp-block-paragraph\"><strong>Otizmin bilinen tek \u00e7aresi: Yo\u011fun ve S\u00fcrekli \u00d6zel E\u011fitim&nbsp;<\/strong><\/p>\n\n\n\n<p class=\"wp-block-paragraph\">Otizm, do\u011fu\u015ftan gelen ve ya\u015fam\u0131n ilk y\u0131llar\u0131nda fark edilen n\u00f6ro-geli\u015fimsel bir farkl\u0131l\u0131kt\u0131r ve g\u00fcn\u00fcm\u00fczde her 31 \u00e7ocuktan 1\u2019inde g\u00f6r\u00fclmektedir. Otizmin bilinen tek \u00e7aresi, erken tan\u0131 ile ba\u015flayan yo\u011fun ve s\u00fcrekli \u00f6zel e\u011fitimdir. Bu s\u00fcre\u00e7, \u00e7ocu\u011fun ileti\u015fim, sosyal ve motor becerilerinin geli\u015fiminde kritik rol oynar.<\/p>","protected":false},"excerpt":{"rendered":"<p>Tohum Otizm Vakf\u0131\u2019n\u0131n 2009\u2019dan beri s\u00fcrd\u00fcrd\u00fc\u011f\u00fc \u201cHer S\u0131n\u0131f Bir Tohum\u201d projesi kapsam\u0131nda, T\u00fcrkiye Sigorta\u2019n\u0131n katk\u0131lar\u0131yla Elaz\u0131\u011f Merkez \u0130smet Pa\u015fa \u0130lkokulu\u2019nda iki \u00f6zel \u00f6\u011fretim s\u0131n\u0131f\u0131 hizmete a\u00e7\u0131ld\u0131.<\/p>","protected":false},"author":1,"featured_media":8489,"comment_status":"open","ping_status":"open","sticky":false,"template":"","format":"standard","meta":{"footnotes":""},"categories":[1],"tags":[],"class_list":["post-8488","post","type-post","status-publish","format-standard","has-post-thumbnail","hentry","category-basin-odasi"],"yoast_head":"<!-- This site is optimized with the Yoast SEO Premium plugin v28.3 (Yoast SEO v28.3) - https:\/\/yoast.com\/product\/yoast-seo-premium-wordpress\/ -->\n<title>Tohum Otizm Vakf\u0131 ve T\u00fcrkiye Sigorta \u0130\u015f Birli\u011finde Elaz\u0131\u011f\u2019da \u0130ki \u00d6zel E\u011fitim S\u0131n\u0131f\u0131 A\u00e7\u0131ld\u0131 - Tohum Otizm Vakf\u0131 | Otizmin Tek \u00c7aresi E\u011fitim<\/title>\n<meta name=\"robots\" content=\"index, follow, max-snippet:-1, max-image-preview:large, max-video-preview:-1\" \/>\n<link rel=\"canonical\" href=\"https:\/\/wp1.sedaozcan.net.tr\/en\/tohum-otizm-vakfi-ve-turkiye-sigorta-is-birliginde-elazigda-iki-ozel-egitim-sinifi-acildi\/\" \/>\n<meta property=\"og:locale\" content=\"en_US\" \/>\n<meta property=\"og:type\" content=\"article\" \/>\n<meta property=\"og:title\" content=\"Tohum Otizm Vakf\u0131 ve T\u00fcrkiye Sigorta \u0130\u015f Birli\u011finde Elaz\u0131\u011f\u2019da \u0130ki \u00d6zel E\u011fitim S\u0131n\u0131f\u0131 A\u00e7\u0131ld\u0131\" \/>\n<meta property=\"og:description\" content=\"Tohum Otizm Vakf\u0131\u2019n\u0131n 2009\u2019dan beri s\u00fcrd\u00fcrd\u00fc\u011f\u00fc \u201cHer S\u0131n\u0131f Bir Tohum\u201d projesi kapsam\u0131nda, T\u00fcrkiye Sigorta\u2019n\u0131n katk\u0131lar\u0131yla Elaz\u0131\u011f Merkez \u0130smet Pa\u015fa \u0130lkokulu\u2019nda iki \u00f6zel \u00f6\u011fretim s\u0131n\u0131f\u0131 hizmete a\u00e7\u0131ld\u0131.\" \/>\n<meta property=\"og:url\" content=\"https:\/\/wp1.sedaozcan.net.tr\/en\/tohum-otizm-vakfi-ve-turkiye-sigorta-is-birliginde-elazigda-iki-ozel-egitim-sinifi-acildi\/\" \/>\n<meta property=\"og:site_name\" content=\"Tohum Otizm Vakf\u0131 | Otizmin Tek \u00c7aresi E\u011fitim\" \/>\n<meta property=\"article:published_time\" content=\"2026-05-11T15:00:36+00:00\" \/>\n<meta property=\"article:modified_time\" content=\"2026-08-06T10:57:44+00:00\" \/>\n<meta property=\"og:image\" content=\"https:\/\/wp1.sedaozcan.net.tr\/wp-content\/uploads\/2026\/05\/Gorsel_1.png\" \/>\n\t<meta property=\"og:image:width\" content=\"1248\" \/>\n\t<meta property=\"og:image:height\" content=\"832\" \/>\n\t<meta property=\"og:image:type\" content=\"image\/png\" \/>\n<meta name=\"author\" content=\"Tohum Otizm\" \/>\n<meta name=\"twitter:card\" content=\"summary_large_image\" \/>\n<meta name=\"twitter:label1\" content=\"Written by\" \/>\n\t<meta name=\"twitter:data1\" content=\"Tohum Otizm\" \/>\n\t<meta name=\"twitter:label2\" content=\"Est. reading time\" \/>\n\t<meta name=\"twitter:data2\" content=\"3 minutes\" \/>\n<script type=\"application\/ld+json\" class=\"yoast-schema-graph\">{\"@context\":\"https:\\\/\\\/schema.org\",\"@graph\":[{\"@type\":\"Article\",\"@id\":\"https:\\\/\\\/wp1.sedaozcan.net.tr\\\/tohum-otizm-vakfi-ve-turkiye-sigorta-is-birliginde-elazigda-iki-ozel-egitim-sinifi-acildi\\\/#article\",\"isPartOf\":{\"@id\":\"https:\\\/\\\/wp1.sedaozcan.net.tr\\\/tohum-otizm-vakfi-ve-turkiye-sigorta-is-birliginde-elazigda-iki-ozel-egitim-sinifi-acildi\\\/\"},\"author\":{\"name\":\"Tohum Otizm\",\"@id\":\"https:\\\/\\\/wp1.sedaozcan.net.tr\\\/#\\\/schema\\\/person\\\/c2ea4120b58c7afcac902ba998b1091c\"},\"headline\":\"Tohum Otizm Vakf\u0131 ve T\u00fcrkiye Sigorta \u0130\u015f Birli\u011finde Elaz\u0131\u011f\u2019da \u0130ki \u00d6zel E\u011fitim S\u0131n\u0131f\u0131 A\u00e7\u0131ld\u0131\",\"datePublished\":\"2026-05-11T15:00:36+00:00\",\"dateModified\":\"2026-08-06T10:57:44+00:00\",\"mainEntityOfPage\":{\"@id\":\"https:\\\/\\\/wp1.sedaozcan.net.tr\\\/tohum-otizm-vakfi-ve-turkiye-sigorta-is-birliginde-elazigda-iki-ozel-egitim-sinifi-acildi\\\/\"},\"wordCount\":644,\"commentCount\":0,\"image\":{\"@id\":\"https:\\\/\\\/wp1.sedaozcan.net.tr\\\/tohum-otizm-vakfi-ve-turkiye-sigorta-is-birliginde-elazigda-iki-ozel-egitim-sinifi-acildi\\\/#primaryimage\"},\"thumbnailUrl\":\"https:\\\/\\\/wp1.sedaozcan.net.tr\\\/wp-content\\\/uploads\\\/2026\\\/05\\\/Gorsel_1.png\",\"articleSection\":[\"Bas\u0131n Odas\u0131\"],\"inLanguage\":\"en-US\",\"potentialAction\":[{\"@type\":\"CommentAction\",\"name\":\"Comment\",\"target\":[\"https:\\\/\\\/wp1.sedaozcan.net.tr\\\/tohum-otizm-vakfi-ve-turkiye-sigorta-is-birliginde-elazigda-iki-ozel-egitim-sinifi-acildi\\\/#respond\"]}]},{\"@type\":\"WebPage\",\"@id\":\"https:\\\/\\\/wp1.sedaozcan.net.tr\\\/tohum-otizm-vakfi-ve-turkiye-sigorta-is-birliginde-elazigda-iki-ozel-egitim-sinifi-acildi\\\/\",\"url\":\"https:\\\/\\\/wp1.sedaozcan.net.tr\\\/tohum-otizm-vakfi-ve-turkiye-sigorta-is-birliginde-elazigda-iki-ozel-egitim-sinifi-acildi\\\/\",\"name\":\"Tohum Otizm Vakf\u0131 ve T\u00fcrkiye Sigorta \u0130\u015f Birli\u011finde Elaz\u0131\u011f\u2019da \u0130ki \u00d6zel E\u011fitim S\u0131n\u0131f\u0131 A\u00e7\u0131ld\u0131 - Tohum Otizm Vakf\u0131 | Otizmin Tek \u00c7aresi E\u011fitim\",\"isPartOf\":{\"@id\":\"https:\\\/\\\/wp1.sedaozcan.net.tr\\\/#website\"},\"primaryImageOfPage\":{\"@id\":\"https:\\\/\\\/wp1.sedaozcan.net.tr\\\/tohum-otizm-vakfi-ve-turkiye-sigorta-is-birliginde-elazigda-iki-ozel-egitim-sinifi-acildi\\\/#primaryimage\"},\"image\":{\"@id\":\"https:\\\/\\\/wp1.sedaozcan.net.tr\\\/tohum-otizm-vakfi-ve-turkiye-sigorta-is-birliginde-elazigda-iki-ozel-egitim-sinifi-acildi\\\/#primaryimage\"},\"thumbnailUrl\":\"https:\\\/\\\/wp1.sedaozcan.net.tr\\\/wp-content\\\/uploads\\\/2026\\\/05\\\/Gorsel_1.png\",\"datePublished\":\"2026-05-11T15:00:36+00:00\",\"dateModified\":\"2026-08-06T10:57:44+00:00\",\"author\":{\"@id\":\"https:\\\/\\\/wp1.sedaozcan.net.tr\\\/#\\\/schema\\\/person\\\/c2ea4120b58c7afcac902ba998b1091c\"},\"breadcrumb\":{\"@id\":\"https:\\\/\\\/wp1.sedaozcan.net.tr\\\/tohum-otizm-vakfi-ve-turkiye-sigorta-is-birliginde-elazigda-iki-ozel-egitim-sinifi-acildi\\\/#breadcrumb\"},\"inLanguage\":\"en-US\",\"potentialAction\":[{\"@type\":\"ReadAction\",\"target\":[\"https:\\\/\\\/wp1.sedaozcan.net.tr\\\/tohum-otizm-vakfi-ve-turkiye-sigorta-is-birliginde-elazigda-iki-ozel-egitim-sinifi-acildi\\\/\"]}]},{\"@type\":\"ImageObject\",\"inLanguage\":\"en-US\",\"@id\":\"https:\\\/\\\/wp1.sedaozcan.net.tr\\\/tohum-otizm-vakfi-ve-turkiye-sigorta-is-birliginde-elazigda-iki-ozel-egitim-sinifi-acildi\\\/#primaryimage\",\"url\":\"https:\\\/\\\/wp1.sedaozcan.net.tr\\\/wp-content\\\/uploads\\\/2026\\\/05\\\/Gorsel_1.png\",\"contentUrl\":\"https:\\\/\\\/wp1.sedaozcan.net.tr\\\/wp-content\\\/uploads\\\/2026\\\/05\\\/Gorsel_1.png\",\"width\":1248,\"height\":832},{\"@type\":\"BreadcrumbList\",\"@id\":\"https:\\\/\\\/wp1.sedaozcan.net.tr\\\/tohum-otizm-vakfi-ve-turkiye-sigorta-is-birliginde-elazigda-iki-ozel-egitim-sinifi-acildi\\\/#breadcrumb\",\"itemListElement\":[{\"@type\":\"ListItem\",\"position\":1,\"name\":\"Home\",\"item\":\"https:\\\/\\\/wp1.sedaozcan.net.tr\\\/\"},{\"@type\":\"ListItem\",\"position\":2,\"name\":\"Tohum Otizm Vakf\u0131 ve T\u00fcrkiye Sigorta \u0130\u015f Birli\u011finde Elaz\u0131\u011f\u2019da \u0130ki \u00d6zel E\u011fitim S\u0131n\u0131f\u0131 A\u00e7\u0131ld\u0131\"}]},{\"@type\":\"WebSite\",\"@id\":\"https:\\\/\\\/wp1.sedaozcan.net.tr\\\/#website\",\"url\":\"https:\\\/\\\/wp1.sedaozcan.net.tr\\\/\",\"name\":\"Tohum Otizm Vakf\u0131 | Otizmin Tek \u00c7aresi E\u011fitim\",\"description\":\"\",\"potentialAction\":[{\"@type\":\"SearchAction\",\"target\":{\"@type\":\"EntryPoint\",\"urlTemplate\":\"https:\\\/\\\/wp1.sedaozcan.net.tr\\\/?s={search_term_string}\"},\"query-input\":{\"@type\":\"PropertyValueSpecification\",\"valueRequired\":true,\"valueName\":\"search_term_string\"}}],\"inLanguage\":\"en-US\"},{\"@type\":\"Person\",\"@id\":\"https:\\\/\\\/wp1.sedaozcan.net.tr\\\/#\\\/schema\\\/person\\\/c2ea4120b58c7afcac902ba998b1091c\",\"name\":\"Tohum Otizm\",\"image\":{\"@type\":\"ImageObject\",\"inLanguage\":\"en-US\",\"@id\":\"https:\\\/\\\/secure.gravatar.com\\\/avatar\\\/99d08cded734486eef59dabce25065a85303e18d81311c4f5f2bbd3fed82f816?s=96&d=mm&r=g\",\"url\":\"https:\\\/\\\/secure.gravatar.com\\\/avatar\\\/99d08cded734486eef59dabce25065a85303e18d81311c4f5f2bbd3fed82f816?s=96&d=mm&r=g\",\"contentUrl\":\"https:\\\/\\\/secure.gravatar.com\\\/avatar\\\/99d08cded734486eef59dabce25065a85303e18d81311c4f5f2bbd3fed82f816?s=96&d=mm&r=g\",\"caption\":\"Tohum Otizm\"},\"sameAs\":[\"https:\\\/\\\/wp1.sedaozcan.net.tr\"],\"url\":\"https:\\\/\\\/wp1.sedaozcan.net.tr\\\/en\\\/author\\\/admin_3ewju0jt\\\/\"},{\"@type\":\"ImageObject\",\"inLanguage\":\"en-US\",\"@id\":\"https:\\\/\\\/wp1.sedaozcan.net.tr\\\/tohum-otizm-vakfi-ve-turkiye-sigorta-is-birliginde-elazigda-iki-ozel-egitim-sinifi-acildi\\\/#local-main-organization-logo\",\"url\":\"\",\"contentUrl\":\"\",\"caption\":\"Tohum Otizm Vakf\u0131 | Otizmin Tek \u00c7aresi E\u011fitim\"}]}<\/script>\n<!-- \/ Yoast SEO Premium plugin. -->","yoast_head_json":{"title":"Tohum Otizm Vakf\u0131 ve T\u00fcrkiye Sigorta \u0130\u015f Birli\u011finde Elaz\u0131\u011f\u2019da \u0130ki \u00d6zel E\u011fitim S\u0131n\u0131f\u0131 A\u00e7\u0131ld\u0131 - Tohum Otizm Vakf\u0131 | Otizmin Tek \u00c7aresi E\u011fitim","robots":{"index":"index","follow":"follow","max-snippet":"max-snippet:-1","max-image-preview":"max-image-preview:large","max-video-preview":"max-video-preview:-1"},"canonical":"https:\/\/wp1.sedaozcan.net.tr\/en\/tohum-otizm-vakfi-ve-turkiye-sigorta-is-birliginde-elazigda-iki-ozel-egitim-sinifi-acildi\/","og_locale":"en_US","og_type":"article","og_title":"Tohum Otizm Vakf\u0131 ve T\u00fcrkiye Sigorta \u0130\u015f Birli\u011finde Elaz\u0131\u011f\u2019da \u0130ki \u00d6zel E\u011fitim S\u0131n\u0131f\u0131 A\u00e7\u0131ld\u0131","og_description":"Tohum Otizm Vakf\u0131\u2019n\u0131n 2009\u2019dan beri s\u00fcrd\u00fcrd\u00fc\u011f\u00fc \u201cHer S\u0131n\u0131f Bir Tohum\u201d projesi kapsam\u0131nda, T\u00fcrkiye Sigorta\u2019n\u0131n katk\u0131lar\u0131yla Elaz\u0131\u011f Merkez \u0130smet Pa\u015fa \u0130lkokulu\u2019nda iki \u00f6zel \u00f6\u011fretim s\u0131n\u0131f\u0131 hizmete a\u00e7\u0131ld\u0131.","og_url":"https:\/\/wp1.sedaozcan.net.tr\/en\/tohum-otizm-vakfi-ve-turkiye-sigorta-is-birliginde-elazigda-iki-ozel-egitim-sinifi-acildi\/","og_site_name":"Tohum Otizm Vakf\u0131 | Otizmin Tek \u00c7aresi E\u011fitim","article_published_time":"2026-05-11T15:00:36+00:00","article_modified_time":"2026-08-06T10:57:44+00:00","og_image":[{"width":1248,"height":832,"url":"https:\/\/wp1.sedaozcan.net.tr\/wp-content\/uploads\/2026\/05\/Gorsel_1.png","type":"image\/png"}],"author":"Tohum Otizm","twitter_card":"summary_large_image","twitter_misc":{"Written by":"Tohum Otizm","Est. reading time":"3 minutes"},"schema":{"@context":"https:\/\/schema.org","@graph":[{"@type":"Article","@id":"https:\/\/wp1.sedaozcan.net.tr\/tohum-otizm-vakfi-ve-turkiye-sigorta-is-birliginde-elazigda-iki-ozel-egitim-sinifi-acildi\/#article","isPartOf":{"@id":"https:\/\/wp1.sedaozcan.net.tr\/tohum-otizm-vakfi-ve-turkiye-sigorta-is-birliginde-elazigda-iki-ozel-egitim-sinifi-acildi\/"},"author":{"name":"Tohum Otizm","@id":"https:\/\/wp1.sedaozcan.net.tr\/#\/schema\/person\/c2ea4120b58c7afcac902ba998b1091c"},"headline":"Tohum Otizm Vakf\u0131 ve T\u00fcrkiye Sigorta \u0130\u015f Birli\u011finde Elaz\u0131\u011f\u2019da \u0130ki \u00d6zel E\u011fitim S\u0131n\u0131f\u0131 A\u00e7\u0131ld\u0131","datePublished":"2026-05-11T15:00:36+00:00","dateModified":"2026-08-06T10:57:44+00:00","mainEntityOfPage":{"@id":"https:\/\/wp1.sedaozcan.net.tr\/tohum-otizm-vakfi-ve-turkiye-sigorta-is-birliginde-elazigda-iki-ozel-egitim-sinifi-acildi\/"},"wordCount":644,"commentCount":0,"image":{"@id":"https:\/\/wp1.sedaozcan.net.tr\/tohum-otizm-vakfi-ve-turkiye-sigorta-is-birliginde-elazigda-iki-ozel-egitim-sinifi-acildi\/#primaryimage"},"thumbnailUrl":"https:\/\/wp1.sedaozcan.net.tr\/wp-content\/uploads\/2026\/05\/Gorsel_1.png","articleSection":["Bas\u0131n Odas\u0131"],"inLanguage":"en-US","potentialAction":[{"@type":"CommentAction","name":"Comment","target":["https:\/\/wp1.sedaozcan.net.tr\/tohum-otizm-vakfi-ve-turkiye-sigorta-is-birliginde-elazigda-iki-ozel-egitim-sinifi-acildi\/#respond"]}]},{"@type":"WebPage","@id":"https:\/\/wp1.sedaozcan.net.tr\/tohum-otizm-vakfi-ve-turkiye-sigorta-is-birliginde-elazigda-iki-ozel-egitim-sinifi-acildi\/","url":"https:\/\/wp1.sedaozcan.net.tr\/tohum-otizm-vakfi-ve-turkiye-sigorta-is-birliginde-elazigda-iki-ozel-egitim-sinifi-acildi\/","name":"Tohum Otizm Vakf\u0131 ve T\u00fcrkiye Sigorta \u0130\u015f Birli\u011finde Elaz\u0131\u011f\u2019da \u0130ki \u00d6zel E\u011fitim S\u0131n\u0131f\u0131 A\u00e7\u0131ld\u0131 - Tohum Otizm Vakf\u0131 | Otizmin Tek \u00c7aresi E\u011fitim","isPartOf":{"@id":"https:\/\/wp1.sedaozcan.net.tr\/#website"},"primaryImageOfPage":{"@id":"https:\/\/wp1.sedaozcan.net.tr\/tohum-otizm-vakfi-ve-turkiye-sigorta-is-birliginde-elazigda-iki-ozel-egitim-sinifi-acildi\/#primaryimage"},"image":{"@id":"https:\/\/wp1.sedaozcan.net.tr\/tohum-otizm-vakfi-ve-turkiye-sigorta-is-birliginde-elazigda-iki-ozel-egitim-sinifi-acildi\/#primaryimage"},"thumbnailUrl":"https:\/\/wp1.sedaozcan.net.tr\/wp-content\/uploads\/2026\/05\/Gorsel_1.png","datePublished":"2026-05-11T15:00:36+00:00","dateModified":"2026-08-06T10:57:44+00:00","author":{"@id":"https:\/\/wp1.sedaozcan.net.tr\/#\/schema\/person\/c2ea4120b58c7afcac902ba998b1091c"},"breadcrumb":{"@id":"https:\/\/wp1.sedaozcan.net.tr\/tohum-otizm-vakfi-ve-turkiye-sigorta-is-birliginde-elazigda-iki-ozel-egitim-sinifi-acildi\/#breadcrumb"},"inLanguage":"en-US","potentialAction":[{"@type":"ReadAction","target":["https:\/\/wp1.sedaozcan.net.tr\/tohum-otizm-vakfi-ve-turkiye-sigorta-is-birliginde-elazigda-iki-ozel-egitim-sinifi-acildi\/"]}]},{"@type":"ImageObject","inLanguage":"en-US","@id":"https:\/\/wp1.sedaozcan.net.tr\/tohum-otizm-vakfi-ve-turkiye-sigorta-is-birliginde-elazigda-iki-ozel-egitim-sinifi-acildi\/#primaryimage","url":"https:\/\/wp1.sedaozcan.net.tr\/wp-content\/uploads\/2026\/05\/Gorsel_1.png","contentUrl":"https:\/\/wp1.sedaozcan.net.tr\/wp-content\/uploads\/2026\/05\/Gorsel_1.png","width":1248,"height":832},{"@type":"BreadcrumbList","@id":"https:\/\/wp1.sedaozcan.net.tr\/tohum-otizm-vakfi-ve-turkiye-sigorta-is-birliginde-elazigda-iki-ozel-egitim-sinifi-acildi\/#breadcrumb","itemListElement":[{"@type":"ListItem","position":1,"name":"Home","item":"https:\/\/wp1.sedaozcan.net.tr\/"},{"@type":"ListItem","position":2,"name":"Tohum Otizm Vakf\u0131 ve T\u00fcrkiye Sigorta \u0130\u015f Birli\u011finde Elaz\u0131\u011f\u2019da \u0130ki \u00d6zel E\u011fitim S\u0131n\u0131f\u0131 A\u00e7\u0131ld\u0131"}]},{"@type":"WebSite","@id":"https:\/\/wp1.sedaozcan.net.tr\/#website","url":"https:\/\/wp1.sedaozcan.net.tr\/","name":"Tohum Autism Foundation | The Only Remedy for Autism is Education","description":"","potentialAction":[{"@type":"SearchAction","target":{"@type":"EntryPoint","urlTemplate":"https:\/\/wp1.sedaozcan.net.tr\/?s={search_term_string}"},"query-input":{"@type":"PropertyValueSpecification","valueRequired":true,"valueName":"search_term_string"}}],"inLanguage":"en-US"},{"@type":"Person","@id":"https:\/\/wp1.sedaozcan.net.tr\/#\/schema\/person\/c2ea4120b58c7afcac902ba998b1091c","name":"Tohum Otizm","image":{"@type":"ImageObject","inLanguage":"en-US","@id":"https:\/\/secure.gravatar.com\/avatar\/99d08cded734486eef59dabce25065a85303e18d81311c4f5f2bbd3fed82f816?s=96&d=mm&r=g","url":"https:\/\/secure.gravatar.com\/avatar\/99d08cded734486eef59dabce25065a85303e18d81311c4f5f2bbd3fed82f816?s=96&d=mm&r=g","contentUrl":"https:\/\/secure.gravatar.com\/avatar\/99d08cded734486eef59dabce25065a85303e18d81311c4f5f2bbd3fed82f816?s=96&d=mm&r=g","caption":"Tohum Otizm"},"sameAs":["https:\/\/wp1.sedaozcan.net.tr"],"url":"https:\/\/wp1.sedaozcan.net.tr\/en\/author\/admin_3ewju0jt\/"},{"@type":"ImageObject","inLanguage":"en-US","@id":"https:\/\/wp1.sedaozcan.net.tr\/tohum-otizm-vakfi-ve-turkiye-sigorta-is-birliginde-elazigda-iki-ozel-egitim-sinifi-acildi\/#local-main-organization-logo","url":"","contentUrl":"","caption":"Tohum Otizm Vakf\u0131 | Otizmin Tek \u00c7aresi E\u011fitim"}]}},"_links":{"self":[{"href":"https:\/\/wp1.sedaozcan.net.tr\/en\/wp-json\/wp\/v2\/posts\/8488","targetHints":{"allow":["GET"]}}],"collection":[{"href":"https:\/\/wp1.sedaozcan.net.tr\/en\/wp-json\/wp\/v2\/posts"}],"about":[{"href":"https:\/\/wp1.sedaozcan.net.tr\/en\/wp-json\/wp\/v2\/types\/post"}],"author":[{"embeddable":true,"href":"https:\/\/wp1.sedaozcan.net.tr\/en\/wp-json\/wp\/v2\/users\/1"}],"replies":[{"embeddable":true,"href":"https:\/\/wp1.sedaozcan.net.tr\/en\/wp-json\/wp\/v2\/comments?post=8488"}],"version-history":[{"count":2,"href":"https:\/\/wp1.sedaozcan.net.tr\/en\/wp-json\/wp\/v2\/posts\/8488\/revisions"}],"predecessor-version":[{"id":9585,"href":"https:\/\/wp1.sedaozcan.net.tr\/en\/wp-json\/wp\/v2\/posts\/8488\/revisions\/9585"}],"wp:featuredmedia":[{"embeddable":true,"href":"https:\/\/wp1.sedaozcan.net.tr\/en\/wp-json\/wp\/v2\/media\/8489"}],"wp:attachment":[{"href":"https:\/\/wp1.sedaozcan.net.tr\/en\/wp-json\/wp\/v2\/media?parent=8488"}],"wp:term":[{"taxonomy":"category","embeddable":true,"href":"https:\/\/wp1.sedaozcan.net.tr\/en\/wp-json\/wp\/v2\/categories?post=8488"},{"taxonomy":"post_tag","embeddable":true,"href":"https:\/\/wp1.sedaozcan.net.tr\/en\/wp-json\/wp\/v2\/tags?post=8488"}],"curies":[{"name":"wp","href":"https:\/\/api.w.org\/{rel}","templated":true}]}}