{"id":8477,"date":"2026-05-11T16:46:24","date_gmt":"2026-05-11T14:46:24","guid":{"rendered":"https:\/\/wp1.sedaozcan.net.tr\/?p=8477"},"modified":"2026-08-06T12:58:07","modified_gmt":"2026-08-06T10:58:07","slug":"mapfre-ve-tohum-otizm-vakfi","status":"publish","type":"post","link":"https:\/\/wp1.sedaozcan.net.tr\/en\/mapfre-ve-tohum-otizm-vakfi\/","title":{"rendered":"Fundaci\u00f3n MAPFRE ve Tohum Otizm Vakf\u0131\u2019ndan Anlaml\u0131 \u0130\u015f Birli\u011fi"},"content":{"rendered":"<p class=\"wp-block-paragraph\"><strong>BASIN B\u00dcLTEN\u0130<\/strong>   <strong>          22.10.2025<\/strong><\/p>\n\n\n\n<p class=\"wp-block-paragraph\"><strong>Fundaci\u00f3n MAPFRE ve Tohum Otizm Vakf\u0131\u2019ndan Anlaml\u0131 \u0130\u015f Birli\u011fi<\/strong><\/p>\n\n\n\n<p class=\"wp-block-paragraph\"><strong>Fundaci\u00f3n MAPFRE, Tohum Otizm Vakf\u0131&#8217;n\u0131n &#8220;Her S\u0131n\u0131f Bir Tohum&#8221; projesine verdi\u011fi destek kapsam\u0131nda, \u00f6zel e\u011fitim s\u0131n\u0131flar\u0131n\u0131 yeniliyor. \u0130\u015f birli\u011finin ilk ad\u0131m\u0131 olan \u0130stanbul Adnan Menderes Ortaokulu&#8217;ndaki tam donan\u0131ml\u0131 s\u0131n\u0131f\u0131n a\u00e7\u0131l\u0131\u015f\u0131 ger\u00e7ekle\u015firken, 2025 sonuna kadar Ayd\u0131n ve Hatay&#8217;da da birer s\u0131n\u0131f\u0131n yenilenmesi hedefleniyor.<\/strong><\/p>\n\n\n\n<p class=\"wp-block-paragraph\">MAPFRE Grup taraf\u0131ndan kurulan ve toplumun refah\u0131na, insanlar\u0131n ya\u015fam kalitesinin art\u0131r\u0131lmas\u0131na odaklanan <strong>Fundaci\u00f3n MAPFRE<\/strong>, <strong>Tohum Otizm Vakf\u0131<\/strong> ile anlaml\u0131 bir i\u015f birli\u011fine imza at\u0131yor. Tohum Otizm Vakf\u0131\u2019n\u0131n otizm spektrum bozuklu\u011fu (OSB) tan\u0131s\u0131 alan \u00e7ocuklar\u0131n e\u011fitime eri\u015fimini desteklemek amac\u0131yla s\u00fcrd\u00fcrd\u00fc\u011f\u00fc <strong>\u201cHer S\u0131n\u0131f Bir Tohum\u201d<\/strong> projesine destek veren Fundaci\u00f3n MAPFRE, bu kapsamda \u00f6zel e\u011fitim s\u0131n\u0131flar\u0131n\u0131n yenilenmesine katk\u0131 sa\u011fl\u0131yor.<\/p>\n\n\n\n<p class=\"wp-block-paragraph\">\u0130\u015f birli\u011fi kapsam\u0131nda tamamlanan ilk s\u0131n\u0131f, \u0130stanbul Adnan Menderes Ortaokulu&#8217;nda modern e\u011fitim materyalleri ve teknolojik donan\u0131mla yenilenen \u00f6zel e\u011fitim s\u0131n\u0131f\u0131 oldu. Fundaci\u00f3n MAPFRE&#8217;nin deste\u011fiyle 2025 sonuna kadar Ayd\u0131n ve Hatay&#8217;da da birer s\u0131n\u0131f\u0131n daha yenilenmesi planlan\u0131yor.<\/p>\n\n\n\n<p class=\"wp-block-paragraph\">Ger\u00e7ekle\u015ftirilen i\u015f birli\u011fi hakk\u0131nda bir de\u011ferlendirme yapan <strong>MAPFRE Sigorta Genel M\u00fcd\u00fcr\u00fc Erdin\u00e7 Yurtseven<\/strong>; \u201cMAPFRE Grup taraf\u0131ndan kurulan ve toplumun refah\u0131na, insanlar\u0131n ya\u015fam kalitesinin art\u0131r\u0131lmas\u0131na odaklanan Fundaci\u00f3n MAPFRE, 50 y\u0131ldan bu yana yaln\u0131zca bir vak\u0131f de\u011fil, ayn\u0131 zamanda k\u00fcresel \u00f6l\u00e7ekte bir de\u011fi\u015fim akt\u00f6r\u00fc olarak hizmet veriyor. Fundaci\u00f3n MAPFRE, bug\u00fcn 30\u2019dan fazla \u00fclkede 179 milyonu a\u015fk\u0131n insana ula\u015fm\u0131\u015f durumda. Son 50 y\u0131lda, toplam 1,14 milyar Euro\u2019luk yat\u0131r\u0131mla sa\u011fl\u0131k, e\u011fitim, yol g\u00fcvenli\u011fi ve sosyal yard\u0131m alanlar\u0131nda kal\u0131c\u0131 projeler hayata ge\u00e7irdi; toplumlar\u0131n refah\u0131na somut katk\u0131lar sundu. Biz de MAPFRE Sigorta olarak, bu anlaml\u0131 yolculu\u011fun T\u00fcrkiye\u2019deki g\u00fc\u00e7l\u00fc payda\u015flar\u0131ndan biriyiz. Fundaci\u00f3n MAPFRE\u2019nin 50. ya\u015f\u0131n\u0131 kutlad\u0131\u011f\u0131m\u0131z bu \u00f6zel y\u0131lda, Tohum Otizm Vakf\u0131 ile i\u015f birli\u011fi yapmaktan ve \u00e7ocuklar\u0131m\u0131z\u0131n potansiyellerini ke\u015ffetmelerine katk\u0131 sa\u011flamaktan b\u00fcy\u00fck mutluluk duyuyoruz. Vakf\u0131m\u0131zla toplumsal de\u011fer yaratmaya kararl\u0131l\u0131kla devam edece\u011fiz. Fundaci\u00f3n MAPFRE olarak, \u00e7ocuklar\u0131m\u0131z\u0131n e\u011fitim yolculuklar\u0131na dokunmaya ve daha kapsay\u0131c\u0131 bir gelecek in\u015fa etmeye devam edece\u011fiz\u201d dedi.<\/p>\n\n\n\n<p class=\"wp-block-paragraph\"><strong>Tohum Otizm Vakf\u0131 Genel M\u00fcd\u00fcr\u00fc Bur\u00e7ak Karakaya<\/strong> da de\u011ferlendirmesinde \u201cOtizmli \u00e7ocuklar\u0131n e\u011fitim ortamlar\u0131na ayr\u0131\u015ft\u0131r\u0131lmadan dahil edilmesi, onlar\u0131n geli\u015fimi ve gelece\u011fe haz\u0131rlanmas\u0131 a\u00e7\u0131s\u0131ndan b\u00fcy\u00fck \u00f6nem ta\u015f\u0131yor. \u2018Her S\u0131n\u0131f Bir Tohum\u2019 projesi ile bug\u00fcne kadar y\u00fczlerce \u00f6zel e\u011fitim s\u0131n\u0131f\u0131n\u0131 donatarak binlerce \u00e7ocu\u011fa ula\u015fmam\u0131zda destek\u00e7ilerimizin katk\u0131s\u0131 \u00e7ok de\u011ferli. MAPFRE Sigorta\u2019n\u0131n bu deste\u011fi sayesinde daha fazla \u00e7ocu\u011fun nitelikli e\u011fitimle bulu\u015fmas\u0131na katk\u0131 sa\u011flamaktan mutluluk duyuyoruz\u201d ifadelerine yer verdi.&nbsp;<\/p>\n\n\n\n<p class=\"wp-block-paragraph\"><strong>\u201cHer S\u0131n\u0131f Bir Tohum\u201d Projesi, T\u00fcrkiye Genelinde 217 \u00d6zel E\u011fitim S\u0131n\u0131f\u0131n\u0131 yenileyerek b\u00fcy\u00fcmeye devam ediyor&#8230;<\/strong><\/p>\n\n\n\n<p class=\"wp-block-paragraph\">2009 y\u0131l\u0131ndan bu yana y\u00fcr\u00fct\u00fclen \u201cHer S\u0131n\u0131f Bir Tohum\u201d projesiyle Milli E\u011fitim Bakanl\u0131\u011f\u0131\u2019na ba\u011fl\u0131 genel e\u011fitim okullar\u0131ndaki \u00f6zel e\u011fitim s\u0131n\u0131flar\u0131, \u00f6zel e\u011fitim uygulama okullar\u0131 ve \u00f6zel e\u011fitim anaokullar\u0131na, \u00f6\u011frencilerin bireysel ihtiya\u00e7lar\u0131na uygun \u00f6zel e\u011fitim materyalleri sa\u011flan\u0131yor. Proje kapsam\u0131nda \u00f6\u011fretmenlere, \u00f6\u011frenci ailelerine, akranlar\u0131na ve okul y\u00f6netimine e\u011fitimler veriliyor.&nbsp;<\/p>\n\n\n\n<p class=\"wp-block-paragraph\">\u015eimdiye kadar 43 ilde 217 s\u0131n\u0131f\u0131n yenilendi\u011fi proje kapsam\u0131nda, \u00f6\u011fretmenlerin bilgilerinin g\u00fcncellenmesi ve geri bildirimlerinin de\u011ferlendirilmesi amac\u0131yla olu\u015fturulan &#8220;\u00f6\u011fretmen a\u011f\u0131&#8221; sayesinde \u00f6\u011fretmenlere s\u00fcrekli ileti\u015fim ve destek sa\u011flan\u0131yor. 6 \u015eubat depremleri sonras\u0131nda da proje kapsam\u0131nda Adana, Ad\u0131yaman, Hatay, Kahramanmara\u015f, Gaziantep ve Malatya\u2019da 38 \u00f6zel e\u011fitim s\u0131n\u0131f\u0131na destek verilerek e\u011fitim ortamlar\u0131 iyile\u015ftirildi.<\/p>\n\n\n\n<p class=\"wp-block-paragraph\"><strong>MAPFRE Sigorta Hakk\u0131nda:<\/strong><\/p>\n\n\n\n<p class=\"wp-block-paragraph\">MAPFRE Sigorta, \u00f6denmi\u015f sermayesi ve \u00f6zkaynak b\u00fcy\u00fckl\u00fc\u011f\u00fc ile T\u00fcrk sigorta sekt\u00f6r\u00fcn\u00fcn en g\u00fc\u00e7l\u00fc \u015firketleri aras\u0131nda yer al\u0131yor. \u0130spanya\u2019n\u0131n en b\u00fcy\u00fck sigorta grubu olan MAPFRE, Avrupa ve Amerika olmak \u00fczere be\u015f k\u0131tada 100\u2019den fazla \u00fclkede sigorta, reas\u00fcrans, asistans ve finansal hizmetler alanlar\u0131nda faaliyet g\u00f6steriyor. T\u00fcm sigorta bran\u015flar\u0131n\u0131 kapsayan, zengin bir \u00fcr\u00fcn portf\u00f6y\u00fcne sahip MAPFRE Sigorta, m\u00fc\u015fterilerinin her t\u00fcrl\u00fc hizmet ihtiyac\u0131n\u0131n kar\u015f\u0131lanmas\u0131 ve mal varl\u0131klar\u0131n\u0131n g\u00fcvencesi i\u00e7in \u00f6zel olarak geli\u015ftirilmi\u015f rekabet\u00e7i \u00e7\u00f6z\u00fcmler sunuyor. MAPFRE Grup b\u00fcnyesinde 31 binden fazla \u00e7al\u0131\u015fan, 83 bin arac\u0131 kurum ve d\u00fcnya \u00e7ap\u0131nda 5 bin \u00fczeri ofisle 31.1 milyon m\u00fc\u015fteriye hizmet veriyor.<\/p>","protected":false},"excerpt":{"rendered":"<p>Fundaci\u00f3n MAPFRE, Tohum Otizm Vakf\u0131&#8217;n\u0131n &#8220;Her S\u0131n\u0131f Bir Tohum&#8221; projesine verdi\u011fi destek kapsam\u0131nda, \u00f6zel e\u011fitim s\u0131n\u0131flar\u0131n\u0131 yeniliyor. \u0130\u015f birli\u011finin ilk ad\u0131m\u0131 olan \u0130stanbul Adnan Menderes Ortaokulu&#8217;ndaki tam donan\u0131ml\u0131 s\u0131n\u0131f\u0131n a\u00e7\u0131l\u0131\u015f\u0131 ger\u00e7ekle\u015firken, 2025 sonuna kadar Ayd\u0131n ve Hatay&#8217;da da birer s\u0131n\u0131f\u0131n yenilenmesi hedefleniyor.<\/p>","protected":false},"author":1,"featured_media":8478,"comment_status":"open","ping_status":"open","sticky":false,"template":"","format":"standard","meta":{"footnotes":""},"categories":[1],"tags":[],"class_list":["post-8477","post","type-post","status-publish","format-standard","has-post-thumbnail","hentry","category-basin-odasi"],"yoast_head":"<!-- This site is optimized with the Yoast SEO Premium plugin v28.3 (Yoast SEO v28.3) - https:\/\/yoast.com\/product\/yoast-seo-premium-wordpress\/ -->\n<title>Fundaci\u00f3n MAPFRE ve Tohum Otizm Vakf\u0131\u2019ndan Anlaml\u0131 \u0130\u015f Birli\u011fi - Tohum Otizm Vakf\u0131 | Otizmin Tek \u00c7aresi E\u011fitim<\/title>\n<meta name=\"robots\" content=\"index, follow, max-snippet:-1, max-image-preview:large, max-video-preview:-1\" \/>\n<link rel=\"canonical\" href=\"https:\/\/wp1.sedaozcan.net.tr\/en\/mapfre-ve-tohum-otizm-vakfi\/\" \/>\n<meta property=\"og:locale\" content=\"en_US\" \/>\n<meta property=\"og:type\" content=\"article\" \/>\n<meta property=\"og:title\" content=\"Fundaci\u00f3n MAPFRE ve Tohum Otizm Vakf\u0131\u2019ndan Anlaml\u0131 \u0130\u015f Birli\u011fi\" \/>\n<meta property=\"og:description\" content=\"Fundaci\u00f3n MAPFRE, Tohum Otizm Vakf\u0131&#039;n\u0131n &quot;Her S\u0131n\u0131f Bir Tohum&quot; projesine verdi\u011fi destek kapsam\u0131nda, \u00f6zel e\u011fitim s\u0131n\u0131flar\u0131n\u0131 yeniliyor. \u0130\u015f birli\u011finin ilk ad\u0131m\u0131 olan \u0130stanbul Adnan Menderes Ortaokulu&#039;ndaki tam donan\u0131ml\u0131 s\u0131n\u0131f\u0131n a\u00e7\u0131l\u0131\u015f\u0131 ger\u00e7ekle\u015firken, 2025 sonuna kadar Ayd\u0131n ve Hatay&#039;da da birer s\u0131n\u0131f\u0131n yenilenmesi hedefleniyor.\" \/>\n<meta property=\"og:url\" content=\"https:\/\/wp1.sedaozcan.net.tr\/en\/mapfre-ve-tohum-otizm-vakfi\/\" \/>\n<meta property=\"og:site_name\" content=\"Tohum Otizm Vakf\u0131 | Otizmin Tek \u00c7aresi E\u011fitim\" \/>\n<meta property=\"article:published_time\" content=\"2026-05-11T14:46:24+00:00\" \/>\n<meta property=\"article:modified_time\" content=\"2026-08-06T10:58:07+00:00\" \/>\n<meta property=\"og:image\" content=\"https:\/\/wp1.sedaozcan.net.tr\/wp-content\/uploads\/2026\/05\/hsbt.jpeg\" \/>\n\t<meta property=\"og:image:width\" content=\"1344\" \/>\n\t<meta property=\"og:image:height\" content=\"768\" \/>\n\t<meta property=\"og:image:type\" content=\"image\/jpeg\" \/>\n<meta name=\"author\" content=\"Tohum Otizm\" \/>\n<meta name=\"twitter:card\" content=\"summary_large_image\" \/>\n<meta name=\"twitter:label1\" content=\"Written by\" \/>\n\t<meta name=\"twitter:data1\" content=\"Tohum Otizm\" \/>\n\t<meta name=\"twitter:label2\" content=\"Est. reading time\" \/>\n\t<meta name=\"twitter:data2\" content=\"4 minutes\" \/>\n<script type=\"application\/ld+json\" class=\"yoast-schema-graph\">{\"@context\":\"https:\\\/\\\/schema.org\",\"@graph\":[{\"@type\":\"Article\",\"@id\":\"https:\\\/\\\/wp1.sedaozcan.net.tr\\\/mapfre-ve-tohum-otizm-vakfi\\\/#article\",\"isPartOf\":{\"@id\":\"https:\\\/\\\/wp1.sedaozcan.net.tr\\\/mapfre-ve-tohum-otizm-vakfi\\\/\"},\"author\":{\"name\":\"Tohum Otizm\",\"@id\":\"https:\\\/\\\/wp1.sedaozcan.net.tr\\\/#\\\/schema\\\/person\\\/c2ea4120b58c7afcac902ba998b1091c\"},\"headline\":\"Fundaci\u00f3n MAPFRE ve Tohum Otizm Vakf\u0131\u2019ndan Anlaml\u0131 \u0130\u015f Birli\u011fi\",\"datePublished\":\"2026-05-11T14:46:24+00:00\",\"dateModified\":\"2026-08-06T10:58:07+00:00\",\"mainEntityOfPage\":{\"@id\":\"https:\\\/\\\/wp1.sedaozcan.net.tr\\\/mapfre-ve-tohum-otizm-vakfi\\\/\"},\"wordCount\":853,\"commentCount\":0,\"image\":{\"@id\":\"https:\\\/\\\/wp1.sedaozcan.net.tr\\\/mapfre-ve-tohum-otizm-vakfi\\\/#primaryimage\"},\"thumbnailUrl\":\"https:\\\/\\\/wp1.sedaozcan.net.tr\\\/wp-content\\\/uploads\\\/2026\\\/05\\\/hsbt.jpeg\",\"articleSection\":[\"Bas\u0131n Odas\u0131\"],\"inLanguage\":\"en-US\",\"potentialAction\":[{\"@type\":\"CommentAction\",\"name\":\"Comment\",\"target\":[\"https:\\\/\\\/wp1.sedaozcan.net.tr\\\/mapfre-ve-tohum-otizm-vakfi\\\/#respond\"]}]},{\"@type\":\"WebPage\",\"@id\":\"https:\\\/\\\/wp1.sedaozcan.net.tr\\\/mapfre-ve-tohum-otizm-vakfi\\\/\",\"url\":\"https:\\\/\\\/wp1.sedaozcan.net.tr\\\/mapfre-ve-tohum-otizm-vakfi\\\/\",\"name\":\"Fundaci\u00f3n MAPFRE ve Tohum Otizm Vakf\u0131\u2019ndan Anlaml\u0131 \u0130\u015f Birli\u011fi - Tohum Otizm Vakf\u0131 | Otizmin Tek \u00c7aresi E\u011fitim\",\"isPartOf\":{\"@id\":\"https:\\\/\\\/wp1.sedaozcan.net.tr\\\/#website\"},\"primaryImageOfPage\":{\"@id\":\"https:\\\/\\\/wp1.sedaozcan.net.tr\\\/mapfre-ve-tohum-otizm-vakfi\\\/#primaryimage\"},\"image\":{\"@id\":\"https:\\\/\\\/wp1.sedaozcan.net.tr\\\/mapfre-ve-tohum-otizm-vakfi\\\/#primaryimage\"},\"thumbnailUrl\":\"https:\\\/\\\/wp1.sedaozcan.net.tr\\\/wp-content\\\/uploads\\\/2026\\\/05\\\/hsbt.jpeg\",\"datePublished\":\"2026-05-11T14:46:24+00:00\",\"dateModified\":\"2026-08-06T10:58:07+00:00\",\"author\":{\"@id\":\"https:\\\/\\\/wp1.sedaozcan.net.tr\\\/#\\\/schema\\\/person\\\/c2ea4120b58c7afcac902ba998b1091c\"},\"breadcrumb\":{\"@id\":\"https:\\\/\\\/wp1.sedaozcan.net.tr\\\/mapfre-ve-tohum-otizm-vakfi\\\/#breadcrumb\"},\"inLanguage\":\"en-US\",\"potentialAction\":[{\"@type\":\"ReadAction\",\"target\":[\"https:\\\/\\\/wp1.sedaozcan.net.tr\\\/mapfre-ve-tohum-otizm-vakfi\\\/\"]}]},{\"@type\":\"ImageObject\",\"inLanguage\":\"en-US\",\"@id\":\"https:\\\/\\\/wp1.sedaozcan.net.tr\\\/mapfre-ve-tohum-otizm-vakfi\\\/#primaryimage\",\"url\":\"https:\\\/\\\/wp1.sedaozcan.net.tr\\\/wp-content\\\/uploads\\\/2026\\\/05\\\/hsbt.jpeg\",\"contentUrl\":\"https:\\\/\\\/wp1.sedaozcan.net.tr\\\/wp-content\\\/uploads\\\/2026\\\/05\\\/hsbt.jpeg\",\"width\":1344,\"height\":768},{\"@type\":\"BreadcrumbList\",\"@id\":\"https:\\\/\\\/wp1.sedaozcan.net.tr\\\/mapfre-ve-tohum-otizm-vakfi\\\/#breadcrumb\",\"itemListElement\":[{\"@type\":\"ListItem\",\"position\":1,\"name\":\"Home\",\"item\":\"https:\\\/\\\/wp1.sedaozcan.net.tr\\\/\"},{\"@type\":\"ListItem\",\"position\":2,\"name\":\"Fundaci\u00f3n MAPFRE ve Tohum Otizm Vakf\u0131\u2019ndan Anlaml\u0131 \u0130\u015f Birli\u011fi\"}]},{\"@type\":\"WebSite\",\"@id\":\"https:\\\/\\\/wp1.sedaozcan.net.tr\\\/#website\",\"url\":\"https:\\\/\\\/wp1.sedaozcan.net.tr\\\/\",\"name\":\"Tohum Otizm Vakf\u0131 | Otizmin Tek \u00c7aresi E\u011fitim\",\"description\":\"\",\"potentialAction\":[{\"@type\":\"SearchAction\",\"target\":{\"@type\":\"EntryPoint\",\"urlTemplate\":\"https:\\\/\\\/wp1.sedaozcan.net.tr\\\/?s={search_term_string}\"},\"query-input\":{\"@type\":\"PropertyValueSpecification\",\"valueRequired\":true,\"valueName\":\"search_term_string\"}}],\"inLanguage\":\"en-US\"},{\"@type\":\"Person\",\"@id\":\"https:\\\/\\\/wp1.sedaozcan.net.tr\\\/#\\\/schema\\\/person\\\/c2ea4120b58c7afcac902ba998b1091c\",\"name\":\"Tohum Otizm\",\"image\":{\"@type\":\"ImageObject\",\"inLanguage\":\"en-US\",\"@id\":\"https:\\\/\\\/secure.gravatar.com\\\/avatar\\\/99d08cded734486eef59dabce25065a85303e18d81311c4f5f2bbd3fed82f816?s=96&d=mm&r=g\",\"url\":\"https:\\\/\\\/secure.gravatar.com\\\/avatar\\\/99d08cded734486eef59dabce25065a85303e18d81311c4f5f2bbd3fed82f816?s=96&d=mm&r=g\",\"contentUrl\":\"https:\\\/\\\/secure.gravatar.com\\\/avatar\\\/99d08cded734486eef59dabce25065a85303e18d81311c4f5f2bbd3fed82f816?s=96&d=mm&r=g\",\"caption\":\"Tohum Otizm\"},\"sameAs\":[\"https:\\\/\\\/wp1.sedaozcan.net.tr\"],\"url\":\"https:\\\/\\\/wp1.sedaozcan.net.tr\\\/en\\\/author\\\/admin_3ewju0jt\\\/\"},{\"@type\":\"ImageObject\",\"inLanguage\":\"en-US\",\"@id\":\"https:\\\/\\\/wp1.sedaozcan.net.tr\\\/mapfre-ve-tohum-otizm-vakfi\\\/#local-main-organization-logo\",\"url\":\"\",\"contentUrl\":\"\",\"caption\":\"Tohum Otizm Vakf\u0131 | Otizmin Tek \u00c7aresi E\u011fitim\"}]}<\/script>\n<!-- \/ Yoast SEO Premium plugin. -->","yoast_head_json":{"title":"Fundaci\u00f3n MAPFRE ve Tohum Otizm Vakf\u0131\u2019ndan Anlaml\u0131 \u0130\u015f Birli\u011fi - Tohum Otizm Vakf\u0131 | Otizmin Tek \u00c7aresi E\u011fitim","robots":{"index":"index","follow":"follow","max-snippet":"max-snippet:-1","max-image-preview":"max-image-preview:large","max-video-preview":"max-video-preview:-1"},"canonical":"https:\/\/wp1.sedaozcan.net.tr\/en\/mapfre-ve-tohum-otizm-vakfi\/","og_locale":"en_US","og_type":"article","og_title":"Fundaci\u00f3n MAPFRE ve Tohum Otizm Vakf\u0131\u2019ndan Anlaml\u0131 \u0130\u015f Birli\u011fi","og_description":"Fundaci\u00f3n MAPFRE, Tohum Otizm Vakf\u0131'n\u0131n \"Her S\u0131n\u0131f Bir Tohum\" projesine verdi\u011fi destek kapsam\u0131nda, \u00f6zel e\u011fitim s\u0131n\u0131flar\u0131n\u0131 yeniliyor. \u0130\u015f birli\u011finin ilk ad\u0131m\u0131 olan \u0130stanbul Adnan Menderes Ortaokulu'ndaki tam donan\u0131ml\u0131 s\u0131n\u0131f\u0131n a\u00e7\u0131l\u0131\u015f\u0131 ger\u00e7ekle\u015firken, 2025 sonuna kadar Ayd\u0131n ve Hatay'da da birer s\u0131n\u0131f\u0131n yenilenmesi hedefleniyor.","og_url":"https:\/\/wp1.sedaozcan.net.tr\/en\/mapfre-ve-tohum-otizm-vakfi\/","og_site_name":"Tohum Otizm Vakf\u0131 | Otizmin Tek \u00c7aresi E\u011fitim","article_published_time":"2026-05-11T14:46:24+00:00","article_modified_time":"2026-08-06T10:58:07+00:00","og_image":[{"width":1344,"height":768,"url":"https:\/\/wp1.sedaozcan.net.tr\/wp-content\/uploads\/2026\/05\/hsbt.jpeg","type":"image\/jpeg"}],"author":"Tohum Otizm","twitter_card":"summary_large_image","twitter_misc":{"Written by":"Tohum Otizm","Est. reading time":"4 minutes"},"schema":{"@context":"https:\/\/schema.org","@graph":[{"@type":"Article","@id":"https:\/\/wp1.sedaozcan.net.tr\/mapfre-ve-tohum-otizm-vakfi\/#article","isPartOf":{"@id":"https:\/\/wp1.sedaozcan.net.tr\/mapfre-ve-tohum-otizm-vakfi\/"},"author":{"name":"Tohum Otizm","@id":"https:\/\/wp1.sedaozcan.net.tr\/#\/schema\/person\/c2ea4120b58c7afcac902ba998b1091c"},"headline":"Fundaci\u00f3n MAPFRE ve Tohum Otizm Vakf\u0131\u2019ndan Anlaml\u0131 \u0130\u015f Birli\u011fi","datePublished":"2026-05-11T14:46:24+00:00","dateModified":"2026-08-06T10:58:07+00:00","mainEntityOfPage":{"@id":"https:\/\/wp1.sedaozcan.net.tr\/mapfre-ve-tohum-otizm-vakfi\/"},"wordCount":853,"commentCount":0,"image":{"@id":"https:\/\/wp1.sedaozcan.net.tr\/mapfre-ve-tohum-otizm-vakfi\/#primaryimage"},"thumbnailUrl":"https:\/\/wp1.sedaozcan.net.tr\/wp-content\/uploads\/2026\/05\/hsbt.jpeg","articleSection":["Bas\u0131n Odas\u0131"],"inLanguage":"en-US","potentialAction":[{"@type":"CommentAction","name":"Comment","target":["https:\/\/wp1.sedaozcan.net.tr\/mapfre-ve-tohum-otizm-vakfi\/#respond"]}]},{"@type":"WebPage","@id":"https:\/\/wp1.sedaozcan.net.tr\/mapfre-ve-tohum-otizm-vakfi\/","url":"https:\/\/wp1.sedaozcan.net.tr\/mapfre-ve-tohum-otizm-vakfi\/","name":"Fundaci\u00f3n MAPFRE ve Tohum Otizm Vakf\u0131\u2019ndan Anlaml\u0131 \u0130\u015f Birli\u011fi - Tohum Otizm Vakf\u0131 | Otizmin Tek \u00c7aresi E\u011fitim","isPartOf":{"@id":"https:\/\/wp1.sedaozcan.net.tr\/#website"},"primaryImageOfPage":{"@id":"https:\/\/wp1.sedaozcan.net.tr\/mapfre-ve-tohum-otizm-vakfi\/#primaryimage"},"image":{"@id":"https:\/\/wp1.sedaozcan.net.tr\/mapfre-ve-tohum-otizm-vakfi\/#primaryimage"},"thumbnailUrl":"https:\/\/wp1.sedaozcan.net.tr\/wp-content\/uploads\/2026\/05\/hsbt.jpeg","datePublished":"2026-05-11T14:46:24+00:00","dateModified":"2026-08-06T10:58:07+00:00","author":{"@id":"https:\/\/wp1.sedaozcan.net.tr\/#\/schema\/person\/c2ea4120b58c7afcac902ba998b1091c"},"breadcrumb":{"@id":"https:\/\/wp1.sedaozcan.net.tr\/mapfre-ve-tohum-otizm-vakfi\/#breadcrumb"},"inLanguage":"en-US","potentialAction":[{"@type":"ReadAction","target":["https:\/\/wp1.sedaozcan.net.tr\/mapfre-ve-tohum-otizm-vakfi\/"]}]},{"@type":"ImageObject","inLanguage":"en-US","@id":"https:\/\/wp1.sedaozcan.net.tr\/mapfre-ve-tohum-otizm-vakfi\/#primaryimage","url":"https:\/\/wp1.sedaozcan.net.tr\/wp-content\/uploads\/2026\/05\/hsbt.jpeg","contentUrl":"https:\/\/wp1.sedaozcan.net.tr\/wp-content\/uploads\/2026\/05\/hsbt.jpeg","width":1344,"height":768},{"@type":"BreadcrumbList","@id":"https:\/\/wp1.sedaozcan.net.tr\/mapfre-ve-tohum-otizm-vakfi\/#breadcrumb","itemListElement":[{"@type":"ListItem","position":1,"name":"Home","item":"https:\/\/wp1.sedaozcan.net.tr\/"},{"@type":"ListItem","position":2,"name":"Fundaci\u00f3n MAPFRE ve Tohum Otizm Vakf\u0131\u2019ndan Anlaml\u0131 \u0130\u015f Birli\u011fi"}]},{"@type":"WebSite","@id":"https:\/\/wp1.sedaozcan.net.tr\/#website","url":"https:\/\/wp1.sedaozcan.net.tr\/","name":"Tohum Autism Foundation | The Only Remedy for Autism is Education","description":"","potentialAction":[{"@type":"SearchAction","target":{"@type":"EntryPoint","urlTemplate":"https:\/\/wp1.sedaozcan.net.tr\/?s={search_term_string}"},"query-input":{"@type":"PropertyValueSpecification","valueRequired":true,"valueName":"search_term_string"}}],"inLanguage":"en-US"},{"@type":"Person","@id":"https:\/\/wp1.sedaozcan.net.tr\/#\/schema\/person\/c2ea4120b58c7afcac902ba998b1091c","name":"Tohum Otizm","image":{"@type":"ImageObject","inLanguage":"en-US","@id":"https:\/\/secure.gravatar.com\/avatar\/99d08cded734486eef59dabce25065a85303e18d81311c4f5f2bbd3fed82f816?s=96&d=mm&r=g","url":"https:\/\/secure.gravatar.com\/avatar\/99d08cded734486eef59dabce25065a85303e18d81311c4f5f2bbd3fed82f816?s=96&d=mm&r=g","contentUrl":"https:\/\/secure.gravatar.com\/avatar\/99d08cded734486eef59dabce25065a85303e18d81311c4f5f2bbd3fed82f816?s=96&d=mm&r=g","caption":"Tohum Otizm"},"sameAs":["https:\/\/wp1.sedaozcan.net.tr"],"url":"https:\/\/wp1.sedaozcan.net.tr\/en\/author\/admin_3ewju0jt\/"},{"@type":"ImageObject","inLanguage":"en-US","@id":"https:\/\/wp1.sedaozcan.net.tr\/mapfre-ve-tohum-otizm-vakfi\/#local-main-organization-logo","url":"","contentUrl":"","caption":"Tohum Otizm Vakf\u0131 | Otizmin Tek \u00c7aresi E\u011fitim"}]}},"_links":{"self":[{"href":"https:\/\/wp1.sedaozcan.net.tr\/en\/wp-json\/wp\/v2\/posts\/8477","targetHints":{"allow":["GET"]}}],"collection":[{"href":"https:\/\/wp1.sedaozcan.net.tr\/en\/wp-json\/wp\/v2\/posts"}],"about":[{"href":"https:\/\/wp1.sedaozcan.net.tr\/en\/wp-json\/wp\/v2\/types\/post"}],"author":[{"embeddable":true,"href":"https:\/\/wp1.sedaozcan.net.tr\/en\/wp-json\/wp\/v2\/users\/1"}],"replies":[{"embeddable":true,"href":"https:\/\/wp1.sedaozcan.net.tr\/en\/wp-json\/wp\/v2\/comments?post=8477"}],"version-history":[{"count":3,"href":"https:\/\/wp1.sedaozcan.net.tr\/en\/wp-json\/wp\/v2\/posts\/8477\/revisions"}],"predecessor-version":[{"id":9586,"href":"https:\/\/wp1.sedaozcan.net.tr\/en\/wp-json\/wp\/v2\/posts\/8477\/revisions\/9586"}],"wp:featuredmedia":[{"embeddable":true,"href":"https:\/\/wp1.sedaozcan.net.tr\/en\/wp-json\/wp\/v2\/media\/8478"}],"wp:attachment":[{"href":"https:\/\/wp1.sedaozcan.net.tr\/en\/wp-json\/wp\/v2\/media?parent=8477"}],"wp:term":[{"taxonomy":"category","embeddable":true,"href":"https:\/\/wp1.sedaozcan.net.tr\/en\/wp-json\/wp\/v2\/categories?post=8477"},{"taxonomy":"post_tag","embeddable":true,"href":"https:\/\/wp1.sedaozcan.net.tr\/en\/wp-json\/wp\/v2\/tags?post=8477"}],"curies":[{"name":"wp","href":"https:\/\/api.w.org\/{rel}","templated":true}]}}