{"id":8473,"date":"2026-05-11T16:40:46","date_gmt":"2026-05-11T14:40:46","guid":{"rendered":"https:\/\/wp1.sedaozcan.net.tr\/?p=8473"},"modified":"2026-08-06T12:58:43","modified_gmt":"2026-08-06T10:58:43","slug":"is-gyo-her-sinif-bir-tohum-projesi-basin-bulteni","status":"publish","type":"post","link":"https:\/\/wp1.sedaozcan.net.tr\/en\/is-gyo-her-sinif-bir-tohum-projesi-basin-bulteni\/","title":{"rendered":"Tohum Otizm Vakf\u0131&#8217;n\u0131n\u00a0\u201cHer S\u0131n\u0131f Bir Tohum\u201d Projesi\u00a0ile Bir \u00d6zel E\u011fitim S\u0131n\u0131f\u0131 Daha \u0130\u015f GYO&#8217;nun Katk\u0131s\u0131yla\u00a0Yenilendi"},"content":{"rendered":"<p class=\"wp-block-paragraph\"><strong>BASIN B\u00dcLTEN\u0130 &nbsp; &nbsp; &nbsp; &nbsp; &nbsp; &nbsp; &nbsp; &nbsp; &nbsp; &nbsp; &nbsp; &nbsp; &nbsp; &nbsp; &nbsp; 8 Ekim 2025<\/strong><\/p>\n\n\n\n<p class=\"wp-block-paragraph\"><strong>Tohum Otizm Vakf\u0131&#8217;n\u0131n&nbsp;\u201cHer S\u0131n\u0131f Bir Tohum\u201d Projesi&nbsp;ile Bir \u00d6zel E\u011fitim S\u0131n\u0131f\u0131 Daha \u0130\u015f GYO&#8217;nun Katk\u0131s\u0131yla&nbsp;Yenilendi<\/strong><\/p>\n\n\n\n<p class=\"wp-block-paragraph\">Tohum Otizm Vakf\u0131\u2019n\u0131n 2009 y\u0131l\u0131ndan beri otizm spektrum bozuklu\u011fu (OSB) tan\u0131s\u0131 alan \u00e7ocuklar\u0131n e\u011fitime eri\u015fimini desteklemek amac\u0131yla y\u00fcr\u00fctt\u00fc\u011f\u00fc \u201cHer S\u0131n\u0131f Bir Tohum\u201d projesi kapsam\u0131nda, bir \u00f6zel e\u011fitim s\u0131n\u0131f\u0131 daha yenilendi.&nbsp; \u0130\u015f Gayrimenkul Yat\u0131r\u0131m Ortakl\u0131\u011f\u0131 A.\u015e. (\u0130\u015f GYO)\u2019nin katk\u0131lar\u0131yla \u00f6zel gereksinimli \u00e7ocuklar\u0131n ihtiya\u00e7lar\u0131na uygun \u015fekilde yenilenen \u0130stanbul \u00dcsk\u00fcdar\u2019daki Rauf Orbay \u0130lkokulu \u00f6zel e\u011fitim s\u0131n\u0131f\u0131, \u00e7ocuklar\u0131n e\u011fitimine ve bireysel ihtiya\u00e7lar\u0131na uygun materyal ve teknolojik donan\u0131mlarla donat\u0131larak modern bir e\u011fitim ortam\u0131na d\u00f6n\u00fc\u015ft\u00fcr\u00fcld\u00fc.<\/p>\n\n\n\n<p class=\"wp-block-paragraph\">Yenilenen \u00f6zel e\u011fitim s\u0131n\u0131f\u0131n\u0131n a\u00e7\u0131l\u0131\u015f\u0131 Tohum Otizm Vakf\u0131 Genel M\u00fcd\u00fcr\u00fc Bur\u00e7ak Karakaya, \u0130\u015f GYO Genel M\u00fcd\u00fcr Yard\u0131mc\u0131s\u0131 G\u00f6ktay \u00d6zbek ile \u0130stanbul \u0130l Milli E\u011fitim M\u00fcd\u00fcr Yard\u0131mc\u0131s\u0131 G\u00fcl\u015fen \u00d6zer ve \u00dcsk\u00fcdar \u0130l\u00e7e Milli E\u011fitim \u015eube M\u00fcd\u00fcr\u00fc Fehmi G\u00fcr\u2019\u00fcn kat\u0131l\u0131m\u0131yla ger\u00e7ekle\u015ftirildi. Bu s\u0131n\u0131f, Tohum Otizm Vakf\u0131\u2019n\u0131n \u00dcsk\u00fcdar il\u00e7esinde destek verdi\u011fi 4\u2019\u00fcnc\u00fc s\u0131n\u0131f oldu.&nbsp;<\/p>\n\n\n\n<p class=\"wp-block-paragraph\">Konuyla ilgili de\u011ferlendirmede bulunan \u0130\u015f GYO Genel M\u00fcd\u00fcr Yard\u0131mc\u0131s\u0131 G\u00f6ktay \u00d6zbek: \u201c\u0130\u015f GYO olarak Tohum Otizm Vakf\u0131\u2019n\u0131n \u201cHer S\u0131n\u0131f Bir Tohum\u201d projesine katk\u0131 sa\u011flamaktan ve \u00dcsk\u00fcdar\u2019daki bu okulumuzda \u00f6zel gereksinimli \u00e7ocuklar\u0131m\u0131z i\u00e7in yepyeni bir s\u0131n\u0131f ortam\u0131 sunmaktan b\u00fcy\u00fck bir mutluluk duyduk. Bu s\u0131n\u0131f\u0131n, \u00e7ocuklar\u0131m\u0131z\u0131n potansiyellerini en iyi \u015fekilde ortaya koyabilecekleri bir alan olmas\u0131n\u0131 diliyor, onlara g\u00fcvenli, destekleyici ve sevgi dolu bir \u00f6\u011frenme ortam\u0131 sunmas\u0131n\u0131 temenni ediyoruz.<\/p>\n\n\n\n<p class=\"wp-block-paragraph\"><strong>&nbsp;\u201cHer S\u0131n\u0131f Bir Tohum\u201d projesinde yeni ad\u0131m: 214. \u00f6zel e\u011fitim s\u0131n\u0131f\u0131 a\u00e7\u0131ld\u0131<\/strong><\/p>\n\n\n\n<p class=\"wp-block-paragraph\">&nbsp;\u201cHer S\u0131n\u0131f Bir Tohum\u201d projesiyle Milli E\u011fitim Bakanl\u0131\u011f\u0131\u2019na ba\u011fl\u0131 devlet okullar\u0131ndaki \u00f6zel e\u011fitim s\u0131n\u0131flar\u0131, \u00f6zel e\u011fitim uygulama okullar\u0131 ve \u00f6zel e\u011fitim anaokullar\u0131na, \u00f6\u011frencilerin bireysel ihtiya\u00e7lar\u0131na uygun \u00f6zel e\u011fitim materyalleri sa\u011flan\u0131yor. Proje kapsam\u0131nda, bug\u00fcne kadar 43 ilde 214 \u00f6zel e\u011fitim s\u0131n\u0131f\u0131 yenilendi. Aralar\u0131nda 6 \u015eubat depremleri sonras\u0131 Adana, Ad\u0131yaman, Hatay, Kahramanmara\u015f, Gaziantep ve Malatya\u2019da yenilenen 38 \u00f6zel e\u011fitim s\u0131n\u0131f\u0131n\u0131n da oldu\u011fu projede \u00f6\u011fretmenlere, ailelere ve okul y\u00f6netimlerine \u00f6zel e\u011fitim alan\u0131nda otizm fark\u0131ndal\u0131\u011f\u0131 ve bilgi art\u0131r\u0131c\u0131 e\u011fitimler de veriliyor.<br>\u00d6\u011fretmenlerin mesleki geli\u015fimlerinin desteklenmesi amac\u0131yla olu\u015fturulan \u201c\u00f6\u011fretmen a\u011f\u0131\u201d sayesinde y\u0131l boyunca ileti\u015fim ve bilgi payla\u015f\u0131m\u0131 s\u00fcrd\u00fcr\u00fcl\u00fcyor.&nbsp;<\/p>\n\n\n\n<p class=\"wp-block-paragraph\"><strong>G\u00fcn\u00fcm\u00fczde her 31 \u00e7ocuktan 1\u2019i otizmli!<\/strong><\/p>\n\n\n\n<p class=\"wp-block-paragraph\">Do\u011fu\u015ftan gelen ve ya\u015fam\u0131n ilk y\u0131llar\u0131nda fark edilen n\u00f6ro-geli\u015fimsel bir farkl\u0131l\u0131k olan otizm, g\u00fcn\u00fcm\u00fczde her 31 \u00e7ocuktan 1\u2019inde g\u00f6r\u00fclmektedir.&nbsp;<\/p>\n\n\n\n<p class=\"wp-block-paragraph\">Tohum Otizm Vakf\u0131 Genel M\u00fcd\u00fcr\u00fc Bur\u00e7ak Karakaya, \u00f6zel e\u011fitim s\u0131n\u0131flar\u0131n\u0131n \u00f6nemine \u015fu s\u00f6zlerle dikkat \u00e7ekti: \u201cHer \u00e7ocu\u011fun \u00f6\u011frenme s\u00fcreci farkl\u0131; bu nedenle otizmin bilinen tek \u00e7aresi ise erken tan\u0131yla ba\u015flayan yo\u011fun ve s\u00fcrekli \u00f6zel e\u011fitimdir. Bu yolculukta \u0130\u015f GYO ile yan yana y\u00fcr\u00fcmekten mutluluk duyuyoruz. Bireysel ihtiya\u00e7lara uygun materyallerle donatt\u0131\u011f\u0131m\u0131z \u00f6zel e\u011fitim s\u0131n\u0131flar\u0131, \u00e7ocuklar\u0131m\u0131z\u0131n dikkatini toplamas\u0131na, ileti\u015fim kurmas\u0131na, motor becerilerini geli\u015ftirmesine ve sosyal etkile\u015fimini art\u0131rmas\u0131na destek oluyor. \u00d6\u011frenmeyi hem kolay hem de keyifli h\u00e2le getirerek potansiyellerini ortaya \u00e7\u0131karmalar\u0131na yard\u0131mc\u0131 oluyor.\u201d&nbsp;<\/p>\n\n\n\n<hr class=\"wp-block-separator has-alpha-channel-opacity\"\/>\n\n\n\n<p class=\"has-text-align-center wp-block-paragraph\"><strong>Tohum T\u00fcrkiye Otizm Erken Tan\u0131 ve E\u011fitim Vakf\u0131&nbsp;\u2013&nbsp;<\/strong><strong>Tohum Autism Foundation<\/strong><\/p>\n\n\n\n<p class=\"has-text-align-center wp-block-paragraph\"><strong>S\u0131racevizler Cad. Z\u00fclfikarlar \u0130\u015f Han\u0131 No.27&nbsp;Kat:3 \u015ei\u015fli \u0130stanbul T\u00fcrkiye<\/strong><\/p>\n\n\n\n<p class=\"has-text-align-center wp-block-paragraph\"><strong>Tel: +90\u2013212\u2013244 75 00&nbsp;Faks: +90\u2013212\u2013244 75 04<\/strong><\/p>\n\n\n\n<p class=\"has-text-align-center wp-block-paragraph\"><strong>S\u0131n\u0131fland\u0131rma: <\/strong><strong>GENEL<\/strong><strong> | Classification: <\/strong><strong>PUBLIC<\/strong><\/p>\n\n\n\n<p class=\"wp-block-paragraph\"><\/p>","protected":false},"excerpt":{"rendered":"<p>Tohum Otizm Vakf\u0131\u2019n\u0131n 2009 y\u0131l\u0131ndan beri otizm spektrum bozuklu\u011fu (OSB) tan\u0131s\u0131 alan \u00e7ocuklar\u0131n e\u011fitime eri\u015fimini desteklemek amac\u0131yla y\u00fcr\u00fctt\u00fc\u011f\u00fc \u201cHer S\u0131n\u0131f Bir Tohum\u201d projesi kapsam\u0131nda, bir \u00f6zel e\u011fitim s\u0131n\u0131f\u0131 daha yenilendi.\u00a0<\/p>","protected":false},"author":1,"featured_media":8475,"comment_status":"open","ping_status":"open","sticky":false,"template":"","format":"standard","meta":{"footnotes":""},"categories":[1],"tags":[],"class_list":["post-8473","post","type-post","status-publish","format-standard","has-post-thumbnail","hentry","category-basin-odasi"],"yoast_head":"<!-- This site is optimized with the Yoast SEO Premium plugin v28.3 (Yoast SEO v28.3) - https:\/\/yoast.com\/product\/yoast-seo-premium-wordpress\/ -->\n<title>Tohum Otizm Vakf\u0131&#039;n\u0131n\u00a0\u201cHer S\u0131n\u0131f Bir Tohum\u201d Projesi\u00a0ile Bir \u00d6zel E\u011fitim S\u0131n\u0131f\u0131 Daha \u0130\u015f GYO&#039;nun Katk\u0131s\u0131yla\u00a0Yenilendi - Tohum Otizm Vakf\u0131 | Otizmin Tek \u00c7aresi E\u011fitim<\/title>\n<meta name=\"robots\" content=\"index, follow, max-snippet:-1, max-image-preview:large, max-video-preview:-1\" \/>\n<link rel=\"canonical\" href=\"https:\/\/wp1.sedaozcan.net.tr\/en\/is-gyo-her-sinif-bir-tohum-projesi-basin-bulteni\/\" \/>\n<meta property=\"og:locale\" content=\"en_US\" \/>\n<meta property=\"og:type\" content=\"article\" \/>\n<meta property=\"og:title\" content=\"Tohum Otizm Vakf\u0131&#039;n\u0131n\u00a0\u201cHer S\u0131n\u0131f Bir Tohum\u201d Projesi\u00a0ile Bir \u00d6zel E\u011fitim S\u0131n\u0131f\u0131 Daha \u0130\u015f GYO&#039;nun Katk\u0131s\u0131yla\u00a0Yenilendi\" \/>\n<meta property=\"og:description\" content=\"Tohum Otizm Vakf\u0131\u2019n\u0131n 2009 y\u0131l\u0131ndan beri otizm spektrum bozuklu\u011fu (OSB) tan\u0131s\u0131 alan \u00e7ocuklar\u0131n e\u011fitime eri\u015fimini desteklemek amac\u0131yla y\u00fcr\u00fctt\u00fc\u011f\u00fc \u201cHer S\u0131n\u0131f Bir Tohum\u201d projesi kapsam\u0131nda, bir \u00f6zel e\u011fitim s\u0131n\u0131f\u0131 daha yenilendi.\u00a0\" \/>\n<meta property=\"og:url\" content=\"https:\/\/wp1.sedaozcan.net.tr\/en\/is-gyo-her-sinif-bir-tohum-projesi-basin-bulteni\/\" \/>\n<meta property=\"og:site_name\" content=\"Tohum Otizm Vakf\u0131 | Otizmin Tek \u00c7aresi E\u011fitim\" \/>\n<meta property=\"article:published_time\" content=\"2026-05-11T14:40:46+00:00\" \/>\n<meta property=\"article:modified_time\" content=\"2026-08-06T10:58:43+00:00\" \/>\n<meta property=\"og:image\" content=\"https:\/\/wp1.sedaozcan.net.tr\/wp-content\/uploads\/2026\/05\/IsGYO_TohumOtizm.jpg\" \/>\n\t<meta property=\"og:image:width\" content=\"1131\" \/>\n\t<meta property=\"og:image:height\" content=\"1080\" \/>\n\t<meta property=\"og:image:type\" content=\"image\/jpeg\" \/>\n<meta name=\"author\" content=\"Tohum Otizm\" \/>\n<meta name=\"twitter:card\" content=\"summary_large_image\" \/>\n<meta name=\"twitter:label1\" content=\"Written by\" \/>\n\t<meta name=\"twitter:data1\" content=\"Tohum Otizm\" \/>\n\t<meta name=\"twitter:label2\" content=\"Est. reading time\" \/>\n\t<meta name=\"twitter:data2\" content=\"4 minutes\" \/>\n<script type=\"application\/ld+json\" class=\"yoast-schema-graph\">{\"@context\":\"https:\\\/\\\/schema.org\",\"@graph\":[{\"@type\":\"Article\",\"@id\":\"https:\\\/\\\/wp1.sedaozcan.net.tr\\\/is-gyo-her-sinif-bir-tohum-projesi-basin-bulteni\\\/#article\",\"isPartOf\":{\"@id\":\"https:\\\/\\\/wp1.sedaozcan.net.tr\\\/is-gyo-her-sinif-bir-tohum-projesi-basin-bulteni\\\/\"},\"author\":{\"name\":\"Tohum Otizm\",\"@id\":\"https:\\\/\\\/wp1.sedaozcan.net.tr\\\/#\\\/schema\\\/person\\\/c2ea4120b58c7afcac902ba998b1091c\"},\"headline\":\"Tohum Otizm Vakf\u0131&#8217;n\u0131n\u00a0\u201cHer S\u0131n\u0131f Bir Tohum\u201d Projesi\u00a0ile Bir \u00d6zel E\u011fitim S\u0131n\u0131f\u0131 Daha \u0130\u015f GYO&#8217;nun Katk\u0131s\u0131yla\u00a0Yenilendi\",\"datePublished\":\"2026-05-11T14:40:46+00:00\",\"dateModified\":\"2026-08-06T10:58:43+00:00\",\"mainEntityOfPage\":{\"@id\":\"https:\\\/\\\/wp1.sedaozcan.net.tr\\\/is-gyo-her-sinif-bir-tohum-projesi-basin-bulteni\\\/\"},\"wordCount\":728,\"commentCount\":0,\"image\":{\"@id\":\"https:\\\/\\\/wp1.sedaozcan.net.tr\\\/is-gyo-her-sinif-bir-tohum-projesi-basin-bulteni\\\/#primaryimage\"},\"thumbnailUrl\":\"https:\\\/\\\/wp1.sedaozcan.net.tr\\\/wp-content\\\/uploads\\\/2026\\\/05\\\/IsGYO_TohumOtizm.jpg\",\"articleSection\":[\"Bas\u0131n Odas\u0131\"],\"inLanguage\":\"en-US\",\"potentialAction\":[{\"@type\":\"CommentAction\",\"name\":\"Comment\",\"target\":[\"https:\\\/\\\/wp1.sedaozcan.net.tr\\\/is-gyo-her-sinif-bir-tohum-projesi-basin-bulteni\\\/#respond\"]}]},{\"@type\":\"WebPage\",\"@id\":\"https:\\\/\\\/wp1.sedaozcan.net.tr\\\/is-gyo-her-sinif-bir-tohum-projesi-basin-bulteni\\\/\",\"url\":\"https:\\\/\\\/wp1.sedaozcan.net.tr\\\/is-gyo-her-sinif-bir-tohum-projesi-basin-bulteni\\\/\",\"name\":\"Tohum Otizm Vakf\u0131'n\u0131n\u00a0\u201cHer S\u0131n\u0131f Bir Tohum\u201d Projesi\u00a0ile Bir \u00d6zel E\u011fitim S\u0131n\u0131f\u0131 Daha \u0130\u015f GYO'nun Katk\u0131s\u0131yla\u00a0Yenilendi - Tohum Otizm Vakf\u0131 | Otizmin Tek \u00c7aresi E\u011fitim\",\"isPartOf\":{\"@id\":\"https:\\\/\\\/wp1.sedaozcan.net.tr\\\/#website\"},\"primaryImageOfPage\":{\"@id\":\"https:\\\/\\\/wp1.sedaozcan.net.tr\\\/is-gyo-her-sinif-bir-tohum-projesi-basin-bulteni\\\/#primaryimage\"},\"image\":{\"@id\":\"https:\\\/\\\/wp1.sedaozcan.net.tr\\\/is-gyo-her-sinif-bir-tohum-projesi-basin-bulteni\\\/#primaryimage\"},\"thumbnailUrl\":\"https:\\\/\\\/wp1.sedaozcan.net.tr\\\/wp-content\\\/uploads\\\/2026\\\/05\\\/IsGYO_TohumOtizm.jpg\",\"datePublished\":\"2026-05-11T14:40:46+00:00\",\"dateModified\":\"2026-08-06T10:58:43+00:00\",\"author\":{\"@id\":\"https:\\\/\\\/wp1.sedaozcan.net.tr\\\/#\\\/schema\\\/person\\\/c2ea4120b58c7afcac902ba998b1091c\"},\"breadcrumb\":{\"@id\":\"https:\\\/\\\/wp1.sedaozcan.net.tr\\\/is-gyo-her-sinif-bir-tohum-projesi-basin-bulteni\\\/#breadcrumb\"},\"inLanguage\":\"en-US\",\"potentialAction\":[{\"@type\":\"ReadAction\",\"target\":[\"https:\\\/\\\/wp1.sedaozcan.net.tr\\\/is-gyo-her-sinif-bir-tohum-projesi-basin-bulteni\\\/\"]}]},{\"@type\":\"ImageObject\",\"inLanguage\":\"en-US\",\"@id\":\"https:\\\/\\\/wp1.sedaozcan.net.tr\\\/is-gyo-her-sinif-bir-tohum-projesi-basin-bulteni\\\/#primaryimage\",\"url\":\"https:\\\/\\\/wp1.sedaozcan.net.tr\\\/wp-content\\\/uploads\\\/2026\\\/05\\\/IsGYO_TohumOtizm.jpg\",\"contentUrl\":\"https:\\\/\\\/wp1.sedaozcan.net.tr\\\/wp-content\\\/uploads\\\/2026\\\/05\\\/IsGYO_TohumOtizm.jpg\",\"width\":1131,\"height\":1080},{\"@type\":\"BreadcrumbList\",\"@id\":\"https:\\\/\\\/wp1.sedaozcan.net.tr\\\/is-gyo-her-sinif-bir-tohum-projesi-basin-bulteni\\\/#breadcrumb\",\"itemListElement\":[{\"@type\":\"ListItem\",\"position\":1,\"name\":\"Home\",\"item\":\"https:\\\/\\\/wp1.sedaozcan.net.tr\\\/\"},{\"@type\":\"ListItem\",\"position\":2,\"name\":\"Tohum Otizm Vakf\u0131&#8217;n\u0131n\u00a0\u201cHer S\u0131n\u0131f Bir Tohum\u201d Projesi\u00a0ile Bir \u00d6zel E\u011fitim S\u0131n\u0131f\u0131 Daha \u0130\u015f GYO&#8217;nun Katk\u0131s\u0131yla\u00a0Yenilendi\"}]},{\"@type\":\"WebSite\",\"@id\":\"https:\\\/\\\/wp1.sedaozcan.net.tr\\\/#website\",\"url\":\"https:\\\/\\\/wp1.sedaozcan.net.tr\\\/\",\"name\":\"Tohum Otizm Vakf\u0131 | Otizmin Tek \u00c7aresi E\u011fitim\",\"description\":\"\",\"potentialAction\":[{\"@type\":\"SearchAction\",\"target\":{\"@type\":\"EntryPoint\",\"urlTemplate\":\"https:\\\/\\\/wp1.sedaozcan.net.tr\\\/?s={search_term_string}\"},\"query-input\":{\"@type\":\"PropertyValueSpecification\",\"valueRequired\":true,\"valueName\":\"search_term_string\"}}],\"inLanguage\":\"en-US\"},{\"@type\":\"Person\",\"@id\":\"https:\\\/\\\/wp1.sedaozcan.net.tr\\\/#\\\/schema\\\/person\\\/c2ea4120b58c7afcac902ba998b1091c\",\"name\":\"Tohum Otizm\",\"image\":{\"@type\":\"ImageObject\",\"inLanguage\":\"en-US\",\"@id\":\"https:\\\/\\\/secure.gravatar.com\\\/avatar\\\/99d08cded734486eef59dabce25065a85303e18d81311c4f5f2bbd3fed82f816?s=96&d=mm&r=g\",\"url\":\"https:\\\/\\\/secure.gravatar.com\\\/avatar\\\/99d08cded734486eef59dabce25065a85303e18d81311c4f5f2bbd3fed82f816?s=96&d=mm&r=g\",\"contentUrl\":\"https:\\\/\\\/secure.gravatar.com\\\/avatar\\\/99d08cded734486eef59dabce25065a85303e18d81311c4f5f2bbd3fed82f816?s=96&d=mm&r=g\",\"caption\":\"Tohum Otizm\"},\"sameAs\":[\"https:\\\/\\\/wp1.sedaozcan.net.tr\"],\"url\":\"https:\\\/\\\/wp1.sedaozcan.net.tr\\\/en\\\/author\\\/admin_3ewju0jt\\\/\"},{\"@type\":\"ImageObject\",\"inLanguage\":\"en-US\",\"@id\":\"https:\\\/\\\/wp1.sedaozcan.net.tr\\\/is-gyo-her-sinif-bir-tohum-projesi-basin-bulteni\\\/#local-main-organization-logo\",\"url\":\"\",\"contentUrl\":\"\",\"caption\":\"Tohum Otizm Vakf\u0131 | Otizmin Tek \u00c7aresi E\u011fitim\"}]}<\/script>\n<!-- \/ Yoast SEO Premium plugin. -->","yoast_head_json":{"title":"Tohum Otizm Vakf\u0131'n\u0131n\u00a0\u201cHer S\u0131n\u0131f Bir Tohum\u201d Projesi\u00a0ile Bir \u00d6zel E\u011fitim S\u0131n\u0131f\u0131 Daha \u0130\u015f GYO'nun Katk\u0131s\u0131yla\u00a0Yenilendi - Tohum Otizm Vakf\u0131 | Otizmin Tek \u00c7aresi E\u011fitim","robots":{"index":"index","follow":"follow","max-snippet":"max-snippet:-1","max-image-preview":"max-image-preview:large","max-video-preview":"max-video-preview:-1"},"canonical":"https:\/\/wp1.sedaozcan.net.tr\/en\/is-gyo-her-sinif-bir-tohum-projesi-basin-bulteni\/","og_locale":"en_US","og_type":"article","og_title":"Tohum Otizm Vakf\u0131'n\u0131n\u00a0\u201cHer S\u0131n\u0131f Bir Tohum\u201d Projesi\u00a0ile Bir \u00d6zel E\u011fitim S\u0131n\u0131f\u0131 Daha \u0130\u015f GYO'nun Katk\u0131s\u0131yla\u00a0Yenilendi","og_description":"Tohum Otizm Vakf\u0131\u2019n\u0131n 2009 y\u0131l\u0131ndan beri otizm spektrum bozuklu\u011fu (OSB) tan\u0131s\u0131 alan \u00e7ocuklar\u0131n e\u011fitime eri\u015fimini desteklemek amac\u0131yla y\u00fcr\u00fctt\u00fc\u011f\u00fc \u201cHer S\u0131n\u0131f Bir Tohum\u201d projesi kapsam\u0131nda, bir \u00f6zel e\u011fitim s\u0131n\u0131f\u0131 daha yenilendi.\u00a0","og_url":"https:\/\/wp1.sedaozcan.net.tr\/en\/is-gyo-her-sinif-bir-tohum-projesi-basin-bulteni\/","og_site_name":"Tohum Otizm Vakf\u0131 | Otizmin Tek \u00c7aresi E\u011fitim","article_published_time":"2026-05-11T14:40:46+00:00","article_modified_time":"2026-08-06T10:58:43+00:00","og_image":[{"width":1131,"height":1080,"url":"https:\/\/wp1.sedaozcan.net.tr\/wp-content\/uploads\/2026\/05\/IsGYO_TohumOtizm.jpg","type":"image\/jpeg"}],"author":"Tohum Otizm","twitter_card":"summary_large_image","twitter_misc":{"Written by":"Tohum Otizm","Est. reading time":"4 minutes"},"schema":{"@context":"https:\/\/schema.org","@graph":[{"@type":"Article","@id":"https:\/\/wp1.sedaozcan.net.tr\/is-gyo-her-sinif-bir-tohum-projesi-basin-bulteni\/#article","isPartOf":{"@id":"https:\/\/wp1.sedaozcan.net.tr\/is-gyo-her-sinif-bir-tohum-projesi-basin-bulteni\/"},"author":{"name":"Tohum Otizm","@id":"https:\/\/wp1.sedaozcan.net.tr\/#\/schema\/person\/c2ea4120b58c7afcac902ba998b1091c"},"headline":"Tohum Otizm Vakf\u0131&#8217;n\u0131n\u00a0\u201cHer S\u0131n\u0131f Bir Tohum\u201d Projesi\u00a0ile Bir \u00d6zel E\u011fitim S\u0131n\u0131f\u0131 Daha \u0130\u015f GYO&#8217;nun Katk\u0131s\u0131yla\u00a0Yenilendi","datePublished":"2026-05-11T14:40:46+00:00","dateModified":"2026-08-06T10:58:43+00:00","mainEntityOfPage":{"@id":"https:\/\/wp1.sedaozcan.net.tr\/is-gyo-her-sinif-bir-tohum-projesi-basin-bulteni\/"},"wordCount":728,"commentCount":0,"image":{"@id":"https:\/\/wp1.sedaozcan.net.tr\/is-gyo-her-sinif-bir-tohum-projesi-basin-bulteni\/#primaryimage"},"thumbnailUrl":"https:\/\/wp1.sedaozcan.net.tr\/wp-content\/uploads\/2026\/05\/IsGYO_TohumOtizm.jpg","articleSection":["Bas\u0131n Odas\u0131"],"inLanguage":"en-US","potentialAction":[{"@type":"CommentAction","name":"Comment","target":["https:\/\/wp1.sedaozcan.net.tr\/is-gyo-her-sinif-bir-tohum-projesi-basin-bulteni\/#respond"]}]},{"@type":"WebPage","@id":"https:\/\/wp1.sedaozcan.net.tr\/is-gyo-her-sinif-bir-tohum-projesi-basin-bulteni\/","url":"https:\/\/wp1.sedaozcan.net.tr\/is-gyo-her-sinif-bir-tohum-projesi-basin-bulteni\/","name":"Tohum Otizm Vakf\u0131'n\u0131n\u00a0\u201cHer S\u0131n\u0131f Bir Tohum\u201d Projesi\u00a0ile Bir \u00d6zel E\u011fitim S\u0131n\u0131f\u0131 Daha \u0130\u015f GYO'nun Katk\u0131s\u0131yla\u00a0Yenilendi - Tohum Otizm Vakf\u0131 | Otizmin Tek \u00c7aresi E\u011fitim","isPartOf":{"@id":"https:\/\/wp1.sedaozcan.net.tr\/#website"},"primaryImageOfPage":{"@id":"https:\/\/wp1.sedaozcan.net.tr\/is-gyo-her-sinif-bir-tohum-projesi-basin-bulteni\/#primaryimage"},"image":{"@id":"https:\/\/wp1.sedaozcan.net.tr\/is-gyo-her-sinif-bir-tohum-projesi-basin-bulteni\/#primaryimage"},"thumbnailUrl":"https:\/\/wp1.sedaozcan.net.tr\/wp-content\/uploads\/2026\/05\/IsGYO_TohumOtizm.jpg","datePublished":"2026-05-11T14:40:46+00:00","dateModified":"2026-08-06T10:58:43+00:00","author":{"@id":"https:\/\/wp1.sedaozcan.net.tr\/#\/schema\/person\/c2ea4120b58c7afcac902ba998b1091c"},"breadcrumb":{"@id":"https:\/\/wp1.sedaozcan.net.tr\/is-gyo-her-sinif-bir-tohum-projesi-basin-bulteni\/#breadcrumb"},"inLanguage":"en-US","potentialAction":[{"@type":"ReadAction","target":["https:\/\/wp1.sedaozcan.net.tr\/is-gyo-her-sinif-bir-tohum-projesi-basin-bulteni\/"]}]},{"@type":"ImageObject","inLanguage":"en-US","@id":"https:\/\/wp1.sedaozcan.net.tr\/is-gyo-her-sinif-bir-tohum-projesi-basin-bulteni\/#primaryimage","url":"https:\/\/wp1.sedaozcan.net.tr\/wp-content\/uploads\/2026\/05\/IsGYO_TohumOtizm.jpg","contentUrl":"https:\/\/wp1.sedaozcan.net.tr\/wp-content\/uploads\/2026\/05\/IsGYO_TohumOtizm.jpg","width":1131,"height":1080},{"@type":"BreadcrumbList","@id":"https:\/\/wp1.sedaozcan.net.tr\/is-gyo-her-sinif-bir-tohum-projesi-basin-bulteni\/#breadcrumb","itemListElement":[{"@type":"ListItem","position":1,"name":"Home","item":"https:\/\/wp1.sedaozcan.net.tr\/"},{"@type":"ListItem","position":2,"name":"Tohum Otizm Vakf\u0131&#8217;n\u0131n\u00a0\u201cHer S\u0131n\u0131f Bir Tohum\u201d Projesi\u00a0ile Bir \u00d6zel E\u011fitim S\u0131n\u0131f\u0131 Daha \u0130\u015f GYO&#8217;nun Katk\u0131s\u0131yla\u00a0Yenilendi"}]},{"@type":"WebSite","@id":"https:\/\/wp1.sedaozcan.net.tr\/#website","url":"https:\/\/wp1.sedaozcan.net.tr\/","name":"Tohum Autism Foundation | The Only Remedy for Autism is Education","description":"","potentialAction":[{"@type":"SearchAction","target":{"@type":"EntryPoint","urlTemplate":"https:\/\/wp1.sedaozcan.net.tr\/?s={search_term_string}"},"query-input":{"@type":"PropertyValueSpecification","valueRequired":true,"valueName":"search_term_string"}}],"inLanguage":"en-US"},{"@type":"Person","@id":"https:\/\/wp1.sedaozcan.net.tr\/#\/schema\/person\/c2ea4120b58c7afcac902ba998b1091c","name":"Tohum Otizm","image":{"@type":"ImageObject","inLanguage":"en-US","@id":"https:\/\/secure.gravatar.com\/avatar\/99d08cded734486eef59dabce25065a85303e18d81311c4f5f2bbd3fed82f816?s=96&d=mm&r=g","url":"https:\/\/secure.gravatar.com\/avatar\/99d08cded734486eef59dabce25065a85303e18d81311c4f5f2bbd3fed82f816?s=96&d=mm&r=g","contentUrl":"https:\/\/secure.gravatar.com\/avatar\/99d08cded734486eef59dabce25065a85303e18d81311c4f5f2bbd3fed82f816?s=96&d=mm&r=g","caption":"Tohum Otizm"},"sameAs":["https:\/\/wp1.sedaozcan.net.tr"],"url":"https:\/\/wp1.sedaozcan.net.tr\/en\/author\/admin_3ewju0jt\/"},{"@type":"ImageObject","inLanguage":"en-US","@id":"https:\/\/wp1.sedaozcan.net.tr\/is-gyo-her-sinif-bir-tohum-projesi-basin-bulteni\/#local-main-organization-logo","url":"","contentUrl":"","caption":"Tohum Otizm Vakf\u0131 | Otizmin Tek \u00c7aresi E\u011fitim"}]}},"_links":{"self":[{"href":"https:\/\/wp1.sedaozcan.net.tr\/en\/wp-json\/wp\/v2\/posts\/8473","targetHints":{"allow":["GET"]}}],"collection":[{"href":"https:\/\/wp1.sedaozcan.net.tr\/en\/wp-json\/wp\/v2\/posts"}],"about":[{"href":"https:\/\/wp1.sedaozcan.net.tr\/en\/wp-json\/wp\/v2\/types\/post"}],"author":[{"embeddable":true,"href":"https:\/\/wp1.sedaozcan.net.tr\/en\/wp-json\/wp\/v2\/users\/1"}],"replies":[{"embeddable":true,"href":"https:\/\/wp1.sedaozcan.net.tr\/en\/wp-json\/wp\/v2\/comments?post=8473"}],"version-history":[{"count":4,"href":"https:\/\/wp1.sedaozcan.net.tr\/en\/wp-json\/wp\/v2\/posts\/8473\/revisions"}],"predecessor-version":[{"id":9587,"href":"https:\/\/wp1.sedaozcan.net.tr\/en\/wp-json\/wp\/v2\/posts\/8473\/revisions\/9587"}],"wp:featuredmedia":[{"embeddable":true,"href":"https:\/\/wp1.sedaozcan.net.tr\/en\/wp-json\/wp\/v2\/media\/8475"}],"wp:attachment":[{"href":"https:\/\/wp1.sedaozcan.net.tr\/en\/wp-json\/wp\/v2\/media?parent=8473"}],"wp:term":[{"taxonomy":"category","embeddable":true,"href":"https:\/\/wp1.sedaozcan.net.tr\/en\/wp-json\/wp\/v2\/categories?post=8473"},{"taxonomy":"post_tag","embeddable":true,"href":"https:\/\/wp1.sedaozcan.net.tr\/en\/wp-json\/wp\/v2\/tags?post=8473"}],"curies":[{"name":"wp","href":"https:\/\/api.w.org\/{rel}","templated":true}]}}