{"id":8470,"date":"2026-05-11T16:38:59","date_gmt":"2026-05-11T14:38:59","guid":{"rendered":"https:\/\/wp1.sedaozcan.net.tr\/?p=8470"},"modified":"2026-08-06T12:59:39","modified_gmt":"2026-08-06T10:59:39","slug":"tov-sosyal-komite","status":"publish","type":"post","link":"https:\/\/wp1.sedaozcan.net.tr\/en\/tov-sosyal-komite\/","title":{"rendered":"Tohum Otizm Vakf\u0131 16-17 Aral\u0131k Tarihlerinde D\u00fczenlenecek Geleneksel Y\u0131lba\u015f\u0131 Al\u0131\u015fveri\u015f Festivali \u0130\u00e7in Haz\u0131rlan\u0131rken Yeni Sosyal Komite G\u00f6n\u00fcll\u00fcleriyle de G\u00fcc\u00fcne G\u00fc\u00e7 Katmaya Devam Ediyor!"},"content":{"rendered":"<p class=\"wp-block-paragraph\"><strong>BASIN B\u00dcLTEN\u0130 &nbsp; &nbsp; &nbsp; &nbsp; &nbsp; &nbsp; &nbsp; &nbsp; &nbsp; &nbsp; &nbsp; &nbsp; 9 Aral\u0131k 2025<\/strong><\/p>\n\n\n\n<p class=\"wp-block-paragraph\"><strong>Tohum Otizm Vakf\u0131 16-17 Aral\u0131k Tarihlerinde D\u00fczenlenecek Geleneksel Y\u0131lba\u015f\u0131 Al\u0131\u015fveri\u015f Festivali \u0130\u00e7in Haz\u0131rlan\u0131rken Yeni Sosyal Komite G\u00f6n\u00fcll\u00fcleriyle de G\u00fcc\u00fcne G\u00fc\u00e7 Katmaya Devam Ediyor!<\/strong><\/p>\n\n\n\n<p class=\"wp-block-paragraph\"><strong>\u0130yilikten Festival Do\u011far: Y\u0131lba\u015f\u0131 Al\u0131\u015fveri\u015f Festivali \u0130\u00e7in Geri Say\u0131m Ba\u015flad\u0131<\/strong><\/p>\n\n\n\n<p class=\"wp-block-paragraph\">\u201c\u0130yilikten Festival Do\u011far\u201c temas\u0131yla d\u00fczenlenecek Tohum Otizm Vakf\u0131 Y\u0131lba\u015f\u0131 Al\u0131\u015fveri\u015f Festivali i\u00e7in aylard\u0131r yo\u011fun bir haz\u0131rl\u0131k y\u00fcr\u00fct\u00fcl\u00fcyor. Bu y\u0131l <strong>16-17 Aral\u0131k tarihlerinde The Grand Tarabya\u2019da saat 11.00-21.00 aras\u0131nda<\/strong> ger\u00e7ekle\u015fecek geleneksel festival; tak\u0131dan giyime, organik \u00fcr\u00fcnlerden ev dekorasyonuna kadar \u00e7ok say\u0131da farkl\u0131 \u00fcr\u00fcn ve markay\u0131 ziyaret\u00e7ileriyle bulu\u015fturacak. Ziyaret\u00e7iler, yeni y\u0131l \u00f6ncesinde sevdikleri i\u00e7in hediye al\u0131rken ayn\u0131 zamanda otizmli \u00e7ocuklar\u0131n e\u011fitimine katk\u0131da bulunma f\u0131rsat\u0131 bulacak.<\/p>\n\n\n\n<p class=\"wp-block-paragraph\"><strong>Tohum Otizm Vakf\u0131 Sosyal Komitesi: Bir Araya Geldik\u00e7e B\u00fcy\u00fcyen \u0130yilik\u2026<\/strong><\/p>\n\n\n\n<p class=\"wp-block-paragraph\">Tohum Otizm Vakf\u0131, 23. y\u0131l\u0131na girerken vakf\u0131n g\u00f6n\u00fcll\u00fc faaliyetlerinde g\u00f6rev alan ve y\u0131llard\u0131r \u00f6nemli projelere imza atan sosyal komitesi, bu y\u0131l kat\u0131lan yeni \u00fcyelerle birlikte \u00e7al\u0131\u015fmalar\u0131n\u0131 g\u00fc\u00e7lenerek s\u00fcrd\u00fcr\u00fcyor.<\/p>\n\n\n\n<p class=\"wp-block-paragraph\">Sosyal komite, Tohum Otizm Vakf\u0131\u2019n\u0131n Onursal Ba\u015fkan\u0131 Mine Narin \u00f6nc\u00fcl\u00fc\u011f\u00fcnde, T\u00fcrkiye\u2019nin i\u015f, sanat, tasar\u0131m ve toplumsal fayda alanlar\u0131nda aktif bir\u00e7ok de\u011ferli isminden olu\u015fuyor. Mine Narin, \u201cTohum Otizm Vakf\u0131 g\u00f6n\u00fcll\u00fcleri, \u00e7ok deneyimli ve sa\u011flam bir gruptan olu\u015fuyor. Bu ekibin \u00e7al\u0131\u015fma azminin ve yarat\u0131c\u0131l\u0131\u011f\u0131n\u0131n&nbsp; hi\u00e7 eksilmemesi,&nbsp; hatta artarak b\u00fcy\u00fcmesi gerekti\u011fi inanc\u0131 ile bu y\u0131l g\u00f6n\u00fcll\u00fc sosyal komitemize pek \u00e7ok gen\u00e7, yeni \u00fcye katt\u0131k. Bu bir bayrak yar\u0131\u015f\u0131; bayra\u011f\u0131 hep iyi ellere teslim etmeye ve \u00e7o\u011fald\u0131k\u00e7a katlanarak b\u00fcy\u00fcmeye devam edece\u011fiz.\u201d de\u011ferlendirmesinde bulundu.<\/p>\n\n\n\n<p class=\"wp-block-paragraph\">Hem deneyimli \u00fcyeleri hem de aralar\u0131na yeni kat\u0131lan gen\u00e7 g\u00f6n\u00fcll\u00fcleriyle \u201ciyili\u011fi b\u00fcy\u00fctmeyi\u201d hedefleyen sosyal komite; i\u015f hayat\u0131nda yer alman\u0131n yan\u0131 s\u0131ra topluma fayda sa\u011flama misyonuyla hareket eden g\u00f6n\u00fcll\u00fcleri ayn\u0131 masada bulu\u015fturuyor.<\/p>\n\n\n\n<p class=\"wp-block-paragraph\"><strong>Tohum Otizm Vakf\u0131, 16-17 Aral\u0131k&#8217;ta The Grand Tarabya&#8217;da; pek \u00e7ok hediye se\u00e7ene\u011fi, birbirinden g\u00fczel y\u0131lba\u015f\u0131 sepetleri ve geleneksel yeni y\u0131l \u00e7ekili\u015finin yer alaca\u011f\u0131 Y\u0131lba\u015f\u0131 Al\u0131\u015fveri\u015f Festivali\u2019nde herkesi iyilikte bulu\u015fmaya davet ediyor!<\/strong><\/p>\n\n\n\n<hr class=\"wp-block-separator has-alpha-channel-opacity\"\/>\n\n\n\n<p class=\"has-text-align-center wp-block-paragraph\">Tohum T\u00fcrkiye Otizm Erken Tan\u0131 ve E\u011fitim Vakf\u0131<\/p>\n\n\n\n<p class=\"has-text-align-center wp-block-paragraph\">Merkez Mah. S\u0131racevizler &nbsp;Cad. Z\u00fclfikarlar \u0130\u015f Han\u0131 Kat:1 No:27<\/p>\n\n\n\n<p class=\"has-text-align-center wp-block-paragraph\">\u015ei\u015fli\/\u0130stanbul <strong>Tel:<\/strong> +90\u2013212\u2013244 75 00 <strong>Faks:<\/strong> +90\u2013212\u2013244 75 04<\/p>\n\n\n\n<p class=\"has-text-align-center wp-block-paragraph\"><a href=\"http:\/\/www.tohumotizm.org.tr\">www.tohumotizm.org.tr<\/a> <a href=\"mailto:info@tohumotizm.org.tr\">info@tohumotizm.org.tr<\/a><\/p>\n\n\n\n<p class=\"has-text-align-center wp-block-paragraph\">\u015ei\u015fli VD: 846 031 8467 Esas No: 2003\/124 Karar No: 2003\/253<\/p>","protected":false},"excerpt":{"rendered":"<p>\u201c\u0130yilikten Festival Do\u011far\u201c temas\u0131yla d\u00fczenlenecek Tohum Otizm Vakf\u0131 Y\u0131lba\u015f\u0131 Al\u0131\u015fveri\u015f Festivali i\u00e7in aylard\u0131r yo\u011fun bir haz\u0131rl\u0131k y\u00fcr\u00fct\u00fcl\u00fcyor. Bu y\u0131l 16-17 Aral\u0131k tarihlerinde The Grand Tarabya\u2019da saat 11.00-21.00 aras\u0131nda ger\u00e7ekle\u015fecek geleneksel festival; tak\u0131dan giyime, organik \u00fcr\u00fcnlerden ev dekorasyonuna kadar \u00e7ok say\u0131da farkl\u0131 \u00fcr\u00fcn ve markay\u0131 ziyaret\u00e7ileriyle bulu\u015fturacak.<\/p>","protected":false},"author":1,"featured_media":8471,"comment_status":"open","ping_status":"open","sticky":false,"template":"","format":"standard","meta":{"footnotes":""},"categories":[1],"tags":[],"class_list":["post-8470","post","type-post","status-publish","format-standard","has-post-thumbnail","hentry","category-basin-odasi"],"yoast_head":"<!-- This site is optimized with the Yoast SEO Premium plugin v28.3 (Yoast SEO v28.3) - https:\/\/yoast.com\/product\/yoast-seo-premium-wordpress\/ -->\n<title>Tohum Otizm Vakf\u0131 16-17 Aral\u0131k Tarihlerinde D\u00fczenlenecek Geleneksel Y\u0131lba\u015f\u0131 Al\u0131\u015fveri\u015f Festivali \u0130\u00e7in Haz\u0131rlan\u0131rken Yeni Sosyal Komite G\u00f6n\u00fcll\u00fcleriyle de G\u00fcc\u00fcne G\u00fc\u00e7 Katmaya Devam Ediyor! - Tohum Otizm Vakf\u0131 | Otizmin Tek \u00c7aresi E\u011fitim<\/title>\n<meta name=\"robots\" content=\"index, follow, max-snippet:-1, max-image-preview:large, max-video-preview:-1\" \/>\n<link rel=\"canonical\" href=\"https:\/\/wp1.sedaozcan.net.tr\/en\/tov-sosyal-komite\/\" \/>\n<meta property=\"og:locale\" content=\"en_US\" \/>\n<meta property=\"og:type\" content=\"article\" \/>\n<meta property=\"og:title\" content=\"Tohum Otizm Vakf\u0131 16-17 Aral\u0131k Tarihlerinde D\u00fczenlenecek Geleneksel Y\u0131lba\u015f\u0131 Al\u0131\u015fveri\u015f Festivali \u0130\u00e7in Haz\u0131rlan\u0131rken Yeni Sosyal Komite G\u00f6n\u00fcll\u00fcleriyle de G\u00fcc\u00fcne G\u00fc\u00e7 Katmaya Devam Ediyor!\" \/>\n<meta property=\"og:description\" content=\"\u201c\u0130yilikten Festival Do\u011far\u201c temas\u0131yla d\u00fczenlenecek Tohum Otizm Vakf\u0131 Y\u0131lba\u015f\u0131 Al\u0131\u015fveri\u015f Festivali i\u00e7in aylard\u0131r yo\u011fun bir haz\u0131rl\u0131k y\u00fcr\u00fct\u00fcl\u00fcyor. Bu y\u0131l 16-17 Aral\u0131k tarihlerinde The Grand Tarabya\u2019da saat 11.00-21.00 aras\u0131nda ger\u00e7ekle\u015fecek geleneksel festival; tak\u0131dan giyime, organik \u00fcr\u00fcnlerden ev dekorasyonuna kadar \u00e7ok say\u0131da farkl\u0131 \u00fcr\u00fcn ve markay\u0131 ziyaret\u00e7ileriyle bulu\u015fturacak.\" \/>\n<meta property=\"og:url\" content=\"https:\/\/wp1.sedaozcan.net.tr\/en\/tov-sosyal-komite\/\" \/>\n<meta property=\"og:site_name\" content=\"Tohum Otizm Vakf\u0131 | Otizmin Tek \u00c7aresi E\u011fitim\" \/>\n<meta property=\"article:published_time\" content=\"2026-05-11T14:38:59+00:00\" \/>\n<meta property=\"article:modified_time\" content=\"2026-08-06T10:59:39+00:00\" \/>\n<meta property=\"og:image\" content=\"https:\/\/wp1.sedaozcan.net.tr\/wp-content\/uploads\/2026\/05\/Gorsel_2-3-scaled.jpg\" \/>\n\t<meta property=\"og:image:width\" content=\"2560\" \/>\n\t<meta property=\"og:image:height\" content=\"1707\" \/>\n\t<meta property=\"og:image:type\" content=\"image\/jpeg\" \/>\n<meta name=\"author\" content=\"Tohum Otizm\" \/>\n<meta name=\"twitter:card\" content=\"summary_large_image\" \/>\n<meta name=\"twitter:label1\" content=\"Written by\" \/>\n\t<meta name=\"twitter:data1\" content=\"Tohum Otizm\" \/>\n\t<meta name=\"twitter:label2\" content=\"Est. reading time\" \/>\n\t<meta name=\"twitter:data2\" content=\"2 minutes\" \/>\n<script type=\"application\/ld+json\" class=\"yoast-schema-graph\">{\"@context\":\"https:\\\/\\\/schema.org\",\"@graph\":[{\"@type\":\"Article\",\"@id\":\"https:\\\/\\\/wp1.sedaozcan.net.tr\\\/tov-sosyal-komite\\\/#article\",\"isPartOf\":{\"@id\":\"https:\\\/\\\/wp1.sedaozcan.net.tr\\\/tov-sosyal-komite\\\/\"},\"author\":{\"name\":\"Tohum Otizm\",\"@id\":\"https:\\\/\\\/wp1.sedaozcan.net.tr\\\/#\\\/schema\\\/person\\\/c2ea4120b58c7afcac902ba998b1091c\"},\"headline\":\"Tohum Otizm Vakf\u0131 16-17 Aral\u0131k Tarihlerinde D\u00fczenlenecek Geleneksel Y\u0131lba\u015f\u0131 Al\u0131\u015fveri\u015f Festivali \u0130\u00e7in Haz\u0131rlan\u0131rken Yeni Sosyal Komite G\u00f6n\u00fcll\u00fcleriyle de G\u00fcc\u00fcne G\u00fc\u00e7 Katmaya Devam Ediyor!\",\"datePublished\":\"2026-05-11T14:38:59+00:00\",\"dateModified\":\"2026-08-06T10:59:39+00:00\",\"mainEntityOfPage\":{\"@id\":\"https:\\\/\\\/wp1.sedaozcan.net.tr\\\/tov-sosyal-komite\\\/\"},\"wordCount\":502,\"commentCount\":0,\"image\":{\"@id\":\"https:\\\/\\\/wp1.sedaozcan.net.tr\\\/tov-sosyal-komite\\\/#primaryimage\"},\"thumbnailUrl\":\"https:\\\/\\\/wp1.sedaozcan.net.tr\\\/wp-content\\\/uploads\\\/2026\\\/05\\\/Gorsel_2-3-scaled.jpg\",\"articleSection\":[\"Bas\u0131n Odas\u0131\"],\"inLanguage\":\"en-US\",\"potentialAction\":[{\"@type\":\"CommentAction\",\"name\":\"Comment\",\"target\":[\"https:\\\/\\\/wp1.sedaozcan.net.tr\\\/tov-sosyal-komite\\\/#respond\"]}]},{\"@type\":\"WebPage\",\"@id\":\"https:\\\/\\\/wp1.sedaozcan.net.tr\\\/tov-sosyal-komite\\\/\",\"url\":\"https:\\\/\\\/wp1.sedaozcan.net.tr\\\/tov-sosyal-komite\\\/\",\"name\":\"Tohum Otizm Vakf\u0131 16-17 Aral\u0131k Tarihlerinde D\u00fczenlenecek Geleneksel Y\u0131lba\u015f\u0131 Al\u0131\u015fveri\u015f Festivali \u0130\u00e7in Haz\u0131rlan\u0131rken Yeni Sosyal Komite G\u00f6n\u00fcll\u00fcleriyle de G\u00fcc\u00fcne G\u00fc\u00e7 Katmaya Devam Ediyor! - Tohum Otizm Vakf\u0131 | Otizmin Tek \u00c7aresi E\u011fitim\",\"isPartOf\":{\"@id\":\"https:\\\/\\\/wp1.sedaozcan.net.tr\\\/#website\"},\"primaryImageOfPage\":{\"@id\":\"https:\\\/\\\/wp1.sedaozcan.net.tr\\\/tov-sosyal-komite\\\/#primaryimage\"},\"image\":{\"@id\":\"https:\\\/\\\/wp1.sedaozcan.net.tr\\\/tov-sosyal-komite\\\/#primaryimage\"},\"thumbnailUrl\":\"https:\\\/\\\/wp1.sedaozcan.net.tr\\\/wp-content\\\/uploads\\\/2026\\\/05\\\/Gorsel_2-3-scaled.jpg\",\"datePublished\":\"2026-05-11T14:38:59+00:00\",\"dateModified\":\"2026-08-06T10:59:39+00:00\",\"author\":{\"@id\":\"https:\\\/\\\/wp1.sedaozcan.net.tr\\\/#\\\/schema\\\/person\\\/c2ea4120b58c7afcac902ba998b1091c\"},\"breadcrumb\":{\"@id\":\"https:\\\/\\\/wp1.sedaozcan.net.tr\\\/tov-sosyal-komite\\\/#breadcrumb\"},\"inLanguage\":\"en-US\",\"potentialAction\":[{\"@type\":\"ReadAction\",\"target\":[\"https:\\\/\\\/wp1.sedaozcan.net.tr\\\/tov-sosyal-komite\\\/\"]}]},{\"@type\":\"ImageObject\",\"inLanguage\":\"en-US\",\"@id\":\"https:\\\/\\\/wp1.sedaozcan.net.tr\\\/tov-sosyal-komite\\\/#primaryimage\",\"url\":\"https:\\\/\\\/wp1.sedaozcan.net.tr\\\/wp-content\\\/uploads\\\/2026\\\/05\\\/Gorsel_2-3-scaled.jpg\",\"contentUrl\":\"https:\\\/\\\/wp1.sedaozcan.net.tr\\\/wp-content\\\/uploads\\\/2026\\\/05\\\/Gorsel_2-3-scaled.jpg\",\"width\":2560,\"height\":1707},{\"@type\":\"BreadcrumbList\",\"@id\":\"https:\\\/\\\/wp1.sedaozcan.net.tr\\\/tov-sosyal-komite\\\/#breadcrumb\",\"itemListElement\":[{\"@type\":\"ListItem\",\"position\":1,\"name\":\"Home\",\"item\":\"https:\\\/\\\/wp1.sedaozcan.net.tr\\\/\"},{\"@type\":\"ListItem\",\"position\":2,\"name\":\"Tohum Otizm Vakf\u0131 16-17 Aral\u0131k Tarihlerinde D\u00fczenlenecek Geleneksel Y\u0131lba\u015f\u0131 Al\u0131\u015fveri\u015f Festivali \u0130\u00e7in Haz\u0131rlan\u0131rken Yeni Sosyal Komite G\u00f6n\u00fcll\u00fcleriyle de G\u00fcc\u00fcne G\u00fc\u00e7 Katmaya Devam Ediyor!\"}]},{\"@type\":\"WebSite\",\"@id\":\"https:\\\/\\\/wp1.sedaozcan.net.tr\\\/#website\",\"url\":\"https:\\\/\\\/wp1.sedaozcan.net.tr\\\/\",\"name\":\"Tohum Otizm Vakf\u0131 | Otizmin Tek \u00c7aresi E\u011fitim\",\"description\":\"\",\"potentialAction\":[{\"@type\":\"SearchAction\",\"target\":{\"@type\":\"EntryPoint\",\"urlTemplate\":\"https:\\\/\\\/wp1.sedaozcan.net.tr\\\/?s={search_term_string}\"},\"query-input\":{\"@type\":\"PropertyValueSpecification\",\"valueRequired\":true,\"valueName\":\"search_term_string\"}}],\"inLanguage\":\"en-US\"},{\"@type\":\"Person\",\"@id\":\"https:\\\/\\\/wp1.sedaozcan.net.tr\\\/#\\\/schema\\\/person\\\/c2ea4120b58c7afcac902ba998b1091c\",\"name\":\"Tohum Otizm\",\"image\":{\"@type\":\"ImageObject\",\"inLanguage\":\"en-US\",\"@id\":\"https:\\\/\\\/secure.gravatar.com\\\/avatar\\\/99d08cded734486eef59dabce25065a85303e18d81311c4f5f2bbd3fed82f816?s=96&d=mm&r=g\",\"url\":\"https:\\\/\\\/secure.gravatar.com\\\/avatar\\\/99d08cded734486eef59dabce25065a85303e18d81311c4f5f2bbd3fed82f816?s=96&d=mm&r=g\",\"contentUrl\":\"https:\\\/\\\/secure.gravatar.com\\\/avatar\\\/99d08cded734486eef59dabce25065a85303e18d81311c4f5f2bbd3fed82f816?s=96&d=mm&r=g\",\"caption\":\"Tohum Otizm\"},\"sameAs\":[\"https:\\\/\\\/wp1.sedaozcan.net.tr\"],\"url\":\"https:\\\/\\\/wp1.sedaozcan.net.tr\\\/en\\\/author\\\/admin_3ewju0jt\\\/\"},{\"@type\":\"ImageObject\",\"inLanguage\":\"en-US\",\"@id\":\"https:\\\/\\\/wp1.sedaozcan.net.tr\\\/tov-sosyal-komite\\\/#local-main-organization-logo\",\"url\":\"\",\"contentUrl\":\"\",\"caption\":\"Tohum Otizm Vakf\u0131 | Otizmin Tek \u00c7aresi E\u011fitim\"}]}<\/script>\n<!-- \/ Yoast SEO Premium plugin. -->","yoast_head_json":{"title":"Tohum Otizm Vakf\u0131 16-17 Aral\u0131k Tarihlerinde D\u00fczenlenecek Geleneksel Y\u0131lba\u015f\u0131 Al\u0131\u015fveri\u015f Festivali \u0130\u00e7in Haz\u0131rlan\u0131rken Yeni Sosyal Komite G\u00f6n\u00fcll\u00fcleriyle de G\u00fcc\u00fcne G\u00fc\u00e7 Katmaya Devam Ediyor! - Tohum Otizm Vakf\u0131 | Otizmin Tek \u00c7aresi E\u011fitim","robots":{"index":"index","follow":"follow","max-snippet":"max-snippet:-1","max-image-preview":"max-image-preview:large","max-video-preview":"max-video-preview:-1"},"canonical":"https:\/\/wp1.sedaozcan.net.tr\/en\/tov-sosyal-komite\/","og_locale":"en_US","og_type":"article","og_title":"Tohum Otizm Vakf\u0131 16-17 Aral\u0131k Tarihlerinde D\u00fczenlenecek Geleneksel Y\u0131lba\u015f\u0131 Al\u0131\u015fveri\u015f Festivali \u0130\u00e7in Haz\u0131rlan\u0131rken Yeni Sosyal Komite G\u00f6n\u00fcll\u00fcleriyle de G\u00fcc\u00fcne G\u00fc\u00e7 Katmaya Devam Ediyor!","og_description":"\u201c\u0130yilikten Festival Do\u011far\u201c temas\u0131yla d\u00fczenlenecek Tohum Otizm Vakf\u0131 Y\u0131lba\u015f\u0131 Al\u0131\u015fveri\u015f Festivali i\u00e7in aylard\u0131r yo\u011fun bir haz\u0131rl\u0131k y\u00fcr\u00fct\u00fcl\u00fcyor. Bu y\u0131l 16-17 Aral\u0131k tarihlerinde The Grand Tarabya\u2019da saat 11.00-21.00 aras\u0131nda ger\u00e7ekle\u015fecek geleneksel festival; tak\u0131dan giyime, organik \u00fcr\u00fcnlerden ev dekorasyonuna kadar \u00e7ok say\u0131da farkl\u0131 \u00fcr\u00fcn ve markay\u0131 ziyaret\u00e7ileriyle bulu\u015fturacak.","og_url":"https:\/\/wp1.sedaozcan.net.tr\/en\/tov-sosyal-komite\/","og_site_name":"Tohum Otizm Vakf\u0131 | Otizmin Tek \u00c7aresi E\u011fitim","article_published_time":"2026-05-11T14:38:59+00:00","article_modified_time":"2026-08-06T10:59:39+00:00","og_image":[{"width":2560,"height":1707,"url":"https:\/\/wp1.sedaozcan.net.tr\/wp-content\/uploads\/2026\/05\/Gorsel_2-3-scaled.jpg","type":"image\/jpeg"}],"author":"Tohum Otizm","twitter_card":"summary_large_image","twitter_misc":{"Written by":"Tohum Otizm","Est. reading time":"2 minutes"},"schema":{"@context":"https:\/\/schema.org","@graph":[{"@type":"Article","@id":"https:\/\/wp1.sedaozcan.net.tr\/tov-sosyal-komite\/#article","isPartOf":{"@id":"https:\/\/wp1.sedaozcan.net.tr\/tov-sosyal-komite\/"},"author":{"name":"Tohum Otizm","@id":"https:\/\/wp1.sedaozcan.net.tr\/#\/schema\/person\/c2ea4120b58c7afcac902ba998b1091c"},"headline":"Tohum Otizm Vakf\u0131 16-17 Aral\u0131k Tarihlerinde D\u00fczenlenecek Geleneksel Y\u0131lba\u015f\u0131 Al\u0131\u015fveri\u015f Festivali \u0130\u00e7in Haz\u0131rlan\u0131rken Yeni Sosyal Komite G\u00f6n\u00fcll\u00fcleriyle de G\u00fcc\u00fcne G\u00fc\u00e7 Katmaya Devam Ediyor!","datePublished":"2026-05-11T14:38:59+00:00","dateModified":"2026-08-06T10:59:39+00:00","mainEntityOfPage":{"@id":"https:\/\/wp1.sedaozcan.net.tr\/tov-sosyal-komite\/"},"wordCount":502,"commentCount":0,"image":{"@id":"https:\/\/wp1.sedaozcan.net.tr\/tov-sosyal-komite\/#primaryimage"},"thumbnailUrl":"https:\/\/wp1.sedaozcan.net.tr\/wp-content\/uploads\/2026\/05\/Gorsel_2-3-scaled.jpg","articleSection":["Bas\u0131n Odas\u0131"],"inLanguage":"en-US","potentialAction":[{"@type":"CommentAction","name":"Comment","target":["https:\/\/wp1.sedaozcan.net.tr\/tov-sosyal-komite\/#respond"]}]},{"@type":"WebPage","@id":"https:\/\/wp1.sedaozcan.net.tr\/tov-sosyal-komite\/","url":"https:\/\/wp1.sedaozcan.net.tr\/tov-sosyal-komite\/","name":"Tohum Otizm Vakf\u0131 16-17 Aral\u0131k Tarihlerinde D\u00fczenlenecek Geleneksel Y\u0131lba\u015f\u0131 Al\u0131\u015fveri\u015f Festivali \u0130\u00e7in Haz\u0131rlan\u0131rken Yeni Sosyal Komite G\u00f6n\u00fcll\u00fcleriyle de G\u00fcc\u00fcne G\u00fc\u00e7 Katmaya Devam Ediyor! - Tohum Otizm Vakf\u0131 | Otizmin Tek \u00c7aresi E\u011fitim","isPartOf":{"@id":"https:\/\/wp1.sedaozcan.net.tr\/#website"},"primaryImageOfPage":{"@id":"https:\/\/wp1.sedaozcan.net.tr\/tov-sosyal-komite\/#primaryimage"},"image":{"@id":"https:\/\/wp1.sedaozcan.net.tr\/tov-sosyal-komite\/#primaryimage"},"thumbnailUrl":"https:\/\/wp1.sedaozcan.net.tr\/wp-content\/uploads\/2026\/05\/Gorsel_2-3-scaled.jpg","datePublished":"2026-05-11T14:38:59+00:00","dateModified":"2026-08-06T10:59:39+00:00","author":{"@id":"https:\/\/wp1.sedaozcan.net.tr\/#\/schema\/person\/c2ea4120b58c7afcac902ba998b1091c"},"breadcrumb":{"@id":"https:\/\/wp1.sedaozcan.net.tr\/tov-sosyal-komite\/#breadcrumb"},"inLanguage":"en-US","potentialAction":[{"@type":"ReadAction","target":["https:\/\/wp1.sedaozcan.net.tr\/tov-sosyal-komite\/"]}]},{"@type":"ImageObject","inLanguage":"en-US","@id":"https:\/\/wp1.sedaozcan.net.tr\/tov-sosyal-komite\/#primaryimage","url":"https:\/\/wp1.sedaozcan.net.tr\/wp-content\/uploads\/2026\/05\/Gorsel_2-3-scaled.jpg","contentUrl":"https:\/\/wp1.sedaozcan.net.tr\/wp-content\/uploads\/2026\/05\/Gorsel_2-3-scaled.jpg","width":2560,"height":1707},{"@type":"BreadcrumbList","@id":"https:\/\/wp1.sedaozcan.net.tr\/tov-sosyal-komite\/#breadcrumb","itemListElement":[{"@type":"ListItem","position":1,"name":"Home","item":"https:\/\/wp1.sedaozcan.net.tr\/"},{"@type":"ListItem","position":2,"name":"Tohum Otizm Vakf\u0131 16-17 Aral\u0131k Tarihlerinde D\u00fczenlenecek Geleneksel Y\u0131lba\u015f\u0131 Al\u0131\u015fveri\u015f Festivali \u0130\u00e7in Haz\u0131rlan\u0131rken Yeni Sosyal Komite G\u00f6n\u00fcll\u00fcleriyle de G\u00fcc\u00fcne G\u00fc\u00e7 Katmaya Devam Ediyor!"}]},{"@type":"WebSite","@id":"https:\/\/wp1.sedaozcan.net.tr\/#website","url":"https:\/\/wp1.sedaozcan.net.tr\/","name":"Tohum Autism Foundation | The Only Remedy for Autism is Education","description":"","potentialAction":[{"@type":"SearchAction","target":{"@type":"EntryPoint","urlTemplate":"https:\/\/wp1.sedaozcan.net.tr\/?s={search_term_string}"},"query-input":{"@type":"PropertyValueSpecification","valueRequired":true,"valueName":"search_term_string"}}],"inLanguage":"en-US"},{"@type":"Person","@id":"https:\/\/wp1.sedaozcan.net.tr\/#\/schema\/person\/c2ea4120b58c7afcac902ba998b1091c","name":"Tohum Otizm","image":{"@type":"ImageObject","inLanguage":"en-US","@id":"https:\/\/secure.gravatar.com\/avatar\/99d08cded734486eef59dabce25065a85303e18d81311c4f5f2bbd3fed82f816?s=96&d=mm&r=g","url":"https:\/\/secure.gravatar.com\/avatar\/99d08cded734486eef59dabce25065a85303e18d81311c4f5f2bbd3fed82f816?s=96&d=mm&r=g","contentUrl":"https:\/\/secure.gravatar.com\/avatar\/99d08cded734486eef59dabce25065a85303e18d81311c4f5f2bbd3fed82f816?s=96&d=mm&r=g","caption":"Tohum Otizm"},"sameAs":["https:\/\/wp1.sedaozcan.net.tr"],"url":"https:\/\/wp1.sedaozcan.net.tr\/en\/author\/admin_3ewju0jt\/"},{"@type":"ImageObject","inLanguage":"en-US","@id":"https:\/\/wp1.sedaozcan.net.tr\/tov-sosyal-komite\/#local-main-organization-logo","url":"","contentUrl":"","caption":"Tohum Otizm Vakf\u0131 | Otizmin Tek \u00c7aresi E\u011fitim"}]}},"_links":{"self":[{"href":"https:\/\/wp1.sedaozcan.net.tr\/en\/wp-json\/wp\/v2\/posts\/8470","targetHints":{"allow":["GET"]}}],"collection":[{"href":"https:\/\/wp1.sedaozcan.net.tr\/en\/wp-json\/wp\/v2\/posts"}],"about":[{"href":"https:\/\/wp1.sedaozcan.net.tr\/en\/wp-json\/wp\/v2\/types\/post"}],"author":[{"embeddable":true,"href":"https:\/\/wp1.sedaozcan.net.tr\/en\/wp-json\/wp\/v2\/users\/1"}],"replies":[{"embeddable":true,"href":"https:\/\/wp1.sedaozcan.net.tr\/en\/wp-json\/wp\/v2\/comments?post=8470"}],"version-history":[{"count":3,"href":"https:\/\/wp1.sedaozcan.net.tr\/en\/wp-json\/wp\/v2\/posts\/8470\/revisions"}],"predecessor-version":[{"id":9588,"href":"https:\/\/wp1.sedaozcan.net.tr\/en\/wp-json\/wp\/v2\/posts\/8470\/revisions\/9588"}],"wp:featuredmedia":[{"embeddable":true,"href":"https:\/\/wp1.sedaozcan.net.tr\/en\/wp-json\/wp\/v2\/media\/8471"}],"wp:attachment":[{"href":"https:\/\/wp1.sedaozcan.net.tr\/en\/wp-json\/wp\/v2\/media?parent=8470"}],"wp:term":[{"taxonomy":"category","embeddable":true,"href":"https:\/\/wp1.sedaozcan.net.tr\/en\/wp-json\/wp\/v2\/categories?post=8470"},{"taxonomy":"post_tag","embeddable":true,"href":"https:\/\/wp1.sedaozcan.net.tr\/en\/wp-json\/wp\/v2\/tags?post=8470"}],"curies":[{"name":"wp","href":"https:\/\/api.w.org\/{rel}","templated":true}]}}