{"id":8467,"date":"2026-05-11T16:37:35","date_gmt":"2026-05-11T14:37:35","guid":{"rendered":"https:\/\/wp1.sedaozcan.net.tr\/?p=8467"},"modified":"2026-08-06T13:00:26","modified_gmt":"2026-08-06T11:00:26","slug":"horoz-lojistik-tohum-otizm-vakfi-is-birligi-basin-bulteni","status":"publish","type":"post","link":"https:\/\/wp1.sedaozcan.net.tr\/en\/horoz-lojistik-tohum-otizm-vakfi-is-birligi-basin-bulteni\/","title":{"rendered":"Horoz Lojistik ve Tohum Otizm Vakf\u0131\u2019ndan Kapsay\u0131c\u0131 \u0130stihdam Ad\u0131m\u0131"},"content":{"rendered":"<p class=\"wp-block-paragraph\"><strong>BASIN B\u00dcLTEN\u0130 &nbsp; &nbsp; &nbsp; &nbsp; &nbsp; &nbsp; &nbsp; &nbsp; &nbsp; &nbsp; &nbsp; &nbsp; &nbsp; 10 Aral\u0131k 2025<\/strong><\/p>\n\n\n\n<p class=\"wp-block-paragraph\"><strong>Horoz Lojistik ve Tohum Otizm Vakf\u0131\u2019ndan Kapsay\u0131c\u0131 \u0130stihdam Ad\u0131m\u0131<\/strong><\/p>\n\n\n\n<p class=\"wp-block-paragraph\">Horoz Lojistik, Tohum Otizm Vakf\u0131 ile hayata ge\u00e7irdi\u011fi&nbsp;<strong>\u201cBirlikte Daha \u0130yi\u201d<\/strong>&nbsp;projesi ile otizmli bireylerin i\u015f hayat\u0131na kat\u0131l\u0131m\u0131n\u0131 g\u00fc\u00e7lendiriyor.<\/p>\n\n\n\n<p class=\"wp-block-paragraph\">Horoz Lojistik ve Tohum Otizm Vakf\u0131, otizmli bireylerin \u00e7al\u0131\u015fma hayat\u0131na kat\u0131l\u0131m\u0131n\u0131 desteklemek ve lojistik sekt\u00f6r\u00fcnde uzun vadeli istihdamlar\u0131n\u0131 sa\u011flamak amac\u0131yla g\u00fc\u00e7lerini birle\u015ftirdi. Bu i\u015f birli\u011fi, T\u00fcrkiye\u2019de lojistik sekt\u00f6r\u00fcnde \u0130\u015eKUR destekli otizmli bireylerin s\u00fcrd\u00fcr\u00fclebilir istihdam\u0131n\u0131 sa\u011flayan bir ilk olarak \u00f6ne \u00e7\u0131k\u0131yor. \u0130mza t\u00f6reni, Horoz Lojistik\u2019in \u00c7erkezk\u00f6y deposunda ger\u00e7ekle\u015ftirildi ve \u201c<strong>Birlikte Daha \u0130yi<\/strong>\u201d projesi hayata ge\u00e7irildi.<\/p>\n\n\n\n<p class=\"wp-block-paragraph\">T\u00f6rene Horoz Lojistik \u0130cra Kurulu Ba\u015fkan Yard\u0131mc\u0131s\u0131 \u0130lker \u00d6zkocac\u0131k, Y\u00f6netim Geli\u015ftirme Grup Ba\u015fkan\u0131 Ayt\u00fcm Y\u0131lmaz, Tekirda\u011f \u0130\u015eKUR \u0130l M\u00fcd\u00fcr Yard\u0131mc\u0131s\u0131 Rasim Tunce ve Tohum Otizm Vakf\u0131 Ba\u015fkan\u0131 Aylin Sezgin ile \u0130\u015eKUR ve vak\u0131f ekiplerinden uzmanlar kat\u0131ld\u0131. A\u00e7\u0131l\u0131\u015f konu\u015fmalar\u0131nda, kapsay\u0131c\u0131 i\u015f g\u00fcc\u00fcn\u00fcn toplumsal faydas\u0131, i\u015f d\u00fcnyas\u0131 a\u00e7\u0131s\u0131ndan stratejik \u00f6nemi ve otizmli bireyler i\u00e7in sundu\u011fu f\u0131rsatlar vurguland\u0131.<\/p>\n\n\n\n<p class=\"wp-block-paragraph\">Horoz Lojistik \u0130cra Kurulu Ba\u015fkan Yard\u0131mc\u0131s\u0131 <strong>\u0130lker \u00d6zkocac\u0131k<\/strong> konu\u015fmas\u0131nda,<br>\u201cG\u00fcn\u00fcm\u00fcz\u00fcn h\u0131zla de\u011fi\u015fen rekabet ko\u015fullar\u0131nda teknoloji, verimlilik ve maliyet optimizasyonu elbette kritik; ancak biz Horoz Lojistik olarak bu d\u00f6n\u00fc\u015f\u00fcm\u00fcn insan odakl\u0131 bir yakla\u015f\u0131mla ele al\u0131nmas\u0131 gerekti\u011fine inan\u0131yoruz. S\u00fcrd\u00fcr\u00fclebilirlik ve e\u015fitlik ilkelerine dayanan, f\u0131rsat e\u015fitli\u011fini \u00f6nceleyen ve insana de\u011fer veren g\u00fc\u00e7l\u00fc bir altyap\u0131 olu\u015fturmay\u0131 \u00f6ncelikli hedefimiz olarak g\u00f6r\u00fcyoruz. Bu proje, T\u00fcrkiye genelindeki di\u011fer tesislerimize de \u00f6rnek olacak ve kapsay\u0131c\u0131l\u0131\u011f\u0131 yayg\u0131nla\u015ft\u0131rmak i\u00e7in kararl\u0131 bir ad\u0131m.\u201d&nbsp;dedi.<\/p>\n\n\n\n<p class=\"wp-block-paragraph\">Horoz Lojistik Y\u00f6netim Geli\u015ftirme Grup Ba\u015fkan\u0131 <strong>Ayt\u00fcm Y\u0131lmaz<\/strong>&nbsp;ise \u015funlar\u0131 s\u00f6yledi:<br>\u201cY\u0131llar i\u00e7inde kapsay\u0131c\u0131l\u0131k ve \u00e7e\u015fitlilik yakla\u015f\u0131m\u0131yla bir\u00e7ok projede yer ald\u0131k. Bug\u00fcn att\u0131\u011f\u0131m\u0131z ad\u0131m, \u015firketimizin kurumsal k\u00fclt\u00fcr\u00fcne ve de\u011ferlerine \u00e7ok daha anlaml\u0131 bir katk\u0131 sa\u011fl\u0131yor. \u0130\u00e7eride verdi\u011fimiz fark\u0131ndal\u0131k e\u011fitimleriyle, yeni \u00e7al\u0131\u015fanlar\u0131m\u0131za her dokunu\u015fta kapsay\u0131c\u0131l\u0131k ve \u00e7e\u015fitlilik ilkemizi hissettirmeye \u00e7al\u0131\u015f\u0131yoruz. Umar\u0131m bu proje di\u011fer \u015firketlere de \u00f6rnek olur ve kapsay\u0131c\u0131l\u0131k k\u00fclt\u00fcr\u00fc daha geni\u015f bir alana yay\u0131l\u0131r.\u201d<\/p>\n\n\n\n<p class=\"wp-block-paragraph\">Tohum Otizm Vakf\u0131 Ba\u015fkan\u0131<strong> Aylin Sezgin<\/strong>, otizmli bireylerin toplumun her alan\u0131nda yer almas\u0131 gerekti\u011fini vurgulayarak, \u201c\u0130\u015f d\u00fcnyas\u0131n\u0131n bu konuda ad\u0131m ataca\u011f\u0131na hep inand\u0131k. Bug\u00fcn Marmara B\u00f6lgesi\u2019nde bu uygulamaya \u00f6nc\u00fcl\u00fck eden Horoz Lojistik\u2019i tebrik ederim. \u0130\u015eKUR\u2019un sa\u011flad\u0131\u011f\u0131 destek s\u00fcreci \u00e7ok daha eri\u015filebilir k\u0131l\u0131yor. Bu i\u015f birli\u011fi sayesinde gen\u00e7lerimizin topluma daha g\u00fc\u00e7l\u00fc \u015fekilde kat\u0131laca\u011f\u0131na ve i\u015f arkada\u015flar\u0131yla kayna\u015ft\u0131k\u00e7a daha b\u00fct\u00fcnle\u015fmi\u015f bir \u00e7al\u0131\u015fma ortam\u0131 olu\u015faca\u011f\u0131na inan\u0131yorum.\u201d&nbsp;dedi.<\/p>\n\n\n\n<p class=\"wp-block-paragraph\">Tekirda\u011f \u0130\u015eKUR \u0130l M\u00fcd\u00fcr Yard\u0131mc\u0131s\u0131 <strong>Rasim Tunce<\/strong>, konu\u015fmas\u0131nda \u015fu ifadeleri kulland\u0131:<br>\u201cBiz \u0130\u015eKUR olarak 20 y\u0131lda binlerce ki\u015fiye istihdam sa\u011flad\u0131k ve destekli istihdam projelerine \u00f6nc\u00fcl\u00fck ediyoruz. Bu projeler otizmli bireylerin topluma ve \u00e7al\u0131\u015fma hayat\u0131na g\u00fc\u00e7l\u00fc \u015fekilde entegre olmas\u0131n\u0131 sa\u011fl\u0131yor. Bug\u00fcn Horoz Lojistik\u2019te \u00e7al\u0131\u015fan otizmli bireyler, i\u015flerine \u00e7ok sad\u0131k ve mutlu; performanslar\u0131yla \u00f6rnek te\u015fkil ediyor. Ayr\u0131ca bu projeler aileler i\u00e7in de de\u011ferli. Hem \u00e7ocuklar\u0131n\u0131n sosyalle\u015fmesini sa\u011fl\u0131yor hem de ailelere kendi zamanlar\u0131n\u0131 kullanma imkan\u0131 veriyor.\u201d<\/p>\n\n\n\n<p class=\"wp-block-paragraph\"><strong>Otizmli Bireyler \u0130\u00e7in S\u00fcrd\u00fcr\u00fclebilir \u0130stihdam Modeli<\/strong><\/p>\n\n\n\n<p class=\"wp-block-paragraph\">Proje, Tohum Otizm Vakf\u0131\u2019n\u0131n uzmanl\u0131\u011f\u0131n\u0131 Horoz Lojistik\u2019in operasyonel altyap\u0131s\u0131yla birle\u015ftiriyor ve otizmli bireyleri \u00e7al\u0131\u015fma hayat\u0131nda ba\u011f\u0131ms\u0131zla\u015ft\u0131rmay\u0131 hedefleyen \u201cdestekli istihdam\u201d modeline dayan\u0131yor. Model kapsam\u0131nda, daha \u00f6nce vak\u0131f taraf\u0131ndan y\u00fcr\u00fct\u00fclen \u0130\u015f Ko\u00e7lu\u011fu E\u011fitim Program\u0131 ba\u015far\u0131yla tamamland\u0131. Horoz Lojistik\u2019te g\u00f6rev yapan i\u015f ko\u00e7u, otizmli bireylerin \u00e7al\u0131\u015fma hayat\u0131ndaki ihtiya\u00e7lar\u0131na \u00f6zel e\u011fitim s\u00fcreciyle yetkinlik kazand\u0131.<\/p>\n\n\n\n<p class=\"wp-block-paragraph\">Model, i\u015f ko\u00e7lu\u011fu, i\u015f yeri ve g\u00f6rev uyarlamalar\u0131, \u00e7al\u0131\u015fan fark\u0131ndal\u0131\u011f\u0131, kapsay\u0131c\u0131 yetenek y\u00f6netimi temelli kurum k\u00fclt\u00fcr\u00fc ve s\u00fcrd\u00fcr\u00fclebilir performans deste\u011fini bir araya getiriyor. Bu yakla\u015f\u0131m, T\u00fcrkiye\u2019de lojistik sekt\u00f6r\u00fcnde otizmli bireylerin istihdam\u0131 i\u00e7in \u00f6rnek bir model olarak \u00f6ne \u00e7\u0131k\u0131yor.<\/p>\n\n\n\n<p class=\"wp-block-paragraph\"><strong>Proje Hakk\u0131nda<\/strong><\/p>\n\n\n\n<p class=\"wp-block-paragraph\">Horoz Lojistik ve Tohum Otizm Vakf\u0131 i\u015f birli\u011fiyle y\u00fcr\u00fct\u00fclen \u201cBirlikte Daha \u0130yi\u201d projesi, otizmli bireylerin \u00e7al\u0131\u015fma hayat\u0131nda g\u00f6r\u00fcn\u00fcr, \u00fcretken ve kal\u0131c\u0131 \u015fekilde yer almas\u0131n\u0131 sa\u011flayan destekli istihdam modeline dayan\u0131yor. Model, bireylerin g\u00fc\u00e7l\u00fc y\u00f6nlerini ke\u015ffetmeyi, uygun \u00e7al\u0131\u015fma alanlar\u0131na yerle\u015ftirmeyi, i\u015f ko\u00e7lu\u011fu ile ba\u011f\u0131ms\u0131zl\u0131k ve s\u00fcrd\u00fcr\u00fclebilir performans geli\u015ftirmeyi ama\u00e7l\u0131yor.<\/p>\n\n\n\n<p class=\"wp-block-paragraph\">\u0130\u015eKUR\u2019un sa\u011flad\u0131\u011f\u0131 destek, i\u015fverenler ve otizmli bireyler i\u00e7in kapsay\u0131c\u0131 \u00e7al\u0131\u015fma ortamlar\u0131n\u0131n geli\u015ftirilmesinde \u00f6nemli bir kamu katk\u0131s\u0131 sunuyor. Bu model, lojistik sekt\u00f6r\u00fcnde \u00f6rnek te\u015fkil ederken, Horoz Lojistik\u2019in toplumsal fayday\u0131 \u00f6ncelikleyen vizyonunu ve sekt\u00f6rdeki kapsay\u0131c\u0131 yetenek y\u00f6netimi yakla\u015f\u0131m\u0131n\u0131 g\u00fc\u00e7lendiriyor.<\/p>\n\n\n\n<p class=\"wp-block-paragraph\"><\/p>\n\n\n\n<hr class=\"wp-block-separator has-alpha-channel-opacity\"\/>\n\n\n\n<p class=\"has-text-align-center wp-block-paragraph\">&nbsp; Tohum T\u00fcrkiye Otizm Erken Tan\u0131 ve E\u011fitim Vakf\u0131<\/p>\n\n\n\n<p class=\"has-text-align-center wp-block-paragraph\">Beyo\u011flu, \u00d6mer Avni Mahallesi, D\u00fcmen Sokak, G\u00fcm\u00fc\u015fsuyu \u0130\u015f Merkezi No:11 Kat:1 Daire:4 G\u00fcm\u00fc\u015fsuyu\/\u0130stanbul<\/p>\n\n\n\n<p class=\"has-text-align-center wp-block-paragraph\">&nbsp;<strong>Tel:<\/strong> +90\u2013212\u2013244 75 00 <strong>Faks:<\/strong> +90\u2013212\u2013244 75 04<\/p>\n\n\n\n<p class=\"has-text-align-center wp-block-paragraph\"><a href=\"http:\/\/www.tohumotizm.org.tr\">www.tohumotizm.org.tr<\/a> <a href=\"mailto:info@tohumotizm.org.tr\">info@tohumotizm.org.tr<\/a> &nbsp;<\/p>\n\n\n\n<p class=\"has-text-align-center wp-block-paragraph\">\u015ei\u015fli VD: 846 031 8467 Esas No: 2003\/124 Karar No: 2003\/253<\/p>","protected":false},"excerpt":{"rendered":"<p>Horoz Lojistik, Tohum Otizm Vakf\u0131 ile hayata ge\u00e7irdi\u011fi\u00a0\u201cBirlikte Daha \u0130yi\u201d\u00a0projesi ile otizmli bireylerin i\u015f hayat\u0131na kat\u0131l\u0131m\u0131n\u0131 g\u00fc\u00e7lendiriyor. Horoz Lojistik ve Tohum Otizm Vakf\u0131, otizmli bireylerin \u00e7al\u0131\u015fma hayat\u0131na kat\u0131l\u0131m\u0131n\u0131 desteklemek ve lojistik sekt\u00f6r\u00fcnde uzun vadeli istihdamlar\u0131n\u0131 sa\u011flamak amac\u0131yla g\u00fc\u00e7lerini birle\u015ftirdi.<\/p>","protected":false},"author":1,"featured_media":8468,"comment_status":"open","ping_status":"open","sticky":false,"template":"","format":"standard","meta":{"footnotes":""},"categories":[1],"tags":[],"class_list":["post-8467","post","type-post","status-publish","format-standard","has-post-thumbnail","hentry","category-basin-odasi"],"yoast_head":"<!-- This site is optimized with the Yoast SEO Premium plugin v28.3 (Yoast SEO v28.3) - https:\/\/yoast.com\/product\/yoast-seo-premium-wordpress\/ -->\n<title>Horoz Lojistik ve Tohum Otizm Vakf\u0131\u2019ndan Kapsay\u0131c\u0131 \u0130stihdam Ad\u0131m\u0131 - Tohum Otizm Vakf\u0131 | Otizmin Tek \u00c7aresi E\u011fitim<\/title>\n<meta name=\"robots\" content=\"index, follow, max-snippet:-1, max-image-preview:large, max-video-preview:-1\" \/>\n<link rel=\"canonical\" href=\"https:\/\/wp1.sedaozcan.net.tr\/en\/horoz-lojistik-tohum-otizm-vakfi-is-birligi-basin-bulteni\/\" \/>\n<meta property=\"og:locale\" content=\"en_US\" \/>\n<meta property=\"og:type\" content=\"article\" \/>\n<meta property=\"og:title\" content=\"Horoz Lojistik ve Tohum Otizm Vakf\u0131\u2019ndan Kapsay\u0131c\u0131 \u0130stihdam Ad\u0131m\u0131\" \/>\n<meta property=\"og:description\" content=\"Horoz Lojistik, Tohum Otizm Vakf\u0131 ile hayata ge\u00e7irdi\u011fi\u00a0\u201cBirlikte Daha \u0130yi\u201d\u00a0projesi ile otizmli bireylerin i\u015f hayat\u0131na kat\u0131l\u0131m\u0131n\u0131 g\u00fc\u00e7lendiriyor. Horoz Lojistik ve Tohum Otizm Vakf\u0131, otizmli bireylerin \u00e7al\u0131\u015fma hayat\u0131na kat\u0131l\u0131m\u0131n\u0131 desteklemek ve lojistik sekt\u00f6r\u00fcnde uzun vadeli istihdamlar\u0131n\u0131 sa\u011flamak amac\u0131yla g\u00fc\u00e7lerini birle\u015ftirdi.\" \/>\n<meta property=\"og:url\" content=\"https:\/\/wp1.sedaozcan.net.tr\/en\/horoz-lojistik-tohum-otizm-vakfi-is-birligi-basin-bulteni\/\" \/>\n<meta property=\"og:site_name\" content=\"Tohum Otizm Vakf\u0131 | Otizmin Tek \u00c7aresi E\u011fitim\" \/>\n<meta property=\"article:published_time\" content=\"2026-05-11T14:37:35+00:00\" \/>\n<meta property=\"article:modified_time\" content=\"2026-08-06T11:00:26+00:00\" \/>\n<meta property=\"og:image\" content=\"https:\/\/wp1.sedaozcan.net.tr\/wp-content\/uploads\/2026\/05\/Gorsel_2-2-scaled.jpg\" \/>\n\t<meta property=\"og:image:width\" content=\"2560\" \/>\n\t<meta property=\"og:image:height\" content=\"1769\" \/>\n\t<meta property=\"og:image:type\" content=\"image\/jpeg\" \/>\n<meta name=\"author\" content=\"Tohum Otizm\" \/>\n<meta name=\"twitter:card\" content=\"summary_large_image\" \/>\n<meta name=\"twitter:label1\" content=\"Written by\" \/>\n\t<meta name=\"twitter:data1\" content=\"Tohum Otizm\" \/>\n\t<meta name=\"twitter:label2\" content=\"Est. reading time\" \/>\n\t<meta name=\"twitter:data2\" content=\"5 minutes\" \/>\n<script type=\"application\/ld+json\" class=\"yoast-schema-graph\">{\"@context\":\"https:\\\/\\\/schema.org\",\"@graph\":[{\"@type\":\"Article\",\"@id\":\"https:\\\/\\\/wp1.sedaozcan.net.tr\\\/horoz-lojistik-tohum-otizm-vakfi-is-birligi-basin-bulteni\\\/#article\",\"isPartOf\":{\"@id\":\"https:\\\/\\\/wp1.sedaozcan.net.tr\\\/horoz-lojistik-tohum-otizm-vakfi-is-birligi-basin-bulteni\\\/\"},\"author\":{\"name\":\"Tohum Otizm\",\"@id\":\"https:\\\/\\\/wp1.sedaozcan.net.tr\\\/#\\\/schema\\\/person\\\/c2ea4120b58c7afcac902ba998b1091c\"},\"headline\":\"Horoz Lojistik ve Tohum Otizm Vakf\u0131\u2019ndan Kapsay\u0131c\u0131 \u0130stihdam Ad\u0131m\u0131\",\"datePublished\":\"2026-05-11T14:37:35+00:00\",\"dateModified\":\"2026-08-06T11:00:26+00:00\",\"mainEntityOfPage\":{\"@id\":\"https:\\\/\\\/wp1.sedaozcan.net.tr\\\/horoz-lojistik-tohum-otizm-vakfi-is-birligi-basin-bulteni\\\/\"},\"wordCount\":1013,\"commentCount\":0,\"image\":{\"@id\":\"https:\\\/\\\/wp1.sedaozcan.net.tr\\\/horoz-lojistik-tohum-otizm-vakfi-is-birligi-basin-bulteni\\\/#primaryimage\"},\"thumbnailUrl\":\"https:\\\/\\\/wp1.sedaozcan.net.tr\\\/wp-content\\\/uploads\\\/2026\\\/05\\\/Gorsel_2-2-scaled.jpg\",\"articleSection\":[\"Bas\u0131n Odas\u0131\"],\"inLanguage\":\"en-US\",\"potentialAction\":[{\"@type\":\"CommentAction\",\"name\":\"Comment\",\"target\":[\"https:\\\/\\\/wp1.sedaozcan.net.tr\\\/horoz-lojistik-tohum-otizm-vakfi-is-birligi-basin-bulteni\\\/#respond\"]}]},{\"@type\":\"WebPage\",\"@id\":\"https:\\\/\\\/wp1.sedaozcan.net.tr\\\/horoz-lojistik-tohum-otizm-vakfi-is-birligi-basin-bulteni\\\/\",\"url\":\"https:\\\/\\\/wp1.sedaozcan.net.tr\\\/horoz-lojistik-tohum-otizm-vakfi-is-birligi-basin-bulteni\\\/\",\"name\":\"Horoz Lojistik ve Tohum Otizm Vakf\u0131\u2019ndan Kapsay\u0131c\u0131 \u0130stihdam Ad\u0131m\u0131 - Tohum Otizm Vakf\u0131 | Otizmin Tek \u00c7aresi E\u011fitim\",\"isPartOf\":{\"@id\":\"https:\\\/\\\/wp1.sedaozcan.net.tr\\\/#website\"},\"primaryImageOfPage\":{\"@id\":\"https:\\\/\\\/wp1.sedaozcan.net.tr\\\/horoz-lojistik-tohum-otizm-vakfi-is-birligi-basin-bulteni\\\/#primaryimage\"},\"image\":{\"@id\":\"https:\\\/\\\/wp1.sedaozcan.net.tr\\\/horoz-lojistik-tohum-otizm-vakfi-is-birligi-basin-bulteni\\\/#primaryimage\"},\"thumbnailUrl\":\"https:\\\/\\\/wp1.sedaozcan.net.tr\\\/wp-content\\\/uploads\\\/2026\\\/05\\\/Gorsel_2-2-scaled.jpg\",\"datePublished\":\"2026-05-11T14:37:35+00:00\",\"dateModified\":\"2026-08-06T11:00:26+00:00\",\"author\":{\"@id\":\"https:\\\/\\\/wp1.sedaozcan.net.tr\\\/#\\\/schema\\\/person\\\/c2ea4120b58c7afcac902ba998b1091c\"},\"breadcrumb\":{\"@id\":\"https:\\\/\\\/wp1.sedaozcan.net.tr\\\/horoz-lojistik-tohum-otizm-vakfi-is-birligi-basin-bulteni\\\/#breadcrumb\"},\"inLanguage\":\"en-US\",\"potentialAction\":[{\"@type\":\"ReadAction\",\"target\":[\"https:\\\/\\\/wp1.sedaozcan.net.tr\\\/horoz-lojistik-tohum-otizm-vakfi-is-birligi-basin-bulteni\\\/\"]}]},{\"@type\":\"ImageObject\",\"inLanguage\":\"en-US\",\"@id\":\"https:\\\/\\\/wp1.sedaozcan.net.tr\\\/horoz-lojistik-tohum-otizm-vakfi-is-birligi-basin-bulteni\\\/#primaryimage\",\"url\":\"https:\\\/\\\/wp1.sedaozcan.net.tr\\\/wp-content\\\/uploads\\\/2026\\\/05\\\/Gorsel_2-2-scaled.jpg\",\"contentUrl\":\"https:\\\/\\\/wp1.sedaozcan.net.tr\\\/wp-content\\\/uploads\\\/2026\\\/05\\\/Gorsel_2-2-scaled.jpg\",\"width\":2560,\"height\":1769},{\"@type\":\"BreadcrumbList\",\"@id\":\"https:\\\/\\\/wp1.sedaozcan.net.tr\\\/horoz-lojistik-tohum-otizm-vakfi-is-birligi-basin-bulteni\\\/#breadcrumb\",\"itemListElement\":[{\"@type\":\"ListItem\",\"position\":1,\"name\":\"Home\",\"item\":\"https:\\\/\\\/wp1.sedaozcan.net.tr\\\/\"},{\"@type\":\"ListItem\",\"position\":2,\"name\":\"Horoz Lojistik ve Tohum Otizm Vakf\u0131\u2019ndan Kapsay\u0131c\u0131 \u0130stihdam Ad\u0131m\u0131\"}]},{\"@type\":\"WebSite\",\"@id\":\"https:\\\/\\\/wp1.sedaozcan.net.tr\\\/#website\",\"url\":\"https:\\\/\\\/wp1.sedaozcan.net.tr\\\/\",\"name\":\"Tohum Otizm Vakf\u0131 | Otizmin Tek \u00c7aresi E\u011fitim\",\"description\":\"\",\"potentialAction\":[{\"@type\":\"SearchAction\",\"target\":{\"@type\":\"EntryPoint\",\"urlTemplate\":\"https:\\\/\\\/wp1.sedaozcan.net.tr\\\/?s={search_term_string}\"},\"query-input\":{\"@type\":\"PropertyValueSpecification\",\"valueRequired\":true,\"valueName\":\"search_term_string\"}}],\"inLanguage\":\"en-US\"},{\"@type\":\"Person\",\"@id\":\"https:\\\/\\\/wp1.sedaozcan.net.tr\\\/#\\\/schema\\\/person\\\/c2ea4120b58c7afcac902ba998b1091c\",\"name\":\"Tohum Otizm\",\"image\":{\"@type\":\"ImageObject\",\"inLanguage\":\"en-US\",\"@id\":\"https:\\\/\\\/secure.gravatar.com\\\/avatar\\\/99d08cded734486eef59dabce25065a85303e18d81311c4f5f2bbd3fed82f816?s=96&d=mm&r=g\",\"url\":\"https:\\\/\\\/secure.gravatar.com\\\/avatar\\\/99d08cded734486eef59dabce25065a85303e18d81311c4f5f2bbd3fed82f816?s=96&d=mm&r=g\",\"contentUrl\":\"https:\\\/\\\/secure.gravatar.com\\\/avatar\\\/99d08cded734486eef59dabce25065a85303e18d81311c4f5f2bbd3fed82f816?s=96&d=mm&r=g\",\"caption\":\"Tohum Otizm\"},\"sameAs\":[\"https:\\\/\\\/wp1.sedaozcan.net.tr\"],\"url\":\"https:\\\/\\\/wp1.sedaozcan.net.tr\\\/en\\\/author\\\/admin_3ewju0jt\\\/\"},{\"@type\":\"ImageObject\",\"inLanguage\":\"en-US\",\"@id\":\"https:\\\/\\\/wp1.sedaozcan.net.tr\\\/horoz-lojistik-tohum-otizm-vakfi-is-birligi-basin-bulteni\\\/#local-main-organization-logo\",\"url\":\"\",\"contentUrl\":\"\",\"caption\":\"Tohum Otizm Vakf\u0131 | Otizmin Tek \u00c7aresi E\u011fitim\"}]}<\/script>\n<!-- \/ Yoast SEO Premium plugin. -->","yoast_head_json":{"title":"Horoz Lojistik ve Tohum Otizm Vakf\u0131\u2019ndan Kapsay\u0131c\u0131 \u0130stihdam Ad\u0131m\u0131 - Tohum Otizm Vakf\u0131 | Otizmin Tek \u00c7aresi E\u011fitim","robots":{"index":"index","follow":"follow","max-snippet":"max-snippet:-1","max-image-preview":"max-image-preview:large","max-video-preview":"max-video-preview:-1"},"canonical":"https:\/\/wp1.sedaozcan.net.tr\/en\/horoz-lojistik-tohum-otizm-vakfi-is-birligi-basin-bulteni\/","og_locale":"en_US","og_type":"article","og_title":"Horoz Lojistik ve Tohum Otizm Vakf\u0131\u2019ndan Kapsay\u0131c\u0131 \u0130stihdam Ad\u0131m\u0131","og_description":"Horoz Lojistik, Tohum Otizm Vakf\u0131 ile hayata ge\u00e7irdi\u011fi\u00a0\u201cBirlikte Daha \u0130yi\u201d\u00a0projesi ile otizmli bireylerin i\u015f hayat\u0131na kat\u0131l\u0131m\u0131n\u0131 g\u00fc\u00e7lendiriyor. Horoz Lojistik ve Tohum Otizm Vakf\u0131, otizmli bireylerin \u00e7al\u0131\u015fma hayat\u0131na kat\u0131l\u0131m\u0131n\u0131 desteklemek ve lojistik sekt\u00f6r\u00fcnde uzun vadeli istihdamlar\u0131n\u0131 sa\u011flamak amac\u0131yla g\u00fc\u00e7lerini birle\u015ftirdi.","og_url":"https:\/\/wp1.sedaozcan.net.tr\/en\/horoz-lojistik-tohum-otizm-vakfi-is-birligi-basin-bulteni\/","og_site_name":"Tohum Otizm Vakf\u0131 | Otizmin Tek \u00c7aresi E\u011fitim","article_published_time":"2026-05-11T14:37:35+00:00","article_modified_time":"2026-08-06T11:00:26+00:00","og_image":[{"width":2560,"height":1769,"url":"https:\/\/wp1.sedaozcan.net.tr\/wp-content\/uploads\/2026\/05\/Gorsel_2-2-scaled.jpg","type":"image\/jpeg"}],"author":"Tohum Otizm","twitter_card":"summary_large_image","twitter_misc":{"Written by":"Tohum Otizm","Est. reading time":"5 minutes"},"schema":{"@context":"https:\/\/schema.org","@graph":[{"@type":"Article","@id":"https:\/\/wp1.sedaozcan.net.tr\/horoz-lojistik-tohum-otizm-vakfi-is-birligi-basin-bulteni\/#article","isPartOf":{"@id":"https:\/\/wp1.sedaozcan.net.tr\/horoz-lojistik-tohum-otizm-vakfi-is-birligi-basin-bulteni\/"},"author":{"name":"Tohum Otizm","@id":"https:\/\/wp1.sedaozcan.net.tr\/#\/schema\/person\/c2ea4120b58c7afcac902ba998b1091c"},"headline":"Horoz Lojistik ve Tohum Otizm Vakf\u0131\u2019ndan Kapsay\u0131c\u0131 \u0130stihdam Ad\u0131m\u0131","datePublished":"2026-05-11T14:37:35+00:00","dateModified":"2026-08-06T11:00:26+00:00","mainEntityOfPage":{"@id":"https:\/\/wp1.sedaozcan.net.tr\/horoz-lojistik-tohum-otizm-vakfi-is-birligi-basin-bulteni\/"},"wordCount":1013,"commentCount":0,"image":{"@id":"https:\/\/wp1.sedaozcan.net.tr\/horoz-lojistik-tohum-otizm-vakfi-is-birligi-basin-bulteni\/#primaryimage"},"thumbnailUrl":"https:\/\/wp1.sedaozcan.net.tr\/wp-content\/uploads\/2026\/05\/Gorsel_2-2-scaled.jpg","articleSection":["Bas\u0131n Odas\u0131"],"inLanguage":"en-US","potentialAction":[{"@type":"CommentAction","name":"Comment","target":["https:\/\/wp1.sedaozcan.net.tr\/horoz-lojistik-tohum-otizm-vakfi-is-birligi-basin-bulteni\/#respond"]}]},{"@type":"WebPage","@id":"https:\/\/wp1.sedaozcan.net.tr\/horoz-lojistik-tohum-otizm-vakfi-is-birligi-basin-bulteni\/","url":"https:\/\/wp1.sedaozcan.net.tr\/horoz-lojistik-tohum-otizm-vakfi-is-birligi-basin-bulteni\/","name":"Horoz Lojistik ve Tohum Otizm Vakf\u0131\u2019ndan Kapsay\u0131c\u0131 \u0130stihdam Ad\u0131m\u0131 - Tohum Otizm Vakf\u0131 | Otizmin Tek \u00c7aresi E\u011fitim","isPartOf":{"@id":"https:\/\/wp1.sedaozcan.net.tr\/#website"},"primaryImageOfPage":{"@id":"https:\/\/wp1.sedaozcan.net.tr\/horoz-lojistik-tohum-otizm-vakfi-is-birligi-basin-bulteni\/#primaryimage"},"image":{"@id":"https:\/\/wp1.sedaozcan.net.tr\/horoz-lojistik-tohum-otizm-vakfi-is-birligi-basin-bulteni\/#primaryimage"},"thumbnailUrl":"https:\/\/wp1.sedaozcan.net.tr\/wp-content\/uploads\/2026\/05\/Gorsel_2-2-scaled.jpg","datePublished":"2026-05-11T14:37:35+00:00","dateModified":"2026-08-06T11:00:26+00:00","author":{"@id":"https:\/\/wp1.sedaozcan.net.tr\/#\/schema\/person\/c2ea4120b58c7afcac902ba998b1091c"},"breadcrumb":{"@id":"https:\/\/wp1.sedaozcan.net.tr\/horoz-lojistik-tohum-otizm-vakfi-is-birligi-basin-bulteni\/#breadcrumb"},"inLanguage":"en-US","potentialAction":[{"@type":"ReadAction","target":["https:\/\/wp1.sedaozcan.net.tr\/horoz-lojistik-tohum-otizm-vakfi-is-birligi-basin-bulteni\/"]}]},{"@type":"ImageObject","inLanguage":"en-US","@id":"https:\/\/wp1.sedaozcan.net.tr\/horoz-lojistik-tohum-otizm-vakfi-is-birligi-basin-bulteni\/#primaryimage","url":"https:\/\/wp1.sedaozcan.net.tr\/wp-content\/uploads\/2026\/05\/Gorsel_2-2-scaled.jpg","contentUrl":"https:\/\/wp1.sedaozcan.net.tr\/wp-content\/uploads\/2026\/05\/Gorsel_2-2-scaled.jpg","width":2560,"height":1769},{"@type":"BreadcrumbList","@id":"https:\/\/wp1.sedaozcan.net.tr\/horoz-lojistik-tohum-otizm-vakfi-is-birligi-basin-bulteni\/#breadcrumb","itemListElement":[{"@type":"ListItem","position":1,"name":"Home","item":"https:\/\/wp1.sedaozcan.net.tr\/"},{"@type":"ListItem","position":2,"name":"Horoz Lojistik ve Tohum Otizm Vakf\u0131\u2019ndan Kapsay\u0131c\u0131 \u0130stihdam Ad\u0131m\u0131"}]},{"@type":"WebSite","@id":"https:\/\/wp1.sedaozcan.net.tr\/#website","url":"https:\/\/wp1.sedaozcan.net.tr\/","name":"Tohum Autism Foundation | The Only Remedy for Autism is Education","description":"","potentialAction":[{"@type":"SearchAction","target":{"@type":"EntryPoint","urlTemplate":"https:\/\/wp1.sedaozcan.net.tr\/?s={search_term_string}"},"query-input":{"@type":"PropertyValueSpecification","valueRequired":true,"valueName":"search_term_string"}}],"inLanguage":"en-US"},{"@type":"Person","@id":"https:\/\/wp1.sedaozcan.net.tr\/#\/schema\/person\/c2ea4120b58c7afcac902ba998b1091c","name":"Tohum Otizm","image":{"@type":"ImageObject","inLanguage":"en-US","@id":"https:\/\/secure.gravatar.com\/avatar\/99d08cded734486eef59dabce25065a85303e18d81311c4f5f2bbd3fed82f816?s=96&d=mm&r=g","url":"https:\/\/secure.gravatar.com\/avatar\/99d08cded734486eef59dabce25065a85303e18d81311c4f5f2bbd3fed82f816?s=96&d=mm&r=g","contentUrl":"https:\/\/secure.gravatar.com\/avatar\/99d08cded734486eef59dabce25065a85303e18d81311c4f5f2bbd3fed82f816?s=96&d=mm&r=g","caption":"Tohum Otizm"},"sameAs":["https:\/\/wp1.sedaozcan.net.tr"],"url":"https:\/\/wp1.sedaozcan.net.tr\/en\/author\/admin_3ewju0jt\/"},{"@type":"ImageObject","inLanguage":"en-US","@id":"https:\/\/wp1.sedaozcan.net.tr\/horoz-lojistik-tohum-otizm-vakfi-is-birligi-basin-bulteni\/#local-main-organization-logo","url":"","contentUrl":"","caption":"Tohum Otizm Vakf\u0131 | Otizmin Tek \u00c7aresi E\u011fitim"}]}},"_links":{"self":[{"href":"https:\/\/wp1.sedaozcan.net.tr\/en\/wp-json\/wp\/v2\/posts\/8467","targetHints":{"allow":["GET"]}}],"collection":[{"href":"https:\/\/wp1.sedaozcan.net.tr\/en\/wp-json\/wp\/v2\/posts"}],"about":[{"href":"https:\/\/wp1.sedaozcan.net.tr\/en\/wp-json\/wp\/v2\/types\/post"}],"author":[{"embeddable":true,"href":"https:\/\/wp1.sedaozcan.net.tr\/en\/wp-json\/wp\/v2\/users\/1"}],"replies":[{"embeddable":true,"href":"https:\/\/wp1.sedaozcan.net.tr\/en\/wp-json\/wp\/v2\/comments?post=8467"}],"version-history":[{"count":3,"href":"https:\/\/wp1.sedaozcan.net.tr\/en\/wp-json\/wp\/v2\/posts\/8467\/revisions"}],"predecessor-version":[{"id":9589,"href":"https:\/\/wp1.sedaozcan.net.tr\/en\/wp-json\/wp\/v2\/posts\/8467\/revisions\/9589"}],"wp:featuredmedia":[{"embeddable":true,"href":"https:\/\/wp1.sedaozcan.net.tr\/en\/wp-json\/wp\/v2\/media\/8468"}],"wp:attachment":[{"href":"https:\/\/wp1.sedaozcan.net.tr\/en\/wp-json\/wp\/v2\/media?parent=8467"}],"wp:term":[{"taxonomy":"category","embeddable":true,"href":"https:\/\/wp1.sedaozcan.net.tr\/en\/wp-json\/wp\/v2\/categories?post=8467"},{"taxonomy":"post_tag","embeddable":true,"href":"https:\/\/wp1.sedaozcan.net.tr\/en\/wp-json\/wp\/v2\/tags?post=8467"}],"curies":[{"name":"wp","href":"https:\/\/api.w.org\/{rel}","templated":true}]}}