{"id":8464,"date":"2026-05-11T16:35:27","date_gmt":"2026-05-11T14:35:27","guid":{"rendered":"https:\/\/wp1.sedaozcan.net.tr\/?p=8464"},"modified":"2026-08-06T13:00:53","modified_gmt":"2026-08-06T11:00:53","slug":"ford-otosan-ve-tohum-otizm-vakfindan-istihdam-projesi","status":"publish","type":"post","link":"https:\/\/wp1.sedaozcan.net.tr\/en\/ford-otosan-ve-tohum-otizm-vakfindan-istihdam-projesi\/","title":{"rendered":"Ford Otosan ve Tohum Otizm Vakf\u0131\u2019ndan Otomotiv Sekt\u00f6r\u00fcnde Bir \u0130lk: N\u00f6ro\u00e7e\u015fitli Bireyler \u0130\u00e7in Destekli \u0130stihdam Program\u0131"},"content":{"rendered":"<p class=\"wp-block-paragraph\"><strong>BASIN B\u00dcLTEN\u0130 &nbsp; &nbsp; &nbsp; &nbsp; &nbsp; &nbsp; &nbsp; &nbsp; &nbsp; &nbsp; &nbsp; &nbsp; &nbsp; &nbsp; &nbsp; &nbsp; 08.12.2025<\/strong><\/p>\n\n\n\n<p class=\"wp-block-paragraph\"><strong>Ford Otosan ve Tohum Otizm Vakf\u0131\u2019ndan Otomotiv Sekt\u00f6r\u00fcnde&nbsp; Bir \u0130lk:<\/strong><\/p>\n\n\n\n<p class=\"wp-block-paragraph\"><strong>N\u00f6ro\u00e7e\u015fitli Bireyler \u0130\u00e7in Destekli \u0130stihdam Program\u0131<\/strong><\/p>\n\n\n\n<p class=\"wp-block-paragraph\"><strong>Ford Otosan, Tohum Otizm Vakf\u0131 i\u015f birli\u011fiyle otomotiv sekt\u00f6r\u00fcnde n\u00f6ro\u00e7e\u015fitli bireylerin nitelikli istihdam\u0131n\u0131 destekleyen uygulamay\u0131 hayata ge\u00e7irdi. Otomotivde bir ilk olan proje, d\u00f6rt Ford Otosan lokasyonunda 18 n\u00f6ro\u00e7e\u015fitli birey ve alt\u0131 i\u015f ko\u00e7uyla uygulamaya al\u0131nd\u0131.<\/strong><\/p>\n\n\n\n<p class=\"wp-block-paragraph\">T\u00fcrkiye otomotiv sanayinin lider \u015firketi Ford Otosan, kapsay\u0131c\u0131 istihdam alan\u0131nda sekt\u00f6re \u00f6rnek olacak yeni bir toplumsal yat\u0131r\u0131m ad\u0131m\u0131 at\u0131yor. Tohum Otizm Vakf\u0131 ile birlikte y\u00fcr\u00fct\u00fclen Destekli \u0130stihdam Program\u0131, otizmli bireyler ba\u015fta olmak \u00fczere n\u00f6ro\u00e7e\u015fitli bireylerin \u00e7al\u0131\u015fma hayat\u0131na kat\u0131l\u0131m\u0131n\u0131 desteklemek amac\u0131yla hayata ge\u00e7irildi. Proje; n\u00f6ro\u00e7e\u015fitlilik odakl\u0131 istihdam modeliyle T\u00fcrkiye\u2019de ve otomotiv sekt\u00f6r\u00fcnde ilk olma \u00f6zelli\u011fini ta\u015f\u0131yor.<\/p>\n\n\n\n<p class=\"wp-block-paragraph\">S\u00fcrd\u00fcr\u00fclebilirlik yakla\u015f\u0131m\u0131n\u0131n merkezine toplumsal fayday\u0131 ve kapsay\u0131c\u0131 \u00e7al\u0131\u015fma k\u00fclt\u00fcr\u00fcn\u00fc yerle\u015ftiren Ford Otosan, \u00f6zel gereksinimli bireylere istihdam imk\u00e2n\u0131 sunarken ayn\u0131 zamanda nitelikli i\u015f g\u00fcc\u00fcn\u00fcn geli\u015fimine de katk\u0131 sa\u011fl\u0131yor.<\/p>\n\n\n\n<p class=\"wp-block-paragraph\">Program\u0131n ilk istihdam d\u00f6nemine ili\u015fkin imza t\u00f6reni, Ford Otosan\u2019\u0131n Kocaeli Fabrikas\u0131\u2019nda bulunan Vehbi Ko\u00e7 Vakf\u0131 K\u00fclt\u00fcr Merkezi\u2019nde ger\u00e7ekle\u015ftirildi. T\u00f6rene Ford Otosan Kurumsal \u0130leti\u015fim ve S\u00fcrd\u00fcr\u00fclebilirlik Lideri Bur\u00e7ak T\u00fcrkeri, Ford Otosan \u0130nsan Kaynaklar\u0131 ve D\u00f6n\u00fc\u015f\u00fcm Lideri Osman \u00d6zdemir, Tohum Otizm Vakf\u0131 Ba\u015fkan\u0131 Aylin Sezgin, Tohum Otizim Vakf\u0131 \u0130stihdam ve Kariyer Direkt\u00f6r\u00fc Elif Karabulut, Tohum Otizm Vakf\u0131 Kurumsal \u0130leti\u015fim ve Kaynak Geli\u015ftirme Direkt\u00f6r\u00fc Nihan G\u00fcney ve \u0130\u015eKUR temsilcisi XXX kat\u0131ld\u0131.<\/p>\n\n\n\n<p class=\"wp-block-paragraph\"><strong>\u201cFord Otosan olarak, n\u00f6ro\u00e7e\u015fitlili\u011fe dayal\u0131 bu istihdam modelini \u00f6l\u00e7eklendirerek i\u015f d\u00fcnyas\u0131nda kal\u0131c\u0131 bir d\u00f6n\u00fc\u015f\u00fcm ba\u015flatmay\u0131 hedefliyoruz.\u201d&nbsp;<\/strong><\/p>\n\n\n\n<p class=\"wp-block-paragraph\"><strong>Ford Otosan Kurumsal \u0130leti\u015fim ve S\u00fcrd\u00fcr\u00fclebilirlik Lideri Bur\u00e7ak T\u00fcrkeri, proje hakk\u0131nda \u015funlar\u0131 s\u00f6yledi:<\/strong> \u201cFord Otosan\u2019\u0131n s\u00fcrd\u00fcr\u00fclebilirlik yakla\u015f\u0131m\u0131, insana ve topluma de\u011fer yaratmay\u0131 \u00f6nceliklendiriyor, toplumsal yat\u0131r\u0131mlar\u0131m\u0131zda kapsay\u0131c\u0131l\u0131\u011f\u0131 ve e\u015fit f\u0131rsatlar\u0131 oda\u011f\u0131m\u0131za al\u0131yoruz. Tohum Otizm Vakf\u0131 ile hayata ge\u00e7irdi\u011fimiz bu program, otomotiv sekt\u00f6r\u00fcnde n\u00f6ro\u00e7e\u015fitli bireylerin nitelikli istihdam\u0131na y\u00f6nelik ilk ad\u0131m olma niteli\u011fi ta\u015f\u0131yor. Amac\u0131m\u0131z, bu modeli \u00f6l\u00e7eklendirerek sekt\u00f6r\u00fcm\u00fczde ve i\u015f d\u00fcnyas\u0131nda kal\u0131c\u0131 bir d\u00f6n\u00fc\u015f\u00fcm ba\u015flatmak.\u201d<\/p>\n\n\n\n<p class=\"wp-block-paragraph\"><strong>Tohum Otizm Vakf\u0131 Ba\u015fkan\u0131 Aylin Sezgin ise,<\/strong> \u201cFord Otosan ile y\u00fcr\u00fctt\u00fc\u011f\u00fcm\u00fcz bu \u00e7al\u0131\u015fma, n\u00f6ro\u00e7e\u015fitli bireylerin \u00e7al\u0131\u015fma hayat\u0131na kat\u0131l\u0131m\u0131 konusunda \u00fclkemizde \u00f6rnek olu\u015fturan bir uygulamad\u0131r.Destekli \u0130stihdam Modeli, otizmli bireylerin g\u00fc\u00e7l\u00fc y\u00f6nlerine uygun g\u00f6revlere yerle\u015fmesini sa\u011flarken; i\u015f yerlerinde kapsay\u0131c\u0131 s\u00fcre\u00e7lerin geli\u015fmesine de \u00f6nemli katk\u0131 sunuyor.Projenin \u0130\u015eKUR\u2019un Destekli \u0130stihdam Program\u0131 kapsam\u0131nda sa\u011flanan hibelerle desteklenmesi, hem i\u015fverenler i\u00e7in te\u015fvik edici bir mekanizma olu\u015fturuyor hem de farkl\u0131 sekt\u00f6rlere uygulanabilecek s\u00fcrd\u00fcr\u00fclebilir bir model yarat\u0131yor.Bu yakla\u015f\u0131m\u0131n, uzun vadede hem bireyler hem de i\u015f d\u00fcnyas\u0131 i\u00e7in de\u011fer yaratan, kapsay\u0131c\u0131 istihdam\u0131n yayg\u0131nla\u015fmas\u0131na \u00f6nc\u00fcl\u00fck eden bir \u00f6rnek olaca\u011f\u0131na inan\u0131yoruz.\u201d<\/p>\n\n\n\n<p class=\"wp-block-paragraph\">Ford Otosan, bu i\u015f birli\u011fiyle sadece \u00fcretim ve teknoloji alan\u0131nda de\u011fil, toplumsal kapsay\u0131c\u0131l\u0131kta da sekt\u00f6r\u00fcnde \u00f6nc\u00fc olmay\u0131 s\u00fcrd\u00fcr\u00fcyor. \u015eirket, n\u00f6ro\u00e7e\u015fitlili\u011fe dayal\u0131 istihdam modelini yayg\u0131nla\u015ft\u0131rarak i\u015f d\u00fcnyas\u0131nda kat\u0131l\u0131m\u0131 ve sosyal dayan\u0131\u015fmay\u0131 destekleyen bir k\u00fclt\u00fcr\u00fc g\u00fc\u00e7lendirmeyi hedefliyor.<\/p>\n\n\n\n<p class=\"wp-block-paragraph\">Projenin ilk a\u015famas\u0131nda Ford Otosan\u2019\u0131n G\u00f6lc\u00fck Fabrikas\u0131, Yenik\u00f6y Fabrikas\u0131, Eski\u015fehir Fabrikas\u0131 ve Sancaktepe Ar-GE Merkezi\u2019nde toplam alt\u0131 engelli i\u015f ko\u00e7u ve 18 n\u00f6ro\u00e7e\u015fitli birey istihdam edilecek. Proje kapsam\u0131nda i\u015fe ba\u015flayan bireylerin uyum ve geli\u015fim s\u00fcre\u00e7leri proje kapsam\u0131nda g\u00f6rev alan i\u015f ko\u00e7lar\u0131 taraf\u0131ndan desteklenecek. Proje s\u00fcresinin ard\u0131ndan adaylara uzun vadeli istihdam sa\u011flanacak.<\/p>\n\n\n\n<p class=\"wp-block-paragraph\">Ford Otosan, Tohum Otizm Vakf\u0131 ile Haziran 2025 itibar\u0131yla ba\u015fvuruya a\u00e7\u0131lan proje i\u00e7in ilk d\u00f6nemde ba\u015fvurusunu tamamlad\u0131. Projede g\u00f6rev alacak i\u015f ko\u00e7lar\u0131, e\u011fitimlerini Tohum Otizm Vakf\u0131 Okulu\u2019nda ba\u015far\u0131yla tamamlad\u0131.<\/p>\n\n\n\n<p class=\"wp-block-paragraph\"><strong>T\u00fcrkiye\u2019de Destekli \u0130stihdam Modeli&nbsp; \u0130\u015eKUR deste\u011fiyle&nbsp; yayg\u0131nla\u015ft\u0131r\u0131l\u0131yor&nbsp;<\/strong><\/p>\n\n\n\n<p class=\"wp-block-paragraph\">Destekli \u0130stihdam, \u00e7al\u0131\u015fma hayat\u0131nda \u00f6zel gereksinimli bireylerin ihtiya\u00e7lar\u0131na uyumlu, sistematik ve s\u00fcrd\u00fcr\u00fclebilir bir istihdam modeli sunuyor. Bu model; otizm, serebral palsi, down sendromu ile zihinsel ve duygusal yetersizliklere sahip bireylerin i\u015f hayat\u0131na haz\u0131rlanmas\u0131n\u0131, i\u015f yerine uyum s\u00fcre\u00e7lerinin profesyonel i\u015f ko\u00e7lar\u0131 arac\u0131l\u0131\u011f\u0131yla desteklenmesini ve istihdam\u0131n uzun vadeli olarak korunmas\u0131n\u0131 hedefliyor. Destekli \u0130stihdam, hem i\u015fverenlerin kapsay\u0131c\u0131 \u00e7al\u0131\u015fma k\u00fclt\u00fcr\u00fc geli\u015ftirmesine katk\u0131 sa\u011fl\u0131yor hem de bireylerin kendi ayaklar\u0131 \u00fczerinde durabildi\u011fi, \u00fcretken ve ba\u011f\u0131ms\u0131z bir ya\u015fam kurmalar\u0131na imkan tan\u0131yor. Bu kapsamda sunulan projeler, T\u00fcrkiye\u2019nin \u00e7al\u0131\u015fma hayat\u0131nda f\u0131rsat e\u015fitli\u011fi ve sosyal kat\u0131l\u0131m\u0131n g\u00fc\u00e7lendirilmesi y\u00f6n\u00fcnde \u00f6nemli bir ad\u0131m olarak de\u011ferlendiriliyor.<\/p>\n\n\n\n<p class=\"wp-block-paragraph\"><\/p>\n\n\n\n<hr class=\"wp-block-separator has-alpha-channel-opacity\"\/>\n\n\n\n<p class=\"wp-block-paragraph\"><\/p>","protected":false},"excerpt":{"rendered":"<p>Ford Otosan, Tohum Otizm Vakf\u0131 i\u015f birli\u011fiyle otomotiv sekt\u00f6r\u00fcnde n\u00f6ro\u00e7e\u015fitli bireylerin nitelikli istihdam\u0131n\u0131 destekleyen uygulamay\u0131 hayata ge\u00e7irdi. Otomotivde bir ilk olan proje, d\u00f6rt Ford Otosan lokasyonunda 18 n\u00f6ro\u00e7e\u015fitli birey ve alt\u0131 i\u015f ko\u00e7uyla uygulamaya al\u0131nd\u0131.<\/p>","protected":false},"author":1,"featured_media":8465,"comment_status":"open","ping_status":"open","sticky":false,"template":"","format":"standard","meta":{"footnotes":""},"categories":[1],"tags":[],"class_list":["post-8464","post","type-post","status-publish","format-standard","has-post-thumbnail","hentry","category-basin-odasi"],"yoast_head":"<!-- This site is optimized with the Yoast SEO Premium plugin v28.3 (Yoast SEO v28.3) - https:\/\/yoast.com\/product\/yoast-seo-premium-wordpress\/ -->\n<title>Ford Otosan ve Tohum Otizm Vakf\u0131\u2019ndan Otomotiv Sekt\u00f6r\u00fcnde Bir \u0130lk: N\u00f6ro\u00e7e\u015fitli Bireyler \u0130\u00e7in Destekli \u0130stihdam Program\u0131 - Tohum Otizm Vakf\u0131 | Otizmin Tek \u00c7aresi E\u011fitim<\/title>\n<meta name=\"robots\" content=\"index, follow, max-snippet:-1, max-image-preview:large, max-video-preview:-1\" \/>\n<link rel=\"canonical\" href=\"https:\/\/wp1.sedaozcan.net.tr\/en\/ford-otosan-ve-tohum-otizm-vakfindan-istihdam-projesi\/\" \/>\n<meta property=\"og:locale\" content=\"en_US\" \/>\n<meta property=\"og:type\" content=\"article\" \/>\n<meta property=\"og:title\" content=\"Ford Otosan ve Tohum Otizm Vakf\u0131\u2019ndan Otomotiv Sekt\u00f6r\u00fcnde Bir \u0130lk: N\u00f6ro\u00e7e\u015fitli Bireyler \u0130\u00e7in Destekli \u0130stihdam Program\u0131\" \/>\n<meta property=\"og:description\" content=\"Ford Otosan, Tohum Otizm Vakf\u0131 i\u015f birli\u011fiyle otomotiv sekt\u00f6r\u00fcnde n\u00f6ro\u00e7e\u015fitli bireylerin nitelikli istihdam\u0131n\u0131 destekleyen uygulamay\u0131 hayata ge\u00e7irdi. Otomotivde bir ilk olan proje, d\u00f6rt Ford Otosan lokasyonunda 18 n\u00f6ro\u00e7e\u015fitli birey ve alt\u0131 i\u015f ko\u00e7uyla uygulamaya al\u0131nd\u0131.\" \/>\n<meta property=\"og:url\" content=\"https:\/\/wp1.sedaozcan.net.tr\/en\/ford-otosan-ve-tohum-otizm-vakfindan-istihdam-projesi\/\" \/>\n<meta property=\"og:site_name\" content=\"Tohum Otizm Vakf\u0131 | Otizmin Tek \u00c7aresi E\u011fitim\" \/>\n<meta property=\"article:published_time\" content=\"2026-05-11T14:35:27+00:00\" \/>\n<meta property=\"article:modified_time\" content=\"2026-08-06T11:00:53+00:00\" \/>\n<meta property=\"og:image\" content=\"https:\/\/wp1.sedaozcan.net.tr\/wp-content\/uploads\/2026\/05\/Gorsel_2-1.jpg\" \/>\n\t<meta property=\"og:image:width\" content=\"1579\" \/>\n\t<meta property=\"og:image:height\" content=\"793\" \/>\n\t<meta property=\"og:image:type\" content=\"image\/jpeg\" \/>\n<meta name=\"author\" content=\"Tohum Otizm\" \/>\n<meta name=\"twitter:card\" content=\"summary_large_image\" \/>\n<meta name=\"twitter:label1\" content=\"Written by\" \/>\n\t<meta name=\"twitter:data1\" content=\"Tohum Otizm\" \/>\n\t<meta name=\"twitter:label2\" content=\"Est. reading time\" \/>\n\t<meta name=\"twitter:data2\" content=\"5 minutes\" \/>\n<script type=\"application\/ld+json\" class=\"yoast-schema-graph\">{\"@context\":\"https:\\\/\\\/schema.org\",\"@graph\":[{\"@type\":\"Article\",\"@id\":\"https:\\\/\\\/wp1.sedaozcan.net.tr\\\/ford-otosan-ve-tohum-otizm-vakfindan-istihdam-projesi\\\/#article\",\"isPartOf\":{\"@id\":\"https:\\\/\\\/wp1.sedaozcan.net.tr\\\/ford-otosan-ve-tohum-otizm-vakfindan-istihdam-projesi\\\/\"},\"author\":{\"name\":\"Tohum Otizm\",\"@id\":\"https:\\\/\\\/wp1.sedaozcan.net.tr\\\/#\\\/schema\\\/person\\\/c2ea4120b58c7afcac902ba998b1091c\"},\"headline\":\"Ford Otosan ve Tohum Otizm Vakf\u0131\u2019ndan Otomotiv Sekt\u00f6r\u00fcnde Bir \u0130lk: N\u00f6ro\u00e7e\u015fitli Bireyler \u0130\u00e7in Destekli \u0130stihdam Program\u0131\",\"datePublished\":\"2026-05-11T14:35:27+00:00\",\"dateModified\":\"2026-08-06T11:00:53+00:00\",\"mainEntityOfPage\":{\"@id\":\"https:\\\/\\\/wp1.sedaozcan.net.tr\\\/ford-otosan-ve-tohum-otizm-vakfindan-istihdam-projesi\\\/\"},\"wordCount\":954,\"commentCount\":0,\"image\":{\"@id\":\"https:\\\/\\\/wp1.sedaozcan.net.tr\\\/ford-otosan-ve-tohum-otizm-vakfindan-istihdam-projesi\\\/#primaryimage\"},\"thumbnailUrl\":\"https:\\\/\\\/wp1.sedaozcan.net.tr\\\/wp-content\\\/uploads\\\/2026\\\/05\\\/Gorsel_2-1.jpg\",\"articleSection\":[\"Bas\u0131n Odas\u0131\"],\"inLanguage\":\"en-US\",\"potentialAction\":[{\"@type\":\"CommentAction\",\"name\":\"Comment\",\"target\":[\"https:\\\/\\\/wp1.sedaozcan.net.tr\\\/ford-otosan-ve-tohum-otizm-vakfindan-istihdam-projesi\\\/#respond\"]}]},{\"@type\":\"WebPage\",\"@id\":\"https:\\\/\\\/wp1.sedaozcan.net.tr\\\/ford-otosan-ve-tohum-otizm-vakfindan-istihdam-projesi\\\/\",\"url\":\"https:\\\/\\\/wp1.sedaozcan.net.tr\\\/ford-otosan-ve-tohum-otizm-vakfindan-istihdam-projesi\\\/\",\"name\":\"Ford Otosan ve Tohum Otizm Vakf\u0131\u2019ndan Otomotiv Sekt\u00f6r\u00fcnde Bir \u0130lk: N\u00f6ro\u00e7e\u015fitli Bireyler \u0130\u00e7in Destekli \u0130stihdam Program\u0131 - Tohum Otizm Vakf\u0131 | Otizmin Tek \u00c7aresi E\u011fitim\",\"isPartOf\":{\"@id\":\"https:\\\/\\\/wp1.sedaozcan.net.tr\\\/#website\"},\"primaryImageOfPage\":{\"@id\":\"https:\\\/\\\/wp1.sedaozcan.net.tr\\\/ford-otosan-ve-tohum-otizm-vakfindan-istihdam-projesi\\\/#primaryimage\"},\"image\":{\"@id\":\"https:\\\/\\\/wp1.sedaozcan.net.tr\\\/ford-otosan-ve-tohum-otizm-vakfindan-istihdam-projesi\\\/#primaryimage\"},\"thumbnailUrl\":\"https:\\\/\\\/wp1.sedaozcan.net.tr\\\/wp-content\\\/uploads\\\/2026\\\/05\\\/Gorsel_2-1.jpg\",\"datePublished\":\"2026-05-11T14:35:27+00:00\",\"dateModified\":\"2026-08-06T11:00:53+00:00\",\"author\":{\"@id\":\"https:\\\/\\\/wp1.sedaozcan.net.tr\\\/#\\\/schema\\\/person\\\/c2ea4120b58c7afcac902ba998b1091c\"},\"breadcrumb\":{\"@id\":\"https:\\\/\\\/wp1.sedaozcan.net.tr\\\/ford-otosan-ve-tohum-otizm-vakfindan-istihdam-projesi\\\/#breadcrumb\"},\"inLanguage\":\"en-US\",\"potentialAction\":[{\"@type\":\"ReadAction\",\"target\":[\"https:\\\/\\\/wp1.sedaozcan.net.tr\\\/ford-otosan-ve-tohum-otizm-vakfindan-istihdam-projesi\\\/\"]}]},{\"@type\":\"ImageObject\",\"inLanguage\":\"en-US\",\"@id\":\"https:\\\/\\\/wp1.sedaozcan.net.tr\\\/ford-otosan-ve-tohum-otizm-vakfindan-istihdam-projesi\\\/#primaryimage\",\"url\":\"https:\\\/\\\/wp1.sedaozcan.net.tr\\\/wp-content\\\/uploads\\\/2026\\\/05\\\/Gorsel_2-1.jpg\",\"contentUrl\":\"https:\\\/\\\/wp1.sedaozcan.net.tr\\\/wp-content\\\/uploads\\\/2026\\\/05\\\/Gorsel_2-1.jpg\",\"width\":1579,\"height\":793},{\"@type\":\"BreadcrumbList\",\"@id\":\"https:\\\/\\\/wp1.sedaozcan.net.tr\\\/ford-otosan-ve-tohum-otizm-vakfindan-istihdam-projesi\\\/#breadcrumb\",\"itemListElement\":[{\"@type\":\"ListItem\",\"position\":1,\"name\":\"Home\",\"item\":\"https:\\\/\\\/wp1.sedaozcan.net.tr\\\/\"},{\"@type\":\"ListItem\",\"position\":2,\"name\":\"Ford Otosan ve Tohum Otizm Vakf\u0131\u2019ndan Otomotiv Sekt\u00f6r\u00fcnde Bir \u0130lk: N\u00f6ro\u00e7e\u015fitli Bireyler \u0130\u00e7in Destekli \u0130stihdam Program\u0131\"}]},{\"@type\":\"WebSite\",\"@id\":\"https:\\\/\\\/wp1.sedaozcan.net.tr\\\/#website\",\"url\":\"https:\\\/\\\/wp1.sedaozcan.net.tr\\\/\",\"name\":\"Tohum Otizm Vakf\u0131 | Otizmin Tek \u00c7aresi E\u011fitim\",\"description\":\"\",\"potentialAction\":[{\"@type\":\"SearchAction\",\"target\":{\"@type\":\"EntryPoint\",\"urlTemplate\":\"https:\\\/\\\/wp1.sedaozcan.net.tr\\\/?s={search_term_string}\"},\"query-input\":{\"@type\":\"PropertyValueSpecification\",\"valueRequired\":true,\"valueName\":\"search_term_string\"}}],\"inLanguage\":\"en-US\"},{\"@type\":\"Person\",\"@id\":\"https:\\\/\\\/wp1.sedaozcan.net.tr\\\/#\\\/schema\\\/person\\\/c2ea4120b58c7afcac902ba998b1091c\",\"name\":\"Tohum Otizm\",\"image\":{\"@type\":\"ImageObject\",\"inLanguage\":\"en-US\",\"@id\":\"https:\\\/\\\/secure.gravatar.com\\\/avatar\\\/99d08cded734486eef59dabce25065a85303e18d81311c4f5f2bbd3fed82f816?s=96&d=mm&r=g\",\"url\":\"https:\\\/\\\/secure.gravatar.com\\\/avatar\\\/99d08cded734486eef59dabce25065a85303e18d81311c4f5f2bbd3fed82f816?s=96&d=mm&r=g\",\"contentUrl\":\"https:\\\/\\\/secure.gravatar.com\\\/avatar\\\/99d08cded734486eef59dabce25065a85303e18d81311c4f5f2bbd3fed82f816?s=96&d=mm&r=g\",\"caption\":\"Tohum Otizm\"},\"sameAs\":[\"https:\\\/\\\/wp1.sedaozcan.net.tr\"],\"url\":\"https:\\\/\\\/wp1.sedaozcan.net.tr\\\/en\\\/author\\\/admin_3ewju0jt\\\/\"},{\"@type\":\"ImageObject\",\"inLanguage\":\"en-US\",\"@id\":\"https:\\\/\\\/wp1.sedaozcan.net.tr\\\/ford-otosan-ve-tohum-otizm-vakfindan-istihdam-projesi\\\/#local-main-organization-logo\",\"url\":\"\",\"contentUrl\":\"\",\"caption\":\"Tohum Otizm Vakf\u0131 | Otizmin Tek \u00c7aresi E\u011fitim\"}]}<\/script>\n<!-- \/ Yoast SEO Premium plugin. -->","yoast_head_json":{"title":"Ford Otosan ve Tohum Otizm Vakf\u0131\u2019ndan Otomotiv Sekt\u00f6r\u00fcnde Bir \u0130lk: N\u00f6ro\u00e7e\u015fitli Bireyler \u0130\u00e7in Destekli \u0130stihdam Program\u0131 - Tohum Otizm Vakf\u0131 | Otizmin Tek \u00c7aresi E\u011fitim","robots":{"index":"index","follow":"follow","max-snippet":"max-snippet:-1","max-image-preview":"max-image-preview:large","max-video-preview":"max-video-preview:-1"},"canonical":"https:\/\/wp1.sedaozcan.net.tr\/en\/ford-otosan-ve-tohum-otizm-vakfindan-istihdam-projesi\/","og_locale":"en_US","og_type":"article","og_title":"Ford Otosan ve Tohum Otizm Vakf\u0131\u2019ndan Otomotiv Sekt\u00f6r\u00fcnde Bir \u0130lk: N\u00f6ro\u00e7e\u015fitli Bireyler \u0130\u00e7in Destekli \u0130stihdam Program\u0131","og_description":"Ford Otosan, Tohum Otizm Vakf\u0131 i\u015f birli\u011fiyle otomotiv sekt\u00f6r\u00fcnde n\u00f6ro\u00e7e\u015fitli bireylerin nitelikli istihdam\u0131n\u0131 destekleyen uygulamay\u0131 hayata ge\u00e7irdi. Otomotivde bir ilk olan proje, d\u00f6rt Ford Otosan lokasyonunda 18 n\u00f6ro\u00e7e\u015fitli birey ve alt\u0131 i\u015f ko\u00e7uyla uygulamaya al\u0131nd\u0131.","og_url":"https:\/\/wp1.sedaozcan.net.tr\/en\/ford-otosan-ve-tohum-otizm-vakfindan-istihdam-projesi\/","og_site_name":"Tohum Otizm Vakf\u0131 | Otizmin Tek \u00c7aresi E\u011fitim","article_published_time":"2026-05-11T14:35:27+00:00","article_modified_time":"2026-08-06T11:00:53+00:00","og_image":[{"width":1579,"height":793,"url":"https:\/\/wp1.sedaozcan.net.tr\/wp-content\/uploads\/2026\/05\/Gorsel_2-1.jpg","type":"image\/jpeg"}],"author":"Tohum Otizm","twitter_card":"summary_large_image","twitter_misc":{"Written by":"Tohum Otizm","Est. reading time":"5 minutes"},"schema":{"@context":"https:\/\/schema.org","@graph":[{"@type":"Article","@id":"https:\/\/wp1.sedaozcan.net.tr\/ford-otosan-ve-tohum-otizm-vakfindan-istihdam-projesi\/#article","isPartOf":{"@id":"https:\/\/wp1.sedaozcan.net.tr\/ford-otosan-ve-tohum-otizm-vakfindan-istihdam-projesi\/"},"author":{"name":"Tohum Otizm","@id":"https:\/\/wp1.sedaozcan.net.tr\/#\/schema\/person\/c2ea4120b58c7afcac902ba998b1091c"},"headline":"Ford Otosan ve Tohum Otizm Vakf\u0131\u2019ndan Otomotiv Sekt\u00f6r\u00fcnde Bir \u0130lk: N\u00f6ro\u00e7e\u015fitli Bireyler \u0130\u00e7in Destekli \u0130stihdam Program\u0131","datePublished":"2026-05-11T14:35:27+00:00","dateModified":"2026-08-06T11:00:53+00:00","mainEntityOfPage":{"@id":"https:\/\/wp1.sedaozcan.net.tr\/ford-otosan-ve-tohum-otizm-vakfindan-istihdam-projesi\/"},"wordCount":954,"commentCount":0,"image":{"@id":"https:\/\/wp1.sedaozcan.net.tr\/ford-otosan-ve-tohum-otizm-vakfindan-istihdam-projesi\/#primaryimage"},"thumbnailUrl":"https:\/\/wp1.sedaozcan.net.tr\/wp-content\/uploads\/2026\/05\/Gorsel_2-1.jpg","articleSection":["Bas\u0131n Odas\u0131"],"inLanguage":"en-US","potentialAction":[{"@type":"CommentAction","name":"Comment","target":["https:\/\/wp1.sedaozcan.net.tr\/ford-otosan-ve-tohum-otizm-vakfindan-istihdam-projesi\/#respond"]}]},{"@type":"WebPage","@id":"https:\/\/wp1.sedaozcan.net.tr\/ford-otosan-ve-tohum-otizm-vakfindan-istihdam-projesi\/","url":"https:\/\/wp1.sedaozcan.net.tr\/ford-otosan-ve-tohum-otizm-vakfindan-istihdam-projesi\/","name":"Ford Otosan ve Tohum Otizm Vakf\u0131\u2019ndan Otomotiv Sekt\u00f6r\u00fcnde Bir \u0130lk: N\u00f6ro\u00e7e\u015fitli Bireyler \u0130\u00e7in Destekli \u0130stihdam Program\u0131 - Tohum Otizm Vakf\u0131 | Otizmin Tek \u00c7aresi E\u011fitim","isPartOf":{"@id":"https:\/\/wp1.sedaozcan.net.tr\/#website"},"primaryImageOfPage":{"@id":"https:\/\/wp1.sedaozcan.net.tr\/ford-otosan-ve-tohum-otizm-vakfindan-istihdam-projesi\/#primaryimage"},"image":{"@id":"https:\/\/wp1.sedaozcan.net.tr\/ford-otosan-ve-tohum-otizm-vakfindan-istihdam-projesi\/#primaryimage"},"thumbnailUrl":"https:\/\/wp1.sedaozcan.net.tr\/wp-content\/uploads\/2026\/05\/Gorsel_2-1.jpg","datePublished":"2026-05-11T14:35:27+00:00","dateModified":"2026-08-06T11:00:53+00:00","author":{"@id":"https:\/\/wp1.sedaozcan.net.tr\/#\/schema\/person\/c2ea4120b58c7afcac902ba998b1091c"},"breadcrumb":{"@id":"https:\/\/wp1.sedaozcan.net.tr\/ford-otosan-ve-tohum-otizm-vakfindan-istihdam-projesi\/#breadcrumb"},"inLanguage":"en-US","potentialAction":[{"@type":"ReadAction","target":["https:\/\/wp1.sedaozcan.net.tr\/ford-otosan-ve-tohum-otizm-vakfindan-istihdam-projesi\/"]}]},{"@type":"ImageObject","inLanguage":"en-US","@id":"https:\/\/wp1.sedaozcan.net.tr\/ford-otosan-ve-tohum-otizm-vakfindan-istihdam-projesi\/#primaryimage","url":"https:\/\/wp1.sedaozcan.net.tr\/wp-content\/uploads\/2026\/05\/Gorsel_2-1.jpg","contentUrl":"https:\/\/wp1.sedaozcan.net.tr\/wp-content\/uploads\/2026\/05\/Gorsel_2-1.jpg","width":1579,"height":793},{"@type":"BreadcrumbList","@id":"https:\/\/wp1.sedaozcan.net.tr\/ford-otosan-ve-tohum-otizm-vakfindan-istihdam-projesi\/#breadcrumb","itemListElement":[{"@type":"ListItem","position":1,"name":"Home","item":"https:\/\/wp1.sedaozcan.net.tr\/"},{"@type":"ListItem","position":2,"name":"Ford Otosan ve Tohum Otizm Vakf\u0131\u2019ndan Otomotiv Sekt\u00f6r\u00fcnde Bir \u0130lk: N\u00f6ro\u00e7e\u015fitli Bireyler \u0130\u00e7in Destekli \u0130stihdam Program\u0131"}]},{"@type":"WebSite","@id":"https:\/\/wp1.sedaozcan.net.tr\/#website","url":"https:\/\/wp1.sedaozcan.net.tr\/","name":"Tohum Autism Foundation | The Only Remedy for Autism is Education","description":"","potentialAction":[{"@type":"SearchAction","target":{"@type":"EntryPoint","urlTemplate":"https:\/\/wp1.sedaozcan.net.tr\/?s={search_term_string}"},"query-input":{"@type":"PropertyValueSpecification","valueRequired":true,"valueName":"search_term_string"}}],"inLanguage":"en-US"},{"@type":"Person","@id":"https:\/\/wp1.sedaozcan.net.tr\/#\/schema\/person\/c2ea4120b58c7afcac902ba998b1091c","name":"Tohum Otizm","image":{"@type":"ImageObject","inLanguage":"en-US","@id":"https:\/\/secure.gravatar.com\/avatar\/99d08cded734486eef59dabce25065a85303e18d81311c4f5f2bbd3fed82f816?s=96&d=mm&r=g","url":"https:\/\/secure.gravatar.com\/avatar\/99d08cded734486eef59dabce25065a85303e18d81311c4f5f2bbd3fed82f816?s=96&d=mm&r=g","contentUrl":"https:\/\/secure.gravatar.com\/avatar\/99d08cded734486eef59dabce25065a85303e18d81311c4f5f2bbd3fed82f816?s=96&d=mm&r=g","caption":"Tohum Otizm"},"sameAs":["https:\/\/wp1.sedaozcan.net.tr"],"url":"https:\/\/wp1.sedaozcan.net.tr\/en\/author\/admin_3ewju0jt\/"},{"@type":"ImageObject","inLanguage":"en-US","@id":"https:\/\/wp1.sedaozcan.net.tr\/ford-otosan-ve-tohum-otizm-vakfindan-istihdam-projesi\/#local-main-organization-logo","url":"","contentUrl":"","caption":"Tohum Otizm Vakf\u0131 | Otizmin Tek \u00c7aresi E\u011fitim"}]}},"_links":{"self":[{"href":"https:\/\/wp1.sedaozcan.net.tr\/en\/wp-json\/wp\/v2\/posts\/8464","targetHints":{"allow":["GET"]}}],"collection":[{"href":"https:\/\/wp1.sedaozcan.net.tr\/en\/wp-json\/wp\/v2\/posts"}],"about":[{"href":"https:\/\/wp1.sedaozcan.net.tr\/en\/wp-json\/wp\/v2\/types\/post"}],"author":[{"embeddable":true,"href":"https:\/\/wp1.sedaozcan.net.tr\/en\/wp-json\/wp\/v2\/users\/1"}],"replies":[{"embeddable":true,"href":"https:\/\/wp1.sedaozcan.net.tr\/en\/wp-json\/wp\/v2\/comments?post=8464"}],"version-history":[{"count":3,"href":"https:\/\/wp1.sedaozcan.net.tr\/en\/wp-json\/wp\/v2\/posts\/8464\/revisions"}],"predecessor-version":[{"id":9590,"href":"https:\/\/wp1.sedaozcan.net.tr\/en\/wp-json\/wp\/v2\/posts\/8464\/revisions\/9590"}],"wp:featuredmedia":[{"embeddable":true,"href":"https:\/\/wp1.sedaozcan.net.tr\/en\/wp-json\/wp\/v2\/media\/8465"}],"wp:attachment":[{"href":"https:\/\/wp1.sedaozcan.net.tr\/en\/wp-json\/wp\/v2\/media?parent=8464"}],"wp:term":[{"taxonomy":"category","embeddable":true,"href":"https:\/\/wp1.sedaozcan.net.tr\/en\/wp-json\/wp\/v2\/categories?post=8464"},{"taxonomy":"post_tag","embeddable":true,"href":"https:\/\/wp1.sedaozcan.net.tr\/en\/wp-json\/wp\/v2\/tags?post=8464"}],"curies":[{"name":"wp","href":"https:\/\/api.w.org\/{rel}","templated":true}]}}