{"id":8461,"date":"2026-05-11T16:33:51","date_gmt":"2026-05-11T14:33:51","guid":{"rendered":"https:\/\/wp1.sedaozcan.net.tr\/?p=8461"},"modified":"2026-08-06T13:01:36","modified_gmt":"2026-08-06T11:01:36","slug":"alisveris-festivali-gerceklesti","status":"publish","type":"post","link":"https:\/\/wp1.sedaozcan.net.tr\/en\/alisveris-festivali-gerceklesti\/","title":{"rendered":"Tohum Otizm Vakf\u0131 Y\u0131lba\u015f\u0131 Al\u0131\u015fveri\u015f Festivali Otizmli \u00c7ocuklar\u0131n E\u011fitimine Katk\u0131 Sa\u011flad\u0131"},"content":{"rendered":"<p class=\"wp-block-paragraph\"><strong>BASIN B\u00dcLTEN\u0130 &nbsp; &nbsp; &nbsp; &nbsp; &nbsp; &nbsp; &nbsp; &nbsp; &nbsp; &nbsp; &nbsp; &nbsp; &nbsp; &nbsp; &nbsp; 24 Aral\u0131k 2025<\/strong><\/p>\n\n\n\n<p class=\"wp-block-paragraph\"><strong>Tohum Otizm Vakf\u0131 Y\u0131lba\u015f\u0131 Al\u0131\u015fveri\u015f Festivali Otizmli \u00c7ocuklar\u0131n E\u011fitimine Katk\u0131 Sa\u011flad\u0131<\/strong><\/p>\n\n\n\n<p class=\"wp-block-paragraph\">Tohum Otizm Vakf\u0131\u2019n\u0131n gelenekselle\u015fen Y\u0131lba\u015f\u0131 Al\u0131\u015fveri\u015f Festivali, bu y\u0131l da \u201c\u0130yilikten Festival Do\u011far\u201d temas\u0131yla d\u00fczenlendi. Otizmli \u00e7ocuklar\u0131n erken tan\u0131 ile ba\u015flayan yo\u011fun ve s\u00fcrekli \u00f6zel e\u011fitimle topluma kazand\u0131r\u0131lmas\u0131na katk\u0131 sa\u011flamak amac\u0131yla The Grand Tarabya\u2019da ger\u00e7ekle\u015ftirilen festival, Vakf\u0131n bu alandaki \u00e7al\u0131\u015fmalar\u0131n\u0131 tan\u0131tmay\u0131, fark\u0131ndal\u0131k ve kaynak yaratmay\u0131 hedefledi.<\/p>\n\n\n\n<p class=\"wp-block-paragraph\"><strong>Al\u0131\u015fveri\u015fi iyili\u011fe d\u00f6n\u00fc\u015ft\u00fcren festival&nbsp;<\/strong><\/p>\n\n\n\n<p class=\"wp-block-paragraph\">Tak\u0131dan giyime, ev tekstilinden dekorasyona, aksesuardankozmeti\u011fe kadar pek \u00e7ok farkl\u0131 kategoride y\u00fcze yak\u0131n markan\u0131n yer ald\u0131\u011f\u0131 festivalde, ziyaret\u00e7iler iki g\u00fcn boyunca hem sevdikleri i\u00e7in hediyeler se\u00e7ti hem de otizmli \u00e7ocuklar\u0131n e\u011fitimine katk\u0131da bulunarak iyili\u011fin bir par\u00e7as\u0131 oldu. Birbirinden g\u00fczel hediyelerin yer ald\u0131\u011f\u0131 \u00e7ekili\u015f heyecan\u0131 ve s\u00fcrpriz etkinlikler, kat\u0131l\u0131mc\u0131lara keyifli bir deneyim sundu.<\/p>\n\n\n\n<p class=\"wp-block-paragraph\">Tohum Otizm Vakf\u0131 kurucular\u0131n\u0131n, i\u015f, sanat ve medya d\u00fcnyas\u0131ndan tan\u0131nm\u0131\u015f isimlerin katk\u0131lar\u0131yla haz\u0131rlanan \u00f6zel tasar\u0131m y\u0131lba\u015f\u0131 hediye sepetleri, otizmli \u00e7ocuklar\u0131n e\u011fitimi yarar\u0131na ba\u011f\u0131\u015fa d\u00f6n\u00fc\u015ft\u00fcr\u00fclerek festivale anlam katt\u0131.<\/p>\n\n\n\n<p class=\"wp-block-paragraph\"><strong>Her katk\u0131 e\u011fitime a\u00e7\u0131lan yeni bir kap\u0131 oldu<\/strong><\/p>\n\n\n\n<p class=\"wp-block-paragraph\"><strong>Tohum Otizm Vakf\u0131 Onursal Ba\u015fkan\u0131 Mine Narin<\/strong>, festivalle ilgili \u015fu de\u011ferlendirmeyi yapt\u0131: \u201cOtizmli \u00e7ocuklar\u0131m\u0131z\u0131n e\u011fitimine destek olmak amac\u0131yla d\u00fczenledi\u011fimiz Y\u0131lba\u015f\u0131 Al\u0131\u015fveri\u015f Festivalimizin bu sene 18.incisini ger\u00e7ekle\u015ftirdik. Festivalimiz, her y\u0131l oldu\u011fu gibi bu y\u0131l da iyili\u011fi \u00e7o\u011faltan g\u00fc\u00e7l\u00fc bir dayan\u0131\u015fmaya d\u00f6n\u00fc\u015ft\u00fc. Festivalden elde edilen kaynakla daha fazla otizmli \u00e7ocu\u011fun nitelikli e\u011fitime eri\u015fimine katk\u0131 sa\u011flamaktan mutluluk duyuyoruz. Bug\u00fcne kadar Y\u0131lba\u015f\u0131 Al\u0131\u015fveri\u015f Festivallerimizden elde edilen kaynak; 781 otizmli \u00e7ocu\u011fun bir y\u0131ll\u0131k destek e\u011fitim burs masraflar\u0131n\u0131n kar\u015f\u0131lanmas\u0131, 46.815 \u00f6\u011fretmenin ve 223.850 ailenin otizm konusundaki e\u011fitimlerine destek olunmas\u0131, devlet okullar\u0131nda bulunan 263 otizm \u00f6zel e\u011fitim s\u0131n\u0131f\u0131nda e\u011fitim materyali deste\u011fi sa\u011flanmas\u0131 ve \u00f6\u011fretmen, aile, akran e\u011fitimleri verilmesine e\u015fde\u011ferdir. Festivale katk\u0131 sunan t\u00fcm destek\u00e7i markalar\u0131m\u0131za, sponsorlar\u0131m\u0131za, g\u00f6n\u00fcll\u00fclerimize ve ziyaret\u00e7ilerimize, e\u011fitim bekleyen \u00e7ocuklar\u0131m\u0131z ve aileleri ad\u0131na y\u00fcrekten te\u015fekk\u00fcr ediyorum.<\/p>\n\n\n\n<p class=\"wp-block-paragraph\"><strong>Dayan\u0131\u015fma ve g\u00f6n\u00fcll\u00fclerle b\u00fcy\u00fcyen bir iyilik hareketi&nbsp;<\/strong><\/p>\n\n\n\n<p class=\"wp-block-paragraph\">Festivalin aylar s\u00fcren yo\u011fun haz\u0131rl\u0131k s\u00fcrecinde Tohum Otizm Vakf\u0131\u2019n\u0131n g\u00f6n\u00fcll\u00fc sosyal komite \u00fcyeleri de tan\u0131t\u0131m faaliyetlerinden organizasyon planlamas\u0131na, festival alan\u0131ndaki koordinasyondan ziyaret\u00e7i deneyimine kadar pek \u00e7ok a\u015famada sorumluluk \u00fcstlendi.&nbsp;<\/p>\n\n\n\n<p class=\"wp-block-paragraph\"><strong>Tohumcuklar ve Gen\u00e7 Tohumlar festivalde g\u00f6n\u00fcll\u00fc olarak g\u00f6rev ald\u0131<\/strong><\/p>\n\n\n\n<p class=\"wp-block-paragraph\">Her sene oldu\u011fu gibi bu sene de 5-10 ya\u015f aras\u0131 \u201cTohumcuklar\u201d ve 10 ya\u015f \u00fcst\u00fc \u201cGen\u00e7 Tohumlar\u201d festival boyunca g\u00f6n\u00fcll\u00fc olarak aktif rol ald\u0131. Etkinlik \u00f6ncesinde otizm fark\u0131ndal\u0131k e\u011fitimleri alan gen\u00e7 g\u00f6n\u00fcll\u00fcler, bu deneyim ile erken ya\u015fta anlaml\u0131 bir sosyal sorumluluk projesine dahil olman\u0131n mutlulu\u011funu ya\u015fad\u0131lar.<\/p>\n\n\n\n<p class=\"wp-block-paragraph\">Bu y\u0131l festivalin co-sponsorlar\u0131 Maximiles Black ve Bulls Yat\u0131r\u0131m, destek sponsoru T\u00fcpra\u015f, mekan sponsoru ise The Grand Tarabya oldu.<\/p>","protected":false},"excerpt":{"rendered":"<p>Tohum Otizm Vakf\u0131\u2019n\u0131n gelenekselle\u015fen Y\u0131lba\u015f\u0131 Al\u0131\u015fveri\u015f Festivali, bu y\u0131l da \u201c\u0130yilikten Festival Do\u011far\u201d temas\u0131yla d\u00fczenlendi. Otizmli \u00e7ocuklar\u0131n erken tan\u0131 ile ba\u015flayan yo\u011fun ve s\u00fcrekli \u00f6zel e\u011fitimle topluma kazand\u0131r\u0131lmas\u0131na katk\u0131 sa\u011flamak amac\u0131yla The Grand Tarabya\u2019da ger\u00e7ekle\u015ftirilen festival, Vakf\u0131n bu alandaki \u00e7al\u0131\u015fmalar\u0131n\u0131 tan\u0131tmay\u0131, fark\u0131ndal\u0131k ve kaynak yaratmay\u0131 hedefledi.<\/p>","protected":false},"author":1,"featured_media":8462,"comment_status":"open","ping_status":"open","sticky":false,"template":"","format":"standard","meta":{"footnotes":""},"categories":[1],"tags":[],"class_list":["post-8461","post","type-post","status-publish","format-standard","has-post-thumbnail","hentry","category-basin-odasi"],"yoast_head":"<!-- This site is optimized with the Yoast SEO Premium plugin v28.3 (Yoast SEO v28.3) - https:\/\/yoast.com\/product\/yoast-seo-premium-wordpress\/ -->\n<title>Tohum Otizm Vakf\u0131 Y\u0131lba\u015f\u0131 Al\u0131\u015fveri\u015f Festivali Otizmli \u00c7ocuklar\u0131n E\u011fitimine Katk\u0131 Sa\u011flad\u0131 - Tohum Otizm Vakf\u0131 | Otizmin Tek \u00c7aresi E\u011fitim<\/title>\n<meta name=\"robots\" content=\"index, follow, max-snippet:-1, max-image-preview:large, max-video-preview:-1\" \/>\n<link rel=\"canonical\" href=\"https:\/\/wp1.sedaozcan.net.tr\/en\/alisveris-festivali-gerceklesti\/\" \/>\n<meta property=\"og:locale\" content=\"en_US\" \/>\n<meta property=\"og:type\" content=\"article\" \/>\n<meta property=\"og:title\" content=\"Tohum Otizm Vakf\u0131 Y\u0131lba\u015f\u0131 Al\u0131\u015fveri\u015f Festivali Otizmli \u00c7ocuklar\u0131n E\u011fitimine Katk\u0131 Sa\u011flad\u0131\" \/>\n<meta property=\"og:description\" content=\"Tohum Otizm Vakf\u0131\u2019n\u0131n gelenekselle\u015fen Y\u0131lba\u015f\u0131 Al\u0131\u015fveri\u015f Festivali, bu y\u0131l da \u201c\u0130yilikten Festival Do\u011far\u201d temas\u0131yla d\u00fczenlendi. Otizmli \u00e7ocuklar\u0131n erken tan\u0131 ile ba\u015flayan yo\u011fun ve s\u00fcrekli \u00f6zel e\u011fitimle topluma kazand\u0131r\u0131lmas\u0131na katk\u0131 sa\u011flamak amac\u0131yla The Grand Tarabya\u2019da ger\u00e7ekle\u015ftirilen festival, Vakf\u0131n bu alandaki \u00e7al\u0131\u015fmalar\u0131n\u0131 tan\u0131tmay\u0131, fark\u0131ndal\u0131k ve kaynak yaratmay\u0131 hedefledi.\" \/>\n<meta property=\"og:url\" content=\"https:\/\/wp1.sedaozcan.net.tr\/en\/alisveris-festivali-gerceklesti\/\" \/>\n<meta property=\"og:site_name\" content=\"Tohum Otizm Vakf\u0131 | Otizmin Tek \u00c7aresi E\u011fitim\" \/>\n<meta property=\"article:published_time\" content=\"2026-05-11T14:33:51+00:00\" \/>\n<meta property=\"article:modified_time\" content=\"2026-08-06T11:01:36+00:00\" \/>\n<meta property=\"og:image\" content=\"https:\/\/wp1.sedaozcan.net.tr\/wp-content\/uploads\/2026\/05\/Gorsel_2-scaled.jpg\" \/>\n\t<meta property=\"og:image:width\" content=\"2560\" \/>\n\t<meta property=\"og:image:height\" content=\"1707\" \/>\n\t<meta property=\"og:image:type\" content=\"image\/jpeg\" \/>\n<meta name=\"author\" content=\"Tohum Otizm\" \/>\n<meta name=\"twitter:card\" content=\"summary_large_image\" \/>\n<meta name=\"twitter:label1\" content=\"Written by\" \/>\n\t<meta name=\"twitter:data1\" content=\"Tohum Otizm\" \/>\n\t<meta name=\"twitter:label2\" content=\"Est. reading time\" \/>\n\t<meta name=\"twitter:data2\" content=\"3 minutes\" \/>\n<script type=\"application\/ld+json\" class=\"yoast-schema-graph\">{\"@context\":\"https:\\\/\\\/schema.org\",\"@graph\":[{\"@type\":\"Article\",\"@id\":\"https:\\\/\\\/wp1.sedaozcan.net.tr\\\/alisveris-festivali-gerceklesti\\\/#article\",\"isPartOf\":{\"@id\":\"https:\\\/\\\/wp1.sedaozcan.net.tr\\\/alisveris-festivali-gerceklesti\\\/\"},\"author\":{\"name\":\"Tohum Otizm\",\"@id\":\"https:\\\/\\\/wp1.sedaozcan.net.tr\\\/#\\\/schema\\\/person\\\/c2ea4120b58c7afcac902ba998b1091c\"},\"headline\":\"Tohum Otizm Vakf\u0131 Y\u0131lba\u015f\u0131 Al\u0131\u015fveri\u015f Festivali Otizmli \u00c7ocuklar\u0131n E\u011fitimine Katk\u0131 Sa\u011flad\u0131\",\"datePublished\":\"2026-05-11T14:33:51+00:00\",\"dateModified\":\"2026-08-06T11:01:36+00:00\",\"mainEntityOfPage\":{\"@id\":\"https:\\\/\\\/wp1.sedaozcan.net.tr\\\/alisveris-festivali-gerceklesti\\\/\"},\"wordCount\":598,\"commentCount\":0,\"image\":{\"@id\":\"https:\\\/\\\/wp1.sedaozcan.net.tr\\\/alisveris-festivali-gerceklesti\\\/#primaryimage\"},\"thumbnailUrl\":\"https:\\\/\\\/wp1.sedaozcan.net.tr\\\/wp-content\\\/uploads\\\/2026\\\/05\\\/Gorsel_2-scaled.jpg\",\"articleSection\":[\"Bas\u0131n Odas\u0131\"],\"inLanguage\":\"en-US\",\"potentialAction\":[{\"@type\":\"CommentAction\",\"name\":\"Comment\",\"target\":[\"https:\\\/\\\/wp1.sedaozcan.net.tr\\\/alisveris-festivali-gerceklesti\\\/#respond\"]}]},{\"@type\":\"WebPage\",\"@id\":\"https:\\\/\\\/wp1.sedaozcan.net.tr\\\/alisveris-festivali-gerceklesti\\\/\",\"url\":\"https:\\\/\\\/wp1.sedaozcan.net.tr\\\/alisveris-festivali-gerceklesti\\\/\",\"name\":\"Tohum Otizm Vakf\u0131 Y\u0131lba\u015f\u0131 Al\u0131\u015fveri\u015f Festivali Otizmli \u00c7ocuklar\u0131n E\u011fitimine Katk\u0131 Sa\u011flad\u0131 - Tohum Otizm Vakf\u0131 | Otizmin Tek \u00c7aresi E\u011fitim\",\"isPartOf\":{\"@id\":\"https:\\\/\\\/wp1.sedaozcan.net.tr\\\/#website\"},\"primaryImageOfPage\":{\"@id\":\"https:\\\/\\\/wp1.sedaozcan.net.tr\\\/alisveris-festivali-gerceklesti\\\/#primaryimage\"},\"image\":{\"@id\":\"https:\\\/\\\/wp1.sedaozcan.net.tr\\\/alisveris-festivali-gerceklesti\\\/#primaryimage\"},\"thumbnailUrl\":\"https:\\\/\\\/wp1.sedaozcan.net.tr\\\/wp-content\\\/uploads\\\/2026\\\/05\\\/Gorsel_2-scaled.jpg\",\"datePublished\":\"2026-05-11T14:33:51+00:00\",\"dateModified\":\"2026-08-06T11:01:36+00:00\",\"author\":{\"@id\":\"https:\\\/\\\/wp1.sedaozcan.net.tr\\\/#\\\/schema\\\/person\\\/c2ea4120b58c7afcac902ba998b1091c\"},\"breadcrumb\":{\"@id\":\"https:\\\/\\\/wp1.sedaozcan.net.tr\\\/alisveris-festivali-gerceklesti\\\/#breadcrumb\"},\"inLanguage\":\"en-US\",\"potentialAction\":[{\"@type\":\"ReadAction\",\"target\":[\"https:\\\/\\\/wp1.sedaozcan.net.tr\\\/alisveris-festivali-gerceklesti\\\/\"]}]},{\"@type\":\"ImageObject\",\"inLanguage\":\"en-US\",\"@id\":\"https:\\\/\\\/wp1.sedaozcan.net.tr\\\/alisveris-festivali-gerceklesti\\\/#primaryimage\",\"url\":\"https:\\\/\\\/wp1.sedaozcan.net.tr\\\/wp-content\\\/uploads\\\/2026\\\/05\\\/Gorsel_2-scaled.jpg\",\"contentUrl\":\"https:\\\/\\\/wp1.sedaozcan.net.tr\\\/wp-content\\\/uploads\\\/2026\\\/05\\\/Gorsel_2-scaled.jpg\",\"width\":2560,\"height\":1707},{\"@type\":\"BreadcrumbList\",\"@id\":\"https:\\\/\\\/wp1.sedaozcan.net.tr\\\/alisveris-festivali-gerceklesti\\\/#breadcrumb\",\"itemListElement\":[{\"@type\":\"ListItem\",\"position\":1,\"name\":\"Home\",\"item\":\"https:\\\/\\\/wp1.sedaozcan.net.tr\\\/\"},{\"@type\":\"ListItem\",\"position\":2,\"name\":\"Tohum Otizm Vakf\u0131 Y\u0131lba\u015f\u0131 Al\u0131\u015fveri\u015f Festivali Otizmli \u00c7ocuklar\u0131n E\u011fitimine Katk\u0131 Sa\u011flad\u0131\"}]},{\"@type\":\"WebSite\",\"@id\":\"https:\\\/\\\/wp1.sedaozcan.net.tr\\\/#website\",\"url\":\"https:\\\/\\\/wp1.sedaozcan.net.tr\\\/\",\"name\":\"Tohum Otizm Vakf\u0131 | Otizmin Tek \u00c7aresi E\u011fitim\",\"description\":\"\",\"potentialAction\":[{\"@type\":\"SearchAction\",\"target\":{\"@type\":\"EntryPoint\",\"urlTemplate\":\"https:\\\/\\\/wp1.sedaozcan.net.tr\\\/?s={search_term_string}\"},\"query-input\":{\"@type\":\"PropertyValueSpecification\",\"valueRequired\":true,\"valueName\":\"search_term_string\"}}],\"inLanguage\":\"en-US\"},{\"@type\":\"Person\",\"@id\":\"https:\\\/\\\/wp1.sedaozcan.net.tr\\\/#\\\/schema\\\/person\\\/c2ea4120b58c7afcac902ba998b1091c\",\"name\":\"Tohum Otizm\",\"image\":{\"@type\":\"ImageObject\",\"inLanguage\":\"en-US\",\"@id\":\"https:\\\/\\\/secure.gravatar.com\\\/avatar\\\/99d08cded734486eef59dabce25065a85303e18d81311c4f5f2bbd3fed82f816?s=96&d=mm&r=g\",\"url\":\"https:\\\/\\\/secure.gravatar.com\\\/avatar\\\/99d08cded734486eef59dabce25065a85303e18d81311c4f5f2bbd3fed82f816?s=96&d=mm&r=g\",\"contentUrl\":\"https:\\\/\\\/secure.gravatar.com\\\/avatar\\\/99d08cded734486eef59dabce25065a85303e18d81311c4f5f2bbd3fed82f816?s=96&d=mm&r=g\",\"caption\":\"Tohum Otizm\"},\"sameAs\":[\"https:\\\/\\\/wp1.sedaozcan.net.tr\"],\"url\":\"https:\\\/\\\/wp1.sedaozcan.net.tr\\\/en\\\/author\\\/admin_3ewju0jt\\\/\"},{\"@type\":\"ImageObject\",\"inLanguage\":\"en-US\",\"@id\":\"https:\\\/\\\/wp1.sedaozcan.net.tr\\\/alisveris-festivali-gerceklesti\\\/#local-main-organization-logo\",\"url\":\"\",\"contentUrl\":\"\",\"caption\":\"Tohum Otizm Vakf\u0131 | Otizmin Tek \u00c7aresi E\u011fitim\"}]}<\/script>\n<!-- \/ Yoast SEO Premium plugin. -->","yoast_head_json":{"title":"Tohum Otizm Vakf\u0131 Y\u0131lba\u015f\u0131 Al\u0131\u015fveri\u015f Festivali Otizmli \u00c7ocuklar\u0131n E\u011fitimine Katk\u0131 Sa\u011flad\u0131 - Tohum Otizm Vakf\u0131 | Otizmin Tek \u00c7aresi E\u011fitim","robots":{"index":"index","follow":"follow","max-snippet":"max-snippet:-1","max-image-preview":"max-image-preview:large","max-video-preview":"max-video-preview:-1"},"canonical":"https:\/\/wp1.sedaozcan.net.tr\/en\/alisveris-festivali-gerceklesti\/","og_locale":"en_US","og_type":"article","og_title":"Tohum Otizm Vakf\u0131 Y\u0131lba\u015f\u0131 Al\u0131\u015fveri\u015f Festivali Otizmli \u00c7ocuklar\u0131n E\u011fitimine Katk\u0131 Sa\u011flad\u0131","og_description":"Tohum Otizm Vakf\u0131\u2019n\u0131n gelenekselle\u015fen Y\u0131lba\u015f\u0131 Al\u0131\u015fveri\u015f Festivali, bu y\u0131l da \u201c\u0130yilikten Festival Do\u011far\u201d temas\u0131yla d\u00fczenlendi. Otizmli \u00e7ocuklar\u0131n erken tan\u0131 ile ba\u015flayan yo\u011fun ve s\u00fcrekli \u00f6zel e\u011fitimle topluma kazand\u0131r\u0131lmas\u0131na katk\u0131 sa\u011flamak amac\u0131yla The Grand Tarabya\u2019da ger\u00e7ekle\u015ftirilen festival, Vakf\u0131n bu alandaki \u00e7al\u0131\u015fmalar\u0131n\u0131 tan\u0131tmay\u0131, fark\u0131ndal\u0131k ve kaynak yaratmay\u0131 hedefledi.","og_url":"https:\/\/wp1.sedaozcan.net.tr\/en\/alisveris-festivali-gerceklesti\/","og_site_name":"Tohum Otizm Vakf\u0131 | Otizmin Tek \u00c7aresi E\u011fitim","article_published_time":"2026-05-11T14:33:51+00:00","article_modified_time":"2026-08-06T11:01:36+00:00","og_image":[{"width":2560,"height":1707,"url":"https:\/\/wp1.sedaozcan.net.tr\/wp-content\/uploads\/2026\/05\/Gorsel_2-scaled.jpg","type":"image\/jpeg"}],"author":"Tohum Otizm","twitter_card":"summary_large_image","twitter_misc":{"Written by":"Tohum Otizm","Est. reading time":"3 minutes"},"schema":{"@context":"https:\/\/schema.org","@graph":[{"@type":"Article","@id":"https:\/\/wp1.sedaozcan.net.tr\/alisveris-festivali-gerceklesti\/#article","isPartOf":{"@id":"https:\/\/wp1.sedaozcan.net.tr\/alisveris-festivali-gerceklesti\/"},"author":{"name":"Tohum Otizm","@id":"https:\/\/wp1.sedaozcan.net.tr\/#\/schema\/person\/c2ea4120b58c7afcac902ba998b1091c"},"headline":"Tohum Otizm Vakf\u0131 Y\u0131lba\u015f\u0131 Al\u0131\u015fveri\u015f Festivali Otizmli \u00c7ocuklar\u0131n E\u011fitimine Katk\u0131 Sa\u011flad\u0131","datePublished":"2026-05-11T14:33:51+00:00","dateModified":"2026-08-06T11:01:36+00:00","mainEntityOfPage":{"@id":"https:\/\/wp1.sedaozcan.net.tr\/alisveris-festivali-gerceklesti\/"},"wordCount":598,"commentCount":0,"image":{"@id":"https:\/\/wp1.sedaozcan.net.tr\/alisveris-festivali-gerceklesti\/#primaryimage"},"thumbnailUrl":"https:\/\/wp1.sedaozcan.net.tr\/wp-content\/uploads\/2026\/05\/Gorsel_2-scaled.jpg","articleSection":["Bas\u0131n Odas\u0131"],"inLanguage":"en-US","potentialAction":[{"@type":"CommentAction","name":"Comment","target":["https:\/\/wp1.sedaozcan.net.tr\/alisveris-festivali-gerceklesti\/#respond"]}]},{"@type":"WebPage","@id":"https:\/\/wp1.sedaozcan.net.tr\/alisveris-festivali-gerceklesti\/","url":"https:\/\/wp1.sedaozcan.net.tr\/alisveris-festivali-gerceklesti\/","name":"Tohum Otizm Vakf\u0131 Y\u0131lba\u015f\u0131 Al\u0131\u015fveri\u015f Festivali Otizmli \u00c7ocuklar\u0131n E\u011fitimine Katk\u0131 Sa\u011flad\u0131 - Tohum Otizm Vakf\u0131 | Otizmin Tek \u00c7aresi E\u011fitim","isPartOf":{"@id":"https:\/\/wp1.sedaozcan.net.tr\/#website"},"primaryImageOfPage":{"@id":"https:\/\/wp1.sedaozcan.net.tr\/alisveris-festivali-gerceklesti\/#primaryimage"},"image":{"@id":"https:\/\/wp1.sedaozcan.net.tr\/alisveris-festivali-gerceklesti\/#primaryimage"},"thumbnailUrl":"https:\/\/wp1.sedaozcan.net.tr\/wp-content\/uploads\/2026\/05\/Gorsel_2-scaled.jpg","datePublished":"2026-05-11T14:33:51+00:00","dateModified":"2026-08-06T11:01:36+00:00","author":{"@id":"https:\/\/wp1.sedaozcan.net.tr\/#\/schema\/person\/c2ea4120b58c7afcac902ba998b1091c"},"breadcrumb":{"@id":"https:\/\/wp1.sedaozcan.net.tr\/alisveris-festivali-gerceklesti\/#breadcrumb"},"inLanguage":"en-US","potentialAction":[{"@type":"ReadAction","target":["https:\/\/wp1.sedaozcan.net.tr\/alisveris-festivali-gerceklesti\/"]}]},{"@type":"ImageObject","inLanguage":"en-US","@id":"https:\/\/wp1.sedaozcan.net.tr\/alisveris-festivali-gerceklesti\/#primaryimage","url":"https:\/\/wp1.sedaozcan.net.tr\/wp-content\/uploads\/2026\/05\/Gorsel_2-scaled.jpg","contentUrl":"https:\/\/wp1.sedaozcan.net.tr\/wp-content\/uploads\/2026\/05\/Gorsel_2-scaled.jpg","width":2560,"height":1707},{"@type":"BreadcrumbList","@id":"https:\/\/wp1.sedaozcan.net.tr\/alisveris-festivali-gerceklesti\/#breadcrumb","itemListElement":[{"@type":"ListItem","position":1,"name":"Home","item":"https:\/\/wp1.sedaozcan.net.tr\/"},{"@type":"ListItem","position":2,"name":"Tohum Otizm Vakf\u0131 Y\u0131lba\u015f\u0131 Al\u0131\u015fveri\u015f Festivali Otizmli \u00c7ocuklar\u0131n E\u011fitimine Katk\u0131 Sa\u011flad\u0131"}]},{"@type":"WebSite","@id":"https:\/\/wp1.sedaozcan.net.tr\/#website","url":"https:\/\/wp1.sedaozcan.net.tr\/","name":"Tohum Autism Foundation | The Only Remedy for Autism is Education","description":"","potentialAction":[{"@type":"SearchAction","target":{"@type":"EntryPoint","urlTemplate":"https:\/\/wp1.sedaozcan.net.tr\/?s={search_term_string}"},"query-input":{"@type":"PropertyValueSpecification","valueRequired":true,"valueName":"search_term_string"}}],"inLanguage":"en-US"},{"@type":"Person","@id":"https:\/\/wp1.sedaozcan.net.tr\/#\/schema\/person\/c2ea4120b58c7afcac902ba998b1091c","name":"Tohum Otizm","image":{"@type":"ImageObject","inLanguage":"en-US","@id":"https:\/\/secure.gravatar.com\/avatar\/99d08cded734486eef59dabce25065a85303e18d81311c4f5f2bbd3fed82f816?s=96&d=mm&r=g","url":"https:\/\/secure.gravatar.com\/avatar\/99d08cded734486eef59dabce25065a85303e18d81311c4f5f2bbd3fed82f816?s=96&d=mm&r=g","contentUrl":"https:\/\/secure.gravatar.com\/avatar\/99d08cded734486eef59dabce25065a85303e18d81311c4f5f2bbd3fed82f816?s=96&d=mm&r=g","caption":"Tohum Otizm"},"sameAs":["https:\/\/wp1.sedaozcan.net.tr"],"url":"https:\/\/wp1.sedaozcan.net.tr\/en\/author\/admin_3ewju0jt\/"},{"@type":"ImageObject","inLanguage":"en-US","@id":"https:\/\/wp1.sedaozcan.net.tr\/alisveris-festivali-gerceklesti\/#local-main-organization-logo","url":"","contentUrl":"","caption":"Tohum Otizm Vakf\u0131 | Otizmin Tek \u00c7aresi E\u011fitim"}]}},"_links":{"self":[{"href":"https:\/\/wp1.sedaozcan.net.tr\/en\/wp-json\/wp\/v2\/posts\/8461","targetHints":{"allow":["GET"]}}],"collection":[{"href":"https:\/\/wp1.sedaozcan.net.tr\/en\/wp-json\/wp\/v2\/posts"}],"about":[{"href":"https:\/\/wp1.sedaozcan.net.tr\/en\/wp-json\/wp\/v2\/types\/post"}],"author":[{"embeddable":true,"href":"https:\/\/wp1.sedaozcan.net.tr\/en\/wp-json\/wp\/v2\/users\/1"}],"replies":[{"embeddable":true,"href":"https:\/\/wp1.sedaozcan.net.tr\/en\/wp-json\/wp\/v2\/comments?post=8461"}],"version-history":[{"count":3,"href":"https:\/\/wp1.sedaozcan.net.tr\/en\/wp-json\/wp\/v2\/posts\/8461\/revisions"}],"predecessor-version":[{"id":9591,"href":"https:\/\/wp1.sedaozcan.net.tr\/en\/wp-json\/wp\/v2\/posts\/8461\/revisions\/9591"}],"wp:featuredmedia":[{"embeddable":true,"href":"https:\/\/wp1.sedaozcan.net.tr\/en\/wp-json\/wp\/v2\/media\/8462"}],"wp:attachment":[{"href":"https:\/\/wp1.sedaozcan.net.tr\/en\/wp-json\/wp\/v2\/media?parent=8461"}],"wp:term":[{"taxonomy":"category","embeddable":true,"href":"https:\/\/wp1.sedaozcan.net.tr\/en\/wp-json\/wp\/v2\/categories?post=8461"},{"taxonomy":"post_tag","embeddable":true,"href":"https:\/\/wp1.sedaozcan.net.tr\/en\/wp-json\/wp\/v2\/tags?post=8461"}],"curies":[{"name":"wp","href":"https:\/\/api.w.org\/{rel}","templated":true}]}}