{"id":8458,"date":"2026-05-11T16:31:49","date_gmt":"2026-05-11T14:31:49","guid":{"rendered":"https:\/\/wp1.sedaozcan.net.tr\/?p=8458"},"modified":"2026-08-06T13:02:03","modified_gmt":"2026-08-06T11:02:03","slug":"3-aralik-dunya-engelliler-gunu","status":"publish","type":"post","link":"https:\/\/wp1.sedaozcan.net.tr\/en\/3-aralik-dunya-engelliler-gunu\/","title":{"rendered":"3 Aral\u0131k D\u00fcnya Engelliler G\u00fcn\u00fc\u2019nde iyilik b\u00fcy\u00fcyor, otizmli \u00e7ocuklar\u0131n e\u011fitimine d\u00f6n\u00fc\u015f\u00fcyor."},"content":{"rendered":"<p class=\"wp-block-paragraph\"><strong>BASIN B\u00dcLTEN\u0130 \u00a0 \u00a0 \u00a0<strong>01 Aral\u0131k 2025<\/strong> \u00a0 \u00a0 \u00a0 \u00a0 \u00a0 \u00a0 \u00a0 \u00a0 \u00a0 \u00a0 <\/strong><\/p>\n\n\n\n<hr class=\"wp-block-separator has-alpha-channel-opacity\"\/>\n\n\n\n<p class=\"wp-block-paragraph\"><strong>Tohum Otizm Vakf\u0131\u2019ndan Anlaml\u0131 \u00c7a\u011fr\u0131!<\/strong><\/p>\n\n\n\n<p class=\"wp-block-paragraph\"><strong>3 Aral\u0131k D\u00fcnya Engelliler G\u00fcn\u00fc\u2019nde iyilik b\u00fcy\u00fcyor, otizmli \u00e7ocuklar\u0131n e\u011fitimine d\u00f6n\u00fc\u015f\u00fcyor.<\/strong><\/p>\n\n\n\n<p class=\"wp-block-paragraph\">3 Aral\u0131k D\u00fcnya Engelliler G\u00fcn\u00fc\u2019nde Tohum Otizm Vakf\u0131, herkesi <strong>\u201ciyili\u011fin birle\u015ftirici g\u00fcc\u00fcyle\u201d<\/strong> otizmli bireylerin topluma tam ve e\u015fit kat\u0131l\u0131m\u0131na destek olmaya davet ediyor. Otizmli \u00e7ocuklar\u0131n erken tan\u0131 ve e\u011fitimle topluma kazand\u0131r\u0131lmas\u0131 i\u00e7in 22 y\u0131ld\u0131r \u00e7al\u0131\u015fan Vak\u0131f, bu y\u0131l da <strong>\u201c\u0130yilik Engel Tan\u0131maz\u201d <\/strong>mesaj\u0131yla fark\u0131ndal\u0131k yarat\u0131yor. Tohum Otizm Vakf\u0131, bu anlaml\u0131 g\u00fcn vesilesiyle 16-17 Aral\u0131k tarihlerinde The Grand Tarabya\u2019da d\u00fczenlenecek <strong>\u201c\u0130yilikten Festival Do\u011far\u201d<\/strong> temal\u0131 Y\u0131lba\u015f\u0131 Al\u0131\u015fveri\u015f Festivali\u2019ni de duyurarak, iyili\u011fi b\u00fcy\u00fctecek yeni bir bulu\u015fmaya haz\u0131rlan\u0131yor.<\/p>\n\n\n\n<p class=\"wp-block-paragraph\"><strong>Engelleri a\u015fmak birlikte m\u00fcmk\u00fcn!<\/strong><\/p>\n\n\n\n<p class=\"wp-block-paragraph\"><strong>Tohum Otizm Vakf\u0131 Ba\u015fkan\u0131 Aylin Sezgin<\/strong>, D\u00fcnya Engelliler G\u00fcn\u00fc dolay\u0131s\u0131yla yapt\u0131\u011f\u0131 a\u00e7\u0131klamada \u015funlar\u0131 s\u00f6yledi:<\/p>\n\n\n\n<p class=\"wp-block-paragraph\">\u201cOtizmin bilenen tek \u00e7aresi e\u011fitim! Biz Tohum Otizm Vakf\u0131 olarak her \u00e7ocu\u011fun potansiyeline inan\u0131yor, her bireyin e\u015fit f\u0131rsatlara sahip oldu\u011fu bir d\u00fcnya i\u00e7in \u00e7al\u0131\u015f\u0131yoruz. 3 Aral\u0131k bizlere bir kez daha hat\u0131rlat\u0131yor ki, iyilik ve kapsay\u0131c\u0131l\u0131\u011f\u0131n oldu\u011fu yerde engelleri a\u015fmak m\u00fcmk\u00fcn. \u0130yilik payla\u015ft\u0131k\u00e7a b\u00fcy\u00fcyor; bu y\u0131l da herkesi otizmli \u00e7ocuklar\u0131n e\u011fitimine destek olmaya davet ediyoruz.&nbsp;<\/p>\n\n\n\n<p class=\"wp-block-paragraph\"><strong>Al\u0131\u015fveri\u015fi iyili\u011fe d\u00f6n\u00fc\u015ft\u00fcren festival\u2026<\/strong><\/p>\n\n\n\n<p class=\"wp-block-paragraph\">Tohum Otizm Vakf\u0131\u2019n\u0131n geleneksel hale gelen Y\u0131lba\u015f\u0131 Al\u0131\u015fveri\u015f Festivali, bu y\u0131l 16-17 Aral\u0131k tarihlerinde The Grand Tarabya\u2019da ger\u00e7ekle\u015ftirilecek. Otizmli bireylerin e\u011fitimine katk\u0131da bulunmak ve toplumsal fark\u0131ndal\u0131k yaratmak amac\u0131yla d\u00fczenlenen festival, iki g\u00fcn boyunca ziyaret\u00e7ilerini birbirinden \u00f6zel markalar ve s\u00fcrprizlerle bulu\u015fturacak. Ziyaret\u00e7iler, yeni y\u0131l \u00f6ncesinde sevdikleri i\u00e7in hediye al\u0131rken ayn\u0131 zamanda otizmli \u00e7ocuklar\u0131n e\u011fitimine katk\u0131da bulunma f\u0131rsat\u0131 bulacak.<\/p>\n\n\n\n<p class=\"wp-block-paragraph\"><strong>Otizmli bireyler i\u00e7in fark\u0131ndal\u0131k \u00e7a\u011fr\u0131s\u0131\u2026<\/strong><\/p>\n\n\n\n<p class=\"wp-block-paragraph\">G\u00fcn\u00fcm\u00fczde her 31 \u00e7ocuktan 1\u2019i otizm tan\u0131s\u0131 al\u0131yor. Yurt genelinde y\u00fcr\u00fctt\u00fc\u011f\u00fc projelerle bug\u00fcne kadar 2.8 milyon otizmli \u00e7ocuk, aile, \u00f6\u011fretmen ve sa\u011fl\u0131k \u00e7al\u0131\u015fan\u0131na ula\u015fan Tohum Otizm Vakf\u0131, erken tan\u0131, e\u011fitim ve toplumsal fark\u0131ndal\u0131k \u00e7al\u0131\u015fmalar\u0131n\u0131 s\u00fcrd\u00fcrerek otizmli bireylerin ya\u015fam\u0131n her alan\u0131nda yer alabilmesi i\u00e7in kapsaml\u0131 \u00e7al\u0131\u015fmalar\u0131na devam ediyor. Vak\u0131f, 3 Aral\u0131k D\u00fcnya Engelliler G\u00fcn\u00fc\u2019nde herkesi <strong>\u201ciyilikle fark yaratmaya\u201d <\/strong>davet ediyor.<\/p>\n\n\n\n<hr class=\"wp-block-separator has-alpha-channel-opacity\"\/>\n\n\n\n<p class=\"wp-block-paragraph\">Tohum T\u00fcrkiye Otizm Erken Tan\u0131 ve E\u011fitim Vakf\u0131<\/p>\n\n\n\n<p class=\"wp-block-paragraph\">Merkez Mah. S\u0131racevizler &nbsp;Cad. Z\u00fclfikarlar \u0130\u015f Han\u0131 Kat:1 No:27<\/p>\n\n\n\n<p class=\"wp-block-paragraph\">\u015ei\u015fli\/\u0130stanbul <strong>Tel:<\/strong> +90\u2013212\u2013244 75 00 <strong>Faks:<\/strong> +90\u2013212\u2013244 75 04<\/p>\n\n\n\n<p class=\"wp-block-paragraph\"><a href=\"http:\/\/www.tohumotizm.org.tr\">www.tohumotizm.org.tr<\/a> <a href=\"mailto:info@tohumotizm.org.tr\">info@tohumotizm.org.tr<\/a><\/p>\n\n\n\n<p class=\"wp-block-paragraph\">\u015ei\u015fli VD: 846 031 8467 Esas No: 2003\/124 Karar No: 2003\/253<\/p>","protected":false},"excerpt":{"rendered":"<p>3 Aral\u0131k D\u00fcnya Engelliler G\u00fcn\u00fc\u2019nde Tohum Otizm Vakf\u0131, herkesi \u201ciyili\u011fin birle\u015ftirici g\u00fcc\u00fcyle\u201d otizmli bireylerin topluma tam ve e\u015fit kat\u0131l\u0131m\u0131na destek olmaya davet ediyor. Otizmli \u00e7ocuklar\u0131n erken tan\u0131 ve e\u011fitimle topluma kazand\u0131r\u0131lmas\u0131 i\u00e7in 22 y\u0131ld\u0131r \u00e7al\u0131\u015fan Vak\u0131f, bu y\u0131l da \u201c\u0130yilik Engel Tan\u0131maz\u201d mesaj\u0131yla fark\u0131ndal\u0131k yarat\u0131yor. <\/p>","protected":false},"author":1,"featured_media":8459,"comment_status":"open","ping_status":"open","sticky":false,"template":"","format":"standard","meta":{"footnotes":""},"categories":[1],"tags":[],"class_list":["post-8458","post","type-post","status-publish","format-standard","has-post-thumbnail","hentry","category-basin-odasi"],"yoast_head":"<!-- This site is optimized with the Yoast SEO Premium plugin v28.3 (Yoast SEO v28.3) - https:\/\/yoast.com\/product\/yoast-seo-premium-wordpress\/ -->\n<title>3 Aral\u0131k D\u00fcnya Engelliler G\u00fcn\u00fc\u2019nde iyilik b\u00fcy\u00fcyor, otizmli \u00e7ocuklar\u0131n e\u011fitimine d\u00f6n\u00fc\u015f\u00fcyor. - Tohum Otizm Vakf\u0131 | Otizmin Tek \u00c7aresi E\u011fitim<\/title>\n<meta name=\"robots\" content=\"index, follow, max-snippet:-1, max-image-preview:large, max-video-preview:-1\" \/>\n<link rel=\"canonical\" href=\"https:\/\/wp1.sedaozcan.net.tr\/en\/3-aralik-dunya-engelliler-gunu\/\" \/>\n<meta property=\"og:locale\" content=\"en_US\" \/>\n<meta property=\"og:type\" content=\"article\" \/>\n<meta property=\"og:title\" content=\"3 Aral\u0131k D\u00fcnya Engelliler G\u00fcn\u00fc\u2019nde iyilik b\u00fcy\u00fcyor, otizmli \u00e7ocuklar\u0131n e\u011fitimine d\u00f6n\u00fc\u015f\u00fcyor.\" \/>\n<meta property=\"og:description\" content=\"3 Aral\u0131k D\u00fcnya Engelliler G\u00fcn\u00fc\u2019nde Tohum Otizm Vakf\u0131, herkesi \u201ciyili\u011fin birle\u015ftirici g\u00fcc\u00fcyle\u201d otizmli bireylerin topluma tam ve e\u015fit kat\u0131l\u0131m\u0131na destek olmaya davet ediyor. Otizmli \u00e7ocuklar\u0131n erken tan\u0131 ve e\u011fitimle topluma kazand\u0131r\u0131lmas\u0131 i\u00e7in 22 y\u0131ld\u0131r \u00e7al\u0131\u015fan Vak\u0131f, bu y\u0131l da \u201c\u0130yilik Engel Tan\u0131maz\u201d mesaj\u0131yla fark\u0131ndal\u0131k yarat\u0131yor.\" \/>\n<meta property=\"og:url\" content=\"https:\/\/wp1.sedaozcan.net.tr\/en\/3-aralik-dunya-engelliler-gunu\/\" \/>\n<meta property=\"og:site_name\" content=\"Tohum Otizm Vakf\u0131 | Otizmin Tek \u00c7aresi E\u011fitim\" \/>\n<meta property=\"article:published_time\" content=\"2026-05-11T14:31:49+00:00\" \/>\n<meta property=\"article:modified_time\" content=\"2026-08-06T11:02:03+00:00\" \/>\n<meta property=\"og:image\" content=\"https:\/\/wp1.sedaozcan.net.tr\/wp-content\/uploads\/2026\/05\/Gorsel-3.jpg\" \/>\n\t<meta property=\"og:image:width\" content=\"1920\" \/>\n\t<meta property=\"og:image:height\" content=\"1080\" \/>\n\t<meta property=\"og:image:type\" content=\"image\/jpeg\" \/>\n<meta name=\"author\" content=\"Tohum Otizm\" \/>\n<meta name=\"twitter:card\" content=\"summary_large_image\" \/>\n<meta name=\"twitter:label1\" content=\"Written by\" \/>\n\t<meta name=\"twitter:data1\" content=\"Tohum Otizm\" \/>\n\t<meta name=\"twitter:label2\" content=\"Est. reading time\" \/>\n\t<meta name=\"twitter:data2\" content=\"2 minutes\" \/>\n<script type=\"application\/ld+json\" class=\"yoast-schema-graph\">{\"@context\":\"https:\\\/\\\/schema.org\",\"@graph\":[{\"@type\":\"Article\",\"@id\":\"https:\\\/\\\/wp1.sedaozcan.net.tr\\\/3-aralik-dunya-engelliler-gunu\\\/#article\",\"isPartOf\":{\"@id\":\"https:\\\/\\\/wp1.sedaozcan.net.tr\\\/3-aralik-dunya-engelliler-gunu\\\/\"},\"author\":{\"name\":\"Tohum Otizm\",\"@id\":\"https:\\\/\\\/wp1.sedaozcan.net.tr\\\/#\\\/schema\\\/person\\\/c2ea4120b58c7afcac902ba998b1091c\"},\"headline\":\"3 Aral\u0131k D\u00fcnya Engelliler G\u00fcn\u00fc\u2019nde iyilik b\u00fcy\u00fcyor, otizmli \u00e7ocuklar\u0131n e\u011fitimine d\u00f6n\u00fc\u015f\u00fcyor.\",\"datePublished\":\"2026-05-11T14:31:49+00:00\",\"dateModified\":\"2026-08-06T11:02:03+00:00\",\"mainEntityOfPage\":{\"@id\":\"https:\\\/\\\/wp1.sedaozcan.net.tr\\\/3-aralik-dunya-engelliler-gunu\\\/\"},\"wordCount\":506,\"commentCount\":0,\"image\":{\"@id\":\"https:\\\/\\\/wp1.sedaozcan.net.tr\\\/3-aralik-dunya-engelliler-gunu\\\/#primaryimage\"},\"thumbnailUrl\":\"https:\\\/\\\/wp1.sedaozcan.net.tr\\\/wp-content\\\/uploads\\\/2026\\\/05\\\/Gorsel-3.jpg\",\"articleSection\":[\"Bas\u0131n Odas\u0131\"],\"inLanguage\":\"en-US\",\"potentialAction\":[{\"@type\":\"CommentAction\",\"name\":\"Comment\",\"target\":[\"https:\\\/\\\/wp1.sedaozcan.net.tr\\\/3-aralik-dunya-engelliler-gunu\\\/#respond\"]}]},{\"@type\":\"WebPage\",\"@id\":\"https:\\\/\\\/wp1.sedaozcan.net.tr\\\/3-aralik-dunya-engelliler-gunu\\\/\",\"url\":\"https:\\\/\\\/wp1.sedaozcan.net.tr\\\/3-aralik-dunya-engelliler-gunu\\\/\",\"name\":\"3 Aral\u0131k D\u00fcnya Engelliler G\u00fcn\u00fc\u2019nde iyilik b\u00fcy\u00fcyor, otizmli \u00e7ocuklar\u0131n e\u011fitimine d\u00f6n\u00fc\u015f\u00fcyor. - Tohum Otizm Vakf\u0131 | Otizmin Tek \u00c7aresi E\u011fitim\",\"isPartOf\":{\"@id\":\"https:\\\/\\\/wp1.sedaozcan.net.tr\\\/#website\"},\"primaryImageOfPage\":{\"@id\":\"https:\\\/\\\/wp1.sedaozcan.net.tr\\\/3-aralik-dunya-engelliler-gunu\\\/#primaryimage\"},\"image\":{\"@id\":\"https:\\\/\\\/wp1.sedaozcan.net.tr\\\/3-aralik-dunya-engelliler-gunu\\\/#primaryimage\"},\"thumbnailUrl\":\"https:\\\/\\\/wp1.sedaozcan.net.tr\\\/wp-content\\\/uploads\\\/2026\\\/05\\\/Gorsel-3.jpg\",\"datePublished\":\"2026-05-11T14:31:49+00:00\",\"dateModified\":\"2026-08-06T11:02:03+00:00\",\"author\":{\"@id\":\"https:\\\/\\\/wp1.sedaozcan.net.tr\\\/#\\\/schema\\\/person\\\/c2ea4120b58c7afcac902ba998b1091c\"},\"breadcrumb\":{\"@id\":\"https:\\\/\\\/wp1.sedaozcan.net.tr\\\/3-aralik-dunya-engelliler-gunu\\\/#breadcrumb\"},\"inLanguage\":\"en-US\",\"potentialAction\":[{\"@type\":\"ReadAction\",\"target\":[\"https:\\\/\\\/wp1.sedaozcan.net.tr\\\/3-aralik-dunya-engelliler-gunu\\\/\"]}]},{\"@type\":\"ImageObject\",\"inLanguage\":\"en-US\",\"@id\":\"https:\\\/\\\/wp1.sedaozcan.net.tr\\\/3-aralik-dunya-engelliler-gunu\\\/#primaryimage\",\"url\":\"https:\\\/\\\/wp1.sedaozcan.net.tr\\\/wp-content\\\/uploads\\\/2026\\\/05\\\/Gorsel-3.jpg\",\"contentUrl\":\"https:\\\/\\\/wp1.sedaozcan.net.tr\\\/wp-content\\\/uploads\\\/2026\\\/05\\\/Gorsel-3.jpg\",\"width\":1920,\"height\":1080},{\"@type\":\"BreadcrumbList\",\"@id\":\"https:\\\/\\\/wp1.sedaozcan.net.tr\\\/3-aralik-dunya-engelliler-gunu\\\/#breadcrumb\",\"itemListElement\":[{\"@type\":\"ListItem\",\"position\":1,\"name\":\"Home\",\"item\":\"https:\\\/\\\/wp1.sedaozcan.net.tr\\\/\"},{\"@type\":\"ListItem\",\"position\":2,\"name\":\"3 Aral\u0131k D\u00fcnya Engelliler G\u00fcn\u00fc\u2019nde iyilik b\u00fcy\u00fcyor, otizmli \u00e7ocuklar\u0131n e\u011fitimine d\u00f6n\u00fc\u015f\u00fcyor.\"}]},{\"@type\":\"WebSite\",\"@id\":\"https:\\\/\\\/wp1.sedaozcan.net.tr\\\/#website\",\"url\":\"https:\\\/\\\/wp1.sedaozcan.net.tr\\\/\",\"name\":\"Tohum Otizm Vakf\u0131 | Otizmin Tek \u00c7aresi E\u011fitim\",\"description\":\"\",\"potentialAction\":[{\"@type\":\"SearchAction\",\"target\":{\"@type\":\"EntryPoint\",\"urlTemplate\":\"https:\\\/\\\/wp1.sedaozcan.net.tr\\\/?s={search_term_string}\"},\"query-input\":{\"@type\":\"PropertyValueSpecification\",\"valueRequired\":true,\"valueName\":\"search_term_string\"}}],\"inLanguage\":\"en-US\"},{\"@type\":\"Person\",\"@id\":\"https:\\\/\\\/wp1.sedaozcan.net.tr\\\/#\\\/schema\\\/person\\\/c2ea4120b58c7afcac902ba998b1091c\",\"name\":\"Tohum Otizm\",\"image\":{\"@type\":\"ImageObject\",\"inLanguage\":\"en-US\",\"@id\":\"https:\\\/\\\/secure.gravatar.com\\\/avatar\\\/99d08cded734486eef59dabce25065a85303e18d81311c4f5f2bbd3fed82f816?s=96&d=mm&r=g\",\"url\":\"https:\\\/\\\/secure.gravatar.com\\\/avatar\\\/99d08cded734486eef59dabce25065a85303e18d81311c4f5f2bbd3fed82f816?s=96&d=mm&r=g\",\"contentUrl\":\"https:\\\/\\\/secure.gravatar.com\\\/avatar\\\/99d08cded734486eef59dabce25065a85303e18d81311c4f5f2bbd3fed82f816?s=96&d=mm&r=g\",\"caption\":\"Tohum Otizm\"},\"sameAs\":[\"https:\\\/\\\/wp1.sedaozcan.net.tr\"],\"url\":\"https:\\\/\\\/wp1.sedaozcan.net.tr\\\/en\\\/author\\\/admin_3ewju0jt\\\/\"},{\"@type\":\"ImageObject\",\"inLanguage\":\"en-US\",\"@id\":\"https:\\\/\\\/wp1.sedaozcan.net.tr\\\/3-aralik-dunya-engelliler-gunu\\\/#local-main-organization-logo\",\"url\":\"\",\"contentUrl\":\"\",\"caption\":\"Tohum Otizm Vakf\u0131 | Otizmin Tek \u00c7aresi E\u011fitim\"}]}<\/script>\n<!-- \/ Yoast SEO Premium plugin. -->","yoast_head_json":{"title":"3 Aral\u0131k D\u00fcnya Engelliler G\u00fcn\u00fc\u2019nde iyilik b\u00fcy\u00fcyor, otizmli \u00e7ocuklar\u0131n e\u011fitimine d\u00f6n\u00fc\u015f\u00fcyor. - Tohum Otizm Vakf\u0131 | Otizmin Tek \u00c7aresi E\u011fitim","robots":{"index":"index","follow":"follow","max-snippet":"max-snippet:-1","max-image-preview":"max-image-preview:large","max-video-preview":"max-video-preview:-1"},"canonical":"https:\/\/wp1.sedaozcan.net.tr\/en\/3-aralik-dunya-engelliler-gunu\/","og_locale":"en_US","og_type":"article","og_title":"3 Aral\u0131k D\u00fcnya Engelliler G\u00fcn\u00fc\u2019nde iyilik b\u00fcy\u00fcyor, otizmli \u00e7ocuklar\u0131n e\u011fitimine d\u00f6n\u00fc\u015f\u00fcyor.","og_description":"3 Aral\u0131k D\u00fcnya Engelliler G\u00fcn\u00fc\u2019nde Tohum Otizm Vakf\u0131, herkesi \u201ciyili\u011fin birle\u015ftirici g\u00fcc\u00fcyle\u201d otizmli bireylerin topluma tam ve e\u015fit kat\u0131l\u0131m\u0131na destek olmaya davet ediyor. Otizmli \u00e7ocuklar\u0131n erken tan\u0131 ve e\u011fitimle topluma kazand\u0131r\u0131lmas\u0131 i\u00e7in 22 y\u0131ld\u0131r \u00e7al\u0131\u015fan Vak\u0131f, bu y\u0131l da \u201c\u0130yilik Engel Tan\u0131maz\u201d mesaj\u0131yla fark\u0131ndal\u0131k yarat\u0131yor.","og_url":"https:\/\/wp1.sedaozcan.net.tr\/en\/3-aralik-dunya-engelliler-gunu\/","og_site_name":"Tohum Otizm Vakf\u0131 | Otizmin Tek \u00c7aresi E\u011fitim","article_published_time":"2026-05-11T14:31:49+00:00","article_modified_time":"2026-08-06T11:02:03+00:00","og_image":[{"width":1920,"height":1080,"url":"https:\/\/wp1.sedaozcan.net.tr\/wp-content\/uploads\/2026\/05\/Gorsel-3.jpg","type":"image\/jpeg"}],"author":"Tohum Otizm","twitter_card":"summary_large_image","twitter_misc":{"Written by":"Tohum Otizm","Est. reading time":"2 minutes"},"schema":{"@context":"https:\/\/schema.org","@graph":[{"@type":"Article","@id":"https:\/\/wp1.sedaozcan.net.tr\/3-aralik-dunya-engelliler-gunu\/#article","isPartOf":{"@id":"https:\/\/wp1.sedaozcan.net.tr\/3-aralik-dunya-engelliler-gunu\/"},"author":{"name":"Tohum Otizm","@id":"https:\/\/wp1.sedaozcan.net.tr\/#\/schema\/person\/c2ea4120b58c7afcac902ba998b1091c"},"headline":"3 Aral\u0131k D\u00fcnya Engelliler G\u00fcn\u00fc\u2019nde iyilik b\u00fcy\u00fcyor, otizmli \u00e7ocuklar\u0131n e\u011fitimine d\u00f6n\u00fc\u015f\u00fcyor.","datePublished":"2026-05-11T14:31:49+00:00","dateModified":"2026-08-06T11:02:03+00:00","mainEntityOfPage":{"@id":"https:\/\/wp1.sedaozcan.net.tr\/3-aralik-dunya-engelliler-gunu\/"},"wordCount":506,"commentCount":0,"image":{"@id":"https:\/\/wp1.sedaozcan.net.tr\/3-aralik-dunya-engelliler-gunu\/#primaryimage"},"thumbnailUrl":"https:\/\/wp1.sedaozcan.net.tr\/wp-content\/uploads\/2026\/05\/Gorsel-3.jpg","articleSection":["Bas\u0131n Odas\u0131"],"inLanguage":"en-US","potentialAction":[{"@type":"CommentAction","name":"Comment","target":["https:\/\/wp1.sedaozcan.net.tr\/3-aralik-dunya-engelliler-gunu\/#respond"]}]},{"@type":"WebPage","@id":"https:\/\/wp1.sedaozcan.net.tr\/3-aralik-dunya-engelliler-gunu\/","url":"https:\/\/wp1.sedaozcan.net.tr\/3-aralik-dunya-engelliler-gunu\/","name":"3 Aral\u0131k D\u00fcnya Engelliler G\u00fcn\u00fc\u2019nde iyilik b\u00fcy\u00fcyor, otizmli \u00e7ocuklar\u0131n e\u011fitimine d\u00f6n\u00fc\u015f\u00fcyor. - Tohum Otizm Vakf\u0131 | Otizmin Tek \u00c7aresi E\u011fitim","isPartOf":{"@id":"https:\/\/wp1.sedaozcan.net.tr\/#website"},"primaryImageOfPage":{"@id":"https:\/\/wp1.sedaozcan.net.tr\/3-aralik-dunya-engelliler-gunu\/#primaryimage"},"image":{"@id":"https:\/\/wp1.sedaozcan.net.tr\/3-aralik-dunya-engelliler-gunu\/#primaryimage"},"thumbnailUrl":"https:\/\/wp1.sedaozcan.net.tr\/wp-content\/uploads\/2026\/05\/Gorsel-3.jpg","datePublished":"2026-05-11T14:31:49+00:00","dateModified":"2026-08-06T11:02:03+00:00","author":{"@id":"https:\/\/wp1.sedaozcan.net.tr\/#\/schema\/person\/c2ea4120b58c7afcac902ba998b1091c"},"breadcrumb":{"@id":"https:\/\/wp1.sedaozcan.net.tr\/3-aralik-dunya-engelliler-gunu\/#breadcrumb"},"inLanguage":"en-US","potentialAction":[{"@type":"ReadAction","target":["https:\/\/wp1.sedaozcan.net.tr\/3-aralik-dunya-engelliler-gunu\/"]}]},{"@type":"ImageObject","inLanguage":"en-US","@id":"https:\/\/wp1.sedaozcan.net.tr\/3-aralik-dunya-engelliler-gunu\/#primaryimage","url":"https:\/\/wp1.sedaozcan.net.tr\/wp-content\/uploads\/2026\/05\/Gorsel-3.jpg","contentUrl":"https:\/\/wp1.sedaozcan.net.tr\/wp-content\/uploads\/2026\/05\/Gorsel-3.jpg","width":1920,"height":1080},{"@type":"BreadcrumbList","@id":"https:\/\/wp1.sedaozcan.net.tr\/3-aralik-dunya-engelliler-gunu\/#breadcrumb","itemListElement":[{"@type":"ListItem","position":1,"name":"Home","item":"https:\/\/wp1.sedaozcan.net.tr\/"},{"@type":"ListItem","position":2,"name":"3 Aral\u0131k D\u00fcnya Engelliler G\u00fcn\u00fc\u2019nde iyilik b\u00fcy\u00fcyor, otizmli \u00e7ocuklar\u0131n e\u011fitimine d\u00f6n\u00fc\u015f\u00fcyor."}]},{"@type":"WebSite","@id":"https:\/\/wp1.sedaozcan.net.tr\/#website","url":"https:\/\/wp1.sedaozcan.net.tr\/","name":"Tohum Autism Foundation | The Only Remedy for Autism is Education","description":"","potentialAction":[{"@type":"SearchAction","target":{"@type":"EntryPoint","urlTemplate":"https:\/\/wp1.sedaozcan.net.tr\/?s={search_term_string}"},"query-input":{"@type":"PropertyValueSpecification","valueRequired":true,"valueName":"search_term_string"}}],"inLanguage":"en-US"},{"@type":"Person","@id":"https:\/\/wp1.sedaozcan.net.tr\/#\/schema\/person\/c2ea4120b58c7afcac902ba998b1091c","name":"Tohum Otizm","image":{"@type":"ImageObject","inLanguage":"en-US","@id":"https:\/\/secure.gravatar.com\/avatar\/99d08cded734486eef59dabce25065a85303e18d81311c4f5f2bbd3fed82f816?s=96&d=mm&r=g","url":"https:\/\/secure.gravatar.com\/avatar\/99d08cded734486eef59dabce25065a85303e18d81311c4f5f2bbd3fed82f816?s=96&d=mm&r=g","contentUrl":"https:\/\/secure.gravatar.com\/avatar\/99d08cded734486eef59dabce25065a85303e18d81311c4f5f2bbd3fed82f816?s=96&d=mm&r=g","caption":"Tohum Otizm"},"sameAs":["https:\/\/wp1.sedaozcan.net.tr"],"url":"https:\/\/wp1.sedaozcan.net.tr\/en\/author\/admin_3ewju0jt\/"},{"@type":"ImageObject","inLanguage":"en-US","@id":"https:\/\/wp1.sedaozcan.net.tr\/3-aralik-dunya-engelliler-gunu\/#local-main-organization-logo","url":"","contentUrl":"","caption":"Tohum Otizm Vakf\u0131 | Otizmin Tek \u00c7aresi E\u011fitim"}]}},"_links":{"self":[{"href":"https:\/\/wp1.sedaozcan.net.tr\/en\/wp-json\/wp\/v2\/posts\/8458","targetHints":{"allow":["GET"]}}],"collection":[{"href":"https:\/\/wp1.sedaozcan.net.tr\/en\/wp-json\/wp\/v2\/posts"}],"about":[{"href":"https:\/\/wp1.sedaozcan.net.tr\/en\/wp-json\/wp\/v2\/types\/post"}],"author":[{"embeddable":true,"href":"https:\/\/wp1.sedaozcan.net.tr\/en\/wp-json\/wp\/v2\/users\/1"}],"replies":[{"embeddable":true,"href":"https:\/\/wp1.sedaozcan.net.tr\/en\/wp-json\/wp\/v2\/comments?post=8458"}],"version-history":[{"count":3,"href":"https:\/\/wp1.sedaozcan.net.tr\/en\/wp-json\/wp\/v2\/posts\/8458\/revisions"}],"predecessor-version":[{"id":9592,"href":"https:\/\/wp1.sedaozcan.net.tr\/en\/wp-json\/wp\/v2\/posts\/8458\/revisions\/9592"}],"wp:featuredmedia":[{"embeddable":true,"href":"https:\/\/wp1.sedaozcan.net.tr\/en\/wp-json\/wp\/v2\/media\/8459"}],"wp:attachment":[{"href":"https:\/\/wp1.sedaozcan.net.tr\/en\/wp-json\/wp\/v2\/media?parent=8458"}],"wp:term":[{"taxonomy":"category","embeddable":true,"href":"https:\/\/wp1.sedaozcan.net.tr\/en\/wp-json\/wp\/v2\/categories?post=8458"},{"taxonomy":"post_tag","embeddable":true,"href":"https:\/\/wp1.sedaozcan.net.tr\/en\/wp-json\/wp\/v2\/tags?post=8458"}],"curies":[{"name":"wp","href":"https:\/\/api.w.org\/{rel}","templated":true}]}}