{"id":8455,"date":"2026-05-11T16:29:24","date_gmt":"2026-05-11T14:29:24","guid":{"rendered":"https:\/\/wp1.sedaozcan.net.tr\/?p=8455"},"modified":"2026-08-06T13:02:37","modified_gmt":"2026-08-06T11:02:37","slug":"okula-donus","status":"publish","type":"post","link":"https:\/\/wp1.sedaozcan.net.tr\/en\/okula-donus\/","title":{"rendered":"S\u0131n\u0131fta Her \u00c7ocu\u011fun Yeri Var:  Otizmli \u00c7ocuklar \u0130\u00e7in Ders Zili \u00c7al\u0131yor!"},"content":{"rendered":"<p class=\"wp-block-paragraph\"><strong>BASIN B\u00dcLTEN\u0130<\/strong>\u200b\u200b\u200b\u200b\u200b\u200b\u200b\u200b<strong>\u00a0\u00a0 \u00a0 \u00a0\u00a0\u00a0 \u00a0 \u00a0 \u00a0 \u00a0 \u00a0 \u00a0 \u00a0<\/strong>\u200b<\/p>\n\n\n\n<p class=\"wp-block-paragraph\"><strong>\u00a001 Eyl\u00fcl\u00a02025<\/strong><\/p>\n\n\n\n<p class=\"wp-block-paragraph\"><strong><\/strong><strong>S\u0131n\u0131fta Her&nbsp;<\/strong><strong>\u00c7<\/strong><strong>ocu\u011fun Yeri Var:<\/strong>&nbsp;<\/p>\n\n\n\n<p class=\"wp-block-paragraph\"><strong>Otizmli \u00c7ocuklar \u0130<\/strong><strong>\u00e7in Ders Zili \u00c7al\u0131yor!<\/strong><\/p>\n\n\n\n<p class=\"wp-block-paragraph\"><strong>\u00dclkemizde, e\u011fitim \u00e7a\u011f\u0131nda 700 bin otizmli \u00e7ocuktan yaln\u0131zca 44 bini nitelikli e\u011fitime eri\u015febiliyor.<\/strong><\/p>\n\n\n\n<p class=\"wp-block-paragraph\">Yeni e\u011fitim-\u00f6\u011fretim y\u0131l\u0131 ba\u015fl\u0131yor. Milyonlarca \u00f6\u011frenci ders ba\u015f\u0131 yapmaya&nbsp;haz\u0131rlan\u0131rken, otizmli \u00e7ocuklar\u0131n&nbsp;b\u00fcy\u00fck bir k\u0131sm\u0131 hala s\u0131n\u0131flarda yerini alam\u0131yor.&nbsp;T\u00fcrkiye\u2019de e\u011fitim&nbsp;\u00e7a\u011f\u0131nda yakla\u015f\u0131k 700 bin otizmli \u00e7ocuk bulunmas\u0131na ra\u011fmen, yaln\u0131zca 44&nbsp;bini&nbsp;nitelikli e\u011fitime eri\u015febiliyor.&nbsp;Tohum Otizm Vakf\u0131, bu&nbsp;y\u0131l da&nbsp;\u201cOkula D\u00f6n\u00fc\u015f\u201d kampanyas\u0131 ile daha fazla otizmli \u00e7ocu\u011fun&nbsp;nitelikli e\u011fitimle bulu\u015fmas\u0131nadikkat \u00e7ekerek&nbsp;toplumu deste\u011fe davet ediyor.<\/p>\n\n\n\n<p class=\"wp-block-paragraph\"><strong>Otizmin bilinen tek \u00e7aresi:&nbsp;<\/strong><strong>Erken tan\u0131&nbsp;<\/strong><strong>ile ba\u015flayan<\/strong><strong>&nbsp;y<\/strong><strong>o\u011fun<\/strong><strong>&nbsp;ve<\/strong><strong>&nbsp;<\/strong><strong>s\u00fcrekli&nbsp;<\/strong><strong>\u00f6<\/strong><strong>zel<\/strong><strong>&nbsp;e\u011fitim<\/strong><\/p>\n\n\n\n<p class=\"wp-block-paragraph\">Do\u011fu\u015ftan gelen ve ya\u015fam\u0131n ilk&nbsp;y\u0131llar\u0131nda fark edilen&nbsp;n\u00f6ro-geli\u015fimsel bir farkl\u0131l\u0131k olan otizm, g\u00fcn\u00fcm\u00fczde her 31 \u00e7ocuktan 1\u2019inde g\u00f6r\u00fcl\u00fcyor. Gittik\u00e7e artan g\u00f6r\u00fclme&nbsp;s\u0131kl\u0131\u011f\u0131na ra\u011fmen otizmin bilinen tek \u00e7aresi&nbsp;erken tan\u0131&nbsp;ile ba\u015flayan&nbsp;yo\u011fun&nbsp;ve&nbsp;s\u00fcrekli&nbsp;\u00f6zel&nbsp;e\u011fitim.<\/p>\n\n\n\n<p class=\"wp-block-paragraph\">Otizm, genellikle&nbsp;0\u20133 ya\u015f aral\u0131\u011f\u0131nda&nbsp;baz\u0131 davran\u0131\u015f farkl\u0131l\u0131klar\u0131 ile kendini g\u00f6sterebilir.&nbsp;Bu&nbsp;ya\u015flardag\u00f6r\u00fclebilecek ba\u015fl\u0131ca belirtiler aras\u0131nda;&nbsp;ba\u015fkalar\u0131 ile g\u00f6z temas\u0131 kurmamak,&nbsp;ismi s\u00f6ylendi\u011findebakmamak,&nbsp;konu\u015fmada gecikme,&nbsp;parma\u011f\u0131&nbsp;ile istedi\u011fini g\u00f6sterememek,&nbsp;akranlar\u0131n\u0131n oynad\u0131\u011f\u0131 oyunlara ilgi g\u00f6stermemek,&nbsp;sallanmak, \u00e7\u0131rp\u0131nmak, parmak ucunda y\u00fcr\u00fcmek,&nbsp;d\u00f6nen nesnelere kar\u015f\u0131 a\u015f\u0131r\u0131 ilgi ve tekrarlay\u0131c\u0131 davran\u0131\u015flar yer al\u0131yor.<\/p>\n\n\n\n<p class=\"wp-block-paragraph\">Aileler, \u00e7ocuklar\u0131nda bu belirtilerden bir ya da birka\u00e7\u0131n\u0131 g\u00f6zlemlediklerinde vakit kaybetmeden otizm konusunda uzman bir \u00e7ocuk ve ergen psikiyatristine ba\u015fvurmal\u0131.<\/p>\n\n\n\n<p class=\"wp-block-paragraph\"><strong>Tohum Otizm Vakf\u0131\u2019ndan e\u015f<\/strong><strong>it<\/strong><strong>&nbsp;e<\/strong><strong>\u011fitim<\/strong><strong>&nbsp;\u00e7a\u011fr\u0131s\u0131<\/strong><\/p>\n\n\n\n<p class=\"wp-block-paragraph\">22 y\u0131ld\u0131r&nbsp;otizmli \u00e7ocuklar\u0131 \u00f6zel e\u011fitimle topluma kazand\u0131rabilmenin T\u00fcrkiye\u2019deki savunuculu\u011funu yapan Tohum Otizm Vakf\u0131,<strong>&nbsp;\u201c<\/strong><strong>Okula D<\/strong><strong>\u00f6<\/strong><strong>n\u00fc\u015f<\/strong><strong>\u201d&nbsp;<\/strong>kampanyas\u0131 ile daha \u00e7ok otizmli \u00e7ocu\u011fun&nbsp;nitelikli e\u011fitimden yararlanmas\u0131n\u0131 hedefliyor.<\/p>\n\n\n\n<p class=\"wp-block-paragraph\"><strong>Tohum Otizm Vakf\u0131 Genel M\u00fcd\u00fcr\u00fc Bur\u00e7ak Karakaya,<\/strong>&nbsp;kampanya kapsam\u0131nda yapt\u0131\u011f\u0131 a\u00e7\u0131klamada \u015funlar\u0131&nbsp;s\u00f6yledi:\u201c&#8217;Otizmli \u00e7ocuklar\u0131n e\u011fitim ortamlar\u0131na ayr\u0131\u015ft\u0131r\u0131lmadan dahil edilmesi b\u00fcy\u00fck&nbsp;\u00f6nemta\u015f\u0131yor. Ancak nitelikli e\u011fitim hizmetlerine eri\u015febilen otizmli \u00e7ocuklar, beceriler&nbsp;kazanarak yeti\u015fkinlikd\u00f6nemlerinde \u00e7al\u0131\u015fma hayat\u0131na kat\u0131labiliyor ve daha ba\u011f\u0131ms\u0131z&nbsp;ya\u015fayabiliyor. Tohum Otizm Vakf\u0131 olarak&nbsp;daha \u00e7ok otizmli \u00e7ocu\u011fun nitelikli e\u011fitime eri\u015febilmesi i\u00e7in burs imk\u00e2nlar\u0131n\u0131 art\u0131rmaya&nbsp;\u00e7al\u0131\u015f\u0131yoruz.&nbsp;&nbsp;E\u011fitimcileri desteklemeye y\u00f6nelik \u00e7al\u0131\u015fmalar\u0131m\u0131z\u0131&nbsp;geli\u015ftirerek&nbsp;s\u00fcrd\u00fcr\u00fcyoruz.\u201d<\/p>\n\n\n\n\n\n\n\n<p class=\"wp-block-paragraph\">Tohum&nbsp;T\u00fcrkiye&nbsp;Otizm&nbsp;Erken&nbsp;Tan\u0131&nbsp;ve&nbsp;E\u011fitim&nbsp;Vakf\u0131<\/p>\n\n\n\n<p class=\"wp-block-paragraph\">Merkez&nbsp;Mah.&nbsp;S\u0131racevizler&nbsp;&nbsp;Cad.&nbsp;Z\u00fclfikarlar&nbsp;\u0130\u015f&nbsp;Han\u0131&nbsp;Kat:1 No:27<\/p>\n\n\n\n<p class=\"wp-block-paragraph\">\u015ei\u015fli\/\u0130stanbul&nbsp;<strong>Tel:<\/strong>&nbsp;+90\u2013212\u2013244 75 00&nbsp;<strong>Faks<\/strong><strong>:<\/strong>&nbsp;+90\u2013212\u2013244 75 04<\/p>\n\n\n\n<p class=\"wp-block-paragraph\">\u200b<a href=\"http:\/\/www.tohumotizm.org.tr\/\">www.tohumotizm.org.tr<\/a>&nbsp;<a href=\"mailto:info@tohumotizm.org.tr\">info@tohumotizm.org.tr<\/a><\/p>\n\n\n\n<p class=\"wp-block-paragraph\">\u015ei\u015fli&nbsp;VD: 846 031 8467&nbsp;Esas&nbsp;No: 2003\/124&nbsp;Karar&nbsp;No: 2003\/253<\/p>","protected":false},"excerpt":{"rendered":"<p>\u00dclkemizde, e\u011fitim \u00e7a\u011f\u0131nda 700 bin otizmli \u00e7ocuktan yaln\u0131zca 44 bini nitelikli e\u011fitime eri\u015febiliyor. Yeni e\u011fitim-\u00f6\u011fretim y\u0131l\u0131 ba\u015fl\u0131yor. Milyonlarca \u00f6\u011frenci ders ba\u015f\u0131 yapmaya\u00a0haz\u0131rlan\u0131rken, otizmli \u00e7ocuklar\u0131n\u00a0b\u00fcy\u00fck bir k\u0131sm\u0131 hala s\u0131n\u0131flarda yerini alam\u0131yor.<\/p>","protected":false},"author":1,"featured_media":8456,"comment_status":"open","ping_status":"open","sticky":false,"template":"","format":"standard","meta":{"footnotes":""},"categories":[1],"tags":[],"class_list":["post-8455","post","type-post","status-publish","format-standard","has-post-thumbnail","hentry","category-basin-odasi"],"yoast_head":"<!-- This site is optimized with the Yoast SEO Premium plugin v28.3 (Yoast SEO v28.3) - https:\/\/yoast.com\/product\/yoast-seo-premium-wordpress\/ -->\n<title>S\u0131n\u0131fta Her \u00c7ocu\u011fun Yeri Var: Otizmli \u00c7ocuklar \u0130\u00e7in Ders Zili \u00c7al\u0131yor! - Tohum Otizm Vakf\u0131 | Otizmin Tek \u00c7aresi E\u011fitim<\/title>\n<meta name=\"robots\" content=\"index, follow, max-snippet:-1, max-image-preview:large, max-video-preview:-1\" \/>\n<link rel=\"canonical\" href=\"https:\/\/wp1.sedaozcan.net.tr\/en\/okula-donus\/\" \/>\n<meta property=\"og:locale\" content=\"en_US\" \/>\n<meta property=\"og:type\" content=\"article\" \/>\n<meta property=\"og:title\" content=\"S\u0131n\u0131fta Her \u00c7ocu\u011fun Yeri Var: Otizmli \u00c7ocuklar \u0130\u00e7in Ders Zili \u00c7al\u0131yor!\" \/>\n<meta property=\"og:description\" content=\"\u00dclkemizde, e\u011fitim \u00e7a\u011f\u0131nda 700 bin otizmli \u00e7ocuktan yaln\u0131zca 44 bini nitelikli e\u011fitime eri\u015febiliyor. Yeni e\u011fitim-\u00f6\u011fretim y\u0131l\u0131 ba\u015fl\u0131yor. Milyonlarca \u00f6\u011frenci ders ba\u015f\u0131 yapmaya\u00a0haz\u0131rlan\u0131rken, otizmli \u00e7ocuklar\u0131n\u00a0b\u00fcy\u00fck bir k\u0131sm\u0131 hala s\u0131n\u0131flarda yerini alam\u0131yor.\" \/>\n<meta property=\"og:url\" content=\"https:\/\/wp1.sedaozcan.net.tr\/en\/okula-donus\/\" \/>\n<meta property=\"og:site_name\" content=\"Tohum Otizm Vakf\u0131 | Otizmin Tek \u00c7aresi E\u011fitim\" \/>\n<meta property=\"article:published_time\" content=\"2026-05-11T14:29:24+00:00\" \/>\n<meta property=\"article:modified_time\" content=\"2026-08-06T11:02:37+00:00\" \/>\n<meta property=\"og:image\" content=\"https:\/\/wp1.sedaozcan.net.tr\/wp-content\/uploads\/2026\/05\/IMG_OkulaDonus4Eylul-768x432-1.jpg\" \/>\n\t<meta property=\"og:image:width\" content=\"768\" \/>\n\t<meta property=\"og:image:height\" content=\"432\" \/>\n\t<meta property=\"og:image:type\" content=\"image\/jpeg\" \/>\n<meta name=\"author\" content=\"Tohum Otizm\" \/>\n<meta name=\"twitter:card\" content=\"summary_large_image\" \/>\n<meta name=\"twitter:label1\" content=\"Written by\" \/>\n\t<meta name=\"twitter:data1\" content=\"Tohum Otizm\" \/>\n\t<meta name=\"twitter:label2\" content=\"Est. reading time\" \/>\n\t<meta name=\"twitter:data2\" content=\"3 minutes\" \/>\n<script type=\"application\/ld+json\" class=\"yoast-schema-graph\">{\"@context\":\"https:\\\/\\\/schema.org\",\"@graph\":[{\"@type\":\"Article\",\"@id\":\"https:\\\/\\\/wp1.sedaozcan.net.tr\\\/okula-donus\\\/#article\",\"isPartOf\":{\"@id\":\"https:\\\/\\\/wp1.sedaozcan.net.tr\\\/okula-donus\\\/\"},\"author\":{\"name\":\"Tohum Otizm\",\"@id\":\"https:\\\/\\\/wp1.sedaozcan.net.tr\\\/#\\\/schema\\\/person\\\/c2ea4120b58c7afcac902ba998b1091c\"},\"headline\":\"S\u0131n\u0131fta Her \u00c7ocu\u011fun Yeri Var: Otizmli \u00c7ocuklar \u0130\u00e7in Ders Zili \u00c7al\u0131yor!\",\"datePublished\":\"2026-05-11T14:29:24+00:00\",\"dateModified\":\"2026-08-06T11:02:37+00:00\",\"mainEntityOfPage\":{\"@id\":\"https:\\\/\\\/wp1.sedaozcan.net.tr\\\/okula-donus\\\/\"},\"wordCount\":591,\"commentCount\":0,\"image\":{\"@id\":\"https:\\\/\\\/wp1.sedaozcan.net.tr\\\/okula-donus\\\/#primaryimage\"},\"thumbnailUrl\":\"https:\\\/\\\/wp1.sedaozcan.net.tr\\\/wp-content\\\/uploads\\\/2026\\\/05\\\/IMG_OkulaDonus4Eylul-768x432-1.jpg\",\"articleSection\":[\"Bas\u0131n Odas\u0131\"],\"inLanguage\":\"en-US\",\"potentialAction\":[{\"@type\":\"CommentAction\",\"name\":\"Comment\",\"target\":[\"https:\\\/\\\/wp1.sedaozcan.net.tr\\\/okula-donus\\\/#respond\"]}]},{\"@type\":\"WebPage\",\"@id\":\"https:\\\/\\\/wp1.sedaozcan.net.tr\\\/okula-donus\\\/\",\"url\":\"https:\\\/\\\/wp1.sedaozcan.net.tr\\\/okula-donus\\\/\",\"name\":\"S\u0131n\u0131fta Her \u00c7ocu\u011fun Yeri Var: Otizmli \u00c7ocuklar \u0130\u00e7in Ders Zili \u00c7al\u0131yor! - Tohum Otizm Vakf\u0131 | Otizmin Tek \u00c7aresi E\u011fitim\",\"isPartOf\":{\"@id\":\"https:\\\/\\\/wp1.sedaozcan.net.tr\\\/#website\"},\"primaryImageOfPage\":{\"@id\":\"https:\\\/\\\/wp1.sedaozcan.net.tr\\\/okula-donus\\\/#primaryimage\"},\"image\":{\"@id\":\"https:\\\/\\\/wp1.sedaozcan.net.tr\\\/okula-donus\\\/#primaryimage\"},\"thumbnailUrl\":\"https:\\\/\\\/wp1.sedaozcan.net.tr\\\/wp-content\\\/uploads\\\/2026\\\/05\\\/IMG_OkulaDonus4Eylul-768x432-1.jpg\",\"datePublished\":\"2026-05-11T14:29:24+00:00\",\"dateModified\":\"2026-08-06T11:02:37+00:00\",\"author\":{\"@id\":\"https:\\\/\\\/wp1.sedaozcan.net.tr\\\/#\\\/schema\\\/person\\\/c2ea4120b58c7afcac902ba998b1091c\"},\"breadcrumb\":{\"@id\":\"https:\\\/\\\/wp1.sedaozcan.net.tr\\\/okula-donus\\\/#breadcrumb\"},\"inLanguage\":\"en-US\",\"potentialAction\":[{\"@type\":\"ReadAction\",\"target\":[\"https:\\\/\\\/wp1.sedaozcan.net.tr\\\/okula-donus\\\/\"]}]},{\"@type\":\"ImageObject\",\"inLanguage\":\"en-US\",\"@id\":\"https:\\\/\\\/wp1.sedaozcan.net.tr\\\/okula-donus\\\/#primaryimage\",\"url\":\"https:\\\/\\\/wp1.sedaozcan.net.tr\\\/wp-content\\\/uploads\\\/2026\\\/05\\\/IMG_OkulaDonus4Eylul-768x432-1.jpg\",\"contentUrl\":\"https:\\\/\\\/wp1.sedaozcan.net.tr\\\/wp-content\\\/uploads\\\/2026\\\/05\\\/IMG_OkulaDonus4Eylul-768x432-1.jpg\",\"width\":768,\"height\":432},{\"@type\":\"BreadcrumbList\",\"@id\":\"https:\\\/\\\/wp1.sedaozcan.net.tr\\\/okula-donus\\\/#breadcrumb\",\"itemListElement\":[{\"@type\":\"ListItem\",\"position\":1,\"name\":\"Home\",\"item\":\"https:\\\/\\\/wp1.sedaozcan.net.tr\\\/\"},{\"@type\":\"ListItem\",\"position\":2,\"name\":\"S\u0131n\u0131fta Her \u00c7ocu\u011fun Yeri Var: Otizmli \u00c7ocuklar \u0130\u00e7in Ders Zili \u00c7al\u0131yor!\"}]},{\"@type\":\"WebSite\",\"@id\":\"https:\\\/\\\/wp1.sedaozcan.net.tr\\\/#website\",\"url\":\"https:\\\/\\\/wp1.sedaozcan.net.tr\\\/\",\"name\":\"Tohum Otizm Vakf\u0131 | Otizmin Tek \u00c7aresi E\u011fitim\",\"description\":\"\",\"potentialAction\":[{\"@type\":\"SearchAction\",\"target\":{\"@type\":\"EntryPoint\",\"urlTemplate\":\"https:\\\/\\\/wp1.sedaozcan.net.tr\\\/?s={search_term_string}\"},\"query-input\":{\"@type\":\"PropertyValueSpecification\",\"valueRequired\":true,\"valueName\":\"search_term_string\"}}],\"inLanguage\":\"en-US\"},{\"@type\":\"Person\",\"@id\":\"https:\\\/\\\/wp1.sedaozcan.net.tr\\\/#\\\/schema\\\/person\\\/c2ea4120b58c7afcac902ba998b1091c\",\"name\":\"Tohum Otizm\",\"image\":{\"@type\":\"ImageObject\",\"inLanguage\":\"en-US\",\"@id\":\"https:\\\/\\\/secure.gravatar.com\\\/avatar\\\/99d08cded734486eef59dabce25065a85303e18d81311c4f5f2bbd3fed82f816?s=96&d=mm&r=g\",\"url\":\"https:\\\/\\\/secure.gravatar.com\\\/avatar\\\/99d08cded734486eef59dabce25065a85303e18d81311c4f5f2bbd3fed82f816?s=96&d=mm&r=g\",\"contentUrl\":\"https:\\\/\\\/secure.gravatar.com\\\/avatar\\\/99d08cded734486eef59dabce25065a85303e18d81311c4f5f2bbd3fed82f816?s=96&d=mm&r=g\",\"caption\":\"Tohum Otizm\"},\"sameAs\":[\"https:\\\/\\\/wp1.sedaozcan.net.tr\"],\"url\":\"https:\\\/\\\/wp1.sedaozcan.net.tr\\\/en\\\/author\\\/admin_3ewju0jt\\\/\"},{\"@type\":\"ImageObject\",\"inLanguage\":\"en-US\",\"@id\":\"https:\\\/\\\/wp1.sedaozcan.net.tr\\\/okula-donus\\\/#local-main-organization-logo\",\"url\":\"\",\"contentUrl\":\"\",\"caption\":\"Tohum Otizm Vakf\u0131 | Otizmin Tek \u00c7aresi E\u011fitim\"}]}<\/script>\n<!-- \/ Yoast SEO Premium plugin. -->","yoast_head_json":{"title":"S\u0131n\u0131fta Her \u00c7ocu\u011fun Yeri Var: Otizmli \u00c7ocuklar \u0130\u00e7in Ders Zili \u00c7al\u0131yor! - Tohum Otizm Vakf\u0131 | Otizmin Tek \u00c7aresi E\u011fitim","robots":{"index":"index","follow":"follow","max-snippet":"max-snippet:-1","max-image-preview":"max-image-preview:large","max-video-preview":"max-video-preview:-1"},"canonical":"https:\/\/wp1.sedaozcan.net.tr\/en\/okula-donus\/","og_locale":"en_US","og_type":"article","og_title":"S\u0131n\u0131fta Her \u00c7ocu\u011fun Yeri Var: Otizmli \u00c7ocuklar \u0130\u00e7in Ders Zili \u00c7al\u0131yor!","og_description":"\u00dclkemizde, e\u011fitim \u00e7a\u011f\u0131nda 700 bin otizmli \u00e7ocuktan yaln\u0131zca 44 bini nitelikli e\u011fitime eri\u015febiliyor. Yeni e\u011fitim-\u00f6\u011fretim y\u0131l\u0131 ba\u015fl\u0131yor. Milyonlarca \u00f6\u011frenci ders ba\u015f\u0131 yapmaya\u00a0haz\u0131rlan\u0131rken, otizmli \u00e7ocuklar\u0131n\u00a0b\u00fcy\u00fck bir k\u0131sm\u0131 hala s\u0131n\u0131flarda yerini alam\u0131yor.","og_url":"https:\/\/wp1.sedaozcan.net.tr\/en\/okula-donus\/","og_site_name":"Tohum Otizm Vakf\u0131 | Otizmin Tek \u00c7aresi E\u011fitim","article_published_time":"2026-05-11T14:29:24+00:00","article_modified_time":"2026-08-06T11:02:37+00:00","og_image":[{"width":768,"height":432,"url":"https:\/\/wp1.sedaozcan.net.tr\/wp-content\/uploads\/2026\/05\/IMG_OkulaDonus4Eylul-768x432-1.jpg","type":"image\/jpeg"}],"author":"Tohum Otizm","twitter_card":"summary_large_image","twitter_misc":{"Written by":"Tohum Otizm","Est. reading time":"3 minutes"},"schema":{"@context":"https:\/\/schema.org","@graph":[{"@type":"Article","@id":"https:\/\/wp1.sedaozcan.net.tr\/okula-donus\/#article","isPartOf":{"@id":"https:\/\/wp1.sedaozcan.net.tr\/okula-donus\/"},"author":{"name":"Tohum Otizm","@id":"https:\/\/wp1.sedaozcan.net.tr\/#\/schema\/person\/c2ea4120b58c7afcac902ba998b1091c"},"headline":"S\u0131n\u0131fta Her \u00c7ocu\u011fun Yeri Var: Otizmli \u00c7ocuklar \u0130\u00e7in Ders Zili \u00c7al\u0131yor!","datePublished":"2026-05-11T14:29:24+00:00","dateModified":"2026-08-06T11:02:37+00:00","mainEntityOfPage":{"@id":"https:\/\/wp1.sedaozcan.net.tr\/okula-donus\/"},"wordCount":591,"commentCount":0,"image":{"@id":"https:\/\/wp1.sedaozcan.net.tr\/okula-donus\/#primaryimage"},"thumbnailUrl":"https:\/\/wp1.sedaozcan.net.tr\/wp-content\/uploads\/2026\/05\/IMG_OkulaDonus4Eylul-768x432-1.jpg","articleSection":["Bas\u0131n Odas\u0131"],"inLanguage":"en-US","potentialAction":[{"@type":"CommentAction","name":"Comment","target":["https:\/\/wp1.sedaozcan.net.tr\/okula-donus\/#respond"]}]},{"@type":"WebPage","@id":"https:\/\/wp1.sedaozcan.net.tr\/okula-donus\/","url":"https:\/\/wp1.sedaozcan.net.tr\/okula-donus\/","name":"S\u0131n\u0131fta Her \u00c7ocu\u011fun Yeri Var: Otizmli \u00c7ocuklar \u0130\u00e7in Ders Zili \u00c7al\u0131yor! - Tohum Otizm Vakf\u0131 | Otizmin Tek \u00c7aresi E\u011fitim","isPartOf":{"@id":"https:\/\/wp1.sedaozcan.net.tr\/#website"},"primaryImageOfPage":{"@id":"https:\/\/wp1.sedaozcan.net.tr\/okula-donus\/#primaryimage"},"image":{"@id":"https:\/\/wp1.sedaozcan.net.tr\/okula-donus\/#primaryimage"},"thumbnailUrl":"https:\/\/wp1.sedaozcan.net.tr\/wp-content\/uploads\/2026\/05\/IMG_OkulaDonus4Eylul-768x432-1.jpg","datePublished":"2026-05-11T14:29:24+00:00","dateModified":"2026-08-06T11:02:37+00:00","author":{"@id":"https:\/\/wp1.sedaozcan.net.tr\/#\/schema\/person\/c2ea4120b58c7afcac902ba998b1091c"},"breadcrumb":{"@id":"https:\/\/wp1.sedaozcan.net.tr\/okula-donus\/#breadcrumb"},"inLanguage":"en-US","potentialAction":[{"@type":"ReadAction","target":["https:\/\/wp1.sedaozcan.net.tr\/okula-donus\/"]}]},{"@type":"ImageObject","inLanguage":"en-US","@id":"https:\/\/wp1.sedaozcan.net.tr\/okula-donus\/#primaryimage","url":"https:\/\/wp1.sedaozcan.net.tr\/wp-content\/uploads\/2026\/05\/IMG_OkulaDonus4Eylul-768x432-1.jpg","contentUrl":"https:\/\/wp1.sedaozcan.net.tr\/wp-content\/uploads\/2026\/05\/IMG_OkulaDonus4Eylul-768x432-1.jpg","width":768,"height":432},{"@type":"BreadcrumbList","@id":"https:\/\/wp1.sedaozcan.net.tr\/okula-donus\/#breadcrumb","itemListElement":[{"@type":"ListItem","position":1,"name":"Home","item":"https:\/\/wp1.sedaozcan.net.tr\/"},{"@type":"ListItem","position":2,"name":"S\u0131n\u0131fta Her \u00c7ocu\u011fun Yeri Var: Otizmli \u00c7ocuklar \u0130\u00e7in Ders Zili \u00c7al\u0131yor!"}]},{"@type":"WebSite","@id":"https:\/\/wp1.sedaozcan.net.tr\/#website","url":"https:\/\/wp1.sedaozcan.net.tr\/","name":"Tohum Autism Foundation | The Only Remedy for Autism is Education","description":"","potentialAction":[{"@type":"SearchAction","target":{"@type":"EntryPoint","urlTemplate":"https:\/\/wp1.sedaozcan.net.tr\/?s={search_term_string}"},"query-input":{"@type":"PropertyValueSpecification","valueRequired":true,"valueName":"search_term_string"}}],"inLanguage":"en-US"},{"@type":"Person","@id":"https:\/\/wp1.sedaozcan.net.tr\/#\/schema\/person\/c2ea4120b58c7afcac902ba998b1091c","name":"Tohum Otizm","image":{"@type":"ImageObject","inLanguage":"en-US","@id":"https:\/\/secure.gravatar.com\/avatar\/99d08cded734486eef59dabce25065a85303e18d81311c4f5f2bbd3fed82f816?s=96&d=mm&r=g","url":"https:\/\/secure.gravatar.com\/avatar\/99d08cded734486eef59dabce25065a85303e18d81311c4f5f2bbd3fed82f816?s=96&d=mm&r=g","contentUrl":"https:\/\/secure.gravatar.com\/avatar\/99d08cded734486eef59dabce25065a85303e18d81311c4f5f2bbd3fed82f816?s=96&d=mm&r=g","caption":"Tohum Otizm"},"sameAs":["https:\/\/wp1.sedaozcan.net.tr"],"url":"https:\/\/wp1.sedaozcan.net.tr\/en\/author\/admin_3ewju0jt\/"},{"@type":"ImageObject","inLanguage":"en-US","@id":"https:\/\/wp1.sedaozcan.net.tr\/okula-donus\/#local-main-organization-logo","url":"","contentUrl":"","caption":"Tohum Otizm Vakf\u0131 | Otizmin Tek \u00c7aresi E\u011fitim"}]}},"_links":{"self":[{"href":"https:\/\/wp1.sedaozcan.net.tr\/en\/wp-json\/wp\/v2\/posts\/8455","targetHints":{"allow":["GET"]}}],"collection":[{"href":"https:\/\/wp1.sedaozcan.net.tr\/en\/wp-json\/wp\/v2\/posts"}],"about":[{"href":"https:\/\/wp1.sedaozcan.net.tr\/en\/wp-json\/wp\/v2\/types\/post"}],"author":[{"embeddable":true,"href":"https:\/\/wp1.sedaozcan.net.tr\/en\/wp-json\/wp\/v2\/users\/1"}],"replies":[{"embeddable":true,"href":"https:\/\/wp1.sedaozcan.net.tr\/en\/wp-json\/wp\/v2\/comments?post=8455"}],"version-history":[{"count":3,"href":"https:\/\/wp1.sedaozcan.net.tr\/en\/wp-json\/wp\/v2\/posts\/8455\/revisions"}],"predecessor-version":[{"id":9593,"href":"https:\/\/wp1.sedaozcan.net.tr\/en\/wp-json\/wp\/v2\/posts\/8455\/revisions\/9593"}],"wp:featuredmedia":[{"embeddable":true,"href":"https:\/\/wp1.sedaozcan.net.tr\/en\/wp-json\/wp\/v2\/media\/8456"}],"wp:attachment":[{"href":"https:\/\/wp1.sedaozcan.net.tr\/en\/wp-json\/wp\/v2\/media?parent=8455"}],"wp:term":[{"taxonomy":"category","embeddable":true,"href":"https:\/\/wp1.sedaozcan.net.tr\/en\/wp-json\/wp\/v2\/categories?post=8455"},{"taxonomy":"post_tag","embeddable":true,"href":"https:\/\/wp1.sedaozcan.net.tr\/en\/wp-json\/wp\/v2\/tags?post=8455"}],"curies":[{"name":"wp","href":"https:\/\/api.w.org\/{rel}","templated":true}]}}