{"id":11452,"date":"2026-08-28T11:07:19","date_gmt":"2026-08-28T09:07:19","guid":{"rendered":"https:\/\/wp1.sedaozcan.net.tr\/?p=11452"},"modified":"2026-08-29T15:17:47","modified_gmt":"2026-08-29T13:17:47","slug":"tohum-otizm-vakfindan-yeni-kamu-spotu-simdi-yanimda-durma-zamani","status":"publish","type":"post","link":"https:\/\/wp1.sedaozcan.net.tr\/en\/tohum-otizm-vakfindan-yeni-kamu-spotu-simdi-yanimda-durma-zamani\/","title":{"rendered":"Tohum Otizm Vakf\u0131\u2019ndan Yeni Kamu Spotu: \u201c\u015eimdi Yan\u0131mda Durma Zaman\u0131\u201d"},"content":{"rendered":"<p class=\"wp-block-paragraph\"><strong>BASIN B\u00dcLTEN\u0130 &nbsp; &nbsp; &nbsp; &nbsp; &nbsp; &nbsp; &nbsp; &nbsp; &nbsp; &nbsp; &nbsp; &nbsp; &nbsp; &nbsp; &nbsp; &nbsp; 01 Haziran 2026<\/strong><\/p>\n\n\n\n<p class=\"wp-block-paragraph\"><strong>Tohum Otizm Vakf\u0131\u2019n\u0131n; otizmli bireylerin g\u00fcnl\u00fck hayatta kar\u015f\u0131la\u015ft\u0131klar\u0131 g\u00f6r\u00fcnmeyen zorluklar\u0131 \u00e7arp\u0131c\u0131 bir dille anlatan yeni kamu spotu \u201c\u015eimdi Yan\u0131mda Durma Zaman\u0131\u201d, onlar\u0131n d\u00fcnyas\u0131n\u0131 g\u00f6r\u00fcn\u00fcr k\u0131larken, erken tan\u0131 ve nitelikli e\u011fitimin \u00f6nemine dikkat \u00e7ekiyor.<\/strong><\/p>\n\n\n\n<p class=\"wp-block-paragraph\"><strong>\u201c<\/strong>Otizm spektrum bozuklu\u011fu\u201d olan \u00e7ocuklar\u0131n erken tan\u0131 ve nitelikli e\u011fitime eri\u015fimine \u00f6nc\u00fcl\u00fck eden ve bu \u00e7al\u0131\u015fmalar\u0131n T\u00fcrkiye genelinde yayg\u0131nla\u015ft\u0131r\u0131lmas\u0131 amac\u0131yla 2003 y\u0131l\u0131ndan bu yana faaliyet g\u00f6steren Tohum Otizm Vakf\u0131, yeni kamu spotu ile otizmli \u00e7ocuklar\u0131n g\u00fcnl\u00fck ya\u015famda kar\u015f\u0131la\u015ft\u0131\u011f\u0131 duyusal ve sosyal zorluklar\u0131 etkileyici bir anlat\u0131mla ekrana ta\u015f\u0131yor.<\/p>\n\n\n\n<p class=\"wp-block-paragraph\"><\/p>\n\n\n\n<figure class=\"wp-block-image size-large\"><img fetchpriority=\"high\" decoding=\"async\" width=\"1024\" height=\"578\" src=\"https:\/\/wp1.sedaozcan.net.tr\/wp-content\/uploads\/2026\/08\/Gorsel_1-1024x578.jpeg\" alt=\"\" class=\"wp-image-11456\" srcset=\"https:\/\/wp1.sedaozcan.net.tr\/wp-content\/uploads\/2026\/08\/Gorsel_1-1024x578.jpeg 1024w, https:\/\/wp1.sedaozcan.net.tr\/wp-content\/uploads\/2026\/08\/Gorsel_1-300x169.jpeg 300w, https:\/\/wp1.sedaozcan.net.tr\/wp-content\/uploads\/2026\/08\/Gorsel_1-768x433.jpeg 768w, https:\/\/wp1.sedaozcan.net.tr\/wp-content\/uploads\/2026\/08\/Gorsel_1-599x338.jpeg 599w, https:\/\/wp1.sedaozcan.net.tr\/wp-content\/uploads\/2026\/08\/Gorsel_1.jpeg 1200w\" sizes=\"(max-width: 1024px) 100vw, 1024px\" \/><\/figure>\n\n\n\n<p class=\"wp-block-paragraph\"><\/p>\n\n\n\n<p class=\"wp-block-paragraph\">S\u0131radan bir merdiven \u00e7\u0131kman\u0131n kar f\u0131rt\u0131nas\u0131nda Everest\u2019e t\u0131rmanmak gibi hissedildi\u011fi, bir kap\u0131 zilinin zihinde dev \u00e7anlar gibi yank\u0131land\u0131\u011f\u0131 sahneler; otizmli bireylerin basit g\u00f6r\u00fcnen anlarda bile yo\u011fun bir m\u00fccadele verebildi\u011fini g\u00f6zler \u00f6n\u00fcne seriyor. Kamu spotunun dikkat \u00e7eken sahnelerinden birinde, berber koltu\u011funda oturan otizmli bir \u00e7ocuk i\u00e7in yumu\u015fak bir dokunu\u015fun i\u011fneli toplar gibi hissedildi\u011fi anlat\u0131l\u0131yor. Parkta akranlar\u0131yla oyun oynarken ya\u015fad\u0131\u011f\u0131 \u201coyun d\u0131\u015f\u0131 kalma\u201d hissi ise otizmli \u00e7ocuklar\u0131n sosyal hayata kat\u0131l\u0131mda kar\u015f\u0131la\u015ft\u0131\u011f\u0131 g\u00fc\u00e7l\u00fckleri g\u00f6r\u00fcn\u00fcr k\u0131l\u0131yor.<\/p>\n\n\n\n<p class=\"wp-block-paragraph\"><\/p>\n\n\n\n<figure class=\"wp-block-image size-large\"><img decoding=\"async\" width=\"1024\" height=\"576\" src=\"https:\/\/wp1.sedaozcan.net.tr\/wp-content\/uploads\/2026\/08\/Gorsel_2-1024x576.jpeg\" alt=\"\" class=\"wp-image-11458\" srcset=\"https:\/\/wp1.sedaozcan.net.tr\/wp-content\/uploads\/2026\/08\/Gorsel_2-1024x576.jpeg 1024w, https:\/\/wp1.sedaozcan.net.tr\/wp-content\/uploads\/2026\/08\/Gorsel_2-300x169.jpeg 300w, https:\/\/wp1.sedaozcan.net.tr\/wp-content\/uploads\/2026\/08\/Gorsel_2-768x432.jpeg 768w, https:\/\/wp1.sedaozcan.net.tr\/wp-content\/uploads\/2026\/08\/Gorsel_2-599x337.jpeg 599w, https:\/\/wp1.sedaozcan.net.tr\/wp-content\/uploads\/2026\/08\/Gorsel_2.jpeg 1200w\" sizes=\"(max-width: 1024px) 100vw, 1024px\" \/><\/figure>\n\n\n\n<p class=\"wp-block-paragraph\"><\/p>\n\n\n\n<p class=\"wp-block-paragraph\"><strong>&#8220;Hayat\u0131n Kurallar\u0131n\u0131 Ben Yazmad\u0131m Ama \u0130\u00e7inde Ya\u015f\u0131yorum\u201d<\/strong><\/p>\n\n\n\n<p class=\"wp-block-paragraph\">Filmde yer alan <strong>\u201cBu hayat\u0131n kurallar\u0131n\u0131 ben yazmad\u0131m ama i\u00e7inde ya\u015f\u0131yorum. Fark\u0131ndas\u0131n\u0131z biliyorum, \u015fimdi yan\u0131mda durma zaman\u0131\u201d<\/strong> mesaj\u0131, toplumu fark\u0131ndal\u0131\u011f\u0131n \u00f6tesine ge\u00e7meye ve otizmli \u00e7ocuklar\u0131n e\u011fitim yolculu\u011funa destek olmaya davet ediyor. Tohum Otizm Vakf\u0131; otizmli \u00e7ocuklar\u0131n ileti\u015fim, sosyal uyum, g\u00fcnl\u00fck ya\u015fam ve ba\u011f\u0131ms\u0131zl\u0131k becerilerinin geli\u015fiminde en etkili yol olan yo\u011fun, s\u00fcrekli ve bilimsel temelli \u00f6zel e\u011fitime dikkat \u00e7ekerek, herkesi ba\u011f\u0131\u015flar\u0131yla otizmli \u00e7ocuklar\u0131n e\u011fitimine katk\u0131 sunmaya \u00e7a\u011f\u0131r\u0131yor.<\/p>\n\n\n\n<p class=\"wp-block-paragraph\">Alaaddin imzas\u0131 ta\u015f\u0131yan ve prod\u00fcksiyonunu adisebaba.ai\u2019\u0131n \u00fcstlendi\u011fi kamu spotunu izlemek i\u00e7in: <a href=\"https:\/\/youtu.be\/RLh-bWMf5K0\">https:\/\/youtu.be\/RLh-bWMf5K0<\/a><\/p>","protected":false},"excerpt":{"rendered":"<p>Tohum Otizm Vakf\u0131 taraf\u0131ndan Milli E\u011fitim Bakanl\u0131\u011f\u0131 i\u015f birli\u011fiyle hayata ge\u00e7irilen \u201cHer S\u0131n\u0131f Bir Tohum\u201d projesi kapsam\u0131nda, Yap\u0131 Kredi G\u00f6n\u00fcll\u00fcleri\u2019nin katk\u0131lar\u0131yla Osmaniye Merkez Fad\u0131l Bulut \u0130lkokulu\u2019nda \u00f6zel e\u011fitim s\u0131n\u0131f\u0131 yenileme \u00e7al\u0131\u015fmalar\u0131 tamamland\u0131. <\/p>","protected":false},"author":3,"featured_media":11454,"comment_status":"open","ping_status":"open","sticky":false,"template":"","format":"standard","meta":{"footnotes":""},"categories":[1],"tags":[],"class_list":["post-11452","post","type-post","status-publish","format-standard","has-post-thumbnail","hentry","category-basin-odasi"],"yoast_head":"<!-- This site is optimized with the Yoast SEO Premium plugin v28.3 (Yoast SEO v28.3) - https:\/\/yoast.com\/product\/yoast-seo-premium-wordpress\/ -->\n<title>Tohum Otizm Vakf\u0131\u2019ndan Yeni Kamu Spotu: \u201c\u015eimdi Yan\u0131mda Durma Zaman\u0131\u201d - Tohum Otizm Vakf\u0131 | Otizmin Tek \u00c7aresi E\u011fitim<\/title>\n<meta name=\"robots\" content=\"index, follow, max-snippet:-1, max-image-preview:large, max-video-preview:-1\" \/>\n<link rel=\"canonical\" href=\"https:\/\/wp1.sedaozcan.net.tr\/en\/tohum-otizm-vakfindan-yeni-kamu-spotu-simdi-yanimda-durma-zamani\/\" \/>\n<meta property=\"og:locale\" content=\"en_US\" \/>\n<meta property=\"og:type\" content=\"article\" \/>\n<meta property=\"og:title\" content=\"Tohum Otizm Vakf\u0131\u2019ndan Yeni Kamu Spotu: \u201c\u015eimdi Yan\u0131mda Durma Zaman\u0131\u201d\" \/>\n<meta property=\"og:description\" content=\"Tohum Otizm Vakf\u0131 taraf\u0131ndan Milli E\u011fitim Bakanl\u0131\u011f\u0131 i\u015f birli\u011fiyle hayata ge\u00e7irilen \u201cHer S\u0131n\u0131f Bir Tohum\u201d projesi kapsam\u0131nda, Yap\u0131 Kredi G\u00f6n\u00fcll\u00fcleri\u2019nin katk\u0131lar\u0131yla Osmaniye Merkez Fad\u0131l Bulut \u0130lkokulu\u2019nda \u00f6zel e\u011fitim s\u0131n\u0131f\u0131 yenileme \u00e7al\u0131\u015fmalar\u0131 tamamland\u0131.\" \/>\n<meta property=\"og:url\" content=\"https:\/\/wp1.sedaozcan.net.tr\/en\/tohum-otizm-vakfindan-yeni-kamu-spotu-simdi-yanimda-durma-zamani\/\" \/>\n<meta property=\"og:site_name\" content=\"Tohum Otizm Vakf\u0131 | Otizmin Tek \u00c7aresi E\u011fitim\" \/>\n<meta property=\"article:published_time\" content=\"2026-08-28T09:07:19+00:00\" \/>\n<meta property=\"article:modified_time\" content=\"2026-08-29T13:17:47+00:00\" \/>\n<meta property=\"og:image\" content=\"https:\/\/wp1.sedaozcan.net.tr\/wp-content\/uploads\/2026\/08\/b2.png\" \/>\n\t<meta property=\"og:image:width\" content=\"1170\" \/>\n\t<meta property=\"og:image:height\" content=\"530\" \/>\n\t<meta property=\"og:image:type\" content=\"image\/png\" \/>\n<meta name=\"author\" content=\"Seda \u00d6zcan\" \/>\n<meta name=\"twitter:card\" content=\"summary_large_image\" \/>\n<meta name=\"twitter:label1\" content=\"Written by\" \/>\n\t<meta name=\"twitter:data1\" content=\"Seda \u00d6zcan\" \/>\n\t<meta name=\"twitter:label2\" content=\"Est. reading time\" \/>\n\t<meta name=\"twitter:data2\" content=\"3 minutes\" \/>\n<script type=\"application\/ld+json\" class=\"yoast-schema-graph\">{\"@context\":\"https:\\\/\\\/schema.org\",\"@graph\":[{\"@type\":\"Article\",\"@id\":\"https:\\\/\\\/wp1.sedaozcan.net.tr\\\/tohum-otizm-vakfindan-yeni-kamu-spotu-simdi-yanimda-durma-zamani\\\/#article\",\"isPartOf\":{\"@id\":\"https:\\\/\\\/wp1.sedaozcan.net.tr\\\/tohum-otizm-vakfindan-yeni-kamu-spotu-simdi-yanimda-durma-zamani\\\/\"},\"author\":{\"name\":\"Seda \u00d6zcan\",\"@id\":\"https:\\\/\\\/wp1.sedaozcan.net.tr\\\/#\\\/schema\\\/person\\\/ea7653820628708c9b824b776090a0e0\"},\"headline\":\"Tohum Otizm Vakf\u0131\u2019ndan Yeni Kamu Spotu: \u201c\u015eimdi Yan\u0131mda Durma Zaman\u0131\u201d\",\"datePublished\":\"2026-08-28T09:07:19+00:00\",\"dateModified\":\"2026-08-29T13:17:47+00:00\",\"mainEntityOfPage\":{\"@id\":\"https:\\\/\\\/wp1.sedaozcan.net.tr\\\/tohum-otizm-vakfindan-yeni-kamu-spotu-simdi-yanimda-durma-zamani\\\/\"},\"wordCount\":397,\"commentCount\":0,\"image\":{\"@id\":\"https:\\\/\\\/wp1.sedaozcan.net.tr\\\/tohum-otizm-vakfindan-yeni-kamu-spotu-simdi-yanimda-durma-zamani\\\/#primaryimage\"},\"thumbnailUrl\":\"https:\\\/\\\/wp1.sedaozcan.net.tr\\\/wp-content\\\/uploads\\\/2026\\\/08\\\/b2.png\",\"articleSection\":[\"Bas\u0131n Odas\u0131\"],\"inLanguage\":\"en-US\",\"potentialAction\":[{\"@type\":\"CommentAction\",\"name\":\"Comment\",\"target\":[\"https:\\\/\\\/wp1.sedaozcan.net.tr\\\/tohum-otizm-vakfindan-yeni-kamu-spotu-simdi-yanimda-durma-zamani\\\/#respond\"]}]},{\"@type\":\"WebPage\",\"@id\":\"https:\\\/\\\/wp1.sedaozcan.net.tr\\\/tohum-otizm-vakfindan-yeni-kamu-spotu-simdi-yanimda-durma-zamani\\\/\",\"url\":\"https:\\\/\\\/wp1.sedaozcan.net.tr\\\/tohum-otizm-vakfindan-yeni-kamu-spotu-simdi-yanimda-durma-zamani\\\/\",\"name\":\"Tohum Otizm Vakf\u0131\u2019ndan Yeni Kamu Spotu: \u201c\u015eimdi Yan\u0131mda Durma Zaman\u0131\u201d - Tohum Otizm Vakf\u0131 | Otizmin Tek \u00c7aresi E\u011fitim\",\"isPartOf\":{\"@id\":\"https:\\\/\\\/wp1.sedaozcan.net.tr\\\/#website\"},\"primaryImageOfPage\":{\"@id\":\"https:\\\/\\\/wp1.sedaozcan.net.tr\\\/tohum-otizm-vakfindan-yeni-kamu-spotu-simdi-yanimda-durma-zamani\\\/#primaryimage\"},\"image\":{\"@id\":\"https:\\\/\\\/wp1.sedaozcan.net.tr\\\/tohum-otizm-vakfindan-yeni-kamu-spotu-simdi-yanimda-durma-zamani\\\/#primaryimage\"},\"thumbnailUrl\":\"https:\\\/\\\/wp1.sedaozcan.net.tr\\\/wp-content\\\/uploads\\\/2026\\\/08\\\/b2.png\",\"datePublished\":\"2026-08-28T09:07:19+00:00\",\"dateModified\":\"2026-08-29T13:17:47+00:00\",\"author\":{\"@id\":\"https:\\\/\\\/wp1.sedaozcan.net.tr\\\/#\\\/schema\\\/person\\\/ea7653820628708c9b824b776090a0e0\"},\"breadcrumb\":{\"@id\":\"https:\\\/\\\/wp1.sedaozcan.net.tr\\\/tohum-otizm-vakfindan-yeni-kamu-spotu-simdi-yanimda-durma-zamani\\\/#breadcrumb\"},\"inLanguage\":\"en-US\",\"potentialAction\":[{\"@type\":\"ReadAction\",\"target\":[\"https:\\\/\\\/wp1.sedaozcan.net.tr\\\/tohum-otizm-vakfindan-yeni-kamu-spotu-simdi-yanimda-durma-zamani\\\/\"]}]},{\"@type\":\"ImageObject\",\"inLanguage\":\"en-US\",\"@id\":\"https:\\\/\\\/wp1.sedaozcan.net.tr\\\/tohum-otizm-vakfindan-yeni-kamu-spotu-simdi-yanimda-durma-zamani\\\/#primaryimage\",\"url\":\"https:\\\/\\\/wp1.sedaozcan.net.tr\\\/wp-content\\\/uploads\\\/2026\\\/08\\\/b2.png\",\"contentUrl\":\"https:\\\/\\\/wp1.sedaozcan.net.tr\\\/wp-content\\\/uploads\\\/2026\\\/08\\\/b2.png\",\"width\":1170,\"height\":530},{\"@type\":\"BreadcrumbList\",\"@id\":\"https:\\\/\\\/wp1.sedaozcan.net.tr\\\/tohum-otizm-vakfindan-yeni-kamu-spotu-simdi-yanimda-durma-zamani\\\/#breadcrumb\",\"itemListElement\":[{\"@type\":\"ListItem\",\"position\":1,\"name\":\"Home\",\"item\":\"https:\\\/\\\/wp1.sedaozcan.net.tr\\\/\"},{\"@type\":\"ListItem\",\"position\":2,\"name\":\"Tohum Otizm Vakf\u0131\u2019ndan Yeni Kamu Spotu: \u201c\u015eimdi Yan\u0131mda Durma Zaman\u0131\u201d\"}]},{\"@type\":\"WebSite\",\"@id\":\"https:\\\/\\\/wp1.sedaozcan.net.tr\\\/#website\",\"url\":\"https:\\\/\\\/wp1.sedaozcan.net.tr\\\/\",\"name\":\"Tohum Otizm Vakf\u0131 | Otizmin Tek \u00c7aresi E\u011fitim\",\"description\":\"\",\"potentialAction\":[{\"@type\":\"SearchAction\",\"target\":{\"@type\":\"EntryPoint\",\"urlTemplate\":\"https:\\\/\\\/wp1.sedaozcan.net.tr\\\/?s={search_term_string}\"},\"query-input\":{\"@type\":\"PropertyValueSpecification\",\"valueRequired\":true,\"valueName\":\"search_term_string\"}}],\"inLanguage\":\"en-US\"},{\"@type\":\"Person\",\"@id\":\"https:\\\/\\\/wp1.sedaozcan.net.tr\\\/#\\\/schema\\\/person\\\/ea7653820628708c9b824b776090a0e0\",\"name\":\"Seda \u00d6zcan\",\"image\":{\"@type\":\"ImageObject\",\"inLanguage\":\"en-US\",\"@id\":\"https:\\\/\\\/secure.gravatar.com\\\/avatar\\\/8242b9f43416483b69f67f0deee45ae36de2e6e8b75d9cd5fd9a50aa8cbe42e2?s=96&d=mm&r=g\",\"url\":\"https:\\\/\\\/secure.gravatar.com\\\/avatar\\\/8242b9f43416483b69f67f0deee45ae36de2e6e8b75d9cd5fd9a50aa8cbe42e2?s=96&d=mm&r=g\",\"contentUrl\":\"https:\\\/\\\/secure.gravatar.com\\\/avatar\\\/8242b9f43416483b69f67f0deee45ae36de2e6e8b75d9cd5fd9a50aa8cbe42e2?s=96&d=mm&r=g\",\"caption\":\"Seda \u00d6zcan\"},\"url\":\"https:\\\/\\\/wp1.sedaozcan.net.tr\\\/en\\\/author\\\/seda\\\/\"},{\"@type\":\"ImageObject\",\"inLanguage\":\"en-US\",\"@id\":\"https:\\\/\\\/wp1.sedaozcan.net.tr\\\/tohum-otizm-vakfindan-yeni-kamu-spotu-simdi-yanimda-durma-zamani\\\/#local-main-organization-logo\",\"url\":\"\",\"contentUrl\":\"\",\"caption\":\"Tohum Otizm Vakf\u0131 | Otizmin Tek \u00c7aresi E\u011fitim\"}]}<\/script>\n<!-- \/ Yoast SEO Premium plugin. -->","yoast_head_json":{"title":"Tohum Otizm Vakf\u0131\u2019ndan Yeni Kamu Spotu: \u201c\u015eimdi Yan\u0131mda Durma Zaman\u0131\u201d - Tohum Otizm Vakf\u0131 | Otizmin Tek \u00c7aresi E\u011fitim","robots":{"index":"index","follow":"follow","max-snippet":"max-snippet:-1","max-image-preview":"max-image-preview:large","max-video-preview":"max-video-preview:-1"},"canonical":"https:\/\/wp1.sedaozcan.net.tr\/en\/tohum-otizm-vakfindan-yeni-kamu-spotu-simdi-yanimda-durma-zamani\/","og_locale":"en_US","og_type":"article","og_title":"Tohum Otizm Vakf\u0131\u2019ndan Yeni Kamu Spotu: \u201c\u015eimdi Yan\u0131mda Durma Zaman\u0131\u201d","og_description":"Tohum Otizm Vakf\u0131 taraf\u0131ndan Milli E\u011fitim Bakanl\u0131\u011f\u0131 i\u015f birli\u011fiyle hayata ge\u00e7irilen \u201cHer S\u0131n\u0131f Bir Tohum\u201d projesi kapsam\u0131nda, Yap\u0131 Kredi G\u00f6n\u00fcll\u00fcleri\u2019nin katk\u0131lar\u0131yla Osmaniye Merkez Fad\u0131l Bulut \u0130lkokulu\u2019nda \u00f6zel e\u011fitim s\u0131n\u0131f\u0131 yenileme \u00e7al\u0131\u015fmalar\u0131 tamamland\u0131.","og_url":"https:\/\/wp1.sedaozcan.net.tr\/en\/tohum-otizm-vakfindan-yeni-kamu-spotu-simdi-yanimda-durma-zamani\/","og_site_name":"Tohum Otizm Vakf\u0131 | Otizmin Tek \u00c7aresi E\u011fitim","article_published_time":"2026-08-28T09:07:19+00:00","article_modified_time":"2026-08-29T13:17:47+00:00","og_image":[{"width":1170,"height":530,"url":"https:\/\/wp1.sedaozcan.net.tr\/wp-content\/uploads\/2026\/08\/b2.png","type":"image\/png"}],"author":"Seda \u00d6zcan","twitter_card":"summary_large_image","twitter_misc":{"Written by":"Seda \u00d6zcan","Est. reading time":"3 minutes"},"schema":{"@context":"https:\/\/schema.org","@graph":[{"@type":"Article","@id":"https:\/\/wp1.sedaozcan.net.tr\/tohum-otizm-vakfindan-yeni-kamu-spotu-simdi-yanimda-durma-zamani\/#article","isPartOf":{"@id":"https:\/\/wp1.sedaozcan.net.tr\/tohum-otizm-vakfindan-yeni-kamu-spotu-simdi-yanimda-durma-zamani\/"},"author":{"name":"Seda \u00d6zcan","@id":"https:\/\/wp1.sedaozcan.net.tr\/#\/schema\/person\/ea7653820628708c9b824b776090a0e0"},"headline":"Tohum Otizm Vakf\u0131\u2019ndan Yeni Kamu Spotu: \u201c\u015eimdi Yan\u0131mda Durma Zaman\u0131\u201d","datePublished":"2026-08-28T09:07:19+00:00","dateModified":"2026-08-29T13:17:47+00:00","mainEntityOfPage":{"@id":"https:\/\/wp1.sedaozcan.net.tr\/tohum-otizm-vakfindan-yeni-kamu-spotu-simdi-yanimda-durma-zamani\/"},"wordCount":397,"commentCount":0,"image":{"@id":"https:\/\/wp1.sedaozcan.net.tr\/tohum-otizm-vakfindan-yeni-kamu-spotu-simdi-yanimda-durma-zamani\/#primaryimage"},"thumbnailUrl":"https:\/\/wp1.sedaozcan.net.tr\/wp-content\/uploads\/2026\/08\/b2.png","articleSection":["Bas\u0131n Odas\u0131"],"inLanguage":"en-US","potentialAction":[{"@type":"CommentAction","name":"Comment","target":["https:\/\/wp1.sedaozcan.net.tr\/tohum-otizm-vakfindan-yeni-kamu-spotu-simdi-yanimda-durma-zamani\/#respond"]}]},{"@type":"WebPage","@id":"https:\/\/wp1.sedaozcan.net.tr\/tohum-otizm-vakfindan-yeni-kamu-spotu-simdi-yanimda-durma-zamani\/","url":"https:\/\/wp1.sedaozcan.net.tr\/tohum-otizm-vakfindan-yeni-kamu-spotu-simdi-yanimda-durma-zamani\/","name":"Tohum Otizm Vakf\u0131\u2019ndan Yeni Kamu Spotu: \u201c\u015eimdi Yan\u0131mda Durma Zaman\u0131\u201d - Tohum Otizm Vakf\u0131 | Otizmin Tek \u00c7aresi E\u011fitim","isPartOf":{"@id":"https:\/\/wp1.sedaozcan.net.tr\/#website"},"primaryImageOfPage":{"@id":"https:\/\/wp1.sedaozcan.net.tr\/tohum-otizm-vakfindan-yeni-kamu-spotu-simdi-yanimda-durma-zamani\/#primaryimage"},"image":{"@id":"https:\/\/wp1.sedaozcan.net.tr\/tohum-otizm-vakfindan-yeni-kamu-spotu-simdi-yanimda-durma-zamani\/#primaryimage"},"thumbnailUrl":"https:\/\/wp1.sedaozcan.net.tr\/wp-content\/uploads\/2026\/08\/b2.png","datePublished":"2026-08-28T09:07:19+00:00","dateModified":"2026-08-29T13:17:47+00:00","author":{"@id":"https:\/\/wp1.sedaozcan.net.tr\/#\/schema\/person\/ea7653820628708c9b824b776090a0e0"},"breadcrumb":{"@id":"https:\/\/wp1.sedaozcan.net.tr\/tohum-otizm-vakfindan-yeni-kamu-spotu-simdi-yanimda-durma-zamani\/#breadcrumb"},"inLanguage":"en-US","potentialAction":[{"@type":"ReadAction","target":["https:\/\/wp1.sedaozcan.net.tr\/tohum-otizm-vakfindan-yeni-kamu-spotu-simdi-yanimda-durma-zamani\/"]}]},{"@type":"ImageObject","inLanguage":"en-US","@id":"https:\/\/wp1.sedaozcan.net.tr\/tohum-otizm-vakfindan-yeni-kamu-spotu-simdi-yanimda-durma-zamani\/#primaryimage","url":"https:\/\/wp1.sedaozcan.net.tr\/wp-content\/uploads\/2026\/08\/b2.png","contentUrl":"https:\/\/wp1.sedaozcan.net.tr\/wp-content\/uploads\/2026\/08\/b2.png","width":1170,"height":530},{"@type":"BreadcrumbList","@id":"https:\/\/wp1.sedaozcan.net.tr\/tohum-otizm-vakfindan-yeni-kamu-spotu-simdi-yanimda-durma-zamani\/#breadcrumb","itemListElement":[{"@type":"ListItem","position":1,"name":"Home","item":"https:\/\/wp1.sedaozcan.net.tr\/"},{"@type":"ListItem","position":2,"name":"Tohum Otizm Vakf\u0131\u2019ndan Yeni Kamu Spotu: \u201c\u015eimdi Yan\u0131mda Durma Zaman\u0131\u201d"}]},{"@type":"WebSite","@id":"https:\/\/wp1.sedaozcan.net.tr\/#website","url":"https:\/\/wp1.sedaozcan.net.tr\/","name":"Tohum Autism Foundation | The Only Remedy for Autism is Education","description":"","potentialAction":[{"@type":"SearchAction","target":{"@type":"EntryPoint","urlTemplate":"https:\/\/wp1.sedaozcan.net.tr\/?s={search_term_string}"},"query-input":{"@type":"PropertyValueSpecification","valueRequired":true,"valueName":"search_term_string"}}],"inLanguage":"en-US"},{"@type":"Person","@id":"https:\/\/wp1.sedaozcan.net.tr\/#\/schema\/person\/ea7653820628708c9b824b776090a0e0","name":"Seda \u00d6zcan","image":{"@type":"ImageObject","inLanguage":"en-US","@id":"https:\/\/secure.gravatar.com\/avatar\/8242b9f43416483b69f67f0deee45ae36de2e6e8b75d9cd5fd9a50aa8cbe42e2?s=96&d=mm&r=g","url":"https:\/\/secure.gravatar.com\/avatar\/8242b9f43416483b69f67f0deee45ae36de2e6e8b75d9cd5fd9a50aa8cbe42e2?s=96&d=mm&r=g","contentUrl":"https:\/\/secure.gravatar.com\/avatar\/8242b9f43416483b69f67f0deee45ae36de2e6e8b75d9cd5fd9a50aa8cbe42e2?s=96&d=mm&r=g","caption":"Seda \u00d6zcan"},"url":"https:\/\/wp1.sedaozcan.net.tr\/en\/author\/seda\/"},{"@type":"ImageObject","inLanguage":"en-US","@id":"https:\/\/wp1.sedaozcan.net.tr\/tohum-otizm-vakfindan-yeni-kamu-spotu-simdi-yanimda-durma-zamani\/#local-main-organization-logo","url":"","contentUrl":"","caption":"Tohum Otizm Vakf\u0131 | Otizmin Tek \u00c7aresi E\u011fitim"}]}},"_links":{"self":[{"href":"https:\/\/wp1.sedaozcan.net.tr\/en\/wp-json\/wp\/v2\/posts\/11452","targetHints":{"allow":["GET"]}}],"collection":[{"href":"https:\/\/wp1.sedaozcan.net.tr\/en\/wp-json\/wp\/v2\/posts"}],"about":[{"href":"https:\/\/wp1.sedaozcan.net.tr\/en\/wp-json\/wp\/v2\/types\/post"}],"author":[{"embeddable":true,"href":"https:\/\/wp1.sedaozcan.net.tr\/en\/wp-json\/wp\/v2\/users\/3"}],"replies":[{"embeddable":true,"href":"https:\/\/wp1.sedaozcan.net.tr\/en\/wp-json\/wp\/v2\/comments?post=11452"}],"version-history":[{"count":5,"href":"https:\/\/wp1.sedaozcan.net.tr\/en\/wp-json\/wp\/v2\/posts\/11452\/revisions"}],"predecessor-version":[{"id":11644,"href":"https:\/\/wp1.sedaozcan.net.tr\/en\/wp-json\/wp\/v2\/posts\/11452\/revisions\/11644"}],"wp:featuredmedia":[{"embeddable":true,"href":"https:\/\/wp1.sedaozcan.net.tr\/en\/wp-json\/wp\/v2\/media\/11454"}],"wp:attachment":[{"href":"https:\/\/wp1.sedaozcan.net.tr\/en\/wp-json\/wp\/v2\/media?parent=11452"}],"wp:term":[{"taxonomy":"category","embeddable":true,"href":"https:\/\/wp1.sedaozcan.net.tr\/en\/wp-json\/wp\/v2\/categories?post=11452"},{"taxonomy":"post_tag","embeddable":true,"href":"https:\/\/wp1.sedaozcan.net.tr\/en\/wp-json\/wp\/v2\/tags?post=11452"}],"curies":[{"name":"wp","href":"https:\/\/api.w.org\/{rel}","templated":true}]}}